{"id":407,"date":"2016-10-06T15:33:26","date_gmt":"2016-10-06T15:33:26","guid":{"rendered":"https:\/\/rideon.es\/?p=407"},"modified":"2016-10-06T15:33:26","modified_gmt":"2016-10-06T15:33:26","slug":"museo-maritimo-y-parc-guell","status":"publish","type":"post","link":"https:\/\/rideon.es\/renting-particulares\/museo-maritimo-y-parc-guell\/","title":{"rendered":"Museo Mar\u00edtimo y el Parc G\u00fcell"},"content":{"rendered":"<p><b>Museo mar\u00edtimo de Barcelona<\/b><br \/>\n<span style=\"font-weight: 400\">Situaci\u00f3n: <\/span><a href=\"https:\/\/goo.gl\/maps\/dp5TgNYrSd92\"><span style=\"font-weight: 400\">https:\/\/goo.gl\/maps\/dp5TgNYrSd92<\/span><\/a><br \/>\n<span style=\"font-weight: 400\">Contacto: <\/span><a href=\"http:\/\/www.mmb.cat\/\"><span style=\"font-weight: 400\">http:\/\/www.mmb.cat\/<\/span><\/a><br \/>\n<span style=\"font-weight: 400\">Con poco m\u00e1s de 1 mill\u00f3n y medio de habitantes Barcelona es la segunda ciudad m\u00e1s poblada de Espa\u00f1a y la onceava de Europa, adem\u00e1s su \u00e1rea metropolitana es todav\u00eda m\u00e1s impresionante, compuesta por m\u00e1s de 30 municipios alcanza una cifra cercana a los 4 millones de habitantes, en ella viven casi el 60% de los catalanes. Barcelona y el Hospitales est\u00e1n separados por una calzada y Barcelona y Sant Adri\u00e0 del Bes\u00f2s por un puente. Visita la la ciudad de Barcelona con tu <\/span><a href=\"http:\/\/www.rideonmotorent.com\/\"><span style=\"font-weight: 400\">alquiler motos Barcelona<\/span><\/a><span style=\"font-weight: 400\"> Rideon<\/span><br \/>\n<img decoding=\"async\" class=\"img-responsive\" src=\"http:\/\/www.rideonmotorent.com\/wp-content\/uploads\/2016\/08\/Barcelona-en-moto.jpg\" alt=\"Descubre lo mejor de Barcelona\" width=\"100%\" \/><br \/>\n<span style=\"font-weight: 400\">Limitada por el mar y la monta\u00f1a, Barcelona es una ciudad casi sin suelo, por lo tanto no se trata tanto de crecer sino de renovarse. EL mediterr\u00e1neo es el elemento embrionario de Barcelona, desde sus or\u00edgenes pobladores, invasores y en las \u00faltimas d\u00e9cadas cruceros con turistas, mucho de lo que Barcelona \u00e9s, lleg\u00f3 por el mar. Descubre Barcelona de la forma m\u00e1s c\u00f3moda y r\u00e1pida con Rideon, tu <\/span><a href=\"http:\/\/www.rideonmotorent.com\/\"><span style=\"font-weight: 400\">alquiler motos Barcelona<\/span><\/a><span style=\"font-weight: 400\">.<\/span><br \/>\n<span style=\"font-weight: 400\">La realidad es que hoy en dia una ciudad es un mosaico, la ciudad se divide en distritos y estos en barrios, en calles y en portales, los portales se dividen en viviendas y estas en habitaciones. Desde lo m\u00e1s peque\u00f1o a lo m\u00e1s grande siempre existe un orden, pero dentro del orden tambi\u00e9n hay un cierto desorden, barrios construidos desde la racionalidad y el dise\u00f1o y barrios construidos desde el azar. En cierto sentido la ciudad se podr\u00eda definir como un caos que aspira al orden.<\/span><br \/>\n<img decoding=\"async\" class=\"img-responsive\" src=\"http:\/\/www.rideonmotorent.com\/wp-content\/uploads\/2016\/08\/museo-maritimo-Barcelona.jpg\" alt=\"Museo Mar\u00edtimo Barcelona\" width=\"100%\" \/><br \/>\n<span style=\"font-weight: 400\">Hace mil a\u00f1os hasta aqu\u00ed mismo llegaba el mar, las \u201cDrassanes\u201d era d\u00f3nde se constru\u00edan los barcos, en la colecci\u00f3n del museo mar\u00edtimo llama la atenci\u00f3n una r\u00e9plica a tama\u00f1o real de la galera de Don Juan de Austria<\/span><br \/>\n&nbsp;<br \/>\n<b>Comer en la Cova Fumada<\/b><br \/>\n<span style=\"font-weight: 400\">Situaci\u00f3n:<\/span><a href=\"https:\/\/goo.gl\/maps\/caL7QCEFkwm\"><span style=\"font-weight: 400\">https:\/\/goo.gl\/maps\/caL7QCEFkwm<\/span><\/a><br \/>\n<span style=\"font-weight: 400\">Contacto: <\/span><a href=\"https:\/\/www.facebook.com\/pages\/La-Cova-Fumada\/167510036619950#_=_\"><span style=\"font-weight: 400\">https:\/\/www.facebook.com\/pages\/La-Cova-Fumada\/167510036619950#_=_<\/span><\/a><br \/>\n<span style=\"font-weight: 400\">Fundada en 1944, Cova Fumada es una antigua bodega, a\u00fan conserva a d\u00eda de hoy sus barriles y sus mesas de m\u00e1rmol, de ambiente informal y hogare\u00f1o. La cocina, a la vista, nos presenta tapas y platillos caseros con el pescado como ingrediente destacado. Un lugar popular y muy concurrido que no acepta reservas.<\/span><br \/>\n<img decoding=\"async\" class=\"img-responsive\" src=\"http:\/\/www.rideonmotorent.com\/wp-content\/uploads\/2016\/08\/la-cova-fumada-barcelona.jpg\" alt=\"Restaurante la Cova Fumada Barcelona\" width=\"100%\" \/><br \/>\n<span style=\"font-weight: 400\">A partir de las 9h de la ma\u00f1ana ya est\u00e1n a nuestra disposici\u00f3n los pulpitos, el cap i pota, los escabeches, las butifarras, m\u00e1s unas sardinas y unas gambas que no llevan demasiado tiempo en alguna de las barcas del Moll Del Rellotge.<\/span><br \/>\n&nbsp;<br \/>\n<b>Parc G\u00fcell<\/b><br \/>\n<span style=\"font-weight: 400\">Situaci\u00f3n:<\/span><a href=\"https:\/\/goo.gl\/maps\/bydGRgFKmHq\"><span style=\"font-weight: 400\">https:\/\/goo.gl\/maps\/bydGRgFKmHq<\/span><\/a><br \/>\n<span style=\"font-weight: 400\">Contacto: <\/span><a href=\"http:\/\/www.parkguell.cat\/es\/\"><span style=\"font-weight: 400\">http:\/\/www.parkguell.cat\/es\/<\/span><\/a><br \/>\n<img decoding=\"async\" class=\"img-responsive\" src=\"http:\/\/www.rideonmotorent.com\/wp-content\/uploads\/2016\/08\/Banco-parc-g\u00fcell.jpg\" alt=\"Visita banco del Parc G\u00fcell de Barcelona\" width=\"100%\" \/><br \/>\n<span style=\"font-weight: 400\">A principios del siglo XX el arquitecto Antoni Gaud\u00ed decor\u00f3 con baldosas un banco que parecen disponerse sin orden y al libre antojo, el mosaico o \u201ctrencad\u00eds\u201d hecho con piezas tan diferentes pero con un resultado tan arm\u00f3nico e un buen resumen de la ciudad,<\/span><br \/>\n<span style=\"font-weight: 400\">Por la tarde recomendamos coger el <\/span><a href=\"http:\/\/www.rideonmotorent.com\/\"><span style=\"font-weight: 400\">alquiler moto Barcelona<\/span><\/a><span style=\"font-weight: 400\"> y visitar el Parque G\u00fcell, es un reflejo de la plenitud art\u00edstica de Gaud\u00ed: pertenece a su etapa naturalista (primera d\u00e9cada del siglo XX), periodo en que el arquitecto perfeccion\u00f3 su estilo personal, a trav\u00e9s de la inspiraci\u00f3n en las formas org\u00e1nicas de la naturaleza, para lo que puso en pr\u00e1ctica toda una serie de nuevas soluciones estructurales originadas en sus profundos an\u00e1lisis de la geometr\u00eda reglada. <\/span><br \/>\n<img decoding=\"async\" class=\"img-responsive\" src=\"http:\/\/www.rideonmotorent.com\/wp-content\/uploads\/2016\/08\/parc-Guell-barcelona.jpg\" alt=\"Visita el Parc G\u00fcell de Barcelona\" width=\"100%\" \/><br \/>\n<span style=\"font-weight: 400\">A ello a\u00f1ade el artista catal\u00e1n una gran libertad creativa y una imaginativa creaci\u00f3n ornamental: partiendo de cierto barroquismo sus obras adquieren gran riqueza estructural, de formas y vol\u00famenes desprovistos de rigidez racionalista o de cualquier premisa cl\u00e1sica.1 En el Parque G\u00fcell despleg\u00f3 Gaud\u00ed todo su genio arquitect\u00f3nico, y puso en pr\u00e1ctica muchas de sus innovadoras soluciones estructurales que ser\u00edan emblem\u00e1ticas de su estilo organicista y que culminar\u00eda en la Sagrada Familia.<\/span><br \/>\n&nbsp;<br \/>\n<span style=\"font-weight: 400\">Para m\u00e1s informaci\u00f3n visiten nuestro <\/span><span style=\"font-weight: 400\"><a href=\"http:\/\/www.rideonmotorent.com\/barcelona\/\">Blog de informaci\u00f3n Tur\u00edstica a Barcelona<\/a> <\/span><span style=\"font-weight: 400\">, para reservas online de motos de alquiler Mallorca pueden visitar nuestra web <\/span><a href=\"http:\/\/www.rideonmotorent.com\/\"><span style=\"font-weight: 400\">www.rideonmotorent.com<\/span><\/a><br \/>\n&nbsp;<\/p>\n","protected":false},"excerpt":{"rendered":"<p>Museo mar\u00edtimo de Barcelona Situaci\u00f3n: https:\/\/goo.gl\/maps\/dp5TgNYrSd92 Contacto: http:\/\/www.mmb.cat\/ Con poco m\u00e1s de 1 mill\u00f3n y medio de habitantes Barcelona es la segunda ciudad m\u00e1s poblada de Espa\u00f1a y la onceava de Europa, adem\u00e1s su \u00e1rea metropolitana es todav\u00eda m\u00e1s impresionante, compuesta por m\u00e1s de 30 municipios alcanza una cifra cercana a los 4 millones de<\/p>\n","protected":false},"author":2,"featured_media":1519,"comment_status":"open","ping_status":"closed","sticky":false,"template":"","format":"standard","meta":{"inline_featured_image":false,"footnotes":""},"categories":[9],"tags":[],"class_list":["post-407","post","type-post","status-publish","format-standard","has-post-thumbnail","hentry","category-barcelona"],"yoast_head":"<!-- This site is optimized with the Yoast SEO Premium plugin v18.7 (Yoast SEO v27.5) - https:\/\/yoast.com\/product\/yoast-seo-premium-wordpress\/ -->\n<title>Museo Mar\u00edtimo y el Parc G\u00fcell - Renting Particulares - Alquiler de motos mensual y Renting para Particulares<\/title>\n<meta name=\"robots\" content=\"index, follow, max-snippet:-1, max-image-preview:large, max-video-preview:-1\" \/>\n<link rel=\"canonical\" href=\"https:\/\/rideon.es\/renting-particulares\/museo-maritimo-y-parc-guell\/\" \/>\n<meta property=\"og:locale\" content=\"es_ES\" \/>\n<meta property=\"og:type\" content=\"article\" \/>\n<meta property=\"og:title\" content=\"Museo Mar\u00edtimo y el Parc G\u00fcell\" \/>\n<meta property=\"og:description\" content=\"Museo mar\u00edtimo de Barcelona Situaci\u00f3n: https:\/\/goo.gl\/maps\/dp5TgNYrSd92 Contacto: http:\/\/www.mmb.cat\/ Con poco m\u00e1s de 1 mill\u00f3n y medio de habitantes Barcelona es la segunda ciudad m\u00e1s poblada de Espa\u00f1a y la onceava de Europa, adem\u00e1s su \u00e1rea metropolitana es todav\u00eda m\u00e1s impresionante, compuesta por m\u00e1s de 30 municipios alcanza una cifra cercana a los 4 millones de\" \/>\n<meta property=\"og:url\" content=\"https:\/\/rideon.es\/renting-particulares\/museo-maritimo-y-parc-guell\/\" \/>\n<meta property=\"og:site_name\" content=\"Renting Particulares - Alquiler de motos mensual y Renting para Particulares\" \/>\n<meta property=\"article:published_time\" content=\"2016-10-06T15:33:26+00:00\" \/>\n<meta name=\"author\" content=\"Ride On\" \/>\n<meta name=\"twitter:card\" content=\"summary_large_image\" \/>\n<meta name=\"twitter:label1\" content=\"Escrito por\" \/>\n\t<meta name=\"twitter:data1\" content=\"Ride On\" \/>\n\t<meta name=\"twitter:label2\" content=\"Tiempo de lectura\" \/>\n\t<meta name=\"twitter:data2\" content=\"4 minutos\" \/>\n<script type=\"application\/ld+json\" class=\"yoast-schema-graph\">{\"@context\":\"https:\\\/\\\/schema.org\",\"@graph\":[{\"@type\":\"Article\",\"@id\":\"https:\\\/\\\/rideon.es\\\/renting-particulares\\\/museo-maritimo-y-parc-guell\\\/#article\",\"isPartOf\":{\"@id\":\"https:\\\/\\\/rideon.es\\\/renting-particulares\\\/museo-maritimo-y-parc-guell\\\/\"},\"author\":{\"name\":\"Ride On\",\"@id\":\"https:\\\/\\\/rideon.es\\\/renting-particulares\\\/#\\\/schema\\\/person\\\/48d6770e55c623d929bd20ce295611a7\"},\"headline\":\"Museo Mar\u00edtimo y el Parc G\u00fcell\",\"datePublished\":\"2016-10-06T15:33:26+00:00\",\"mainEntityOfPage\":{\"@id\":\"https:\\\/\\\/rideon.es\\\/renting-particulares\\\/museo-maritimo-y-parc-guell\\\/\"},\"wordCount\":728,\"commentCount\":0,\"publisher\":{\"@id\":\"https:\\\/\\\/rideon.es\\\/renting-particulares\\\/#organization\"},\"image\":{\"@id\":\"https:\\\/\\\/rideon.es\\\/renting-particulares\\\/museo-maritimo-y-parc-guell\\\/#primaryimage\"},\"thumbnailUrl\":\"\",\"articleSection\":[\"Barcelona\"],\"inLanguage\":\"es\",\"potentialAction\":[{\"@type\":\"CommentAction\",\"name\":\"Comment\",\"target\":[\"https:\\\/\\\/rideon.es\\\/renting-particulares\\\/museo-maritimo-y-parc-guell\\\/#respond\"]}]},{\"@type\":\"WebPage\",\"@id\":\"https:\\\/\\\/rideon.es\\\/renting-particulares\\\/museo-maritimo-y-parc-guell\\\/\",\"url\":\"https:\\\/\\\/rideon.es\\\/renting-particulares\\\/museo-maritimo-y-parc-guell\\\/\",\"name\":\"Museo Mar\u00edtimo y el Parc G\u00fcell - Renting Particulares - Alquiler de motos mensual y Renting para Particulares\",\"isPartOf\":{\"@id\":\"https:\\\/\\\/rideon.es\\\/renting-particulares\\\/#website\"},\"primaryImageOfPage\":{\"@id\":\"https:\\\/\\\/rideon.es\\\/renting-particulares\\\/museo-maritimo-y-parc-guell\\\/#primaryimage\"},\"image\":{\"@id\":\"https:\\\/\\\/rideon.es\\\/renting-particulares\\\/museo-maritimo-y-parc-guell\\\/#primaryimage\"},\"thumbnailUrl\":\"\",\"datePublished\":\"2016-10-06T15:33:26+00:00\",\"inLanguage\":\"es\",\"potentialAction\":[{\"@type\":\"ReadAction\",\"target\":[\"https:\\\/\\\/rideon.es\\\/renting-particulares\\\/museo-maritimo-y-parc-guell\\\/\"]}]},{\"@type\":\"ImageObject\",\"inLanguage\":\"es\",\"@id\":\"https:\\\/\\\/rideon.es\\\/renting-particulares\\\/museo-maritimo-y-parc-guell\\\/#primaryimage\",\"url\":\"\",\"contentUrl\":\"\"},{\"@type\":\"WebSite\",\"@id\":\"https:\\\/\\\/rideon.es\\\/renting-particulares\\\/#website\",\"url\":\"https:\\\/\\\/rideon.es\\\/renting-particulares\\\/\",\"name\":\"Renting Particulares - Alquiler de motos mensual y Renting para Particulares\",\"description\":\"Las motos m\u00e1s c\u00f3modas y seguras para disfrutar de tus vacaciones sobre ruedas. Alquiler de motos en Menorca, Mallorca, Barcelona y Valencia con Rideon.es\",\"publisher\":{\"@id\":\"https:\\\/\\\/rideon.es\\\/renting-particulares\\\/#organization\"},\"potentialAction\":[{\"@type\":\"SearchAction\",\"target\":{\"@type\":\"EntryPoint\",\"urlTemplate\":\"https:\\\/\\\/rideon.es\\\/renting-particulares\\\/?s={search_term_string}\"},\"query-input\":{\"@type\":\"PropertyValueSpecification\",\"valueRequired\":true,\"valueName\":\"search_term_string\"}}],\"inLanguage\":\"es\"},{\"@type\":\"Organization\",\"@id\":\"https:\\\/\\\/rideon.es\\\/renting-particulares\\\/#organization\",\"name\":\"Renting Particulares - Alquiler de motos mensual y Renting para Particulares\",\"url\":\"https:\\\/\\\/rideon.es\\\/renting-particulares\\\/\",\"logo\":{\"@type\":\"ImageObject\",\"inLanguage\":\"es\",\"@id\":\"https:\\\/\\\/rideon.es\\\/renting-particulares\\\/#\\\/schema\\\/logo\\\/image\\\/\",\"url\":\"https:\\\/\\\/rideon.es\\\/renting-particulares\\\/wp-content\\\/uploads\\\/sites\\\/20\\\/2020\\\/02\\\/rideon_logo-200x78-1.png\",\"contentUrl\":\"https:\\\/\\\/rideon.es\\\/renting-particulares\\\/wp-content\\\/uploads\\\/sites\\\/20\\\/2020\\\/02\\\/rideon_logo-200x78-1.png\",\"width\":200,\"height\":78,\"caption\":\"Renting Particulares - Alquiler de motos mensual y Renting para Particulares\"},\"image\":{\"@id\":\"https:\\\/\\\/rideon.es\\\/renting-particulares\\\/#\\\/schema\\\/logo\\\/image\\\/\"}},{\"@type\":\"Person\",\"@id\":\"https:\\\/\\\/rideon.es\\\/renting-particulares\\\/#\\\/schema\\\/person\\\/48d6770e55c623d929bd20ce295611a7\",\"name\":\"Ride On\",\"image\":{\"@type\":\"ImageObject\",\"inLanguage\":\"es\",\"@id\":\"https:\\\/\\\/secure.gravatar.com\\\/avatar\\\/785e72183089da6a00243c0f0e2d52db79b9983b602219afb07c868943086138?s=96&d=mm&r=g\",\"url\":\"https:\\\/\\\/secure.gravatar.com\\\/avatar\\\/785e72183089da6a00243c0f0e2d52db79b9983b602219afb07c868943086138?s=96&d=mm&r=g\",\"contentUrl\":\"https:\\\/\\\/secure.gravatar.com\\\/avatar\\\/785e72183089da6a00243c0f0e2d52db79b9983b602219afb07c868943086138?s=96&d=mm&r=g\",\"caption\":\"Ride On\"},\"url\":\"https:\\\/\\\/rideon.es\\\/renting-particulares\\\/author\\\/eduardoyauri\\\/\"}]}<\/script>\n<!-- \/ Yoast SEO Premium plugin. -->","yoast_head_json":{"title":"Museo Mar\u00edtimo y el Parc G\u00fcell - Renting Particulares - Alquiler de motos mensual y Renting para Particulares","robots":{"index":"index","follow":"follow","max-snippet":"max-snippet:-1","max-image-preview":"max-image-preview:large","max-video-preview":"max-video-preview:-1"},"canonical":"https:\/\/rideon.es\/renting-particulares\/museo-maritimo-y-parc-guell\/","og_locale":"es_ES","og_type":"article","og_title":"Museo Mar\u00edtimo y el Parc G\u00fcell","og_description":"Museo mar\u00edtimo de Barcelona Situaci\u00f3n: https:\/\/goo.gl\/maps\/dp5TgNYrSd92 Contacto: http:\/\/www.mmb.cat\/ Con poco m\u00e1s de 1 mill\u00f3n y medio de habitantes Barcelona es la segunda ciudad m\u00e1s poblada de Espa\u00f1a y la onceava de Europa, adem\u00e1s su \u00e1rea metropolitana es todav\u00eda m\u00e1s impresionante, compuesta por m\u00e1s de 30 municipios alcanza una cifra cercana a los 4 millones de","og_url":"https:\/\/rideon.es\/renting-particulares\/museo-maritimo-y-parc-guell\/","og_site_name":"Renting Particulares - Alquiler de motos mensual y Renting para Particulares","article_published_time":"2016-10-06T15:33:26+00:00","author":"Ride On","twitter_card":"summary_large_image","twitter_misc":{"Escrito por":"Ride On","Tiempo de lectura":"4 minutos"},"schema":{"@context":"https:\/\/schema.org","@graph":[{"@type":"Article","@id":"https:\/\/rideon.es\/renting-particulares\/museo-maritimo-y-parc-guell\/#article","isPartOf":{"@id":"https:\/\/rideon.es\/renting-particulares\/museo-maritimo-y-parc-guell\/"},"author":{"name":"Ride On","@id":"https:\/\/rideon.es\/renting-particulares\/#\/schema\/person\/48d6770e55c623d929bd20ce295611a7"},"headline":"Museo Mar\u00edtimo y el Parc G\u00fcell","datePublished":"2016-10-06T15:33:26+00:00","mainEntityOfPage":{"@id":"https:\/\/rideon.es\/renting-particulares\/museo-maritimo-y-parc-guell\/"},"wordCount":728,"commentCount":0,"publisher":{"@id":"https:\/\/rideon.es\/renting-particulares\/#organization"},"image":{"@id":"https:\/\/rideon.es\/renting-particulares\/museo-maritimo-y-parc-guell\/#primaryimage"},"thumbnailUrl":"","articleSection":["Barcelona"],"inLanguage":"es","potentialAction":[{"@type":"CommentAction","name":"Comment","target":["https:\/\/rideon.es\/renting-particulares\/museo-maritimo-y-parc-guell\/#respond"]}]},{"@type":"WebPage","@id":"https:\/\/rideon.es\/renting-particulares\/museo-maritimo-y-parc-guell\/","url":"https:\/\/rideon.es\/renting-particulares\/museo-maritimo-y-parc-guell\/","name":"Museo Mar\u00edtimo y el Parc G\u00fcell - Renting Particulares - Alquiler de motos mensual y Renting para Particulares","isPartOf":{"@id":"https:\/\/rideon.es\/renting-particulares\/#website"},"primaryImageOfPage":{"@id":"https:\/\/rideon.es\/renting-particulares\/museo-maritimo-y-parc-guell\/#primaryimage"},"image":{"@id":"https:\/\/rideon.es\/renting-particulares\/museo-maritimo-y-parc-guell\/#primaryimage"},"thumbnailUrl":"","datePublished":"2016-10-06T15:33:26+00:00","inLanguage":"es","potentialAction":[{"@type":"ReadAction","target":["https:\/\/rideon.es\/renting-particulares\/museo-maritimo-y-parc-guell\/"]}]},{"@type":"ImageObject","inLanguage":"es","@id":"https:\/\/rideon.es\/renting-particulares\/museo-maritimo-y-parc-guell\/#primaryimage","url":"","contentUrl":""},{"@type":"WebSite","@id":"https:\/\/rideon.es\/renting-particulares\/#website","url":"https:\/\/rideon.es\/renting-particulares\/","name":"Renting Particulares - Alquiler de motos mensual y Renting para Particulares","description":"Las motos m\u00e1s c\u00f3modas y seguras para disfrutar de tus vacaciones sobre ruedas. Alquiler de motos en Menorca, Mallorca, Barcelona y Valencia con Rideon.es","publisher":{"@id":"https:\/\/rideon.es\/renting-particulares\/#organization"},"potentialAction":[{"@type":"SearchAction","target":{"@type":"EntryPoint","urlTemplate":"https:\/\/rideon.es\/renting-particulares\/?s={search_term_string}"},"query-input":{"@type":"PropertyValueSpecification","valueRequired":true,"valueName":"search_term_string"}}],"inLanguage":"es"},{"@type":"Organization","@id":"https:\/\/rideon.es\/renting-particulares\/#organization","name":"Renting Particulares - Alquiler de motos mensual y Renting para Particulares","url":"https:\/\/rideon.es\/renting-particulares\/","logo":{"@type":"ImageObject","inLanguage":"es","@id":"https:\/\/rideon.es\/renting-particulares\/#\/schema\/logo\/image\/","url":"https:\/\/rideon.es\/renting-particulares\/wp-content\/uploads\/sites\/20\/2020\/02\/rideon_logo-200x78-1.png","contentUrl":"https:\/\/rideon.es\/renting-particulares\/wp-content\/uploads\/sites\/20\/2020\/02\/rideon_logo-200x78-1.png","width":200,"height":78,"caption":"Renting Particulares - Alquiler de motos mensual y Renting para Particulares"},"image":{"@id":"https:\/\/rideon.es\/renting-particulares\/#\/schema\/logo\/image\/"}},{"@type":"Person","@id":"https:\/\/rideon.es\/renting-particulares\/#\/schema\/person\/48d6770e55c623d929bd20ce295611a7","name":"Ride On","image":{"@type":"ImageObject","inLanguage":"es","@id":"https:\/\/secure.gravatar.com\/avatar\/785e72183089da6a00243c0f0e2d52db79b9983b602219afb07c868943086138?s=96&d=mm&r=g","url":"https:\/\/secure.gravatar.com\/avatar\/785e72183089da6a00243c0f0e2d52db79b9983b602219afb07c868943086138?s=96&d=mm&r=g","contentUrl":"https:\/\/secure.gravatar.com\/avatar\/785e72183089da6a00243c0f0e2d52db79b9983b602219afb07c868943086138?s=96&d=mm&r=g","caption":"Ride On"},"url":"https:\/\/rideon.es\/renting-particulares\/author\/eduardoyauri\/"}]}},"_links":{"self":[{"href":"https:\/\/rideon.es\/renting-particulares\/wp-json\/wp\/v2\/posts\/407","targetHints":{"allow":["GET"]}}],"collection":[{"href":"https:\/\/rideon.es\/renting-particulares\/wp-json\/wp\/v2\/posts"}],"about":[{"href":"https:\/\/rideon.es\/renting-particulares\/wp-json\/wp\/v2\/types\/post"}],"author":[{"embeddable":true,"href":"https:\/\/rideon.es\/renting-particulares\/wp-json\/wp\/v2\/users\/2"}],"replies":[{"embeddable":true,"href":"https:\/\/rideon.es\/renting-particulares\/wp-json\/wp\/v2\/comments?post=407"}],"version-history":[{"count":0,"href":"https:\/\/rideon.es\/renting-particulares\/wp-json\/wp\/v2\/posts\/407\/revisions"}],"wp:featuredmedia":[{"embeddable":true,"href":"https:\/\/rideon.es\/renting-particulares\/wp-json\/"}],"wp:attachment":[{"href":"https:\/\/rideon.es\/renting-particulares\/wp-json\/wp\/v2\/media?parent=407"}],"wp:term":[{"taxonomy":"category","embeddable":true,"href":"https:\/\/rideon.es\/renting-particulares\/wp-json\/wp\/v2\/categories?post=407"},{"taxonomy":"post_tag","embeddable":true,"href":"https:\/\/rideon.es\/renting-particulares\/wp-json\/wp\/v2\/tags?post=407"}],"curies":[{"name":"wp","href":"https:\/\/api.w.org\/{rel}","templated":true}]}}