{"id":3297,"date":"2018-09-25T10:29:39","date_gmt":"2018-09-25T10:29:39","guid":{"rendered":"https:\/\/rideon.es\/?p=3297"},"modified":"2018-09-25T10:29:39","modified_gmt":"2018-09-25T10:29:39","slug":"visita-es-castell-alquiler-moto-menorca","status":"publish","type":"post","link":"https:\/\/rideon.es\/renting-particulares\/visita-es-castell-alquiler-moto-menorca\/","title":{"rendered":"Visita Es castell con tu alquiler de moto en Menorca"},"content":{"rendered":"<p><span style=\"font-weight: 400\">Es Castell, uno de los mejores reflejos de la influencia brit\u00e1nica en Menorca<\/span><\/p>\n<p><span style=\"font-weight: 400\">El origen del pueblo de Es Castell se debe al Castillo de San Felipe, una fortificaci\u00f3n ubicada a la entrada del puerto natural de Ma\u00f3 para proteger la zona de los ataques por mar. Se construy\u00f3 en la Edad Media para combatir los ataques de los turcos y del temido Barbarroja y durante la dominaci\u00f3n inglesa fue ampliado hasta llegar a ser por un tiempo la fortaleza m\u00e1s grande de toda Europa.<\/span><br \/>\n<img fetchpriority=\"high\" decoding=\"async\" class=\"img-responsive aligncenter\" src=\"https:\/\/rideon.es\/wp-content\/uploads\/2018\/09\/es-castell-alquiler-moto-menorca.png\" alt=\"Es castell puerto Alquiler moto Menorca\" width=\"699\" height=\"474\" \/><\/p>\n<p><span style=\"font-weight: 400\">Es Castell es precisamente una de las localidades menorquinas d\u00f3nde se deja ver con mayor intensidad la huella de la dominaci\u00f3n inglesa en el siglo XVIII. La arquitectura de sus edificios y viviendas tiene un claro estilo brit\u00e1nico y lleg\u00f3 a conocerse como Georgetown en honor a Jorge III de Inglaterra. Cuando la isla fue recuperada por la corona espa\u00f1ola en 1782, cambi\u00f3 su nombre por el de Villacarlos, en honor del rey Carlos III de Espa\u00f1a.<\/span><\/p>\n<p><span style=\"font-weight: 400\">A menos de tres kil\u00f3metros se encuentra la cala de Sant Esteve donde se encuentra el Fuerte Marlborough, otro gran legado de la \u00e9poca que traslada en el tiempo al visitante y que supone una escapada perfecta para quienes <\/span><a href=\"https:\/\/rideon.es\/menorca\/\"><span style=\"font-weight: 400\">descubren Menorca en su moto de alquiler<\/span><\/a><span style=\"font-weight: 400\">.<\/span><br \/>\n<img decoding=\"async\" class=\"img-responsive aligncenter\" src=\"https:\/\/rideon.es\/wp-content\/uploads\/2018\/09\/es-castell-rent-scooter-menorca.png\" alt=\"Es castell Alquiler moto Menorca\" width=\"700\" height=\"434\" \/><\/p>\n<p><span style=\"font-weight: 400\">Es Castell es adem\u00e1s la localidad m\u00e1s oriental de todo el territorio espa\u00f1ol. Y por ello es el lugar en el que antes amanece de toda Espa\u00f1a.<\/span><br \/>\n<span style=\"font-weight: 400\">Colindante con el municipio de Ma\u00f3, perfecta para ser visitada con el <\/span><a href=\"https:\/\/rideon.es\/es\/alquiler-moto-menorca\/\"><span style=\"font-weight: 400\">alquiler de una moto en Menorca<\/span><\/a><span style=\"font-weight: 400\">, disfruta tambi\u00e9n de las aguas del puerto natural de la capital menorquina y sus vistas al mar se acompa\u00f1an de las panor\u00e1micas de la Isla del Llatzaret y de Sa Mola.<\/span><br \/>\n<img decoding=\"async\" class=\"img-responsive aligncenter\" src=\"https:\/\/rideon.es\/wp-content\/uploads\/2018\/09\/escastell-scooter-hire-menorca.png\" alt=\"Es castell paseo Alquiler moto Menorca\" width=\"700\" height=\"419\" \/><\/p>\n<p><span style=\"font-weight: 400\">Las calles del pueblo confluyen en Calesfonts, antiguo muelle de pescadores que hoy acoge bares y restaurantes con agradables terrazas, comercios y otros locales de ocio enclavados en la roca, aprovechando las cuevas que anta\u00f1o sirvieron de refugio a los pescadores.<\/span><\/p>\n","protected":false},"excerpt":{"rendered":"<p>Es Castell, uno de los mejores reflejos de la influencia brit\u00e1nica en Menorca El origen del pueblo de Es Castell se debe al Castillo de San Felipe, una fortificaci\u00f3n ubicada a la entrada del puerto natural de Ma\u00f3 para proteger la zona de los ataques por mar. Se construy\u00f3 en la Edad Media para combatir<\/p>\n","protected":false},"author":2,"featured_media":5123,"comment_status":"open","ping_status":"closed","sticky":false,"template":"","format":"standard","meta":{"inline_featured_image":false,"footnotes":""},"categories":[56,14],"tags":[],"class_list":["post-3297","post","type-post","status-publish","format-standard","has-post-thumbnail","hentry","category-lugar-interes","category-menorca"],"yoast_head":"<!-- This site is optimized with the Yoast SEO Premium plugin v18.7 (Yoast SEO v27.5) - https:\/\/yoast.com\/product\/yoast-seo-premium-wordpress\/ -->\n<title>Visita Es castell con tu alquiler de moto en Menorca - Renting Particulares - Alquiler de motos mensual y Renting para Particulares<\/title>\n<meta name=\"description\" content=\"El pueblo de Es Castell ofrece los suficientes encantos y atractivos como para dedicar una ruta en vacaciones en moto de alquiler en Menorca\" \/>\n<meta name=\"robots\" content=\"index, follow, max-snippet:-1, max-image-preview:large, max-video-preview:-1\" \/>\n<link rel=\"canonical\" href=\"https:\/\/rideon.es\/renting-particulares\/visita-es-castell-alquiler-moto-menorca\/\" \/>\n<meta property=\"og:locale\" content=\"es_ES\" \/>\n<meta property=\"og:type\" content=\"article\" \/>\n<meta property=\"og:title\" content=\"Visita Es castell con tu alquiler de moto en Menorca\" \/>\n<meta property=\"og:description\" content=\"El pueblo de Es Castell ofrece los suficientes encantos y atractivos como para dedicar una ruta en vacaciones en moto de alquiler en Menorca\" \/>\n<meta property=\"og:url\" content=\"https:\/\/rideon.es\/renting-particulares\/visita-es-castell-alquiler-moto-menorca\/\" \/>\n<meta property=\"og:site_name\" content=\"Renting Particulares - Alquiler de motos mensual y Renting para Particulares\" \/>\n<meta property=\"article:published_time\" content=\"2018-09-25T10:29:39+00:00\" \/>\n<meta property=\"og:image\" content=\"https:\/\/rideon.es\/renting-particulares\/wp-content\/uploads\/sites\/20\/2018\/09\/es-castell-alquiler-moto-menorca-1.png\" \/>\n\t<meta property=\"og:image:width\" content=\"1216\" \/>\n\t<meta property=\"og:image:height\" content=\"824\" \/>\n\t<meta property=\"og:image:type\" content=\"image\/png\" \/>\n<meta name=\"author\" content=\"Ride On\" \/>\n<meta name=\"twitter:card\" content=\"summary_large_image\" \/>\n<meta name=\"twitter:label1\" content=\"Escrito por\" \/>\n\t<meta name=\"twitter:data1\" content=\"Ride On\" \/>\n\t<meta name=\"twitter:label2\" content=\"Tiempo de lectura\" \/>\n\t<meta name=\"twitter:data2\" content=\"2 minutos\" \/>\n<script type=\"application\/ld+json\" class=\"yoast-schema-graph\">{\"@context\":\"https:\\\/\\\/schema.org\",\"@graph\":[{\"@type\":\"Article\",\"@id\":\"https:\\\/\\\/rideon.es\\\/renting-particulares\\\/visita-es-castell-alquiler-moto-menorca\\\/#article\",\"isPartOf\":{\"@id\":\"https:\\\/\\\/rideon.es\\\/renting-particulares\\\/visita-es-castell-alquiler-moto-menorca\\\/\"},\"author\":{\"name\":\"Ride On\",\"@id\":\"https:\\\/\\\/rideon.es\\\/renting-particulares\\\/#\\\/schema\\\/person\\\/48d6770e55c623d929bd20ce295611a7\"},\"headline\":\"Visita Es castell con tu alquiler de moto en Menorca\",\"datePublished\":\"2018-09-25T10:29:39+00:00\",\"mainEntityOfPage\":{\"@id\":\"https:\\\/\\\/rideon.es\\\/renting-particulares\\\/visita-es-castell-alquiler-moto-menorca\\\/\"},\"wordCount\":352,\"commentCount\":0,\"publisher\":{\"@id\":\"https:\\\/\\\/rideon.es\\\/renting-particulares\\\/#organization\"},\"image\":{\"@id\":\"https:\\\/\\\/rideon.es\\\/renting-particulares\\\/visita-es-castell-alquiler-moto-menorca\\\/#primaryimage\"},\"thumbnailUrl\":\"https:\\\/\\\/rideon.es\\\/renting-particulares\\\/wp-content\\\/uploads\\\/sites\\\/20\\\/2018\\\/09\\\/es-castell-alquiler-moto-menorca-1.png\",\"articleSection\":[\"Lugares de inter\u00e9s\",\"Menorca\"],\"inLanguage\":\"es\",\"potentialAction\":[{\"@type\":\"CommentAction\",\"name\":\"Comment\",\"target\":[\"https:\\\/\\\/rideon.es\\\/renting-particulares\\\/visita-es-castell-alquiler-moto-menorca\\\/#respond\"]}]},{\"@type\":\"WebPage\",\"@id\":\"https:\\\/\\\/rideon.es\\\/renting-particulares\\\/visita-es-castell-alquiler-moto-menorca\\\/\",\"url\":\"https:\\\/\\\/rideon.es\\\/renting-particulares\\\/visita-es-castell-alquiler-moto-menorca\\\/\",\"name\":\"Visita Es castell con tu alquiler de moto en Menorca - Renting Particulares - Alquiler de motos mensual y Renting para Particulares\",\"isPartOf\":{\"@id\":\"https:\\\/\\\/rideon.es\\\/renting-particulares\\\/#website\"},\"primaryImageOfPage\":{\"@id\":\"https:\\\/\\\/rideon.es\\\/renting-particulares\\\/visita-es-castell-alquiler-moto-menorca\\\/#primaryimage\"},\"image\":{\"@id\":\"https:\\\/\\\/rideon.es\\\/renting-particulares\\\/visita-es-castell-alquiler-moto-menorca\\\/#primaryimage\"},\"thumbnailUrl\":\"https:\\\/\\\/rideon.es\\\/renting-particulares\\\/wp-content\\\/uploads\\\/sites\\\/20\\\/2018\\\/09\\\/es-castell-alquiler-moto-menorca-1.png\",\"datePublished\":\"2018-09-25T10:29:39+00:00\",\"description\":\"El pueblo de Es Castell ofrece los suficientes encantos y atractivos como para dedicar una ruta en vacaciones en moto de alquiler en Menorca\",\"inLanguage\":\"es\",\"potentialAction\":[{\"@type\":\"ReadAction\",\"target\":[\"https:\\\/\\\/rideon.es\\\/renting-particulares\\\/visita-es-castell-alquiler-moto-menorca\\\/\"]}]},{\"@type\":\"ImageObject\",\"inLanguage\":\"es\",\"@id\":\"https:\\\/\\\/rideon.es\\\/renting-particulares\\\/visita-es-castell-alquiler-moto-menorca\\\/#primaryimage\",\"url\":\"https:\\\/\\\/rideon.es\\\/renting-particulares\\\/wp-content\\\/uploads\\\/sites\\\/20\\\/2018\\\/09\\\/es-castell-alquiler-moto-menorca-1.png\",\"contentUrl\":\"https:\\\/\\\/rideon.es\\\/renting-particulares\\\/wp-content\\\/uploads\\\/sites\\\/20\\\/2018\\\/09\\\/es-castell-alquiler-moto-menorca-1.png\",\"width\":1216,\"height\":824},{\"@type\":\"WebSite\",\"@id\":\"https:\\\/\\\/rideon.es\\\/renting-particulares\\\/#website\",\"url\":\"https:\\\/\\\/rideon.es\\\/renting-particulares\\\/\",\"name\":\"Renting Particulares - Alquiler de motos mensual y Renting para Particulares\",\"description\":\"Las motos m\u00e1s c\u00f3modas y seguras para disfrutar de tus vacaciones sobre ruedas. Alquiler de motos en Menorca, Mallorca, Barcelona y Valencia con Rideon.es\",\"publisher\":{\"@id\":\"https:\\\/\\\/rideon.es\\\/renting-particulares\\\/#organization\"},\"potentialAction\":[{\"@type\":\"SearchAction\",\"target\":{\"@type\":\"EntryPoint\",\"urlTemplate\":\"https:\\\/\\\/rideon.es\\\/renting-particulares\\\/?s={search_term_string}\"},\"query-input\":{\"@type\":\"PropertyValueSpecification\",\"valueRequired\":true,\"valueName\":\"search_term_string\"}}],\"inLanguage\":\"es\"},{\"@type\":\"Organization\",\"@id\":\"https:\\\/\\\/rideon.es\\\/renting-particulares\\\/#organization\",\"name\":\"Renting Particulares - Alquiler de motos mensual y Renting para Particulares\",\"url\":\"https:\\\/\\\/rideon.es\\\/renting-particulares\\\/\",\"logo\":{\"@type\":\"ImageObject\",\"inLanguage\":\"es\",\"@id\":\"https:\\\/\\\/rideon.es\\\/renting-particulares\\\/#\\\/schema\\\/logo\\\/image\\\/\",\"url\":\"https:\\\/\\\/rideon.es\\\/renting-particulares\\\/wp-content\\\/uploads\\\/sites\\\/20\\\/2020\\\/02\\\/rideon_logo-200x78-1.png\",\"contentUrl\":\"https:\\\/\\\/rideon.es\\\/renting-particulares\\\/wp-content\\\/uploads\\\/sites\\\/20\\\/2020\\\/02\\\/rideon_logo-200x78-1.png\",\"width\":200,\"height\":78,\"caption\":\"Renting Particulares - Alquiler de motos mensual y Renting para Particulares\"},\"image\":{\"@id\":\"https:\\\/\\\/rideon.es\\\/renting-particulares\\\/#\\\/schema\\\/logo\\\/image\\\/\"}},{\"@type\":\"Person\",\"@id\":\"https:\\\/\\\/rideon.es\\\/renting-particulares\\\/#\\\/schema\\\/person\\\/48d6770e55c623d929bd20ce295611a7\",\"name\":\"Ride On\",\"image\":{\"@type\":\"ImageObject\",\"inLanguage\":\"es\",\"@id\":\"https:\\\/\\\/secure.gravatar.com\\\/avatar\\\/785e72183089da6a00243c0f0e2d52db79b9983b602219afb07c868943086138?s=96&d=mm&r=g\",\"url\":\"https:\\\/\\\/secure.gravatar.com\\\/avatar\\\/785e72183089da6a00243c0f0e2d52db79b9983b602219afb07c868943086138?s=96&d=mm&r=g\",\"contentUrl\":\"https:\\\/\\\/secure.gravatar.com\\\/avatar\\\/785e72183089da6a00243c0f0e2d52db79b9983b602219afb07c868943086138?s=96&d=mm&r=g\",\"caption\":\"Ride On\"},\"url\":\"https:\\\/\\\/rideon.es\\\/renting-particulares\\\/author\\\/eduardoyauri\\\/\"}]}<\/script>\n<!-- \/ Yoast SEO Premium plugin. -->","yoast_head_json":{"title":"Visita Es castell con tu alquiler de moto en Menorca - Renting Particulares - Alquiler de motos mensual y Renting para Particulares","description":"El pueblo de Es Castell ofrece los suficientes encantos y atractivos como para dedicar una ruta en vacaciones en moto de alquiler en Menorca","robots":{"index":"index","follow":"follow","max-snippet":"max-snippet:-1","max-image-preview":"max-image-preview:large","max-video-preview":"max-video-preview:-1"},"canonical":"https:\/\/rideon.es\/renting-particulares\/visita-es-castell-alquiler-moto-menorca\/","og_locale":"es_ES","og_type":"article","og_title":"Visita Es castell con tu alquiler de moto en Menorca","og_description":"El pueblo de Es Castell ofrece los suficientes encantos y atractivos como para dedicar una ruta en vacaciones en moto de alquiler en Menorca","og_url":"https:\/\/rideon.es\/renting-particulares\/visita-es-castell-alquiler-moto-menorca\/","og_site_name":"Renting Particulares - Alquiler de motos mensual y Renting para Particulares","article_published_time":"2018-09-25T10:29:39+00:00","og_image":[{"width":1216,"height":824,"url":"https:\/\/rideon.es\/renting-particulares\/wp-content\/uploads\/sites\/20\/2018\/09\/es-castell-alquiler-moto-menorca-1.png","type":"image\/png"}],"author":"Ride On","twitter_card":"summary_large_image","twitter_misc":{"Escrito por":"Ride On","Tiempo de lectura":"2 minutos"},"schema":{"@context":"https:\/\/schema.org","@graph":[{"@type":"Article","@id":"https:\/\/rideon.es\/renting-particulares\/visita-es-castell-alquiler-moto-menorca\/#article","isPartOf":{"@id":"https:\/\/rideon.es\/renting-particulares\/visita-es-castell-alquiler-moto-menorca\/"},"author":{"name":"Ride On","@id":"https:\/\/rideon.es\/renting-particulares\/#\/schema\/person\/48d6770e55c623d929bd20ce295611a7"},"headline":"Visita Es castell con tu alquiler de moto en Menorca","datePublished":"2018-09-25T10:29:39+00:00","mainEntityOfPage":{"@id":"https:\/\/rideon.es\/renting-particulares\/visita-es-castell-alquiler-moto-menorca\/"},"wordCount":352,"commentCount":0,"publisher":{"@id":"https:\/\/rideon.es\/renting-particulares\/#organization"},"image":{"@id":"https:\/\/rideon.es\/renting-particulares\/visita-es-castell-alquiler-moto-menorca\/#primaryimage"},"thumbnailUrl":"https:\/\/rideon.es\/renting-particulares\/wp-content\/uploads\/sites\/20\/2018\/09\/es-castell-alquiler-moto-menorca-1.png","articleSection":["Lugares de inter\u00e9s","Menorca"],"inLanguage":"es","potentialAction":[{"@type":"CommentAction","name":"Comment","target":["https:\/\/rideon.es\/renting-particulares\/visita-es-castell-alquiler-moto-menorca\/#respond"]}]},{"@type":"WebPage","@id":"https:\/\/rideon.es\/renting-particulares\/visita-es-castell-alquiler-moto-menorca\/","url":"https:\/\/rideon.es\/renting-particulares\/visita-es-castell-alquiler-moto-menorca\/","name":"Visita Es castell con tu alquiler de moto en Menorca - Renting Particulares - Alquiler de motos mensual y Renting para Particulares","isPartOf":{"@id":"https:\/\/rideon.es\/renting-particulares\/#website"},"primaryImageOfPage":{"@id":"https:\/\/rideon.es\/renting-particulares\/visita-es-castell-alquiler-moto-menorca\/#primaryimage"},"image":{"@id":"https:\/\/rideon.es\/renting-particulares\/visita-es-castell-alquiler-moto-menorca\/#primaryimage"},"thumbnailUrl":"https:\/\/rideon.es\/renting-particulares\/wp-content\/uploads\/sites\/20\/2018\/09\/es-castell-alquiler-moto-menorca-1.png","datePublished":"2018-09-25T10:29:39+00:00","description":"El pueblo de Es Castell ofrece los suficientes encantos y atractivos como para dedicar una ruta en vacaciones en moto de alquiler en Menorca","inLanguage":"es","potentialAction":[{"@type":"ReadAction","target":["https:\/\/rideon.es\/renting-particulares\/visita-es-castell-alquiler-moto-menorca\/"]}]},{"@type":"ImageObject","inLanguage":"es","@id":"https:\/\/rideon.es\/renting-particulares\/visita-es-castell-alquiler-moto-menorca\/#primaryimage","url":"https:\/\/rideon.es\/renting-particulares\/wp-content\/uploads\/sites\/20\/2018\/09\/es-castell-alquiler-moto-menorca-1.png","contentUrl":"https:\/\/rideon.es\/renting-particulares\/wp-content\/uploads\/sites\/20\/2018\/09\/es-castell-alquiler-moto-menorca-1.png","width":1216,"height":824},{"@type":"WebSite","@id":"https:\/\/rideon.es\/renting-particulares\/#website","url":"https:\/\/rideon.es\/renting-particulares\/","name":"Renting Particulares - Alquiler de motos mensual y Renting para Particulares","description":"Las motos m\u00e1s c\u00f3modas y seguras para disfrutar de tus vacaciones sobre ruedas. Alquiler de motos en Menorca, Mallorca, Barcelona y Valencia con Rideon.es","publisher":{"@id":"https:\/\/rideon.es\/renting-particulares\/#organization"},"potentialAction":[{"@type":"SearchAction","target":{"@type":"EntryPoint","urlTemplate":"https:\/\/rideon.es\/renting-particulares\/?s={search_term_string}"},"query-input":{"@type":"PropertyValueSpecification","valueRequired":true,"valueName":"search_term_string"}}],"inLanguage":"es"},{"@type":"Organization","@id":"https:\/\/rideon.es\/renting-particulares\/#organization","name":"Renting Particulares - Alquiler de motos mensual y Renting para Particulares","url":"https:\/\/rideon.es\/renting-particulares\/","logo":{"@type":"ImageObject","inLanguage":"es","@id":"https:\/\/rideon.es\/renting-particulares\/#\/schema\/logo\/image\/","url":"https:\/\/rideon.es\/renting-particulares\/wp-content\/uploads\/sites\/20\/2020\/02\/rideon_logo-200x78-1.png","contentUrl":"https:\/\/rideon.es\/renting-particulares\/wp-content\/uploads\/sites\/20\/2020\/02\/rideon_logo-200x78-1.png","width":200,"height":78,"caption":"Renting Particulares - Alquiler de motos mensual y Renting para Particulares"},"image":{"@id":"https:\/\/rideon.es\/renting-particulares\/#\/schema\/logo\/image\/"}},{"@type":"Person","@id":"https:\/\/rideon.es\/renting-particulares\/#\/schema\/person\/48d6770e55c623d929bd20ce295611a7","name":"Ride On","image":{"@type":"ImageObject","inLanguage":"es","@id":"https:\/\/secure.gravatar.com\/avatar\/785e72183089da6a00243c0f0e2d52db79b9983b602219afb07c868943086138?s=96&d=mm&r=g","url":"https:\/\/secure.gravatar.com\/avatar\/785e72183089da6a00243c0f0e2d52db79b9983b602219afb07c868943086138?s=96&d=mm&r=g","contentUrl":"https:\/\/secure.gravatar.com\/avatar\/785e72183089da6a00243c0f0e2d52db79b9983b602219afb07c868943086138?s=96&d=mm&r=g","caption":"Ride On"},"url":"https:\/\/rideon.es\/renting-particulares\/author\/eduardoyauri\/"}]}},"_links":{"self":[{"href":"https:\/\/rideon.es\/renting-particulares\/wp-json\/wp\/v2\/posts\/3297","targetHints":{"allow":["GET"]}}],"collection":[{"href":"https:\/\/rideon.es\/renting-particulares\/wp-json\/wp\/v2\/posts"}],"about":[{"href":"https:\/\/rideon.es\/renting-particulares\/wp-json\/wp\/v2\/types\/post"}],"author":[{"embeddable":true,"href":"https:\/\/rideon.es\/renting-particulares\/wp-json\/wp\/v2\/users\/2"}],"replies":[{"embeddable":true,"href":"https:\/\/rideon.es\/renting-particulares\/wp-json\/wp\/v2\/comments?post=3297"}],"version-history":[{"count":0,"href":"https:\/\/rideon.es\/renting-particulares\/wp-json\/wp\/v2\/posts\/3297\/revisions"}],"wp:featuredmedia":[{"embeddable":true,"href":"https:\/\/rideon.es\/renting-particulares\/wp-json\/wp\/v2\/media\/5123"}],"wp:attachment":[{"href":"https:\/\/rideon.es\/renting-particulares\/wp-json\/wp\/v2\/media?parent=3297"}],"wp:term":[{"taxonomy":"category","embeddable":true,"href":"https:\/\/rideon.es\/renting-particulares\/wp-json\/wp\/v2\/categories?post=3297"},{"taxonomy":"post_tag","embeddable":true,"href":"https:\/\/rideon.es\/renting-particulares\/wp-json\/wp\/v2\/tags?post=3297"}],"curies":[{"name":"wp","href":"https:\/\/api.w.org\/{rel}","templated":true}]}}