{"id":3124,"date":"2018-06-21T10:40:24","date_gmt":"2018-06-21T10:40:24","guid":{"rendered":"https:\/\/rideon.es\/?p=3124"},"modified":"2018-06-21T10:40:24","modified_gmt":"2018-06-21T10:40:24","slug":"cinco-sitio-ciutadella","status":"publish","type":"post","link":"https:\/\/rideon.es\/renting-particulares\/cinco-sitio-ciutadella\/","title":{"rendered":"Cinco sitios que no puedes perderte de Ciutadella"},"content":{"rendered":"<h1><span style=\"font-weight: 400\">Cinco sitios que no puedes perderte de Ciutadella<\/span><\/h1>\n<p><span style=\"font-weight: 400\">Si visitas <\/span><a href=\"https:\/\/rideon.es\/es\/alquiler-moto-menorca\/\"><span style=\"font-weight: 400\">Ciutadella en moto de alquiler<\/span><\/a><span style=\"font-weight: 400\"> quiz\u00e1 te interese saber cu\u00e1les son los lugares m\u00e1s emblem\u00e1ticos y representativos de esta bella ciudad mediterr\u00e1nea, as\u00ed podr\u00e1s tener en cuenta nuestras recomendaciones y sacar el m\u00e1ximo provecho a tu estancia. <\/span><\/p>\n<h2><b>Casco antiguo \u2013 Puerto de Ciutadella.<\/b><\/h2>\n<p><span style=\"font-weight: 400\">Pasear por las callejuelas del centro hist\u00f3rico de Ciutadella, desde sus <\/span><i><span style=\"font-weight: 400\">plazas d&#8217;es Born y ses Palmeres<\/span><\/i><span style=\"font-weight: 400\">, hasta el puerto, es imprescindible para conocer los encantos actuales y el pasado de la ciudad. Un recorrido por el centro nos permitir\u00e1 descubrir un entramado de calles y una arquitectura de estilo aut\u00e9ntico mediterr\u00e1neo. El <\/span><i><span style=\"font-weight: 400\">Port de Ciutadella<\/span><\/i><span style=\"font-weight: 400\"> es de gran belleza y es sin duda el principal emblema de esta ciudad marinera. Descubre Menorca con nuestro<\/span><a href=\"https:\/\/rideon.es\/es\/alquiler-moto-menorca\/\"><span style=\"font-weight: 400\"> servicio de alquiler de motos en Menorca<\/span><\/a><br \/>\n<img fetchpriority=\"high\" decoding=\"async\" class=\" wp-image-3129 aligncenter\" src=\"https:\/\/rideon.es\/wp-content\/uploads\/2018\/06\/puerto-ciutadella-alquiler-moto-menorca-300x179.png\" alt=\"\" width=\"799\" height=\"477\" \/><\/p>\n<h2><span style=\"font-weight: 400\">Catedral de Menorca <\/span><\/h2>\n<p><span style=\"font-weight: 400\">Ocupa el lugar de la antigua <\/span><i><span style=\"font-weight: 400\">mezquita Medina Minurqa<\/span><\/i><span style=\"font-weight: 400\">. Construida en el siglo XIV con estilo g\u00f3tico catal\u00e1n, destaca su fachada barroca. La Catedral se divisa majestuosa desde el puerto y es una de las im\u00e1genes caracter\u00edsticas de la ciudad para aquellos que arriban en barco. En Ciutadella tambi\u00e9n destacan las iglesias barrocas del Roser y dels Socors, ambas del siglo XVII.<\/span><span style=\"font-weight: 400\">\u00a0<\/span><br \/>\n<img decoding=\"async\" class=\" wp-image-3128 aligncenter\" src=\"https:\/\/rideon.es\/wp-content\/uploads\/2018\/06\/catdral-ciutadella-alquiler-moto-menorca-300x207.png\" alt=\"\" width=\"800\" height=\"552\" \/><\/p>\n<h2><b>Edificios y casas se\u00f1oriales<\/b><\/h2>\n<p><span style=\"font-weight: 400\">La Pla\u00e7a d&#8217;es Born es la plaza principal de Ciutadella. En torno a ella se levantan edificios de inter\u00e9s como el Ayuntamiento y palacetes de la nobleza como el <\/span><b>Palau Saura<\/b><span style=\"font-weight: 400\"> o el Palau Martorell (<\/span><b>Casa Salort<\/b><span style=\"font-weight: 400\">). Tras el ayuntamiento, el Basti\u00f3 d&#8217;es Governador es un lugar perfecto para obtener las mejores vistas del puerto.<\/span><br \/>\n<img decoding=\"async\" class=\" wp-image-3127 aligncenter\" src=\"https:\/\/rideon.es\/wp-content\/uploads\/2018\/06\/pl\u00e7a-des-born-alquiler-moto-menorca-300x202.png\" alt=\"\" width=\"802\" height=\"540\" \/><\/p>\n<h2><span style=\"font-weight: 400\">Museu Municipal Basti\u00f3 de sa Font <\/span><\/h2>\n<p><span style=\"font-weight: 400\">Una colecci\u00f3n interesante sobre el pasado talai\u00f3tico, romano e isl\u00e1mico de la isla de Menorca en un edificio de gran valor patrimonial.\u00a0<\/span><br \/>\n<img loading=\"lazy\" decoding=\"async\" class=\" wp-image-3126 aligncenter\" src=\"https:\/\/rideon.es\/wp-content\/uploads\/2018\/06\/museo-munipal-ciutadella-alquiler-moto-menorca-300x236.png\" alt=\"\" width=\"799\" height=\"629\" \/><\/p>\n<h2><span style=\"font-weight: 400\">Mercat des Peix <\/span><\/h2>\n<p><span style=\"font-weight: 400\">El mercado del Pescado de Ciutadella (en la Pla\u00e7a de la Llibertat) supone una visita obligada ya que supone una magn\u00edfica manera de vivir la actividad diaria de este pueblo marinero y conocer un edificio singular en el centro de la ciudadanos.<\/span><br \/>\n<img loading=\"lazy\" decoding=\"async\" class=\" wp-image-3125 aligncenter\" src=\"https:\/\/rideon.es\/wp-content\/uploads\/2018\/06\/mercat-delpeix-alquiler-moto-menorca-300x232.png\" alt=\"\" width=\"799\" height=\"618\" \/><\/p>\n","protected":false},"excerpt":{"rendered":"<p>Cinco sitios que no puedes perderte de Ciutadella Si visitas Ciutadella en moto de alquiler quiz\u00e1 te interese saber cu\u00e1les son los lugares m\u00e1s emblem\u00e1ticos y representativos de esta bella ciudad mediterr\u00e1nea, as\u00ed podr\u00e1s tener en cuenta nuestras recomendaciones y sacar el m\u00e1ximo provecho a tu estancia. Casco antiguo \u2013 Puerto de Ciutadella. Pasear por<\/p>\n","protected":false},"author":2,"featured_media":5183,"comment_status":"open","ping_status":"closed","sticky":false,"template":"","format":"standard","meta":{"inline_featured_image":false,"footnotes":""},"categories":[58,56,14],"tags":[],"class_list":["post-3124","post","type-post","status-publish","format-standard","has-post-thumbnail","hentry","category-gastronomia","category-lugar-interes","category-menorca"],"yoast_head":"<!-- This site is optimized with the Yoast SEO Premium plugin v18.7 (Yoast SEO v27.5) - https:\/\/yoast.com\/product\/yoast-seo-premium-wordpress\/ -->\n<title>Cinco sitios que no puedes perderte de Ciutadella - Renting Particulares - Alquiler de motos mensual y Renting para Particulares<\/title>\n<meta name=\"robots\" content=\"index, follow, max-snippet:-1, max-image-preview:large, max-video-preview:-1\" \/>\n<link rel=\"canonical\" href=\"https:\/\/rideon.es\/renting-particulares\/cinco-sitio-ciutadella\/\" \/>\n<meta property=\"og:locale\" content=\"es_ES\" \/>\n<meta property=\"og:type\" content=\"article\" \/>\n<meta property=\"og:title\" content=\"Cinco sitios que no puedes perderte de Ciutadella\" \/>\n<meta property=\"og:description\" content=\"Cinco sitios que no puedes perderte de Ciutadella Si visitas Ciutadella en moto de alquiler quiz\u00e1 te interese saber cu\u00e1les son los lugares m\u00e1s emblem\u00e1ticos y representativos de esta bella ciudad mediterr\u00e1nea, as\u00ed podr\u00e1s tener en cuenta nuestras recomendaciones y sacar el m\u00e1ximo provecho a tu estancia. Casco antiguo \u2013 Puerto de Ciutadella. Pasear por\" \/>\n<meta property=\"og:url\" content=\"https:\/\/rideon.es\/renting-particulares\/cinco-sitio-ciutadella\/\" \/>\n<meta property=\"og:site_name\" content=\"Renting Particulares - Alquiler de motos mensual y Renting para Particulares\" \/>\n<meta property=\"article:published_time\" content=\"2018-06-21T10:40:24+00:00\" \/>\n<meta property=\"og:image\" content=\"https:\/\/rideon.es\/renting-particulares\/wp-content\/uploads\/sites\/20\/2018\/06\/puerto-ciutadella-alquiler-moto-menorca-1.png\" \/>\n\t<meta property=\"og:image:width\" content=\"1408\" \/>\n\t<meta property=\"og:image:height\" content=\"838\" \/>\n\t<meta property=\"og:image:type\" content=\"image\/png\" \/>\n<meta name=\"author\" content=\"Ride On\" \/>\n<meta name=\"twitter:card\" content=\"summary_large_image\" \/>\n<meta name=\"twitter:label1\" content=\"Escrito por\" \/>\n\t<meta name=\"twitter:data1\" content=\"Ride On\" \/>\n\t<meta name=\"twitter:label2\" content=\"Tiempo de lectura\" \/>\n\t<meta name=\"twitter:data2\" content=\"2 minutos\" \/>\n<script type=\"application\/ld+json\" class=\"yoast-schema-graph\">{\"@context\":\"https:\\\/\\\/schema.org\",\"@graph\":[{\"@type\":\"Article\",\"@id\":\"https:\\\/\\\/rideon.es\\\/renting-particulares\\\/cinco-sitio-ciutadella\\\/#article\",\"isPartOf\":{\"@id\":\"https:\\\/\\\/rideon.es\\\/renting-particulares\\\/cinco-sitio-ciutadella\\\/\"},\"author\":{\"name\":\"Ride On\",\"@id\":\"https:\\\/\\\/rideon.es\\\/renting-particulares\\\/#\\\/schema\\\/person\\\/48d6770e55c623d929bd20ce295611a7\"},\"headline\":\"Cinco sitios que no puedes perderte de Ciutadella\",\"datePublished\":\"2018-06-21T10:40:24+00:00\",\"mainEntityOfPage\":{\"@id\":\"https:\\\/\\\/rideon.es\\\/renting-particulares\\\/cinco-sitio-ciutadella\\\/\"},\"wordCount\":364,\"commentCount\":0,\"publisher\":{\"@id\":\"https:\\\/\\\/rideon.es\\\/renting-particulares\\\/#organization\"},\"image\":{\"@id\":\"https:\\\/\\\/rideon.es\\\/renting-particulares\\\/cinco-sitio-ciutadella\\\/#primaryimage\"},\"thumbnailUrl\":\"https:\\\/\\\/rideon.es\\\/renting-particulares\\\/wp-content\\\/uploads\\\/sites\\\/20\\\/2018\\\/06\\\/puerto-ciutadella-alquiler-moto-menorca-1.png\",\"articleSection\":[\"Gastronom\u00eda\",\"Lugares de inter\u00e9s\",\"Menorca\"],\"inLanguage\":\"es\",\"potentialAction\":[{\"@type\":\"CommentAction\",\"name\":\"Comment\",\"target\":[\"https:\\\/\\\/rideon.es\\\/renting-particulares\\\/cinco-sitio-ciutadella\\\/#respond\"]}]},{\"@type\":\"WebPage\",\"@id\":\"https:\\\/\\\/rideon.es\\\/renting-particulares\\\/cinco-sitio-ciutadella\\\/\",\"url\":\"https:\\\/\\\/rideon.es\\\/renting-particulares\\\/cinco-sitio-ciutadella\\\/\",\"name\":\"Cinco sitios que no puedes perderte de Ciutadella - Renting Particulares - Alquiler de motos mensual y Renting para Particulares\",\"isPartOf\":{\"@id\":\"https:\\\/\\\/rideon.es\\\/renting-particulares\\\/#website\"},\"primaryImageOfPage\":{\"@id\":\"https:\\\/\\\/rideon.es\\\/renting-particulares\\\/cinco-sitio-ciutadella\\\/#primaryimage\"},\"image\":{\"@id\":\"https:\\\/\\\/rideon.es\\\/renting-particulares\\\/cinco-sitio-ciutadella\\\/#primaryimage\"},\"thumbnailUrl\":\"https:\\\/\\\/rideon.es\\\/renting-particulares\\\/wp-content\\\/uploads\\\/sites\\\/20\\\/2018\\\/06\\\/puerto-ciutadella-alquiler-moto-menorca-1.png\",\"datePublished\":\"2018-06-21T10:40:24+00:00\",\"inLanguage\":\"es\",\"potentialAction\":[{\"@type\":\"ReadAction\",\"target\":[\"https:\\\/\\\/rideon.es\\\/renting-particulares\\\/cinco-sitio-ciutadella\\\/\"]}]},{\"@type\":\"ImageObject\",\"inLanguage\":\"es\",\"@id\":\"https:\\\/\\\/rideon.es\\\/renting-particulares\\\/cinco-sitio-ciutadella\\\/#primaryimage\",\"url\":\"https:\\\/\\\/rideon.es\\\/renting-particulares\\\/wp-content\\\/uploads\\\/sites\\\/20\\\/2018\\\/06\\\/puerto-ciutadella-alquiler-moto-menorca-1.png\",\"contentUrl\":\"https:\\\/\\\/rideon.es\\\/renting-particulares\\\/wp-content\\\/uploads\\\/sites\\\/20\\\/2018\\\/06\\\/puerto-ciutadella-alquiler-moto-menorca-1.png\",\"width\":1408,\"height\":838},{\"@type\":\"WebSite\",\"@id\":\"https:\\\/\\\/rideon.es\\\/renting-particulares\\\/#website\",\"url\":\"https:\\\/\\\/rideon.es\\\/renting-particulares\\\/\",\"name\":\"Renting Particulares - Alquiler de motos mensual y Renting para Particulares\",\"description\":\"Las motos m\u00e1s c\u00f3modas y seguras para disfrutar de tus vacaciones sobre ruedas. Alquiler de motos en Menorca, Mallorca, Barcelona y Valencia con Rideon.es\",\"publisher\":{\"@id\":\"https:\\\/\\\/rideon.es\\\/renting-particulares\\\/#organization\"},\"potentialAction\":[{\"@type\":\"SearchAction\",\"target\":{\"@type\":\"EntryPoint\",\"urlTemplate\":\"https:\\\/\\\/rideon.es\\\/renting-particulares\\\/?s={search_term_string}\"},\"query-input\":{\"@type\":\"PropertyValueSpecification\",\"valueRequired\":true,\"valueName\":\"search_term_string\"}}],\"inLanguage\":\"es\"},{\"@type\":\"Organization\",\"@id\":\"https:\\\/\\\/rideon.es\\\/renting-particulares\\\/#organization\",\"name\":\"Renting Particulares - Alquiler de motos mensual y Renting para Particulares\",\"url\":\"https:\\\/\\\/rideon.es\\\/renting-particulares\\\/\",\"logo\":{\"@type\":\"ImageObject\",\"inLanguage\":\"es\",\"@id\":\"https:\\\/\\\/rideon.es\\\/renting-particulares\\\/#\\\/schema\\\/logo\\\/image\\\/\",\"url\":\"https:\\\/\\\/rideon.es\\\/renting-particulares\\\/wp-content\\\/uploads\\\/sites\\\/20\\\/2020\\\/02\\\/rideon_logo-200x78-1.png\",\"contentUrl\":\"https:\\\/\\\/rideon.es\\\/renting-particulares\\\/wp-content\\\/uploads\\\/sites\\\/20\\\/2020\\\/02\\\/rideon_logo-200x78-1.png\",\"width\":200,\"height\":78,\"caption\":\"Renting Particulares - Alquiler de motos mensual y Renting para Particulares\"},\"image\":{\"@id\":\"https:\\\/\\\/rideon.es\\\/renting-particulares\\\/#\\\/schema\\\/logo\\\/image\\\/\"}},{\"@type\":\"Person\",\"@id\":\"https:\\\/\\\/rideon.es\\\/renting-particulares\\\/#\\\/schema\\\/person\\\/48d6770e55c623d929bd20ce295611a7\",\"name\":\"Ride On\",\"image\":{\"@type\":\"ImageObject\",\"inLanguage\":\"es\",\"@id\":\"https:\\\/\\\/secure.gravatar.com\\\/avatar\\\/785e72183089da6a00243c0f0e2d52db79b9983b602219afb07c868943086138?s=96&d=mm&r=g\",\"url\":\"https:\\\/\\\/secure.gravatar.com\\\/avatar\\\/785e72183089da6a00243c0f0e2d52db79b9983b602219afb07c868943086138?s=96&d=mm&r=g\",\"contentUrl\":\"https:\\\/\\\/secure.gravatar.com\\\/avatar\\\/785e72183089da6a00243c0f0e2d52db79b9983b602219afb07c868943086138?s=96&d=mm&r=g\",\"caption\":\"Ride On\"},\"url\":\"https:\\\/\\\/rideon.es\\\/renting-particulares\\\/author\\\/eduardoyauri\\\/\"}]}<\/script>\n<!-- \/ Yoast SEO Premium plugin. -->","yoast_head_json":{"title":"Cinco sitios que no puedes perderte de Ciutadella - Renting Particulares - Alquiler de motos mensual y Renting para Particulares","robots":{"index":"index","follow":"follow","max-snippet":"max-snippet:-1","max-image-preview":"max-image-preview:large","max-video-preview":"max-video-preview:-1"},"canonical":"https:\/\/rideon.es\/renting-particulares\/cinco-sitio-ciutadella\/","og_locale":"es_ES","og_type":"article","og_title":"Cinco sitios que no puedes perderte de Ciutadella","og_description":"Cinco sitios que no puedes perderte de Ciutadella Si visitas Ciutadella en moto de alquiler quiz\u00e1 te interese saber cu\u00e1les son los lugares m\u00e1s emblem\u00e1ticos y representativos de esta bella ciudad mediterr\u00e1nea, as\u00ed podr\u00e1s tener en cuenta nuestras recomendaciones y sacar el m\u00e1ximo provecho a tu estancia. Casco antiguo \u2013 Puerto de Ciutadella. Pasear por","og_url":"https:\/\/rideon.es\/renting-particulares\/cinco-sitio-ciutadella\/","og_site_name":"Renting Particulares - Alquiler de motos mensual y Renting para Particulares","article_published_time":"2018-06-21T10:40:24+00:00","og_image":[{"width":1408,"height":838,"url":"https:\/\/rideon.es\/renting-particulares\/wp-content\/uploads\/sites\/20\/2018\/06\/puerto-ciutadella-alquiler-moto-menorca-1.png","type":"image\/png"}],"author":"Ride On","twitter_card":"summary_large_image","twitter_misc":{"Escrito por":"Ride On","Tiempo de lectura":"2 minutos"},"schema":{"@context":"https:\/\/schema.org","@graph":[{"@type":"Article","@id":"https:\/\/rideon.es\/renting-particulares\/cinco-sitio-ciutadella\/#article","isPartOf":{"@id":"https:\/\/rideon.es\/renting-particulares\/cinco-sitio-ciutadella\/"},"author":{"name":"Ride On","@id":"https:\/\/rideon.es\/renting-particulares\/#\/schema\/person\/48d6770e55c623d929bd20ce295611a7"},"headline":"Cinco sitios que no puedes perderte de Ciutadella","datePublished":"2018-06-21T10:40:24+00:00","mainEntityOfPage":{"@id":"https:\/\/rideon.es\/renting-particulares\/cinco-sitio-ciutadella\/"},"wordCount":364,"commentCount":0,"publisher":{"@id":"https:\/\/rideon.es\/renting-particulares\/#organization"},"image":{"@id":"https:\/\/rideon.es\/renting-particulares\/cinco-sitio-ciutadella\/#primaryimage"},"thumbnailUrl":"https:\/\/rideon.es\/renting-particulares\/wp-content\/uploads\/sites\/20\/2018\/06\/puerto-ciutadella-alquiler-moto-menorca-1.png","articleSection":["Gastronom\u00eda","Lugares de inter\u00e9s","Menorca"],"inLanguage":"es","potentialAction":[{"@type":"CommentAction","name":"Comment","target":["https:\/\/rideon.es\/renting-particulares\/cinco-sitio-ciutadella\/#respond"]}]},{"@type":"WebPage","@id":"https:\/\/rideon.es\/renting-particulares\/cinco-sitio-ciutadella\/","url":"https:\/\/rideon.es\/renting-particulares\/cinco-sitio-ciutadella\/","name":"Cinco sitios que no puedes perderte de Ciutadella - Renting Particulares - Alquiler de motos mensual y Renting para Particulares","isPartOf":{"@id":"https:\/\/rideon.es\/renting-particulares\/#website"},"primaryImageOfPage":{"@id":"https:\/\/rideon.es\/renting-particulares\/cinco-sitio-ciutadella\/#primaryimage"},"image":{"@id":"https:\/\/rideon.es\/renting-particulares\/cinco-sitio-ciutadella\/#primaryimage"},"thumbnailUrl":"https:\/\/rideon.es\/renting-particulares\/wp-content\/uploads\/sites\/20\/2018\/06\/puerto-ciutadella-alquiler-moto-menorca-1.png","datePublished":"2018-06-21T10:40:24+00:00","inLanguage":"es","potentialAction":[{"@type":"ReadAction","target":["https:\/\/rideon.es\/renting-particulares\/cinco-sitio-ciutadella\/"]}]},{"@type":"ImageObject","inLanguage":"es","@id":"https:\/\/rideon.es\/renting-particulares\/cinco-sitio-ciutadella\/#primaryimage","url":"https:\/\/rideon.es\/renting-particulares\/wp-content\/uploads\/sites\/20\/2018\/06\/puerto-ciutadella-alquiler-moto-menorca-1.png","contentUrl":"https:\/\/rideon.es\/renting-particulares\/wp-content\/uploads\/sites\/20\/2018\/06\/puerto-ciutadella-alquiler-moto-menorca-1.png","width":1408,"height":838},{"@type":"WebSite","@id":"https:\/\/rideon.es\/renting-particulares\/#website","url":"https:\/\/rideon.es\/renting-particulares\/","name":"Renting Particulares - Alquiler de motos mensual y Renting para Particulares","description":"Las motos m\u00e1s c\u00f3modas y seguras para disfrutar de tus vacaciones sobre ruedas. Alquiler de motos en Menorca, Mallorca, Barcelona y Valencia con Rideon.es","publisher":{"@id":"https:\/\/rideon.es\/renting-particulares\/#organization"},"potentialAction":[{"@type":"SearchAction","target":{"@type":"EntryPoint","urlTemplate":"https:\/\/rideon.es\/renting-particulares\/?s={search_term_string}"},"query-input":{"@type":"PropertyValueSpecification","valueRequired":true,"valueName":"search_term_string"}}],"inLanguage":"es"},{"@type":"Organization","@id":"https:\/\/rideon.es\/renting-particulares\/#organization","name":"Renting Particulares - Alquiler de motos mensual y Renting para Particulares","url":"https:\/\/rideon.es\/renting-particulares\/","logo":{"@type":"ImageObject","inLanguage":"es","@id":"https:\/\/rideon.es\/renting-particulares\/#\/schema\/logo\/image\/","url":"https:\/\/rideon.es\/renting-particulares\/wp-content\/uploads\/sites\/20\/2020\/02\/rideon_logo-200x78-1.png","contentUrl":"https:\/\/rideon.es\/renting-particulares\/wp-content\/uploads\/sites\/20\/2020\/02\/rideon_logo-200x78-1.png","width":200,"height":78,"caption":"Renting Particulares - Alquiler de motos mensual y Renting para Particulares"},"image":{"@id":"https:\/\/rideon.es\/renting-particulares\/#\/schema\/logo\/image\/"}},{"@type":"Person","@id":"https:\/\/rideon.es\/renting-particulares\/#\/schema\/person\/48d6770e55c623d929bd20ce295611a7","name":"Ride On","image":{"@type":"ImageObject","inLanguage":"es","@id":"https:\/\/secure.gravatar.com\/avatar\/785e72183089da6a00243c0f0e2d52db79b9983b602219afb07c868943086138?s=96&d=mm&r=g","url":"https:\/\/secure.gravatar.com\/avatar\/785e72183089da6a00243c0f0e2d52db79b9983b602219afb07c868943086138?s=96&d=mm&r=g","contentUrl":"https:\/\/secure.gravatar.com\/avatar\/785e72183089da6a00243c0f0e2d52db79b9983b602219afb07c868943086138?s=96&d=mm&r=g","caption":"Ride On"},"url":"https:\/\/rideon.es\/renting-particulares\/author\/eduardoyauri\/"}]}},"_links":{"self":[{"href":"https:\/\/rideon.es\/renting-particulares\/wp-json\/wp\/v2\/posts\/3124","targetHints":{"allow":["GET"]}}],"collection":[{"href":"https:\/\/rideon.es\/renting-particulares\/wp-json\/wp\/v2\/posts"}],"about":[{"href":"https:\/\/rideon.es\/renting-particulares\/wp-json\/wp\/v2\/types\/post"}],"author":[{"embeddable":true,"href":"https:\/\/rideon.es\/renting-particulares\/wp-json\/wp\/v2\/users\/2"}],"replies":[{"embeddable":true,"href":"https:\/\/rideon.es\/renting-particulares\/wp-json\/wp\/v2\/comments?post=3124"}],"version-history":[{"count":0,"href":"https:\/\/rideon.es\/renting-particulares\/wp-json\/wp\/v2\/posts\/3124\/revisions"}],"wp:featuredmedia":[{"embeddable":true,"href":"https:\/\/rideon.es\/renting-particulares\/wp-json\/wp\/v2\/media\/5183"}],"wp:attachment":[{"href":"https:\/\/rideon.es\/renting-particulares\/wp-json\/wp\/v2\/media?parent=3124"}],"wp:term":[{"taxonomy":"category","embeddable":true,"href":"https:\/\/rideon.es\/renting-particulares\/wp-json\/wp\/v2\/categories?post=3124"},{"taxonomy":"post_tag","embeddable":true,"href":"https:\/\/rideon.es\/renting-particulares\/wp-json\/wp\/v2\/tags?post=3124"}],"curies":[{"name":"wp","href":"https:\/\/api.w.org\/{rel}","templated":true}]}}