{"id":2696,"date":"2018-05-03T11:27:45","date_gmt":"2018-05-03T11:27:45","guid":{"rendered":"https:\/\/rideon.es\/?p=2696"},"modified":"2018-05-03T11:27:45","modified_gmt":"2018-05-03T11:27:45","slug":"ruta-arte-contemporaneo-mallorca","status":"publish","type":"post","link":"https:\/\/rideon.es\/renting-particulares\/ruta-arte-contemporaneo-mallorca\/","title":{"rendered":"Ruta del arte contempor\u00e1neo por Mallorca en moto"},"content":{"rendered":"<h1><span style=\"font-weight: 400\">RUTA DEL ARTE CONTEMPOR\u00c1NEO EN MALLORCA<\/span><\/h1>\n<p><span style=\"font-weight: 400\">Uno de los principales atractivos de Mallorca es la Luz y el paisaje que tanto han cautivado a los artistas. Una prueba de ello es que un gran n\u00famero de ellos han acabado viviendo en la isla, especialmente entre los siglos XIX y XX. Esto ha permitido a la isla contar con un patrimonio cultural muy importante. Desde <\/span><a href=\"https:\/\/rideon.es\/es\/alquiler-moto-mallorca\/\"><span style=\"font-weight: 400\">Ride On Mallorca<\/span><\/a><span style=\"font-weight: 400\"> mostramos una ruta para <\/span><\/p>\n<h2><span style=\"font-weight: 400\">Ruta Pilar i Joan Mir\u00f3<\/span><\/h2>\n<p><img fetchpriority=\"high\" decoding=\"async\" class=\"img-responsive aligncenter\" src=\"https:\/\/rideon.es\/wp-content\/uploads\/2018\/05\/museo-joan-miro-alquiler-moto-mallorca.png\" alt=\"Museo Joan miro alquiler moto Mallorca\" width=\"799\" height=\"530\" \/><br \/>\n<span style=\"font-weight: 400\">Mir\u00f3 es un ejemplo de los artistas que quedaron cautivados de la isla encontrando en ella un espacio de inspiraci\u00f3n en su obra. El artista situ\u00f3 su residencia en la isla en 1956 donde permaneci\u00f3 hasta su muerte en 1983. Visitar la fundaci\u00f3 Joan i Pilar Mir\u00f3 con nuestro servicio de alquiler de motos en Mallorca permite ver una parte muy importante de la obra del artista, la obra pertenece a algunas de las obras que ten\u00eda en los 4 talleres que ten\u00eda en la isla. Pinturas, dibujos \u00a0obras gr\u00e1ficas as\u00ed como un importante fondo documental es lo que podremos encontrar en el museo.<\/span><\/p>\n<p><a href=\"https:\/\/goo.gl\/maps\/PZy4YPuH4Bn\"><span style=\"font-weight: 400\">https:\/\/goo.gl\/maps\/PZy4YPuH4Bn<\/span><\/a><\/p>\n<p><span style=\"font-weight: 400\">Ver ruta en <\/span><a href=\"https:\/\/rideon.es\/es\/alquiler-moto-mallorca\/\"><span style=\"font-weight: 400\">alquiler de moto Mallorca<\/span><\/a><span style=\"font-weight: 400\"> evitando autopistas<\/span><\/p>\n<p><span style=\"font-weight: 400\">Especial atenci\u00f3n merecen tambi\u00e9n los jardines, donde hay algunas esculturas del mismo Mir\u00f3. El edificio es obra del arquitecto Moneo y el estudio del pintor es obra del arquitecto Sert, amigo personal de Joan Mir\u00f3.<\/span><\/p>\n<h2><span style=\"font-weight: 400\">Visita a Es Baluard<\/span><\/h2>\n<p><img decoding=\"async\" class=\"img-responsive aligncenter\" src=\"https:\/\/rideon.es\/wp-content\/uploads\/2018\/05\/es-baluard-alquiler-moto-mallorca.png\" alt=\"Es baluard alquiler moto Mallorca\" width=\"800\" height=\"518\" \/><br \/>\n<span style=\"font-weight: 400\">Palma de Mallorca cuenta con una de las m\u00e1s importantes muestras de arte de finales del siglo XIX hasta la actualidad. Es Baluard acoge m\u00e1s de 500 obras de arte, entre las que destacan una variada y selecta colecci\u00f3n de pinturas, dibujos y esculturas de C\u00e9zanne, Gauguin, Picasso, Mir\u00f3, Magritte, polke, Barcel\u00f3 o Schabel. El museo de arte moderno y contempor\u00e1neo de Palma ofrece visitas guiadas gratuitas reservando con antelaci\u00f3n los mi\u00e9rcoles y jueves a las 16:30 .<\/span><\/p>\n<p><a href=\"https:\/\/goo.gl\/maps\/awY14BytVcv\"><span style=\"font-weight: 400\">https:\/\/goo.gl\/maps\/awY14BytVcv<\/span><\/a><\/p>\n<h2><span style=\"font-weight: 400\">Visitar el centro de Cultura Sa Nostra<\/span><\/h2>\n<p><img decoding=\"async\" class=\"img-responsive aligncenter\" src=\"https:\/\/rideon.es\/wp-content\/uploads\/2018\/05\/centro-cultura-alquiler-moto-mallorca.png\" alt=\"Centro cultural Sa Nostra alquiler moto Mallorca\" width=\"799\" height=\"520\" \/><\/p>\n<p><span style=\"font-weight: 400\">El centro Sa Nostra se trata de un espacio de arte, conciertos y conferencias situado en el mismo centro de Palma. Normalmente en la planta baja del edificio se suelen celebrar exposiciones de fotograf\u00eda y obra sobre papel. La planta superior est\u00e1 destinada a la exposici\u00f3n de obras de artistas de Vanguardia. El patio en la zona central del edificio es una de las joyas a visitar y est\u00e1 destinado a cafeter\u00eda-restaurante.<\/span><\/p>\n<p><a href=\"https:\/\/goo.gl\/maps\/URarX9aTQAz\"><span style=\"font-weight: 400\">https:\/\/goo.gl\/maps\/URarX9aTQAz<\/span><\/a><\/p>\n","protected":false},"excerpt":{"rendered":"<p>RUTA DEL ARTE CONTEMPOR\u00c1NEO EN MALLORCA Uno de los principales atractivos de Mallorca es la Luz y el paisaje que tanto han cautivado a los artistas. Una prueba de ello es que un gran n\u00famero de ellos han acabado viviendo en la isla, especialmente entre los siglos XIX y XX. Esto ha permitido a la<\/p>\n","protected":false},"author":2,"featured_media":5211,"comment_status":"open","ping_status":"closed","sticky":false,"template":"","format":"standard","meta":{"inline_featured_image":false,"footnotes":""},"categories":[56,11],"tags":[],"class_list":["post-2696","post","type-post","status-publish","format-standard","has-post-thumbnail","hentry","category-lugar-interes","category-mallorca"],"yoast_head":"<!-- This site is optimized with the Yoast SEO Premium plugin v18.7 (Yoast SEO v27.5) - https:\/\/yoast.com\/product\/yoast-seo-premium-wordpress\/ -->\n<title>Ruta del arte contempor\u00e1neo por Mallorca en moto - Renting Particulares - Alquiler de motos mensual y Renting para Particulares<\/title>\n<meta name=\"description\" content=\"Desde Ride On alquiler de moto Mallorca mostramos una de las principales rutas para descubrir el arte contempor\u00e1neo de Mallorca en Moto.\" \/>\n<meta name=\"robots\" content=\"index, follow, max-snippet:-1, max-image-preview:large, max-video-preview:-1\" \/>\n<link rel=\"canonical\" href=\"https:\/\/rideon.es\/renting-particulares\/ruta-arte-contemporaneo-mallorca\/\" \/>\n<meta property=\"og:locale\" content=\"es_ES\" \/>\n<meta property=\"og:type\" content=\"article\" \/>\n<meta property=\"og:title\" content=\"Ruta del arte contempor\u00e1neo por Mallorca en moto\" \/>\n<meta property=\"og:description\" content=\"Desde Ride On alquiler de moto Mallorca mostramos una de las principales rutas para descubrir el arte contempor\u00e1neo de Mallorca en Moto.\" \/>\n<meta property=\"og:url\" content=\"https:\/\/rideon.es\/renting-particulares\/ruta-arte-contemporaneo-mallorca\/\" \/>\n<meta property=\"og:site_name\" content=\"Renting Particulares - Alquiler de motos mensual y Renting para Particulares\" \/>\n<meta property=\"article:published_time\" content=\"2018-05-03T11:27:45+00:00\" \/>\n<meta property=\"og:image\" content=\"https:\/\/rideon.es\/renting-particulares\/wp-content\/uploads\/sites\/20\/2018\/05\/museo-joan-miro-alquiler-moto-mallorca-1.png\" \/>\n\t<meta property=\"og:image:width\" content=\"978\" \/>\n\t<meta property=\"og:image:height\" content=\"649\" \/>\n\t<meta property=\"og:image:type\" content=\"image\/png\" \/>\n<meta name=\"author\" content=\"Ride On\" \/>\n<meta name=\"twitter:card\" content=\"summary_large_image\" \/>\n<meta name=\"twitter:label1\" content=\"Escrito por\" \/>\n\t<meta name=\"twitter:data1\" content=\"Ride On\" \/>\n\t<meta name=\"twitter:label2\" content=\"Tiempo de lectura\" \/>\n\t<meta name=\"twitter:data2\" content=\"2 minutos\" \/>\n<script type=\"application\/ld+json\" class=\"yoast-schema-graph\">{\"@context\":\"https:\\\/\\\/schema.org\",\"@graph\":[{\"@type\":\"Article\",\"@id\":\"https:\\\/\\\/rideon.es\\\/renting-particulares\\\/ruta-arte-contemporaneo-mallorca\\\/#article\",\"isPartOf\":{\"@id\":\"https:\\\/\\\/rideon.es\\\/renting-particulares\\\/ruta-arte-contemporaneo-mallorca\\\/\"},\"author\":{\"name\":\"Ride On\",\"@id\":\"https:\\\/\\\/rideon.es\\\/renting-particulares\\\/#\\\/schema\\\/person\\\/48d6770e55c623d929bd20ce295611a7\"},\"headline\":\"Ruta del arte contempor\u00e1neo por Mallorca en moto\",\"datePublished\":\"2018-05-03T11:27:45+00:00\",\"mainEntityOfPage\":{\"@id\":\"https:\\\/\\\/rideon.es\\\/renting-particulares\\\/ruta-arte-contemporaneo-mallorca\\\/\"},\"wordCount\":425,\"commentCount\":0,\"publisher\":{\"@id\":\"https:\\\/\\\/rideon.es\\\/renting-particulares\\\/#organization\"},\"image\":{\"@id\":\"https:\\\/\\\/rideon.es\\\/renting-particulares\\\/ruta-arte-contemporaneo-mallorca\\\/#primaryimage\"},\"thumbnailUrl\":\"https:\\\/\\\/rideon.es\\\/renting-particulares\\\/wp-content\\\/uploads\\\/sites\\\/20\\\/2018\\\/05\\\/museo-joan-miro-alquiler-moto-mallorca-1.png\",\"articleSection\":[\"Lugares de inter\u00e9s\",\"Mallorca\"],\"inLanguage\":\"es\",\"potentialAction\":[{\"@type\":\"CommentAction\",\"name\":\"Comment\",\"target\":[\"https:\\\/\\\/rideon.es\\\/renting-particulares\\\/ruta-arte-contemporaneo-mallorca\\\/#respond\"]}]},{\"@type\":\"WebPage\",\"@id\":\"https:\\\/\\\/rideon.es\\\/renting-particulares\\\/ruta-arte-contemporaneo-mallorca\\\/\",\"url\":\"https:\\\/\\\/rideon.es\\\/renting-particulares\\\/ruta-arte-contemporaneo-mallorca\\\/\",\"name\":\"Ruta del arte contempor\u00e1neo por Mallorca en moto - Renting Particulares - Alquiler de motos mensual y Renting para Particulares\",\"isPartOf\":{\"@id\":\"https:\\\/\\\/rideon.es\\\/renting-particulares\\\/#website\"},\"primaryImageOfPage\":{\"@id\":\"https:\\\/\\\/rideon.es\\\/renting-particulares\\\/ruta-arte-contemporaneo-mallorca\\\/#primaryimage\"},\"image\":{\"@id\":\"https:\\\/\\\/rideon.es\\\/renting-particulares\\\/ruta-arte-contemporaneo-mallorca\\\/#primaryimage\"},\"thumbnailUrl\":\"https:\\\/\\\/rideon.es\\\/renting-particulares\\\/wp-content\\\/uploads\\\/sites\\\/20\\\/2018\\\/05\\\/museo-joan-miro-alquiler-moto-mallorca-1.png\",\"datePublished\":\"2018-05-03T11:27:45+00:00\",\"description\":\"Desde Ride On alquiler de moto Mallorca mostramos una de las principales rutas para descubrir el arte contempor\u00e1neo de Mallorca en Moto.\",\"inLanguage\":\"es\",\"potentialAction\":[{\"@type\":\"ReadAction\",\"target\":[\"https:\\\/\\\/rideon.es\\\/renting-particulares\\\/ruta-arte-contemporaneo-mallorca\\\/\"]}]},{\"@type\":\"ImageObject\",\"inLanguage\":\"es\",\"@id\":\"https:\\\/\\\/rideon.es\\\/renting-particulares\\\/ruta-arte-contemporaneo-mallorca\\\/#primaryimage\",\"url\":\"https:\\\/\\\/rideon.es\\\/renting-particulares\\\/wp-content\\\/uploads\\\/sites\\\/20\\\/2018\\\/05\\\/museo-joan-miro-alquiler-moto-mallorca-1.png\",\"contentUrl\":\"https:\\\/\\\/rideon.es\\\/renting-particulares\\\/wp-content\\\/uploads\\\/sites\\\/20\\\/2018\\\/05\\\/museo-joan-miro-alquiler-moto-mallorca-1.png\",\"width\":978,\"height\":649},{\"@type\":\"WebSite\",\"@id\":\"https:\\\/\\\/rideon.es\\\/renting-particulares\\\/#website\",\"url\":\"https:\\\/\\\/rideon.es\\\/renting-particulares\\\/\",\"name\":\"Renting Particulares - Alquiler de motos mensual y Renting para Particulares\",\"description\":\"Las motos m\u00e1s c\u00f3modas y seguras para disfrutar de tus vacaciones sobre ruedas. Alquiler de motos en Menorca, Mallorca, Barcelona y Valencia con Rideon.es\",\"publisher\":{\"@id\":\"https:\\\/\\\/rideon.es\\\/renting-particulares\\\/#organization\"},\"potentialAction\":[{\"@type\":\"SearchAction\",\"target\":{\"@type\":\"EntryPoint\",\"urlTemplate\":\"https:\\\/\\\/rideon.es\\\/renting-particulares\\\/?s={search_term_string}\"},\"query-input\":{\"@type\":\"PropertyValueSpecification\",\"valueRequired\":true,\"valueName\":\"search_term_string\"}}],\"inLanguage\":\"es\"},{\"@type\":\"Organization\",\"@id\":\"https:\\\/\\\/rideon.es\\\/renting-particulares\\\/#organization\",\"name\":\"Renting Particulares - Alquiler de motos mensual y Renting para Particulares\",\"url\":\"https:\\\/\\\/rideon.es\\\/renting-particulares\\\/\",\"logo\":{\"@type\":\"ImageObject\",\"inLanguage\":\"es\",\"@id\":\"https:\\\/\\\/rideon.es\\\/renting-particulares\\\/#\\\/schema\\\/logo\\\/image\\\/\",\"url\":\"https:\\\/\\\/rideon.es\\\/renting-particulares\\\/wp-content\\\/uploads\\\/sites\\\/20\\\/2020\\\/02\\\/rideon_logo-200x78-1.png\",\"contentUrl\":\"https:\\\/\\\/rideon.es\\\/renting-particulares\\\/wp-content\\\/uploads\\\/sites\\\/20\\\/2020\\\/02\\\/rideon_logo-200x78-1.png\",\"width\":200,\"height\":78,\"caption\":\"Renting Particulares - Alquiler de motos mensual y Renting para Particulares\"},\"image\":{\"@id\":\"https:\\\/\\\/rideon.es\\\/renting-particulares\\\/#\\\/schema\\\/logo\\\/image\\\/\"}},{\"@type\":\"Person\",\"@id\":\"https:\\\/\\\/rideon.es\\\/renting-particulares\\\/#\\\/schema\\\/person\\\/48d6770e55c623d929bd20ce295611a7\",\"name\":\"Ride On\",\"image\":{\"@type\":\"ImageObject\",\"inLanguage\":\"es\",\"@id\":\"https:\\\/\\\/secure.gravatar.com\\\/avatar\\\/785e72183089da6a00243c0f0e2d52db79b9983b602219afb07c868943086138?s=96&d=mm&r=g\",\"url\":\"https:\\\/\\\/secure.gravatar.com\\\/avatar\\\/785e72183089da6a00243c0f0e2d52db79b9983b602219afb07c868943086138?s=96&d=mm&r=g\",\"contentUrl\":\"https:\\\/\\\/secure.gravatar.com\\\/avatar\\\/785e72183089da6a00243c0f0e2d52db79b9983b602219afb07c868943086138?s=96&d=mm&r=g\",\"caption\":\"Ride On\"},\"url\":\"https:\\\/\\\/rideon.es\\\/renting-particulares\\\/author\\\/eduardoyauri\\\/\"}]}<\/script>\n<!-- \/ Yoast SEO Premium plugin. -->","yoast_head_json":{"title":"Ruta del arte contempor\u00e1neo por Mallorca en moto - Renting Particulares - Alquiler de motos mensual y Renting para Particulares","description":"Desde Ride On alquiler de moto Mallorca mostramos una de las principales rutas para descubrir el arte contempor\u00e1neo de Mallorca en Moto.","robots":{"index":"index","follow":"follow","max-snippet":"max-snippet:-1","max-image-preview":"max-image-preview:large","max-video-preview":"max-video-preview:-1"},"canonical":"https:\/\/rideon.es\/renting-particulares\/ruta-arte-contemporaneo-mallorca\/","og_locale":"es_ES","og_type":"article","og_title":"Ruta del arte contempor\u00e1neo por Mallorca en moto","og_description":"Desde Ride On alquiler de moto Mallorca mostramos una de las principales rutas para descubrir el arte contempor\u00e1neo de Mallorca en Moto.","og_url":"https:\/\/rideon.es\/renting-particulares\/ruta-arte-contemporaneo-mallorca\/","og_site_name":"Renting Particulares - Alquiler de motos mensual y Renting para Particulares","article_published_time":"2018-05-03T11:27:45+00:00","og_image":[{"width":978,"height":649,"url":"https:\/\/rideon.es\/renting-particulares\/wp-content\/uploads\/sites\/20\/2018\/05\/museo-joan-miro-alquiler-moto-mallorca-1.png","type":"image\/png"}],"author":"Ride On","twitter_card":"summary_large_image","twitter_misc":{"Escrito por":"Ride On","Tiempo de lectura":"2 minutos"},"schema":{"@context":"https:\/\/schema.org","@graph":[{"@type":"Article","@id":"https:\/\/rideon.es\/renting-particulares\/ruta-arte-contemporaneo-mallorca\/#article","isPartOf":{"@id":"https:\/\/rideon.es\/renting-particulares\/ruta-arte-contemporaneo-mallorca\/"},"author":{"name":"Ride On","@id":"https:\/\/rideon.es\/renting-particulares\/#\/schema\/person\/48d6770e55c623d929bd20ce295611a7"},"headline":"Ruta del arte contempor\u00e1neo por Mallorca en moto","datePublished":"2018-05-03T11:27:45+00:00","mainEntityOfPage":{"@id":"https:\/\/rideon.es\/renting-particulares\/ruta-arte-contemporaneo-mallorca\/"},"wordCount":425,"commentCount":0,"publisher":{"@id":"https:\/\/rideon.es\/renting-particulares\/#organization"},"image":{"@id":"https:\/\/rideon.es\/renting-particulares\/ruta-arte-contemporaneo-mallorca\/#primaryimage"},"thumbnailUrl":"https:\/\/rideon.es\/renting-particulares\/wp-content\/uploads\/sites\/20\/2018\/05\/museo-joan-miro-alquiler-moto-mallorca-1.png","articleSection":["Lugares de inter\u00e9s","Mallorca"],"inLanguage":"es","potentialAction":[{"@type":"CommentAction","name":"Comment","target":["https:\/\/rideon.es\/renting-particulares\/ruta-arte-contemporaneo-mallorca\/#respond"]}]},{"@type":"WebPage","@id":"https:\/\/rideon.es\/renting-particulares\/ruta-arte-contemporaneo-mallorca\/","url":"https:\/\/rideon.es\/renting-particulares\/ruta-arte-contemporaneo-mallorca\/","name":"Ruta del arte contempor\u00e1neo por Mallorca en moto - Renting Particulares - Alquiler de motos mensual y Renting para Particulares","isPartOf":{"@id":"https:\/\/rideon.es\/renting-particulares\/#website"},"primaryImageOfPage":{"@id":"https:\/\/rideon.es\/renting-particulares\/ruta-arte-contemporaneo-mallorca\/#primaryimage"},"image":{"@id":"https:\/\/rideon.es\/renting-particulares\/ruta-arte-contemporaneo-mallorca\/#primaryimage"},"thumbnailUrl":"https:\/\/rideon.es\/renting-particulares\/wp-content\/uploads\/sites\/20\/2018\/05\/museo-joan-miro-alquiler-moto-mallorca-1.png","datePublished":"2018-05-03T11:27:45+00:00","description":"Desde Ride On alquiler de moto Mallorca mostramos una de las principales rutas para descubrir el arte contempor\u00e1neo de Mallorca en Moto.","inLanguage":"es","potentialAction":[{"@type":"ReadAction","target":["https:\/\/rideon.es\/renting-particulares\/ruta-arte-contemporaneo-mallorca\/"]}]},{"@type":"ImageObject","inLanguage":"es","@id":"https:\/\/rideon.es\/renting-particulares\/ruta-arte-contemporaneo-mallorca\/#primaryimage","url":"https:\/\/rideon.es\/renting-particulares\/wp-content\/uploads\/sites\/20\/2018\/05\/museo-joan-miro-alquiler-moto-mallorca-1.png","contentUrl":"https:\/\/rideon.es\/renting-particulares\/wp-content\/uploads\/sites\/20\/2018\/05\/museo-joan-miro-alquiler-moto-mallorca-1.png","width":978,"height":649},{"@type":"WebSite","@id":"https:\/\/rideon.es\/renting-particulares\/#website","url":"https:\/\/rideon.es\/renting-particulares\/","name":"Renting Particulares - Alquiler de motos mensual y Renting para Particulares","description":"Las motos m\u00e1s c\u00f3modas y seguras para disfrutar de tus vacaciones sobre ruedas. Alquiler de motos en Menorca, Mallorca, Barcelona y Valencia con Rideon.es","publisher":{"@id":"https:\/\/rideon.es\/renting-particulares\/#organization"},"potentialAction":[{"@type":"SearchAction","target":{"@type":"EntryPoint","urlTemplate":"https:\/\/rideon.es\/renting-particulares\/?s={search_term_string}"},"query-input":{"@type":"PropertyValueSpecification","valueRequired":true,"valueName":"search_term_string"}}],"inLanguage":"es"},{"@type":"Organization","@id":"https:\/\/rideon.es\/renting-particulares\/#organization","name":"Renting Particulares - Alquiler de motos mensual y Renting para Particulares","url":"https:\/\/rideon.es\/renting-particulares\/","logo":{"@type":"ImageObject","inLanguage":"es","@id":"https:\/\/rideon.es\/renting-particulares\/#\/schema\/logo\/image\/","url":"https:\/\/rideon.es\/renting-particulares\/wp-content\/uploads\/sites\/20\/2020\/02\/rideon_logo-200x78-1.png","contentUrl":"https:\/\/rideon.es\/renting-particulares\/wp-content\/uploads\/sites\/20\/2020\/02\/rideon_logo-200x78-1.png","width":200,"height":78,"caption":"Renting Particulares - Alquiler de motos mensual y Renting para Particulares"},"image":{"@id":"https:\/\/rideon.es\/renting-particulares\/#\/schema\/logo\/image\/"}},{"@type":"Person","@id":"https:\/\/rideon.es\/renting-particulares\/#\/schema\/person\/48d6770e55c623d929bd20ce295611a7","name":"Ride On","image":{"@type":"ImageObject","inLanguage":"es","@id":"https:\/\/secure.gravatar.com\/avatar\/785e72183089da6a00243c0f0e2d52db79b9983b602219afb07c868943086138?s=96&d=mm&r=g","url":"https:\/\/secure.gravatar.com\/avatar\/785e72183089da6a00243c0f0e2d52db79b9983b602219afb07c868943086138?s=96&d=mm&r=g","contentUrl":"https:\/\/secure.gravatar.com\/avatar\/785e72183089da6a00243c0f0e2d52db79b9983b602219afb07c868943086138?s=96&d=mm&r=g","caption":"Ride On"},"url":"https:\/\/rideon.es\/renting-particulares\/author\/eduardoyauri\/"}]}},"_links":{"self":[{"href":"https:\/\/rideon.es\/renting-particulares\/wp-json\/wp\/v2\/posts\/2696","targetHints":{"allow":["GET"]}}],"collection":[{"href":"https:\/\/rideon.es\/renting-particulares\/wp-json\/wp\/v2\/posts"}],"about":[{"href":"https:\/\/rideon.es\/renting-particulares\/wp-json\/wp\/v2\/types\/post"}],"author":[{"embeddable":true,"href":"https:\/\/rideon.es\/renting-particulares\/wp-json\/wp\/v2\/users\/2"}],"replies":[{"embeddable":true,"href":"https:\/\/rideon.es\/renting-particulares\/wp-json\/wp\/v2\/comments?post=2696"}],"version-history":[{"count":0,"href":"https:\/\/rideon.es\/renting-particulares\/wp-json\/wp\/v2\/posts\/2696\/revisions"}],"wp:featuredmedia":[{"embeddable":true,"href":"https:\/\/rideon.es\/renting-particulares\/wp-json\/wp\/v2\/media\/5211"}],"wp:attachment":[{"href":"https:\/\/rideon.es\/renting-particulares\/wp-json\/wp\/v2\/media?parent=2696"}],"wp:term":[{"taxonomy":"category","embeddable":true,"href":"https:\/\/rideon.es\/renting-particulares\/wp-json\/wp\/v2\/categories?post=2696"},{"taxonomy":"post_tag","embeddable":true,"href":"https:\/\/rideon.es\/renting-particulares\/wp-json\/wp\/v2\/tags?post=2696"}],"curies":[{"name":"wp","href":"https:\/\/api.w.org\/{rel}","templated":true}]}}