{"id":2579,"date":"2018-04-09T15:55:54","date_gmt":"2018-04-09T15:55:54","guid":{"rendered":"https:\/\/rideon.es\/?p=2579"},"modified":"2018-04-09T15:55:54","modified_gmt":"2018-04-09T15:55:54","slug":"que-ver-en-mallorca-con-tu-alquiler-de-moto","status":"publish","type":"post","link":"https:\/\/rideon.es\/renting-particulares\/que-ver-en-mallorca-con-tu-alquiler-de-moto\/","title":{"rendered":"Qu\u00e9 ver en Mallorca con tu alquiler de moto"},"content":{"rendered":"<h2><span style=\"font-weight: 400\">Catedral de Mallorca<\/span><\/h2>\n<p><img fetchpriority=\"high\" decoding=\"async\" class=\"img-responsive aligncenter\" src=\"https:\/\/rideon.es\/wp-content\/uploads\/2018\/04\/catedral-mallorca-alquiler-moto-mallorca-opt.jpg\" alt=\"catedral alquiler moto Mallorca\" width=\"800\" height=\"534\" \/><br \/>\n<span style=\"font-weight: 400\">La Catedral de Mallorca destaca por ser la segunda catedral g\u00f3tica m\u00e1s alta de Europa. Es uno de los ejemplos m\u00e1s claros del g\u00f3tico tard\u00edo Catal\u00e0. A\u00fan as\u00ed, la catedral, nombre con el que se la conoce, ha sido objeto de numerosas aportaciones y remodelaciones. Una de las reformas m\u00e1s destacadas la realiz\u00f3 el arquitecto Catal\u00e1n Antoni Gaud\u00ed en el 1904. Tambi\u00e9n tiene especial inter\u00e9s la remodelaci\u00f3n llevada a cabo por Miquel Barcel\u00f3 en la capilla del Sant\u00edsimo. <\/span><br \/>\n<img decoding=\"async\" class=\"img-responsive aligncenter\" src=\"https:\/\/rideon.es\/wp-content\/uploads\/2018\/04\/interior-catedral-alquiler-moto-mallorca.jpg\" alt=\"interior catedral alquiler moto Mallorca\" width=\"801\" height=\"481\" \/><\/p>\n<p><span style=\"font-weight: 400\">El famoso pintor y escultor Mallorqu\u00edn, autor tambi\u00e9n de la c\u00fapula de la sala XX de la sede de la ONU, ha realizado un trabajo excepcional en la catedral que recibe a cientos de turistas que la visitan a diario.<\/span><br \/>\n<span style=\"font-weight: 400\">Barcel\u00f3 trabaj\u00f3 durante 7 a\u00f1os en la capilla donde se puede encontrar un retablo de casi 14 metros de altura donde se recrea el milagro de los panes y los peces.<\/span><br \/>\n<span style=\"font-weight: 400\">Ver como llegar desde <\/span><a href=\"https:\/\/rideon.es\/es\/alquiler-moto-mallorca\/\"><span style=\"font-weight: 400\">Ride On alquiler motos Mallorca<\/span><\/a><span style=\"font-weight: 400\"> a la catedral de Mallorca en 16 minutos en moto <\/span><a href=\"https:\/\/goo.gl\/maps\/2eGRFENGz6A2\"><span style=\"font-weight: 400\">Ver ruta m\u00e1s r\u00e1pida en moto<\/span><\/a><span style=\"font-weight: 400\">.<\/span><\/p>\n<h2><span style=\"font-weight: 400\">Playas de Palma de Mallorca<\/span><\/h2>\n<p><span style=\"font-weight: 400\">Las playas son uno de los principales atractivos de Palma, las disfrutan miles visitantes que esta isla recibe durante la temporada de verano. Palma tiene a lo largo de su t\u00e9rmino municipal 13 fant\u00e1sticas playas, todas ellas de gran belleza y con algunas caracter\u00edsticas que las hacen \u00fanicas en el mundo. Playas de arena, de rocas, largas y de peque\u00f1as dimensiones, muy concurridas o tranquilas\u2026 son algunas de las variedades entre las que se puede elegir. Muchas de ellas adem\u00e1s cuentan con todos los servicios como restaurantes, tiendas, bares y hoteles. Algunas de las playas que uno no pude dejar de visitar son:<\/span><\/p>\n<p><b> ROCAS DE CALA MAJOR<\/b><br \/>\n<img decoding=\"async\" class=\"img-responsive aligncenter\" src=\"https:\/\/rideon.es\/wp-content\/uploads\/2018\/04\/cala-major-alquiler-moto-mallorca.png\" alt=\"cala major alquiler moto Mallorca\" width=\"800\" height=\"553\" \/><\/p>\n<p><span style=\"font-weight: 400\">&#8211; Playa de rocas<\/span><br \/>\n<span style=\"font-weight: 400\">&#8211; Longitud de la playa: 300 metros<\/span><br \/>\n<span style=\"font-weight: 400\">&#8211; Anchura media: 30 metros<\/span><br \/>\n<span style=\"font-weight: 400\">&#8211; Grado de ocupaci\u00f3n: bajo<\/span><br \/>\n<span style=\"font-weight: 400\">&#8211; Tipo de playa: urbana<\/span><br \/>\n<span style=\"font-weight: 400\">&#8211; Condiciones de ba\u00f1o: aguas tranquilas<\/span><br \/>\n<span style=\"font-weight: 400\">Ver como llegar desde <\/span><span style=\"font-weight: 400\">Ride On Palma de Mallorca<\/span><span style=\"font-weight: 400\"> a la playa de rocas de cala major en 10 minutos en moto <\/span><a href=\"https:\/\/goo.gl\/maps\/1hsGHzZE9A62\"><span style=\"font-weight: 400\">Ver ruta m\u00e1s r\u00e1pida en moto<\/span><\/a><\/p>\n<p><b> CIUTAT JARD\u00cd<\/b><br \/>\n<img loading=\"lazy\" decoding=\"async\" class=\"img-responsive aligncenter\" src=\"https:\/\/rideon.es\/wp-content\/uploads\/2018\/04\/ciutat-jardi-alquiler-moto-mallorca.png\" alt=\"ciutat jard\u00ed alquiler moto Mallorca\" width=\"801\" height=\"547\" \/><\/p>\n<p><span style=\"font-weight: 400\">&#8211; Playa de arena<\/span><br \/>\n<span style=\"font-weight: 400\">&#8211; Acceso para minusv\u00e1lidos<\/span><br \/>\n<span style=\"font-weight: 400\">&#8211; Longitud de la playa: 450 metros<\/span><br \/>\n<span style=\"font-weight: 400\">&#8211; Anchura media: 35 metros<\/span><br \/>\n<span style=\"font-weight: 400\">&#8211; Grado de ocupaci\u00f3n: alto<\/span><br \/>\n<span style=\"font-weight: 400\">&#8211; Tipo de playa: urbana<\/span><br \/>\n<span style=\"font-weight: 400\">&#8211; Condiciones de ba\u00f1o: aguas tranquilas<\/span><br \/>\n<span style=\"font-weight: 400\">&#8211; Vigilancia Alta<\/span><br \/>\n<span style=\"font-weight: 400\">&#8211; Bandera azul<\/span><br \/>\n<span style=\"font-weight: 400\">Ver como llegar desde <\/span><span style=\"font-weight: 400\">Ride On alquiler motos Mallorca<\/span><span style=\"font-weight: 400\"> a la playa de rocas de cala major en 17 minutos en moto <\/span><a href=\"https:\/\/goo.gl\/maps\/yVPXgFVTki62\"><span style=\"font-weight: 400\">Aqu\u00ed<\/span><\/a><\/p>\n<h3><span style=\"font-weight: 400\">Comer cerca de la lonja<\/span><\/h3>\n<p><img loading=\"lazy\" decoding=\"async\" class=\"img-responsive aligncenter\" src=\"https:\/\/rideon.es\/wp-content\/uploads\/2018\/04\/lonja-alquiler-moto-mallorca.png\" alt=\"Comer en la lonja alquiler moto Mallorca\" width=\"801\" height=\"621\" \/><\/p>\n<p><span style=\"font-weight: 400\">La zona de la lonja se ha puesto muy de moda en Mallorca, la zona de Lonja-Born-Porta de Santa Catalina es uno de los destinos m\u00e1s frecuentados por los turistas. Por la plaza de la lonja abundan los restaurantes como pizzer\u00edas, las tascas vascas y la comida mediterr\u00e1nea para ir de tapeo y disfrutar de la mejora comida. En el passeig del Born se puede degustar aut\u00e9ntica comida mediterr\u00e1nea e innovadoras propuestas fusi\u00f3n de cocinas vegetarianas, internacionales francesas, mallorquinas y tapas y raciones.<\/span><\/p>\n<p><span style=\"font-weight: 400\">Ver como llegar desde <\/span><span style=\"font-weight: 400\">Ride On alquiler motos Mallorca<\/span><span style=\"font-weight: 400\"> a la playa de rocas de cala major en 10 minutos en moto <\/span><a href=\"https:\/\/goo.gl\/maps\/SuGfj339kVN2\"><span style=\"font-weight: 400\">Ver ruta m\u00e1s r\u00e1pida en moto<\/span><\/a><\/p>\n","protected":false},"excerpt":{"rendered":"<p>Catedral de Mallorca La Catedral de Mallorca destaca por ser la segunda catedral g\u00f3tica m\u00e1s alta de Europa. Es uno de los ejemplos m\u00e1s claros del g\u00f3tico tard\u00edo Catal\u00e0. A\u00fan as\u00ed, la catedral, nombre con el que se la conoce, ha sido objeto de numerosas aportaciones y remodelaciones. Una de las reformas m\u00e1s destacadas la<\/p>\n","protected":false},"author":2,"featured_media":5244,"comment_status":"open","ping_status":"closed","sticky":false,"template":"","format":"standard","meta":{"inline_featured_image":false,"footnotes":""},"categories":[56,11,52],"tags":[],"class_list":["post-2579","post","type-post","status-publish","format-standard","has-post-thumbnail","hentry","category-lugar-interes","category-mallorca","category-playas"],"yoast_head":"<!-- This site is optimized with the Yoast SEO Premium plugin v18.7 (Yoast SEO v27.5) - https:\/\/yoast.com\/product\/yoast-seo-premium-wordpress\/ -->\n<title>Qu\u00e9 ver en Mallorca con tu alquiler de moto - Renting Particulares - Alquiler de motos mensual y Renting para Particulares<\/title>\n<meta name=\"description\" content=\"Algunos de los mejores rincones a visitar con tu alquiler de moto en Mallorca con Ride On Mallorca. Contacta con Ride On para obtener m\u00e1s informaci\u00f3n.\" \/>\n<meta name=\"robots\" content=\"index, follow, max-snippet:-1, max-image-preview:large, max-video-preview:-1\" \/>\n<link rel=\"canonical\" href=\"https:\/\/rideon.es\/renting-particulares\/que-ver-en-mallorca-con-tu-alquiler-de-moto\/\" \/>\n<meta property=\"og:locale\" content=\"es_ES\" \/>\n<meta property=\"og:type\" content=\"article\" \/>\n<meta property=\"og:title\" content=\"Qu\u00e9 ver en Mallorca con tu alquiler de moto\" \/>\n<meta property=\"og:description\" content=\"Algunos de los mejores rincones a visitar con tu alquiler de moto en Mallorca con Ride On Mallorca. Contacta con Ride On para obtener m\u00e1s informaci\u00f3n.\" \/>\n<meta property=\"og:url\" content=\"https:\/\/rideon.es\/renting-particulares\/que-ver-en-mallorca-con-tu-alquiler-de-moto\/\" \/>\n<meta property=\"og:site_name\" content=\"Renting Particulares - Alquiler de motos mensual y Renting para Particulares\" \/>\n<meta property=\"article:published_time\" content=\"2018-04-09T15:55:54+00:00\" \/>\n<meta property=\"og:image\" content=\"https:\/\/rideon.es\/renting-particulares\/wp-content\/uploads\/sites\/20\/2018\/04\/interior-catedral-alquiler-moto-mallorca-1.jpg\" \/>\n\t<meta property=\"og:image:width\" content=\"1280\" \/>\n\t<meta property=\"og:image:height\" content=\"769\" \/>\n\t<meta property=\"og:image:type\" content=\"image\/jpeg\" \/>\n<meta name=\"author\" content=\"Ride On\" \/>\n<meta name=\"twitter:card\" content=\"summary_large_image\" \/>\n<meta name=\"twitter:label1\" content=\"Escrito por\" \/>\n\t<meta name=\"twitter:data1\" content=\"Ride On\" \/>\n\t<meta name=\"twitter:label2\" content=\"Tiempo de lectura\" \/>\n\t<meta name=\"twitter:data2\" content=\"3 minutos\" \/>\n<script type=\"application\/ld+json\" class=\"yoast-schema-graph\">{\"@context\":\"https:\\\/\\\/schema.org\",\"@graph\":[{\"@type\":\"Article\",\"@id\":\"https:\\\/\\\/rideon.es\\\/renting-particulares\\\/que-ver-en-mallorca-con-tu-alquiler-de-moto\\\/#article\",\"isPartOf\":{\"@id\":\"https:\\\/\\\/rideon.es\\\/renting-particulares\\\/que-ver-en-mallorca-con-tu-alquiler-de-moto\\\/\"},\"author\":{\"name\":\"Ride On\",\"@id\":\"https:\\\/\\\/rideon.es\\\/renting-particulares\\\/#\\\/schema\\\/person\\\/48d6770e55c623d929bd20ce295611a7\"},\"headline\":\"Qu\u00e9 ver en Mallorca con tu alquiler de moto\",\"datePublished\":\"2018-04-09T15:55:54+00:00\",\"mainEntityOfPage\":{\"@id\":\"https:\\\/\\\/rideon.es\\\/renting-particulares\\\/que-ver-en-mallorca-con-tu-alquiler-de-moto\\\/\"},\"wordCount\":567,\"commentCount\":0,\"publisher\":{\"@id\":\"https:\\\/\\\/rideon.es\\\/renting-particulares\\\/#organization\"},\"image\":{\"@id\":\"https:\\\/\\\/rideon.es\\\/renting-particulares\\\/que-ver-en-mallorca-con-tu-alquiler-de-moto\\\/#primaryimage\"},\"thumbnailUrl\":\"https:\\\/\\\/rideon.es\\\/renting-particulares\\\/wp-content\\\/uploads\\\/sites\\\/20\\\/2018\\\/04\\\/interior-catedral-alquiler-moto-mallorca-1.jpg\",\"articleSection\":[\"Lugares de inter\u00e9s\",\"Mallorca\",\"Playas\"],\"inLanguage\":\"es\",\"potentialAction\":[{\"@type\":\"CommentAction\",\"name\":\"Comment\",\"target\":[\"https:\\\/\\\/rideon.es\\\/renting-particulares\\\/que-ver-en-mallorca-con-tu-alquiler-de-moto\\\/#respond\"]}]},{\"@type\":\"WebPage\",\"@id\":\"https:\\\/\\\/rideon.es\\\/renting-particulares\\\/que-ver-en-mallorca-con-tu-alquiler-de-moto\\\/\",\"url\":\"https:\\\/\\\/rideon.es\\\/renting-particulares\\\/que-ver-en-mallorca-con-tu-alquiler-de-moto\\\/\",\"name\":\"Qu\u00e9 ver en Mallorca con tu alquiler de moto - Renting Particulares - Alquiler de motos mensual y Renting para Particulares\",\"isPartOf\":{\"@id\":\"https:\\\/\\\/rideon.es\\\/renting-particulares\\\/#website\"},\"primaryImageOfPage\":{\"@id\":\"https:\\\/\\\/rideon.es\\\/renting-particulares\\\/que-ver-en-mallorca-con-tu-alquiler-de-moto\\\/#primaryimage\"},\"image\":{\"@id\":\"https:\\\/\\\/rideon.es\\\/renting-particulares\\\/que-ver-en-mallorca-con-tu-alquiler-de-moto\\\/#primaryimage\"},\"thumbnailUrl\":\"https:\\\/\\\/rideon.es\\\/renting-particulares\\\/wp-content\\\/uploads\\\/sites\\\/20\\\/2018\\\/04\\\/interior-catedral-alquiler-moto-mallorca-1.jpg\",\"datePublished\":\"2018-04-09T15:55:54+00:00\",\"description\":\"Algunos de los mejores rincones a visitar con tu alquiler de moto en Mallorca con Ride On Mallorca. Contacta con Ride On para obtener m\u00e1s informaci\u00f3n.\",\"inLanguage\":\"es\",\"potentialAction\":[{\"@type\":\"ReadAction\",\"target\":[\"https:\\\/\\\/rideon.es\\\/renting-particulares\\\/que-ver-en-mallorca-con-tu-alquiler-de-moto\\\/\"]}]},{\"@type\":\"ImageObject\",\"inLanguage\":\"es\",\"@id\":\"https:\\\/\\\/rideon.es\\\/renting-particulares\\\/que-ver-en-mallorca-con-tu-alquiler-de-moto\\\/#primaryimage\",\"url\":\"https:\\\/\\\/rideon.es\\\/renting-particulares\\\/wp-content\\\/uploads\\\/sites\\\/20\\\/2018\\\/04\\\/interior-catedral-alquiler-moto-mallorca-1.jpg\",\"contentUrl\":\"https:\\\/\\\/rideon.es\\\/renting-particulares\\\/wp-content\\\/uploads\\\/sites\\\/20\\\/2018\\\/04\\\/interior-catedral-alquiler-moto-mallorca-1.jpg\",\"width\":1280,\"height\":769},{\"@type\":\"WebSite\",\"@id\":\"https:\\\/\\\/rideon.es\\\/renting-particulares\\\/#website\",\"url\":\"https:\\\/\\\/rideon.es\\\/renting-particulares\\\/\",\"name\":\"Renting Particulares - Alquiler de motos mensual y Renting para Particulares\",\"description\":\"Las motos m\u00e1s c\u00f3modas y seguras para disfrutar de tus vacaciones sobre ruedas. Alquiler de motos en Menorca, Mallorca, Barcelona y Valencia con Rideon.es\",\"publisher\":{\"@id\":\"https:\\\/\\\/rideon.es\\\/renting-particulares\\\/#organization\"},\"potentialAction\":[{\"@type\":\"SearchAction\",\"target\":{\"@type\":\"EntryPoint\",\"urlTemplate\":\"https:\\\/\\\/rideon.es\\\/renting-particulares\\\/?s={search_term_string}\"},\"query-input\":{\"@type\":\"PropertyValueSpecification\",\"valueRequired\":true,\"valueName\":\"search_term_string\"}}],\"inLanguage\":\"es\"},{\"@type\":\"Organization\",\"@id\":\"https:\\\/\\\/rideon.es\\\/renting-particulares\\\/#organization\",\"name\":\"Renting Particulares - Alquiler de motos mensual y Renting para Particulares\",\"url\":\"https:\\\/\\\/rideon.es\\\/renting-particulares\\\/\",\"logo\":{\"@type\":\"ImageObject\",\"inLanguage\":\"es\",\"@id\":\"https:\\\/\\\/rideon.es\\\/renting-particulares\\\/#\\\/schema\\\/logo\\\/image\\\/\",\"url\":\"https:\\\/\\\/rideon.es\\\/renting-particulares\\\/wp-content\\\/uploads\\\/sites\\\/20\\\/2020\\\/02\\\/rideon_logo-200x78-1.png\",\"contentUrl\":\"https:\\\/\\\/rideon.es\\\/renting-particulares\\\/wp-content\\\/uploads\\\/sites\\\/20\\\/2020\\\/02\\\/rideon_logo-200x78-1.png\",\"width\":200,\"height\":78,\"caption\":\"Renting Particulares - Alquiler de motos mensual y Renting para Particulares\"},\"image\":{\"@id\":\"https:\\\/\\\/rideon.es\\\/renting-particulares\\\/#\\\/schema\\\/logo\\\/image\\\/\"}},{\"@type\":\"Person\",\"@id\":\"https:\\\/\\\/rideon.es\\\/renting-particulares\\\/#\\\/schema\\\/person\\\/48d6770e55c623d929bd20ce295611a7\",\"name\":\"Ride On\",\"image\":{\"@type\":\"ImageObject\",\"inLanguage\":\"es\",\"@id\":\"https:\\\/\\\/secure.gravatar.com\\\/avatar\\\/785e72183089da6a00243c0f0e2d52db79b9983b602219afb07c868943086138?s=96&d=mm&r=g\",\"url\":\"https:\\\/\\\/secure.gravatar.com\\\/avatar\\\/785e72183089da6a00243c0f0e2d52db79b9983b602219afb07c868943086138?s=96&d=mm&r=g\",\"contentUrl\":\"https:\\\/\\\/secure.gravatar.com\\\/avatar\\\/785e72183089da6a00243c0f0e2d52db79b9983b602219afb07c868943086138?s=96&d=mm&r=g\",\"caption\":\"Ride On\"},\"url\":\"https:\\\/\\\/rideon.es\\\/renting-particulares\\\/author\\\/eduardoyauri\\\/\"}]}<\/script>\n<!-- \/ Yoast SEO Premium plugin. -->","yoast_head_json":{"title":"Qu\u00e9 ver en Mallorca con tu alquiler de moto - Renting Particulares - Alquiler de motos mensual y Renting para Particulares","description":"Algunos de los mejores rincones a visitar con tu alquiler de moto en Mallorca con Ride On Mallorca. Contacta con Ride On para obtener m\u00e1s informaci\u00f3n.","robots":{"index":"index","follow":"follow","max-snippet":"max-snippet:-1","max-image-preview":"max-image-preview:large","max-video-preview":"max-video-preview:-1"},"canonical":"https:\/\/rideon.es\/renting-particulares\/que-ver-en-mallorca-con-tu-alquiler-de-moto\/","og_locale":"es_ES","og_type":"article","og_title":"Qu\u00e9 ver en Mallorca con tu alquiler de moto","og_description":"Algunos de los mejores rincones a visitar con tu alquiler de moto en Mallorca con Ride On Mallorca. Contacta con Ride On para obtener m\u00e1s informaci\u00f3n.","og_url":"https:\/\/rideon.es\/renting-particulares\/que-ver-en-mallorca-con-tu-alquiler-de-moto\/","og_site_name":"Renting Particulares - Alquiler de motos mensual y Renting para Particulares","article_published_time":"2018-04-09T15:55:54+00:00","og_image":[{"width":1280,"height":769,"url":"https:\/\/rideon.es\/renting-particulares\/wp-content\/uploads\/sites\/20\/2018\/04\/interior-catedral-alquiler-moto-mallorca-1.jpg","type":"image\/jpeg"}],"author":"Ride On","twitter_card":"summary_large_image","twitter_misc":{"Escrito por":"Ride On","Tiempo de lectura":"3 minutos"},"schema":{"@context":"https:\/\/schema.org","@graph":[{"@type":"Article","@id":"https:\/\/rideon.es\/renting-particulares\/que-ver-en-mallorca-con-tu-alquiler-de-moto\/#article","isPartOf":{"@id":"https:\/\/rideon.es\/renting-particulares\/que-ver-en-mallorca-con-tu-alquiler-de-moto\/"},"author":{"name":"Ride On","@id":"https:\/\/rideon.es\/renting-particulares\/#\/schema\/person\/48d6770e55c623d929bd20ce295611a7"},"headline":"Qu\u00e9 ver en Mallorca con tu alquiler de moto","datePublished":"2018-04-09T15:55:54+00:00","mainEntityOfPage":{"@id":"https:\/\/rideon.es\/renting-particulares\/que-ver-en-mallorca-con-tu-alquiler-de-moto\/"},"wordCount":567,"commentCount":0,"publisher":{"@id":"https:\/\/rideon.es\/renting-particulares\/#organization"},"image":{"@id":"https:\/\/rideon.es\/renting-particulares\/que-ver-en-mallorca-con-tu-alquiler-de-moto\/#primaryimage"},"thumbnailUrl":"https:\/\/rideon.es\/renting-particulares\/wp-content\/uploads\/sites\/20\/2018\/04\/interior-catedral-alquiler-moto-mallorca-1.jpg","articleSection":["Lugares de inter\u00e9s","Mallorca","Playas"],"inLanguage":"es","potentialAction":[{"@type":"CommentAction","name":"Comment","target":["https:\/\/rideon.es\/renting-particulares\/que-ver-en-mallorca-con-tu-alquiler-de-moto\/#respond"]}]},{"@type":"WebPage","@id":"https:\/\/rideon.es\/renting-particulares\/que-ver-en-mallorca-con-tu-alquiler-de-moto\/","url":"https:\/\/rideon.es\/renting-particulares\/que-ver-en-mallorca-con-tu-alquiler-de-moto\/","name":"Qu\u00e9 ver en Mallorca con tu alquiler de moto - Renting Particulares - Alquiler de motos mensual y Renting para Particulares","isPartOf":{"@id":"https:\/\/rideon.es\/renting-particulares\/#website"},"primaryImageOfPage":{"@id":"https:\/\/rideon.es\/renting-particulares\/que-ver-en-mallorca-con-tu-alquiler-de-moto\/#primaryimage"},"image":{"@id":"https:\/\/rideon.es\/renting-particulares\/que-ver-en-mallorca-con-tu-alquiler-de-moto\/#primaryimage"},"thumbnailUrl":"https:\/\/rideon.es\/renting-particulares\/wp-content\/uploads\/sites\/20\/2018\/04\/interior-catedral-alquiler-moto-mallorca-1.jpg","datePublished":"2018-04-09T15:55:54+00:00","description":"Algunos de los mejores rincones a visitar con tu alquiler de moto en Mallorca con Ride On Mallorca. Contacta con Ride On para obtener m\u00e1s informaci\u00f3n.","inLanguage":"es","potentialAction":[{"@type":"ReadAction","target":["https:\/\/rideon.es\/renting-particulares\/que-ver-en-mallorca-con-tu-alquiler-de-moto\/"]}]},{"@type":"ImageObject","inLanguage":"es","@id":"https:\/\/rideon.es\/renting-particulares\/que-ver-en-mallorca-con-tu-alquiler-de-moto\/#primaryimage","url":"https:\/\/rideon.es\/renting-particulares\/wp-content\/uploads\/sites\/20\/2018\/04\/interior-catedral-alquiler-moto-mallorca-1.jpg","contentUrl":"https:\/\/rideon.es\/renting-particulares\/wp-content\/uploads\/sites\/20\/2018\/04\/interior-catedral-alquiler-moto-mallorca-1.jpg","width":1280,"height":769},{"@type":"WebSite","@id":"https:\/\/rideon.es\/renting-particulares\/#website","url":"https:\/\/rideon.es\/renting-particulares\/","name":"Renting Particulares - Alquiler de motos mensual y Renting para Particulares","description":"Las motos m\u00e1s c\u00f3modas y seguras para disfrutar de tus vacaciones sobre ruedas. Alquiler de motos en Menorca, Mallorca, Barcelona y Valencia con Rideon.es","publisher":{"@id":"https:\/\/rideon.es\/renting-particulares\/#organization"},"potentialAction":[{"@type":"SearchAction","target":{"@type":"EntryPoint","urlTemplate":"https:\/\/rideon.es\/renting-particulares\/?s={search_term_string}"},"query-input":{"@type":"PropertyValueSpecification","valueRequired":true,"valueName":"search_term_string"}}],"inLanguage":"es"},{"@type":"Organization","@id":"https:\/\/rideon.es\/renting-particulares\/#organization","name":"Renting Particulares - Alquiler de motos mensual y Renting para Particulares","url":"https:\/\/rideon.es\/renting-particulares\/","logo":{"@type":"ImageObject","inLanguage":"es","@id":"https:\/\/rideon.es\/renting-particulares\/#\/schema\/logo\/image\/","url":"https:\/\/rideon.es\/renting-particulares\/wp-content\/uploads\/sites\/20\/2020\/02\/rideon_logo-200x78-1.png","contentUrl":"https:\/\/rideon.es\/renting-particulares\/wp-content\/uploads\/sites\/20\/2020\/02\/rideon_logo-200x78-1.png","width":200,"height":78,"caption":"Renting Particulares - Alquiler de motos mensual y Renting para Particulares"},"image":{"@id":"https:\/\/rideon.es\/renting-particulares\/#\/schema\/logo\/image\/"}},{"@type":"Person","@id":"https:\/\/rideon.es\/renting-particulares\/#\/schema\/person\/48d6770e55c623d929bd20ce295611a7","name":"Ride On","image":{"@type":"ImageObject","inLanguage":"es","@id":"https:\/\/secure.gravatar.com\/avatar\/785e72183089da6a00243c0f0e2d52db79b9983b602219afb07c868943086138?s=96&d=mm&r=g","url":"https:\/\/secure.gravatar.com\/avatar\/785e72183089da6a00243c0f0e2d52db79b9983b602219afb07c868943086138?s=96&d=mm&r=g","contentUrl":"https:\/\/secure.gravatar.com\/avatar\/785e72183089da6a00243c0f0e2d52db79b9983b602219afb07c868943086138?s=96&d=mm&r=g","caption":"Ride On"},"url":"https:\/\/rideon.es\/renting-particulares\/author\/eduardoyauri\/"}]}},"_links":{"self":[{"href":"https:\/\/rideon.es\/renting-particulares\/wp-json\/wp\/v2\/posts\/2579","targetHints":{"allow":["GET"]}}],"collection":[{"href":"https:\/\/rideon.es\/renting-particulares\/wp-json\/wp\/v2\/posts"}],"about":[{"href":"https:\/\/rideon.es\/renting-particulares\/wp-json\/wp\/v2\/types\/post"}],"author":[{"embeddable":true,"href":"https:\/\/rideon.es\/renting-particulares\/wp-json\/wp\/v2\/users\/2"}],"replies":[{"embeddable":true,"href":"https:\/\/rideon.es\/renting-particulares\/wp-json\/wp\/v2\/comments?post=2579"}],"version-history":[{"count":0,"href":"https:\/\/rideon.es\/renting-particulares\/wp-json\/wp\/v2\/posts\/2579\/revisions"}],"wp:featuredmedia":[{"embeddable":true,"href":"https:\/\/rideon.es\/renting-particulares\/wp-json\/wp\/v2\/media\/5244"}],"wp:attachment":[{"href":"https:\/\/rideon.es\/renting-particulares\/wp-json\/wp\/v2\/media?parent=2579"}],"wp:term":[{"taxonomy":"category","embeddable":true,"href":"https:\/\/rideon.es\/renting-particulares\/wp-json\/wp\/v2\/categories?post=2579"},{"taxonomy":"post_tag","embeddable":true,"href":"https:\/\/rideon.es\/renting-particulares\/wp-json\/wp\/v2\/tags?post=2579"}],"curies":[{"name":"wp","href":"https:\/\/api.w.org\/{rel}","templated":true}]}}