{"id":2219,"date":"2017-08-21T11:56:21","date_gmt":"2017-08-21T11:56:21","guid":{"rendered":"https:\/\/rideon.es\/?p=2219"},"modified":"2017-08-21T11:56:21","modified_gmt":"2017-08-21T11:56:21","slug":"baul-escoger-moto","status":"publish","type":"post","link":"https:\/\/rideon.es\/renting-particulares\/baul-escoger-moto\/","title":{"rendered":"Que Baul escoger para tu moto"},"content":{"rendered":"<p><span style=\"font-weight: 400\">Si se est\u00e1 pensando realizar un viaje en moto con la necesidad de aumentar la capacidad de carga o si simplemente se busca optimizar y aumentar el espacio para los desplazamientos diarios en Rideon proponemos una peque\u00f1a gu\u00eda de maletas y bolsas adem\u00e1s de algunos consejos para sacar el m\u00e1ximo rendimiento a este extra de los scooters. Ride On te ofrece las mejores motos para el mejor <\/span><a href=\"https:\/\/rideon.es\"><span style=\"font-weight: 400\">alquiler moto Barcelona<\/span><\/a><span style=\"font-weight: 400\">.<\/span><\/p>\n<p><span style=\"font-weight: 400\">B\u00e1sicamente las maletas, bolsas y ba\u00fales para una moto se diferencia seg\u00fan la posici\u00f3n donde ir\u00e1n colocadas en la moto, siendo los m\u00e1s usuales en el mercado:<\/span><\/p>\n<h2><span style=\"font-weight: 400\">Maletas Sobre dep\u00f3sitos<\/span><\/h2>\n<p><span style=\"font-weight: 400\">En primer lugar tenemos las maletas sobre dep\u00f3sito, como su nombre indica se colocan encima del dep\u00f3sito de combustible mediante sistemas de fijaci\u00f3n como pueden ser correas, con imanes o con otros sistemas de fijaci\u00f3n exclusivos de cada marca.<\/span><\/p>\n<p><img fetchpriority=\"high\" decoding=\"async\" class=\"img-responsive aligncenter\" src=\"https:\/\/rideon.es\/wp-content\/uploads\/2017\/08\/bolsas-sobredepositos2.jpg\" alt=\"Bolsa sobredep\u00f3sito para tu alquiler de moto\" width=\"800\" height=\"177\" \/><\/p>\n<p>&nbsp;<\/p>\n<p><span style=\"font-weight: 400\">De forma general las bolsas o maletas de sobre el dep\u00f3sito permiten menos capacidad que las montadas en la parte trasera de la moto, las limitadas dimensiones responden a la limitaci\u00f3n de no interferir en la la conducci\u00f3n del piloto y en su visi\u00f3n.<\/span><\/p>\n<p>&nbsp;<\/p>\n<p><span style=\"font-weight: 400\">Las principales ventajas de las maletas sobre dep\u00f3sitos son que centran el peso extra en el la parte central de centro de gravedad de la moto, permiten su acceso mientras se conduce, lo que las hace m\u00e1s pr\u00e1cticas ya que re\u00fane la funci\u00f3n de guantera, perfectas para almacenar mapas, chubasqueros, dispositivos electr\u00f3nicos o las tarjetas de cr\u00e9dito para pagar en los peajes. Ride On te ofrece las mejores motos para el mejor <\/span><a href=\"https:\/\/rideon.es\"><span style=\"font-weight: 400\">alquiler moto Barcelona<\/span><\/a><span style=\"font-weight: 400\">.<\/span><\/p>\n<p>&nbsp;<\/p>\n<h2><span style=\"font-weight: 400\">Las alforjas<\/span><\/h2>\n<p><span style=\"font-weight: 400\">Las alforjas se montan a cada lateral de la moto, esta posici\u00f3n permite a este tipo de maletas recibir una gran cantidad de carga, es imprescindible distribuir homog\u00e9neamente el peso para que el reparto final quede de forma equilibrada en ambos lados y no afecte de forma negativa a la estabilidad y a la conducci\u00f3n del scooter.<\/span><\/p>\n<p>&nbsp;<\/p>\n<h2><span style=\"font-weight: 400\">Bolsas de sill\u00edn<\/span><\/h2>\n<p><span style=\"font-weight: 400\">Las bolsas de sill\u00edn son perfectas si no se tiene previsi\u00f3n llevar acompa\u00f1ante en la moto, estas maletas permiten un carga de gran peso quedando el peso de forma muy equilibrada en la moto, en el mercado se pueden encontrar algunas bolsas de sill\u00edn convertibles en maletas de sobredep\u00f3sito, algo muy pr\u00e1ctico en funci\u00f3n de las necesidades de carga que se tengan en cada momento.<\/span><\/p>\n<p><span style=\"font-weight: 400\">Ba\u00fales<\/span><\/p>\n<p><img decoding=\"async\" class=\"img-responsive aligncenter\" src=\"https:\/\/rideon.es\/wp-content\/uploads\/2017\/08\/baul-moto-barcelona.jpg\" alt=\"Baules para tu scooter\" width=\"802\" height=\"601\" \/><\/p>\n<p>&nbsp;<\/p>\n<p><span style=\"font-weight: 400\">Los ba\u00fales van anclados en la parte trasera de la moto, son una de las soluciones m\u00e1s usadas no solo para motocicletas, tambi\u00e9n para scooters. Son los portaequipajes con mayor capacidad llegando hasta los 50 litros. Los porta ba\u00fales permiten almacenar hasta los dos cascos integrales de los ocupantes de la moto, representan una opci\u00f3n ideal tanto para el d\u00eda a d\u00eda como para los largos viajes. Los Ba\u00fales requieren de anclajes especiales para el montaje en la moto.<\/span><\/p>\n<p>&nbsp;<\/p>\n<h2><span style=\"font-weight: 400\">Maletas laterales<\/span><\/h2>\n<p><img decoding=\"async\" class=\"img-responsive aligncenter\" src=\"https:\/\/rideon.es\/wp-content\/uploads\/2017\/08\/maletas-laterales.jpg\" alt=\"Maletas laterales para tu scooter\" width=\"799\" height=\"599\" \/><\/p>\n<p>&nbsp;<\/p>\n<p><span style=\"font-weight: 400\">Las maletas laterales son una opci\u00f3n parecida a los ba\u00fales per en los laterales de la moto, necesita igual que el Ba\u00fal anclajes especiales para la fijaci\u00f3n en la moto. Las maletas laterales son un complemento perfecto al ba\u00fal trasero si se tiene pensado hacer largos viajes con las necesidades de espacio grandes.\u00a0<\/span><\/p>\n<p>&nbsp;<\/p>\n<h2><span style=\"font-weight: 400\">Qu\u00e9 maleta escoger para tu moto<\/span><\/h2>\n<p>&nbsp;<\/p>\n<p><span style=\"font-weight: 400\">De forma general la elecci\u00f3n del tipo de maleta o ba\u00fal depender\u00e1 de las necesidades de espacio y del tipo de moto que se tenga o que se vaya a alquilar. Si se est\u00e1 buscando espacio para almacenar las pertenencias para moverse en trayectos cortos una de las soluciones m\u00e1s c\u00f3modas puede ser una bolsa sobredep\u00f3sito con una capacidad de 4 litros por ejemplo. <\/span><\/p>\n<p><span style=\"font-weight: 400\">En el caso de que se pretendan guardar accesorios o el casco se tendr\u00e1 que valorar la opci\u00f3n del ba\u00fal trasero. Adem\u00e1s para aquellas personas que tengan o alquilen un scooter es la mejor opci\u00f3n por geometr\u00eda de la moto.<\/span><\/p>\n<p><img loading=\"lazy\" decoding=\"async\" class=\"img-responsive aligncenter\" src=\"https:\/\/rideon.es\/wp-content\/uploads\/2017\/08\/bolsas-sobredepositos.jpg\" alt=\"que maleta escoger para tu scooter\" width=\"799\" height=\"599\" \/><\/p>\n<p>&nbsp;<\/p>\n<p><span style=\"font-weight: 400\">Para las escapadas de fin de semana con una bolsa de sill\u00edn o una bolsa de sobredeposito puede cumplir perfectamente con los requisitos de espacio, teniendo una maleta ligera, f\u00e1cil de montar y desmontar. Adem\u00e1s las bolsas de sobredep\u00f3sito suelen tener accesorios para la lectura de mapas o dispositivos GPS. <\/span><\/p>\n<p><span style=\"font-weight: 400\">Tambi\u00e9n los conductores de motos deportivas o nakeds con dif\u00edcil montaje de los anclajes para baules pueden encontrar en las maletas de sill\u00edn y en bolsas de sobredeposito las mejores opciones para viajar y guardar sus pertenencias.<\/span><\/p>\n<p>&nbsp;<\/p>\n<h2><span style=\"font-weight: 400\">Recomendaciones <\/span><\/h2>\n<p><span style=\"font-weight: 400\">El hecho de conducir con carga hacen que los pesos de la motos a nivel de equilibrio y de estabilidad no sean iguales, de ese modo hay que tener en cuenta varios puntos:<\/span><\/p>\n<p><span style=\"font-weight: 400\">Las bolsas sobredep\u00f3sito hacen que se tenga que poner una posici\u00f3n del piloto m\u00e1s erguida encima de la moto, esto puede incomodar en largas rutas, adem\u00e1s de dificultar la visi\u00f3n.<\/span><\/p>\n<p><span style=\"font-weight: 400\">Para las maletas laterales hay que tener en cuenta que provoca el aumento del volumen de la moto, al aumentar la anchura de la moto hay que tener mucho cuidado al circular por ciudad o en tr\u00e1fico denso.<\/span><br \/>\n<span style=\"font-weight: 400\">Un accesorio bi\u00e9n \u00fatil al usar maletas o ba\u00fales es usar una bolsa interior del ba\u00fal, hace que la carga est\u00e9 m\u00e1s ordenada , facilita el transporte y en general hace que todo sea m\u00e1s c\u00f3modo aumentando el aislamiento del equipaje. En Ride On ofrecemos la mejor flota de motos para tu <\/span><a href=\"https:\/\/rideon.es\/es\/alquiler-motos-barcelona\/\"><span style=\"font-weight: 400\">alquiler moto Barcelona<\/span><\/a><\/p>\n<p><span style=\"font-weight: 400\">Si se tiene pensado realizar una ruta guiados por un GPS hay que tener en cuenta que algunas bolsas sobre dep\u00f3sitos ya llevan un accesorio de carga para que no se agote la bater\u00eda del m\u00f3vil. <\/span><br \/>\n<span style=\"font-weight: 400\">Para reservas online de motos de alquiler Barcelona pueden visitar nuestra web <\/span><a href=\"https:\/\/rideon.es\/es\/alquiler-motos-barcelona\/\"><span style=\"font-weight: 400\">www.rideon.es<\/span><\/a><\/p>\n<p>&nbsp;<\/p>\n","protected":false},"excerpt":{"rendered":"<p>Si se est\u00e1 pensando realizar un viaje en moto con la necesidad de aumentar la capacidad de carga o si simplemente se busca optimizar y aumentar el espacio para los desplazamientos diarios en Rideon proponemos una peque\u00f1a gu\u00eda de maletas y bolsas adem\u00e1s de algunos consejos para sacar el m\u00e1ximo rendimiento a este extra de<\/p>\n","protected":false},"author":2,"featured_media":2217,"comment_status":"open","ping_status":"closed","sticky":false,"template":"","format":"standard","meta":{"inline_featured_image":false,"footnotes":""},"categories":[9,49],"tags":[],"class_list":["post-2219","post","type-post","status-publish","format-standard","has-post-thumbnail","hentry","category-barcelona","category-consejos"],"yoast_head":"<!-- This site is optimized with the Yoast SEO Premium plugin v18.7 (Yoast SEO v27.5) - https:\/\/yoast.com\/product\/yoast-seo-premium-wordpress\/ -->\n<title>Que Baul escoger para tu moto - Renting Particulares - Alquiler de motos mensual y Renting para Particulares<\/title>\n<meta name=\"description\" content=\"En Rideon proponemos una peque\u00f1a gu\u00eda de maletas y bolsas adem\u00e1s de algunos consejos para sacar el m\u00e1ximo rendimiento a las maletas de tu scooter.\" \/>\n<meta name=\"robots\" content=\"index, follow, max-snippet:-1, max-image-preview:large, max-video-preview:-1\" \/>\n<link rel=\"canonical\" href=\"https:\/\/rideon.es\/renting-particulares\/baul-escoger-moto\/\" \/>\n<meta property=\"og:locale\" content=\"es_ES\" \/>\n<meta property=\"og:type\" content=\"article\" \/>\n<meta property=\"og:title\" content=\"Que Baul escoger para tu moto\" \/>\n<meta property=\"og:description\" content=\"En Rideon proponemos una peque\u00f1a gu\u00eda de maletas y bolsas adem\u00e1s de algunos consejos para sacar el m\u00e1ximo rendimiento a las maletas de tu scooter.\" \/>\n<meta property=\"og:url\" content=\"https:\/\/rideon.es\/renting-particulares\/baul-escoger-moto\/\" \/>\n<meta property=\"og:site_name\" content=\"Renting Particulares - Alquiler de motos mensual y Renting para Particulares\" \/>\n<meta property=\"article:published_time\" content=\"2017-08-21T11:56:21+00:00\" \/>\n<meta name=\"author\" content=\"Ride On\" \/>\n<meta name=\"twitter:card\" content=\"summary_large_image\" \/>\n<meta name=\"twitter:label1\" content=\"Escrito por\" \/>\n\t<meta name=\"twitter:data1\" content=\"Ride On\" \/>\n\t<meta name=\"twitter:label2\" content=\"Tiempo de lectura\" \/>\n\t<meta name=\"twitter:data2\" content=\"5 minutos\" \/>\n<script type=\"application\/ld+json\" class=\"yoast-schema-graph\">{\"@context\":\"https:\\\/\\\/schema.org\",\"@graph\":[{\"@type\":\"Article\",\"@id\":\"https:\\\/\\\/rideon.es\\\/renting-particulares\\\/baul-escoger-moto\\\/#article\",\"isPartOf\":{\"@id\":\"https:\\\/\\\/rideon.es\\\/renting-particulares\\\/baul-escoger-moto\\\/\"},\"author\":{\"name\":\"Ride On\",\"@id\":\"https:\\\/\\\/rideon.es\\\/renting-particulares\\\/#\\\/schema\\\/person\\\/48d6770e55c623d929bd20ce295611a7\"},\"headline\":\"Que Baul escoger para tu moto\",\"datePublished\":\"2017-08-21T11:56:21+00:00\",\"mainEntityOfPage\":{\"@id\":\"https:\\\/\\\/rideon.es\\\/renting-particulares\\\/baul-escoger-moto\\\/\"},\"wordCount\":1023,\"commentCount\":0,\"publisher\":{\"@id\":\"https:\\\/\\\/rideon.es\\\/renting-particulares\\\/#organization\"},\"image\":{\"@id\":\"https:\\\/\\\/rideon.es\\\/renting-particulares\\\/baul-escoger-moto\\\/#primaryimage\"},\"thumbnailUrl\":\"\",\"articleSection\":[\"Barcelona\",\"Consejos\"],\"inLanguage\":\"es\",\"potentialAction\":[{\"@type\":\"CommentAction\",\"name\":\"Comment\",\"target\":[\"https:\\\/\\\/rideon.es\\\/renting-particulares\\\/baul-escoger-moto\\\/#respond\"]}]},{\"@type\":\"WebPage\",\"@id\":\"https:\\\/\\\/rideon.es\\\/renting-particulares\\\/baul-escoger-moto\\\/\",\"url\":\"https:\\\/\\\/rideon.es\\\/renting-particulares\\\/baul-escoger-moto\\\/\",\"name\":\"Que Baul escoger para tu moto - Renting Particulares - Alquiler de motos mensual y Renting para Particulares\",\"isPartOf\":{\"@id\":\"https:\\\/\\\/rideon.es\\\/renting-particulares\\\/#website\"},\"primaryImageOfPage\":{\"@id\":\"https:\\\/\\\/rideon.es\\\/renting-particulares\\\/baul-escoger-moto\\\/#primaryimage\"},\"image\":{\"@id\":\"https:\\\/\\\/rideon.es\\\/renting-particulares\\\/baul-escoger-moto\\\/#primaryimage\"},\"thumbnailUrl\":\"\",\"datePublished\":\"2017-08-21T11:56:21+00:00\",\"description\":\"En Rideon proponemos una peque\u00f1a gu\u00eda de maletas y bolsas adem\u00e1s de algunos consejos para sacar el m\u00e1ximo rendimiento a las maletas de tu scooter.\",\"inLanguage\":\"es\",\"potentialAction\":[{\"@type\":\"ReadAction\",\"target\":[\"https:\\\/\\\/rideon.es\\\/renting-particulares\\\/baul-escoger-moto\\\/\"]}]},{\"@type\":\"ImageObject\",\"inLanguage\":\"es\",\"@id\":\"https:\\\/\\\/rideon.es\\\/renting-particulares\\\/baul-escoger-moto\\\/#primaryimage\",\"url\":\"\",\"contentUrl\":\"\"},{\"@type\":\"WebSite\",\"@id\":\"https:\\\/\\\/rideon.es\\\/renting-particulares\\\/#website\",\"url\":\"https:\\\/\\\/rideon.es\\\/renting-particulares\\\/\",\"name\":\"Renting Particulares - Alquiler de motos mensual y Renting para Particulares\",\"description\":\"Las motos m\u00e1s c\u00f3modas y seguras para disfrutar de tus vacaciones sobre ruedas. Alquiler de motos en Menorca, Mallorca, Barcelona y Valencia con Rideon.es\",\"publisher\":{\"@id\":\"https:\\\/\\\/rideon.es\\\/renting-particulares\\\/#organization\"},\"potentialAction\":[{\"@type\":\"SearchAction\",\"target\":{\"@type\":\"EntryPoint\",\"urlTemplate\":\"https:\\\/\\\/rideon.es\\\/renting-particulares\\\/?s={search_term_string}\"},\"query-input\":{\"@type\":\"PropertyValueSpecification\",\"valueRequired\":true,\"valueName\":\"search_term_string\"}}],\"inLanguage\":\"es\"},{\"@type\":\"Organization\",\"@id\":\"https:\\\/\\\/rideon.es\\\/renting-particulares\\\/#organization\",\"name\":\"Renting Particulares - Alquiler de motos mensual y Renting para Particulares\",\"url\":\"https:\\\/\\\/rideon.es\\\/renting-particulares\\\/\",\"logo\":{\"@type\":\"ImageObject\",\"inLanguage\":\"es\",\"@id\":\"https:\\\/\\\/rideon.es\\\/renting-particulares\\\/#\\\/schema\\\/logo\\\/image\\\/\",\"url\":\"https:\\\/\\\/rideon.es\\\/renting-particulares\\\/wp-content\\\/uploads\\\/sites\\\/20\\\/2020\\\/02\\\/rideon_logo-200x78-1.png\",\"contentUrl\":\"https:\\\/\\\/rideon.es\\\/renting-particulares\\\/wp-content\\\/uploads\\\/sites\\\/20\\\/2020\\\/02\\\/rideon_logo-200x78-1.png\",\"width\":200,\"height\":78,\"caption\":\"Renting Particulares - Alquiler de motos mensual y Renting para Particulares\"},\"image\":{\"@id\":\"https:\\\/\\\/rideon.es\\\/renting-particulares\\\/#\\\/schema\\\/logo\\\/image\\\/\"}},{\"@type\":\"Person\",\"@id\":\"https:\\\/\\\/rideon.es\\\/renting-particulares\\\/#\\\/schema\\\/person\\\/48d6770e55c623d929bd20ce295611a7\",\"name\":\"Ride On\",\"image\":{\"@type\":\"ImageObject\",\"inLanguage\":\"es\",\"@id\":\"https:\\\/\\\/secure.gravatar.com\\\/avatar\\\/785e72183089da6a00243c0f0e2d52db79b9983b602219afb07c868943086138?s=96&d=mm&r=g\",\"url\":\"https:\\\/\\\/secure.gravatar.com\\\/avatar\\\/785e72183089da6a00243c0f0e2d52db79b9983b602219afb07c868943086138?s=96&d=mm&r=g\",\"contentUrl\":\"https:\\\/\\\/secure.gravatar.com\\\/avatar\\\/785e72183089da6a00243c0f0e2d52db79b9983b602219afb07c868943086138?s=96&d=mm&r=g\",\"caption\":\"Ride On\"},\"url\":\"https:\\\/\\\/rideon.es\\\/renting-particulares\\\/author\\\/eduardoyauri\\\/\"}]}<\/script>\n<!-- \/ Yoast SEO Premium plugin. -->","yoast_head_json":{"title":"Que Baul escoger para tu moto - Renting Particulares - Alquiler de motos mensual y Renting para Particulares","description":"En Rideon proponemos una peque\u00f1a gu\u00eda de maletas y bolsas adem\u00e1s de algunos consejos para sacar el m\u00e1ximo rendimiento a las maletas de tu scooter.","robots":{"index":"index","follow":"follow","max-snippet":"max-snippet:-1","max-image-preview":"max-image-preview:large","max-video-preview":"max-video-preview:-1"},"canonical":"https:\/\/rideon.es\/renting-particulares\/baul-escoger-moto\/","og_locale":"es_ES","og_type":"article","og_title":"Que Baul escoger para tu moto","og_description":"En Rideon proponemos una peque\u00f1a gu\u00eda de maletas y bolsas adem\u00e1s de algunos consejos para sacar el m\u00e1ximo rendimiento a las maletas de tu scooter.","og_url":"https:\/\/rideon.es\/renting-particulares\/baul-escoger-moto\/","og_site_name":"Renting Particulares - Alquiler de motos mensual y Renting para Particulares","article_published_time":"2017-08-21T11:56:21+00:00","author":"Ride On","twitter_card":"summary_large_image","twitter_misc":{"Escrito por":"Ride On","Tiempo de lectura":"5 minutos"},"schema":{"@context":"https:\/\/schema.org","@graph":[{"@type":"Article","@id":"https:\/\/rideon.es\/renting-particulares\/baul-escoger-moto\/#article","isPartOf":{"@id":"https:\/\/rideon.es\/renting-particulares\/baul-escoger-moto\/"},"author":{"name":"Ride On","@id":"https:\/\/rideon.es\/renting-particulares\/#\/schema\/person\/48d6770e55c623d929bd20ce295611a7"},"headline":"Que Baul escoger para tu moto","datePublished":"2017-08-21T11:56:21+00:00","mainEntityOfPage":{"@id":"https:\/\/rideon.es\/renting-particulares\/baul-escoger-moto\/"},"wordCount":1023,"commentCount":0,"publisher":{"@id":"https:\/\/rideon.es\/renting-particulares\/#organization"},"image":{"@id":"https:\/\/rideon.es\/renting-particulares\/baul-escoger-moto\/#primaryimage"},"thumbnailUrl":"","articleSection":["Barcelona","Consejos"],"inLanguage":"es","potentialAction":[{"@type":"CommentAction","name":"Comment","target":["https:\/\/rideon.es\/renting-particulares\/baul-escoger-moto\/#respond"]}]},{"@type":"WebPage","@id":"https:\/\/rideon.es\/renting-particulares\/baul-escoger-moto\/","url":"https:\/\/rideon.es\/renting-particulares\/baul-escoger-moto\/","name":"Que Baul escoger para tu moto - Renting Particulares - Alquiler de motos mensual y Renting para Particulares","isPartOf":{"@id":"https:\/\/rideon.es\/renting-particulares\/#website"},"primaryImageOfPage":{"@id":"https:\/\/rideon.es\/renting-particulares\/baul-escoger-moto\/#primaryimage"},"image":{"@id":"https:\/\/rideon.es\/renting-particulares\/baul-escoger-moto\/#primaryimage"},"thumbnailUrl":"","datePublished":"2017-08-21T11:56:21+00:00","description":"En Rideon proponemos una peque\u00f1a gu\u00eda de maletas y bolsas adem\u00e1s de algunos consejos para sacar el m\u00e1ximo rendimiento a las maletas de tu scooter.","inLanguage":"es","potentialAction":[{"@type":"ReadAction","target":["https:\/\/rideon.es\/renting-particulares\/baul-escoger-moto\/"]}]},{"@type":"ImageObject","inLanguage":"es","@id":"https:\/\/rideon.es\/renting-particulares\/baul-escoger-moto\/#primaryimage","url":"","contentUrl":""},{"@type":"WebSite","@id":"https:\/\/rideon.es\/renting-particulares\/#website","url":"https:\/\/rideon.es\/renting-particulares\/","name":"Renting Particulares - Alquiler de motos mensual y Renting para Particulares","description":"Las motos m\u00e1s c\u00f3modas y seguras para disfrutar de tus vacaciones sobre ruedas. Alquiler de motos en Menorca, Mallorca, Barcelona y Valencia con Rideon.es","publisher":{"@id":"https:\/\/rideon.es\/renting-particulares\/#organization"},"potentialAction":[{"@type":"SearchAction","target":{"@type":"EntryPoint","urlTemplate":"https:\/\/rideon.es\/renting-particulares\/?s={search_term_string}"},"query-input":{"@type":"PropertyValueSpecification","valueRequired":true,"valueName":"search_term_string"}}],"inLanguage":"es"},{"@type":"Organization","@id":"https:\/\/rideon.es\/renting-particulares\/#organization","name":"Renting Particulares - Alquiler de motos mensual y Renting para Particulares","url":"https:\/\/rideon.es\/renting-particulares\/","logo":{"@type":"ImageObject","inLanguage":"es","@id":"https:\/\/rideon.es\/renting-particulares\/#\/schema\/logo\/image\/","url":"https:\/\/rideon.es\/renting-particulares\/wp-content\/uploads\/sites\/20\/2020\/02\/rideon_logo-200x78-1.png","contentUrl":"https:\/\/rideon.es\/renting-particulares\/wp-content\/uploads\/sites\/20\/2020\/02\/rideon_logo-200x78-1.png","width":200,"height":78,"caption":"Renting Particulares - Alquiler de motos mensual y Renting para Particulares"},"image":{"@id":"https:\/\/rideon.es\/renting-particulares\/#\/schema\/logo\/image\/"}},{"@type":"Person","@id":"https:\/\/rideon.es\/renting-particulares\/#\/schema\/person\/48d6770e55c623d929bd20ce295611a7","name":"Ride On","image":{"@type":"ImageObject","inLanguage":"es","@id":"https:\/\/secure.gravatar.com\/avatar\/785e72183089da6a00243c0f0e2d52db79b9983b602219afb07c868943086138?s=96&d=mm&r=g","url":"https:\/\/secure.gravatar.com\/avatar\/785e72183089da6a00243c0f0e2d52db79b9983b602219afb07c868943086138?s=96&d=mm&r=g","contentUrl":"https:\/\/secure.gravatar.com\/avatar\/785e72183089da6a00243c0f0e2d52db79b9983b602219afb07c868943086138?s=96&d=mm&r=g","caption":"Ride On"},"url":"https:\/\/rideon.es\/renting-particulares\/author\/eduardoyauri\/"}]}},"_links":{"self":[{"href":"https:\/\/rideon.es\/renting-particulares\/wp-json\/wp\/v2\/posts\/2219","targetHints":{"allow":["GET"]}}],"collection":[{"href":"https:\/\/rideon.es\/renting-particulares\/wp-json\/wp\/v2\/posts"}],"about":[{"href":"https:\/\/rideon.es\/renting-particulares\/wp-json\/wp\/v2\/types\/post"}],"author":[{"embeddable":true,"href":"https:\/\/rideon.es\/renting-particulares\/wp-json\/wp\/v2\/users\/2"}],"replies":[{"embeddable":true,"href":"https:\/\/rideon.es\/renting-particulares\/wp-json\/wp\/v2\/comments?post=2219"}],"version-history":[{"count":0,"href":"https:\/\/rideon.es\/renting-particulares\/wp-json\/wp\/v2\/posts\/2219\/revisions"}],"wp:featuredmedia":[{"embeddable":true,"href":"https:\/\/rideon.es\/renting-particulares\/wp-json\/"}],"wp:attachment":[{"href":"https:\/\/rideon.es\/renting-particulares\/wp-json\/wp\/v2\/media?parent=2219"}],"wp:term":[{"taxonomy":"category","embeddable":true,"href":"https:\/\/rideon.es\/renting-particulares\/wp-json\/wp\/v2\/categories?post=2219"},{"taxonomy":"post_tag","embeddable":true,"href":"https:\/\/rideon.es\/renting-particulares\/wp-json\/wp\/v2\/tags?post=2219"}],"curies":[{"name":"wp","href":"https:\/\/api.w.org\/{rel}","templated":true}]}}