{"id":1656,"date":"2017-01-16T14:32:28","date_gmt":"2017-01-16T14:32:28","guid":{"rendered":"https:\/\/rideon.es\/?p=1656"},"modified":"2017-01-16T14:32:28","modified_gmt":"2017-01-16T14:32:28","slug":"descubre-valle-oro","status":"publish","type":"post","link":"https:\/\/rideon.es\/renting-particulares\/descubre-valle-oro\/","title":{"rendered":"Descubre el valle de Oro"},"content":{"rendered":"<h1>Sa vall d\u2019or<\/h1>\n<p>&nbsp;<br \/>\n<span style=\"font-weight: 400\">Sa vall d\u2019or, el valle de oro representa uno de los rincones m\u00e1s emblem\u00e1ticos de la isla, un sitio perfumado por el azahar y con un sinf\u00edn de colores verdes sobre el lienzo viol\u00e1ceo de la sierra de tramuntana. Mallorca es perfecto para ser visitado con el<\/span><a href=\"http:\/\/www.rideonmotorent.com\/alquiler-motos-mallorca\/\"><span style=\"font-weight: 400\"> aquiler moto Mallorca<\/span><\/a><span style=\"font-weight: 400\">.<\/span><br \/>\n<img decoding=\"async\" class=\"img-responsive\" src=\"https:\/\/rideon.es\/wp-content\/uploads\/2017\/01\/valle-de-soller.jpg\" alt=\"el valle de Oro Mallorca\" width=\"100%\" \/><br \/>\n&nbsp;<\/p>\n<h2>Visita Inca<\/h2>\n<p><span style=\"font-weight: 400\">Localizaci\u00f3n: <\/span><a href=\"https:\/\/goo.gl\/maps\/Rwz174vSa472\"><span style=\"font-weight: 400\">https:\/\/goo.gl\/maps\/Rwz174vSa472<\/span><\/a><br \/>\n&nbsp;<br \/>\n<span style=\"font-weight: 400\">Encrespada y soberbia, la sierra protege a la isla de los vientos del norte, algunas de sus crestas obligan a los vientos a frenar su lastre invernal de nieve. A los pies de la sierra se abre la comarca de Es Raiguer. Una zona agr\u00edcola e industrial cuya capital es Inca, famosa en todo el mundo por sus factor\u00edas de zapatos y piel. \u00a0Visita la isla de Mallorca con tu <\/span><a href=\"http:\/\/www.rideonmotorent.com\/\"><span style=\"font-weight: 400\">alquiler motos Mallorca<\/span><\/a><span style=\"font-weight: 400\"> Ride On.<\/span><br \/>\n<img decoding=\"async\" class=\"img-responsive\" src=\"https:\/\/rideon.es\/wp-content\/uploads\/2017\/01\/iglesia-santa-maria-mayor-inca.jpg\" alt=\"Igl\u00e9sia Santa Maria Mayor Inca\" width=\"100%\" \/><br \/>\n&nbsp;<br \/>\n<span style=\"font-weight: 400\">Marcas como Camper, Barrats, Lottusse, George\u2019s, Farrutx, Munper, Asinca, etc, se encuentran situadas en ella. El mercado semanal del jueves tiene cierta fama, y una vez al a\u00f1o se celebra el denominado Dijous Bo (Jueves Bueno), un mercado que atrae gentes de toda la isla y en el que diversas empresas aprovechan para exponer sus productos. A \u00e9ste le precede el denominado Dimecres Bo (Mi\u00e9rcoles Bueno), durante el cual se realizan diversas actividades como conciertos u otros eventos de car\u00e1cter festivo. Visita el Mallorca con tu <\/span><a href=\"http:\/\/www.rideonmotorent.com\/alquiler-motos-mallorca\/\"><span style=\"font-weight: 400\">alquiler moto Mallorca<\/span><\/a><span style=\"font-weight: 400\"> Rideon.<\/span><br \/>\n<img decoding=\"async\" class=\"img-responsive\" src=\"https:\/\/rideon.es\/wp-content\/uploads\/2017\/01\/inca-mallorca.jpg\" alt=\"Visita Inca\" width=\"100%\" \/><br \/>\n&nbsp;<br \/>\n<b>Sineu<\/b><br \/>\n<span style=\"font-weight: 400\">Localizaci\u00f3n: <\/span><a href=\"https:\/\/goo.gl\/maps\/XCrMJfduMsP2\"><span style=\"font-weight: 400\">https:\/\/goo.gl\/maps\/XCrMJfduMsP2<\/span><\/a><br \/>\n&nbsp;<br \/>\n<span style=\"font-weight: 400\">Al lado de Inca se encuentra el coraz\u00f3n agr\u00edcola de Mallorca, en una geograf\u00eda suave y acogedor, \u00a0se encuentra en un llano central sobre la que se disponen pueblos tradicionales y poblaciones perdidas en las que la vida no es muy distinta de hace unos siglos atr\u00e1s. Es por ejemplo el caso de Sineu.<\/span><br \/>\n<img decoding=\"async\" class=\"img-responsive\" src=\"https:\/\/rideon.es\/wp-content\/uploads\/2017\/01\/Sineu-Mallorca.jpg\" alt=\"Visita Sineu en Mallorca\" width=\"100%\" \/><br \/>\n&nbsp;<br \/>\n<span style=\"font-weight: 400\">A pesar del turismo, este enorme llano ha sabido preservar intactas las tradiciones de la Mallorca interior, elegante y severa. El edificio m\u00e1s relevante de Sineu es la iglesia parroquial de Santa Mar\u00eda de Sineu. La iglesia (ya documentada en el a\u00f1o 1248) sufri\u00f3 un terrible incendio en el a\u00f1o 1505, hecho que provoc\u00f3 la construcci\u00f3n de un nuevo templo de estilo g\u00f3tico como el anterior. Visita Sineu con tu <\/span><a href=\"http:\/\/www.rideonmotorent.com\/alquiler-motos-mallorca\/\"><span style=\"font-weight: 400\">alquiler moto Mallorca<\/span><\/a><span style=\"font-weight: 400\"> Rideon.<\/span><br \/>\n<img decoding=\"async\" class=\"img-responsive\" src=\"https:\/\/rideon.es\/wp-content\/uploads\/2017\/01\/iglesia-gotica-santa-Mar\u00eda-sineu-Mallorca.jpg\" alt=\"Igl\u00e9sia g\u00f3tica de Santa Maria Sineu Mallorca\" width=\"100%\" \/><br \/>\n&nbsp;<br \/>\n<span style=\"font-weight: 400\">En los a\u00f1os 1880 y 1881 se realizaron una serie de obras de ampliaci\u00f3n: estas obras aportaron el crucero, una gran c\u00fapula estrellada de base octogonal y un nuevo cabecero.<\/span><br \/>\n<span style=\"font-weight: 400\">Sineu, como el resto de pueblos del Pla de Mallorca, ha tenido siempre una econom\u00eda basada el mundo de la agricultura. De hecho, el mercado semanal de los mi\u00e9rcoles y la feria anual demuestran la importancia hist\u00f3rica del campo en la econom\u00eda sineuera.<\/span><br \/>\n<img decoding=\"async\" class=\"img-responsive\" src=\"https:\/\/rideon.es\/wp-content\/uploads\/2017\/01\/mercado-en-sineu-mallorca.jpg\" alt=\"Mercado semanal en Sineu\" width=\"100%\" \/><br \/>\n&nbsp;<br \/>\n<span style=\"font-weight: 400\">La econom\u00eda del pueblo tambi\u00e9n se ha caracterizado por una notable actividad industrial (\u00abmenestrals\u00bb), especialmente en las \u00faltimas d\u00e9cadas; actualmente Sineu trabaja el hierro, la madera, el aluminio&#8230; <\/span><br \/>\n&nbsp;<br \/>\n<span style=\"font-weight: 400\">Para m\u00e1s informaci\u00f3n visiten nuestro <\/span><a href=\"https:\/\/rideon.es\/mallorca\/\"><span style=\"font-weight: 400\">Blog de informaci\u00f3n Tur\u00edstica a Mallorca<\/span><\/a><span style=\"font-weight: 400\">, para reservas online de motos de alquiler Mallorca pueden visitar nuestra web <\/span><a href=\"https:\/\/rideon.es\/\"><span style=\"font-weight: 400\">www.rideonmotorent.com<\/span><\/a><br \/>\n&nbsp;<\/p>\n","protected":false},"excerpt":{"rendered":"<p>Sa vall d\u2019or &nbsp; Sa vall d\u2019or, el valle de oro representa uno de los rincones m\u00e1s emblem\u00e1ticos de la isla, un sitio perfumado por el azahar y con un sinf\u00edn de colores verdes sobre el lienzo viol\u00e1ceo de la sierra de tramuntana. Mallorca es perfecto para ser visitado con el aquiler moto Mallorca. &nbsp;<\/p>\n","protected":false},"author":2,"featured_media":1663,"comment_status":"open","ping_status":"closed","sticky":false,"template":"","format":"standard","meta":{"inline_featured_image":false,"footnotes":""},"categories":[12,11],"tags":[],"class_list":["post-1656","post","type-post","status-publish","format-standard","has-post-thumbnail","hentry","category-blog","category-mallorca"],"yoast_head":"<!-- This site is optimized with the Yoast SEO Premium plugin v18.7 (Yoast SEO v27.5) - https:\/\/yoast.com\/product\/yoast-seo-premium-wordpress\/ -->\n<title>Descubre el valle de Oro - Renting Particulares - Alquiler de motos mensual y Renting para Particulares<\/title>\n<meta name=\"description\" content=\"Sa vall d\u2019or o el valle de oro representa uno de los rincones m\u00e1s emblem\u00e1ticos de la isla, descubre la Mallorca m\u00e1s rural en Inca y Sineu con Ride On.\" \/>\n<meta name=\"robots\" content=\"index, follow, max-snippet:-1, max-image-preview:large, max-video-preview:-1\" \/>\n<link rel=\"canonical\" href=\"https:\/\/rideon.es\/renting-particulares\/descubre-valle-oro\/\" \/>\n<meta property=\"og:locale\" content=\"es_ES\" \/>\n<meta property=\"og:type\" content=\"article\" \/>\n<meta property=\"og:title\" content=\"Descubre el valle de Oro\" \/>\n<meta property=\"og:description\" content=\"Sa vall d\u2019or o el valle de oro representa uno de los rincones m\u00e1s emblem\u00e1ticos de la isla, descubre la Mallorca m\u00e1s rural en Inca y Sineu con Ride On.\" \/>\n<meta property=\"og:url\" content=\"https:\/\/rideon.es\/renting-particulares\/descubre-valle-oro\/\" \/>\n<meta property=\"og:site_name\" content=\"Renting Particulares - Alquiler de motos mensual y Renting para Particulares\" \/>\n<meta property=\"article:published_time\" content=\"2017-01-16T14:32:28+00:00\" \/>\n<meta name=\"author\" content=\"Ride On\" \/>\n<meta name=\"twitter:card\" content=\"summary_large_image\" \/>\n<meta name=\"twitter:label1\" content=\"Escrito por\" \/>\n\t<meta name=\"twitter:data1\" content=\"Ride On\" \/>\n\t<meta name=\"twitter:label2\" content=\"Tiempo de lectura\" \/>\n\t<meta name=\"twitter:data2\" content=\"3 minutos\" \/>\n<script type=\"application\/ld+json\" class=\"yoast-schema-graph\">{\"@context\":\"https:\\\/\\\/schema.org\",\"@graph\":[{\"@type\":\"Article\",\"@id\":\"https:\\\/\\\/rideon.es\\\/renting-particulares\\\/descubre-valle-oro\\\/#article\",\"isPartOf\":{\"@id\":\"https:\\\/\\\/rideon.es\\\/renting-particulares\\\/descubre-valle-oro\\\/\"},\"author\":{\"name\":\"Ride On\",\"@id\":\"https:\\\/\\\/rideon.es\\\/renting-particulares\\\/#\\\/schema\\\/person\\\/48d6770e55c623d929bd20ce295611a7\"},\"headline\":\"Descubre el valle de Oro\",\"datePublished\":\"2017-01-16T14:32:28+00:00\",\"mainEntityOfPage\":{\"@id\":\"https:\\\/\\\/rideon.es\\\/renting-particulares\\\/descubre-valle-oro\\\/\"},\"wordCount\":539,\"commentCount\":0,\"publisher\":{\"@id\":\"https:\\\/\\\/rideon.es\\\/renting-particulares\\\/#organization\"},\"image\":{\"@id\":\"https:\\\/\\\/rideon.es\\\/renting-particulares\\\/descubre-valle-oro\\\/#primaryimage\"},\"thumbnailUrl\":\"\",\"articleSection\":[\"Blog\",\"Mallorca\"],\"inLanguage\":\"es\",\"potentialAction\":[{\"@type\":\"CommentAction\",\"name\":\"Comment\",\"target\":[\"https:\\\/\\\/rideon.es\\\/renting-particulares\\\/descubre-valle-oro\\\/#respond\"]}]},{\"@type\":\"WebPage\",\"@id\":\"https:\\\/\\\/rideon.es\\\/renting-particulares\\\/descubre-valle-oro\\\/\",\"url\":\"https:\\\/\\\/rideon.es\\\/renting-particulares\\\/descubre-valle-oro\\\/\",\"name\":\"Descubre el valle de Oro - Renting Particulares - Alquiler de motos mensual y Renting para Particulares\",\"isPartOf\":{\"@id\":\"https:\\\/\\\/rideon.es\\\/renting-particulares\\\/#website\"},\"primaryImageOfPage\":{\"@id\":\"https:\\\/\\\/rideon.es\\\/renting-particulares\\\/descubre-valle-oro\\\/#primaryimage\"},\"image\":{\"@id\":\"https:\\\/\\\/rideon.es\\\/renting-particulares\\\/descubre-valle-oro\\\/#primaryimage\"},\"thumbnailUrl\":\"\",\"datePublished\":\"2017-01-16T14:32:28+00:00\",\"description\":\"Sa vall d\u2019or o el valle de oro representa uno de los rincones m\u00e1s emblem\u00e1ticos de la isla, descubre la Mallorca m\u00e1s rural en Inca y Sineu con Ride On.\",\"inLanguage\":\"es\",\"potentialAction\":[{\"@type\":\"ReadAction\",\"target\":[\"https:\\\/\\\/rideon.es\\\/renting-particulares\\\/descubre-valle-oro\\\/\"]}]},{\"@type\":\"ImageObject\",\"inLanguage\":\"es\",\"@id\":\"https:\\\/\\\/rideon.es\\\/renting-particulares\\\/descubre-valle-oro\\\/#primaryimage\",\"url\":\"\",\"contentUrl\":\"\"},{\"@type\":\"WebSite\",\"@id\":\"https:\\\/\\\/rideon.es\\\/renting-particulares\\\/#website\",\"url\":\"https:\\\/\\\/rideon.es\\\/renting-particulares\\\/\",\"name\":\"Renting Particulares - Alquiler de motos mensual y Renting para Particulares\",\"description\":\"Las motos m\u00e1s c\u00f3modas y seguras para disfrutar de tus vacaciones sobre ruedas. Alquiler de motos en Menorca, Mallorca, Barcelona y Valencia con Rideon.es\",\"publisher\":{\"@id\":\"https:\\\/\\\/rideon.es\\\/renting-particulares\\\/#organization\"},\"potentialAction\":[{\"@type\":\"SearchAction\",\"target\":{\"@type\":\"EntryPoint\",\"urlTemplate\":\"https:\\\/\\\/rideon.es\\\/renting-particulares\\\/?s={search_term_string}\"},\"query-input\":{\"@type\":\"PropertyValueSpecification\",\"valueRequired\":true,\"valueName\":\"search_term_string\"}}],\"inLanguage\":\"es\"},{\"@type\":\"Organization\",\"@id\":\"https:\\\/\\\/rideon.es\\\/renting-particulares\\\/#organization\",\"name\":\"Renting Particulares - Alquiler de motos mensual y Renting para Particulares\",\"url\":\"https:\\\/\\\/rideon.es\\\/renting-particulares\\\/\",\"logo\":{\"@type\":\"ImageObject\",\"inLanguage\":\"es\",\"@id\":\"https:\\\/\\\/rideon.es\\\/renting-particulares\\\/#\\\/schema\\\/logo\\\/image\\\/\",\"url\":\"https:\\\/\\\/rideon.es\\\/renting-particulares\\\/wp-content\\\/uploads\\\/sites\\\/20\\\/2020\\\/02\\\/rideon_logo-200x78-1.png\",\"contentUrl\":\"https:\\\/\\\/rideon.es\\\/renting-particulares\\\/wp-content\\\/uploads\\\/sites\\\/20\\\/2020\\\/02\\\/rideon_logo-200x78-1.png\",\"width\":200,\"height\":78,\"caption\":\"Renting Particulares - Alquiler de motos mensual y Renting para Particulares\"},\"image\":{\"@id\":\"https:\\\/\\\/rideon.es\\\/renting-particulares\\\/#\\\/schema\\\/logo\\\/image\\\/\"}},{\"@type\":\"Person\",\"@id\":\"https:\\\/\\\/rideon.es\\\/renting-particulares\\\/#\\\/schema\\\/person\\\/48d6770e55c623d929bd20ce295611a7\",\"name\":\"Ride On\",\"image\":{\"@type\":\"ImageObject\",\"inLanguage\":\"es\",\"@id\":\"https:\\\/\\\/secure.gravatar.com\\\/avatar\\\/785e72183089da6a00243c0f0e2d52db79b9983b602219afb07c868943086138?s=96&d=mm&r=g\",\"url\":\"https:\\\/\\\/secure.gravatar.com\\\/avatar\\\/785e72183089da6a00243c0f0e2d52db79b9983b602219afb07c868943086138?s=96&d=mm&r=g\",\"contentUrl\":\"https:\\\/\\\/secure.gravatar.com\\\/avatar\\\/785e72183089da6a00243c0f0e2d52db79b9983b602219afb07c868943086138?s=96&d=mm&r=g\",\"caption\":\"Ride On\"},\"url\":\"https:\\\/\\\/rideon.es\\\/renting-particulares\\\/author\\\/eduardoyauri\\\/\"}]}<\/script>\n<!-- \/ Yoast SEO Premium plugin. -->","yoast_head_json":{"title":"Descubre el valle de Oro - Renting Particulares - Alquiler de motos mensual y Renting para Particulares","description":"Sa vall d\u2019or o el valle de oro representa uno de los rincones m\u00e1s emblem\u00e1ticos de la isla, descubre la Mallorca m\u00e1s rural en Inca y Sineu con Ride On.","robots":{"index":"index","follow":"follow","max-snippet":"max-snippet:-1","max-image-preview":"max-image-preview:large","max-video-preview":"max-video-preview:-1"},"canonical":"https:\/\/rideon.es\/renting-particulares\/descubre-valle-oro\/","og_locale":"es_ES","og_type":"article","og_title":"Descubre el valle de Oro","og_description":"Sa vall d\u2019or o el valle de oro representa uno de los rincones m\u00e1s emblem\u00e1ticos de la isla, descubre la Mallorca m\u00e1s rural en Inca y Sineu con Ride On.","og_url":"https:\/\/rideon.es\/renting-particulares\/descubre-valle-oro\/","og_site_name":"Renting Particulares - Alquiler de motos mensual y Renting para Particulares","article_published_time":"2017-01-16T14:32:28+00:00","author":"Ride On","twitter_card":"summary_large_image","twitter_misc":{"Escrito por":"Ride On","Tiempo de lectura":"3 minutos"},"schema":{"@context":"https:\/\/schema.org","@graph":[{"@type":"Article","@id":"https:\/\/rideon.es\/renting-particulares\/descubre-valle-oro\/#article","isPartOf":{"@id":"https:\/\/rideon.es\/renting-particulares\/descubre-valle-oro\/"},"author":{"name":"Ride On","@id":"https:\/\/rideon.es\/renting-particulares\/#\/schema\/person\/48d6770e55c623d929bd20ce295611a7"},"headline":"Descubre el valle de Oro","datePublished":"2017-01-16T14:32:28+00:00","mainEntityOfPage":{"@id":"https:\/\/rideon.es\/renting-particulares\/descubre-valle-oro\/"},"wordCount":539,"commentCount":0,"publisher":{"@id":"https:\/\/rideon.es\/renting-particulares\/#organization"},"image":{"@id":"https:\/\/rideon.es\/renting-particulares\/descubre-valle-oro\/#primaryimage"},"thumbnailUrl":"","articleSection":["Blog","Mallorca"],"inLanguage":"es","potentialAction":[{"@type":"CommentAction","name":"Comment","target":["https:\/\/rideon.es\/renting-particulares\/descubre-valle-oro\/#respond"]}]},{"@type":"WebPage","@id":"https:\/\/rideon.es\/renting-particulares\/descubre-valle-oro\/","url":"https:\/\/rideon.es\/renting-particulares\/descubre-valle-oro\/","name":"Descubre el valle de Oro - Renting Particulares - Alquiler de motos mensual y Renting para Particulares","isPartOf":{"@id":"https:\/\/rideon.es\/renting-particulares\/#website"},"primaryImageOfPage":{"@id":"https:\/\/rideon.es\/renting-particulares\/descubre-valle-oro\/#primaryimage"},"image":{"@id":"https:\/\/rideon.es\/renting-particulares\/descubre-valle-oro\/#primaryimage"},"thumbnailUrl":"","datePublished":"2017-01-16T14:32:28+00:00","description":"Sa vall d\u2019or o el valle de oro representa uno de los rincones m\u00e1s emblem\u00e1ticos de la isla, descubre la Mallorca m\u00e1s rural en Inca y Sineu con Ride On.","inLanguage":"es","potentialAction":[{"@type":"ReadAction","target":["https:\/\/rideon.es\/renting-particulares\/descubre-valle-oro\/"]}]},{"@type":"ImageObject","inLanguage":"es","@id":"https:\/\/rideon.es\/renting-particulares\/descubre-valle-oro\/#primaryimage","url":"","contentUrl":""},{"@type":"WebSite","@id":"https:\/\/rideon.es\/renting-particulares\/#website","url":"https:\/\/rideon.es\/renting-particulares\/","name":"Renting Particulares - Alquiler de motos mensual y Renting para Particulares","description":"Las motos m\u00e1s c\u00f3modas y seguras para disfrutar de tus vacaciones sobre ruedas. Alquiler de motos en Menorca, Mallorca, Barcelona y Valencia con Rideon.es","publisher":{"@id":"https:\/\/rideon.es\/renting-particulares\/#organization"},"potentialAction":[{"@type":"SearchAction","target":{"@type":"EntryPoint","urlTemplate":"https:\/\/rideon.es\/renting-particulares\/?s={search_term_string}"},"query-input":{"@type":"PropertyValueSpecification","valueRequired":true,"valueName":"search_term_string"}}],"inLanguage":"es"},{"@type":"Organization","@id":"https:\/\/rideon.es\/renting-particulares\/#organization","name":"Renting Particulares - Alquiler de motos mensual y Renting para Particulares","url":"https:\/\/rideon.es\/renting-particulares\/","logo":{"@type":"ImageObject","inLanguage":"es","@id":"https:\/\/rideon.es\/renting-particulares\/#\/schema\/logo\/image\/","url":"https:\/\/rideon.es\/renting-particulares\/wp-content\/uploads\/sites\/20\/2020\/02\/rideon_logo-200x78-1.png","contentUrl":"https:\/\/rideon.es\/renting-particulares\/wp-content\/uploads\/sites\/20\/2020\/02\/rideon_logo-200x78-1.png","width":200,"height":78,"caption":"Renting Particulares - Alquiler de motos mensual y Renting para Particulares"},"image":{"@id":"https:\/\/rideon.es\/renting-particulares\/#\/schema\/logo\/image\/"}},{"@type":"Person","@id":"https:\/\/rideon.es\/renting-particulares\/#\/schema\/person\/48d6770e55c623d929bd20ce295611a7","name":"Ride On","image":{"@type":"ImageObject","inLanguage":"es","@id":"https:\/\/secure.gravatar.com\/avatar\/785e72183089da6a00243c0f0e2d52db79b9983b602219afb07c868943086138?s=96&d=mm&r=g","url":"https:\/\/secure.gravatar.com\/avatar\/785e72183089da6a00243c0f0e2d52db79b9983b602219afb07c868943086138?s=96&d=mm&r=g","contentUrl":"https:\/\/secure.gravatar.com\/avatar\/785e72183089da6a00243c0f0e2d52db79b9983b602219afb07c868943086138?s=96&d=mm&r=g","caption":"Ride On"},"url":"https:\/\/rideon.es\/renting-particulares\/author\/eduardoyauri\/"}]}},"_links":{"self":[{"href":"https:\/\/rideon.es\/renting-particulares\/wp-json\/wp\/v2\/posts\/1656","targetHints":{"allow":["GET"]}}],"collection":[{"href":"https:\/\/rideon.es\/renting-particulares\/wp-json\/wp\/v2\/posts"}],"about":[{"href":"https:\/\/rideon.es\/renting-particulares\/wp-json\/wp\/v2\/types\/post"}],"author":[{"embeddable":true,"href":"https:\/\/rideon.es\/renting-particulares\/wp-json\/wp\/v2\/users\/2"}],"replies":[{"embeddable":true,"href":"https:\/\/rideon.es\/renting-particulares\/wp-json\/wp\/v2\/comments?post=1656"}],"version-history":[{"count":0,"href":"https:\/\/rideon.es\/renting-particulares\/wp-json\/wp\/v2\/posts\/1656\/revisions"}],"wp:featuredmedia":[{"embeddable":true,"href":"https:\/\/rideon.es\/renting-particulares\/wp-json\/"}],"wp:attachment":[{"href":"https:\/\/rideon.es\/renting-particulares\/wp-json\/wp\/v2\/media?parent=1656"}],"wp:term":[{"taxonomy":"category","embeddable":true,"href":"https:\/\/rideon.es\/renting-particulares\/wp-json\/wp\/v2\/categories?post=1656"},{"taxonomy":"post_tag","embeddable":true,"href":"https:\/\/rideon.es\/renting-particulares\/wp-json\/wp\/v2\/tags?post=1656"}],"curies":[{"name":"wp","href":"https:\/\/api.w.org\/{rel}","templated":true}]}}