{"id":1252,"date":"2016-11-10T13:21:51","date_gmt":"2016-11-10T13:21:51","guid":{"rendered":"https:\/\/rideon.es\/?p=1252"},"modified":"2016-11-10T13:21:51","modified_gmt":"2016-11-10T13:21:51","slug":"las-mejores-playas-de-menorca","status":"publish","type":"post","link":"https:\/\/rideon.es\/renting-particulares\/las-mejores-playas-de-menorca\/","title":{"rendered":"Las mejores playas de Menorca"},"content":{"rendered":"<h2>Las mejores playas de Menorca<\/h2>\n<p>Todos los turistas que viajan a Menorca quieren saber cu\u00e1les son las mejores playas de Menorca. Pues aqu\u00ed hemos hecho el listado de las 10 mejores, as\u00ed de f\u00e1cil. Aunque el gusto es un criterio muy subjetivo, te garantizo que ninguna de estas playas puede decepcionarte.<br \/>\n<span class=\"TextRun SCX86874302\" xml:lang=\"ES-ES\"><span class=\"NormalTextRun SCX86874302\">Las playas del Sur de Menorca son muy distintas a las de la costa Norte. El aspecto de la costa meridional es una mezcla perfecta entre amplias playas de fina arena blanca y peque\u00f1as calas de aguas turquesa en entornos v\u00edrgenes de gran belleza. El acceso a las playas del Sur de <\/span><\/span><a class=\"Hyperlink SCX86874302\" href=\"http:\/\/menorcaenmoto.com\/\"><span class=\"TextRun Underlined SCX86874302\" xml:lang=\"ES-ES\"><span class=\"NormalTextRun SCX86874302\">Menorca en moto<\/span><\/span><\/a><span class=\"TextRun SCX86874302\" xml:lang=\"ES-ES\"><span class=\"NormalTextRun SCX86874302\"> es bastante sencillo, aunque para llegar a las calas m\u00e1s v\u00edrgenes y aisladas ser\u00e1 necesario aparcar el veh\u00edculo y realizar parte del camino a pie.<\/span><\/span><\/p>\n","protected":false},"excerpt":{"rendered":"<p>Las mejores playas de Menorca Todos los turistas que viajan a Menorca quieren saber cu\u00e1les son las mejores playas de Menorca. Pues aqu\u00ed hemos hecho el listado de las 10 mejores, as\u00ed de f\u00e1cil. Aunque el gusto es un criterio muy subjetivo, te garantizo que ninguna de estas playas puede decepcionarte. Las playas del Sur<\/p>\n","protected":false},"author":2,"featured_media":1253,"comment_status":"open","ping_status":"closed","sticky":false,"template":"","format":"standard","meta":{"inline_featured_image":false,"footnotes":""},"categories":[14],"tags":[],"class_list":["post-1252","post","type-post","status-publish","format-standard","has-post-thumbnail","hentry","category-menorca"],"yoast_head":"<!-- This site is optimized with the Yoast SEO Premium plugin v18.7 (Yoast SEO v27.5) - https:\/\/yoast.com\/product\/yoast-seo-premium-wordpress\/ -->\n<title>Las mejores playas de Menorca - Renting Particulares - Alquiler de motos mensual y Renting para Particulares<\/title>\n<meta name=\"robots\" content=\"index, follow, max-snippet:-1, max-image-preview:large, max-video-preview:-1\" \/>\n<link rel=\"canonical\" href=\"https:\/\/rideon.es\/renting-particulares\/las-mejores-playas-de-menorca\/\" \/>\n<meta property=\"og:locale\" content=\"es_ES\" \/>\n<meta property=\"og:type\" content=\"article\" \/>\n<meta property=\"og:title\" content=\"Las mejores playas de Menorca\" \/>\n<meta property=\"og:description\" content=\"Las mejores playas de Menorca Todos los turistas que viajan a Menorca quieren saber cu\u00e1les son las mejores playas de Menorca. Pues aqu\u00ed hemos hecho el listado de las 10 mejores, as\u00ed de f\u00e1cil. Aunque el gusto es un criterio muy subjetivo, te garantizo que ninguna de estas playas puede decepcionarte. Las playas del Sur\" \/>\n<meta property=\"og:url\" content=\"https:\/\/rideon.es\/renting-particulares\/las-mejores-playas-de-menorca\/\" \/>\n<meta property=\"og:site_name\" content=\"Renting Particulares - Alquiler de motos mensual y Renting para Particulares\" \/>\n<meta property=\"article:published_time\" content=\"2016-11-10T13:21:51+00:00\" \/>\n<meta name=\"author\" content=\"Ride On\" \/>\n<meta name=\"twitter:card\" content=\"summary_large_image\" \/>\n<meta name=\"twitter:label1\" content=\"Escrito por\" \/>\n\t<meta name=\"twitter:data1\" content=\"Ride On\" \/>\n\t<meta name=\"twitter:label2\" content=\"Tiempo de lectura\" \/>\n\t<meta name=\"twitter:data2\" content=\"1 minuto\" \/>\n<script type=\"application\/ld+json\" class=\"yoast-schema-graph\">{\"@context\":\"https:\\\/\\\/schema.org\",\"@graph\":[{\"@type\":\"Article\",\"@id\":\"https:\\\/\\\/rideon.es\\\/renting-particulares\\\/las-mejores-playas-de-menorca\\\/#article\",\"isPartOf\":{\"@id\":\"https:\\\/\\\/rideon.es\\\/renting-particulares\\\/las-mejores-playas-de-menorca\\\/\"},\"author\":{\"name\":\"Ride On\",\"@id\":\"https:\\\/\\\/rideon.es\\\/renting-particulares\\\/#\\\/schema\\\/person\\\/48d6770e55c623d929bd20ce295611a7\"},\"headline\":\"Las mejores playas de Menorca\",\"datePublished\":\"2016-11-10T13:21:51+00:00\",\"mainEntityOfPage\":{\"@id\":\"https:\\\/\\\/rideon.es\\\/renting-particulares\\\/las-mejores-playas-de-menorca\\\/\"},\"wordCount\":142,\"commentCount\":0,\"publisher\":{\"@id\":\"https:\\\/\\\/rideon.es\\\/renting-particulares\\\/#organization\"},\"image\":{\"@id\":\"https:\\\/\\\/rideon.es\\\/renting-particulares\\\/las-mejores-playas-de-menorca\\\/#primaryimage\"},\"thumbnailUrl\":\"\",\"articleSection\":[\"Menorca\"],\"inLanguage\":\"es\",\"potentialAction\":[{\"@type\":\"CommentAction\",\"name\":\"Comment\",\"target\":[\"https:\\\/\\\/rideon.es\\\/renting-particulares\\\/las-mejores-playas-de-menorca\\\/#respond\"]}]},{\"@type\":\"WebPage\",\"@id\":\"https:\\\/\\\/rideon.es\\\/renting-particulares\\\/las-mejores-playas-de-menorca\\\/\",\"url\":\"https:\\\/\\\/rideon.es\\\/renting-particulares\\\/las-mejores-playas-de-menorca\\\/\",\"name\":\"Las mejores playas de Menorca - Renting Particulares - Alquiler de motos mensual y Renting para Particulares\",\"isPartOf\":{\"@id\":\"https:\\\/\\\/rideon.es\\\/renting-particulares\\\/#website\"},\"primaryImageOfPage\":{\"@id\":\"https:\\\/\\\/rideon.es\\\/renting-particulares\\\/las-mejores-playas-de-menorca\\\/#primaryimage\"},\"image\":{\"@id\":\"https:\\\/\\\/rideon.es\\\/renting-particulares\\\/las-mejores-playas-de-menorca\\\/#primaryimage\"},\"thumbnailUrl\":\"\",\"datePublished\":\"2016-11-10T13:21:51+00:00\",\"inLanguage\":\"es\",\"potentialAction\":[{\"@type\":\"ReadAction\",\"target\":[\"https:\\\/\\\/rideon.es\\\/renting-particulares\\\/las-mejores-playas-de-menorca\\\/\"]}]},{\"@type\":\"ImageObject\",\"inLanguage\":\"es\",\"@id\":\"https:\\\/\\\/rideon.es\\\/renting-particulares\\\/las-mejores-playas-de-menorca\\\/#primaryimage\",\"url\":\"\",\"contentUrl\":\"\"},{\"@type\":\"WebSite\",\"@id\":\"https:\\\/\\\/rideon.es\\\/renting-particulares\\\/#website\",\"url\":\"https:\\\/\\\/rideon.es\\\/renting-particulares\\\/\",\"name\":\"Renting Particulares - Alquiler de motos mensual y Renting para Particulares\",\"description\":\"Las motos m\u00e1s c\u00f3modas y seguras para disfrutar de tus vacaciones sobre ruedas. Alquiler de motos en Menorca, Mallorca, Barcelona y Valencia con Rideon.es\",\"publisher\":{\"@id\":\"https:\\\/\\\/rideon.es\\\/renting-particulares\\\/#organization\"},\"potentialAction\":[{\"@type\":\"SearchAction\",\"target\":{\"@type\":\"EntryPoint\",\"urlTemplate\":\"https:\\\/\\\/rideon.es\\\/renting-particulares\\\/?s={search_term_string}\"},\"query-input\":{\"@type\":\"PropertyValueSpecification\",\"valueRequired\":true,\"valueName\":\"search_term_string\"}}],\"inLanguage\":\"es\"},{\"@type\":\"Organization\",\"@id\":\"https:\\\/\\\/rideon.es\\\/renting-particulares\\\/#organization\",\"name\":\"Renting Particulares - Alquiler de motos mensual y Renting para Particulares\",\"url\":\"https:\\\/\\\/rideon.es\\\/renting-particulares\\\/\",\"logo\":{\"@type\":\"ImageObject\",\"inLanguage\":\"es\",\"@id\":\"https:\\\/\\\/rideon.es\\\/renting-particulares\\\/#\\\/schema\\\/logo\\\/image\\\/\",\"url\":\"https:\\\/\\\/rideon.es\\\/renting-particulares\\\/wp-content\\\/uploads\\\/sites\\\/20\\\/2020\\\/02\\\/rideon_logo-200x78-1.png\",\"contentUrl\":\"https:\\\/\\\/rideon.es\\\/renting-particulares\\\/wp-content\\\/uploads\\\/sites\\\/20\\\/2020\\\/02\\\/rideon_logo-200x78-1.png\",\"width\":200,\"height\":78,\"caption\":\"Renting Particulares - Alquiler de motos mensual y Renting para Particulares\"},\"image\":{\"@id\":\"https:\\\/\\\/rideon.es\\\/renting-particulares\\\/#\\\/schema\\\/logo\\\/image\\\/\"}},{\"@type\":\"Person\",\"@id\":\"https:\\\/\\\/rideon.es\\\/renting-particulares\\\/#\\\/schema\\\/person\\\/48d6770e55c623d929bd20ce295611a7\",\"name\":\"Ride On\",\"image\":{\"@type\":\"ImageObject\",\"inLanguage\":\"es\",\"@id\":\"https:\\\/\\\/secure.gravatar.com\\\/avatar\\\/785e72183089da6a00243c0f0e2d52db79b9983b602219afb07c868943086138?s=96&d=mm&r=g\",\"url\":\"https:\\\/\\\/secure.gravatar.com\\\/avatar\\\/785e72183089da6a00243c0f0e2d52db79b9983b602219afb07c868943086138?s=96&d=mm&r=g\",\"contentUrl\":\"https:\\\/\\\/secure.gravatar.com\\\/avatar\\\/785e72183089da6a00243c0f0e2d52db79b9983b602219afb07c868943086138?s=96&d=mm&r=g\",\"caption\":\"Ride On\"},\"url\":\"https:\\\/\\\/rideon.es\\\/renting-particulares\\\/author\\\/eduardoyauri\\\/\"}]}<\/script>\n<!-- \/ Yoast SEO Premium plugin. -->","yoast_head_json":{"title":"Las mejores playas de Menorca - Renting Particulares - Alquiler de motos mensual y Renting para Particulares","robots":{"index":"index","follow":"follow","max-snippet":"max-snippet:-1","max-image-preview":"max-image-preview:large","max-video-preview":"max-video-preview:-1"},"canonical":"https:\/\/rideon.es\/renting-particulares\/las-mejores-playas-de-menorca\/","og_locale":"es_ES","og_type":"article","og_title":"Las mejores playas de Menorca","og_description":"Las mejores playas de Menorca Todos los turistas que viajan a Menorca quieren saber cu\u00e1les son las mejores playas de Menorca. Pues aqu\u00ed hemos hecho el listado de las 10 mejores, as\u00ed de f\u00e1cil. Aunque el gusto es un criterio muy subjetivo, te garantizo que ninguna de estas playas puede decepcionarte. Las playas del Sur","og_url":"https:\/\/rideon.es\/renting-particulares\/las-mejores-playas-de-menorca\/","og_site_name":"Renting Particulares - Alquiler de motos mensual y Renting para Particulares","article_published_time":"2016-11-10T13:21:51+00:00","author":"Ride On","twitter_card":"summary_large_image","twitter_misc":{"Escrito por":"Ride On","Tiempo de lectura":"1 minuto"},"schema":{"@context":"https:\/\/schema.org","@graph":[{"@type":"Article","@id":"https:\/\/rideon.es\/renting-particulares\/las-mejores-playas-de-menorca\/#article","isPartOf":{"@id":"https:\/\/rideon.es\/renting-particulares\/las-mejores-playas-de-menorca\/"},"author":{"name":"Ride On","@id":"https:\/\/rideon.es\/renting-particulares\/#\/schema\/person\/48d6770e55c623d929bd20ce295611a7"},"headline":"Las mejores playas de Menorca","datePublished":"2016-11-10T13:21:51+00:00","mainEntityOfPage":{"@id":"https:\/\/rideon.es\/renting-particulares\/las-mejores-playas-de-menorca\/"},"wordCount":142,"commentCount":0,"publisher":{"@id":"https:\/\/rideon.es\/renting-particulares\/#organization"},"image":{"@id":"https:\/\/rideon.es\/renting-particulares\/las-mejores-playas-de-menorca\/#primaryimage"},"thumbnailUrl":"","articleSection":["Menorca"],"inLanguage":"es","potentialAction":[{"@type":"CommentAction","name":"Comment","target":["https:\/\/rideon.es\/renting-particulares\/las-mejores-playas-de-menorca\/#respond"]}]},{"@type":"WebPage","@id":"https:\/\/rideon.es\/renting-particulares\/las-mejores-playas-de-menorca\/","url":"https:\/\/rideon.es\/renting-particulares\/las-mejores-playas-de-menorca\/","name":"Las mejores playas de Menorca - Renting Particulares - Alquiler de motos mensual y Renting para Particulares","isPartOf":{"@id":"https:\/\/rideon.es\/renting-particulares\/#website"},"primaryImageOfPage":{"@id":"https:\/\/rideon.es\/renting-particulares\/las-mejores-playas-de-menorca\/#primaryimage"},"image":{"@id":"https:\/\/rideon.es\/renting-particulares\/las-mejores-playas-de-menorca\/#primaryimage"},"thumbnailUrl":"","datePublished":"2016-11-10T13:21:51+00:00","inLanguage":"es","potentialAction":[{"@type":"ReadAction","target":["https:\/\/rideon.es\/renting-particulares\/las-mejores-playas-de-menorca\/"]}]},{"@type":"ImageObject","inLanguage":"es","@id":"https:\/\/rideon.es\/renting-particulares\/las-mejores-playas-de-menorca\/#primaryimage","url":"","contentUrl":""},{"@type":"WebSite","@id":"https:\/\/rideon.es\/renting-particulares\/#website","url":"https:\/\/rideon.es\/renting-particulares\/","name":"Renting Particulares - Alquiler de motos mensual y Renting para Particulares","description":"Las motos m\u00e1s c\u00f3modas y seguras para disfrutar de tus vacaciones sobre ruedas. Alquiler de motos en Menorca, Mallorca, Barcelona y Valencia con Rideon.es","publisher":{"@id":"https:\/\/rideon.es\/renting-particulares\/#organization"},"potentialAction":[{"@type":"SearchAction","target":{"@type":"EntryPoint","urlTemplate":"https:\/\/rideon.es\/renting-particulares\/?s={search_term_string}"},"query-input":{"@type":"PropertyValueSpecification","valueRequired":true,"valueName":"search_term_string"}}],"inLanguage":"es"},{"@type":"Organization","@id":"https:\/\/rideon.es\/renting-particulares\/#organization","name":"Renting Particulares - Alquiler de motos mensual y Renting para Particulares","url":"https:\/\/rideon.es\/renting-particulares\/","logo":{"@type":"ImageObject","inLanguage":"es","@id":"https:\/\/rideon.es\/renting-particulares\/#\/schema\/logo\/image\/","url":"https:\/\/rideon.es\/renting-particulares\/wp-content\/uploads\/sites\/20\/2020\/02\/rideon_logo-200x78-1.png","contentUrl":"https:\/\/rideon.es\/renting-particulares\/wp-content\/uploads\/sites\/20\/2020\/02\/rideon_logo-200x78-1.png","width":200,"height":78,"caption":"Renting Particulares - Alquiler de motos mensual y Renting para Particulares"},"image":{"@id":"https:\/\/rideon.es\/renting-particulares\/#\/schema\/logo\/image\/"}},{"@type":"Person","@id":"https:\/\/rideon.es\/renting-particulares\/#\/schema\/person\/48d6770e55c623d929bd20ce295611a7","name":"Ride On","image":{"@type":"ImageObject","inLanguage":"es","@id":"https:\/\/secure.gravatar.com\/avatar\/785e72183089da6a00243c0f0e2d52db79b9983b602219afb07c868943086138?s=96&d=mm&r=g","url":"https:\/\/secure.gravatar.com\/avatar\/785e72183089da6a00243c0f0e2d52db79b9983b602219afb07c868943086138?s=96&d=mm&r=g","contentUrl":"https:\/\/secure.gravatar.com\/avatar\/785e72183089da6a00243c0f0e2d52db79b9983b602219afb07c868943086138?s=96&d=mm&r=g","caption":"Ride On"},"url":"https:\/\/rideon.es\/renting-particulares\/author\/eduardoyauri\/"}]}},"_links":{"self":[{"href":"https:\/\/rideon.es\/renting-particulares\/wp-json\/wp\/v2\/posts\/1252","targetHints":{"allow":["GET"]}}],"collection":[{"href":"https:\/\/rideon.es\/renting-particulares\/wp-json\/wp\/v2\/posts"}],"about":[{"href":"https:\/\/rideon.es\/renting-particulares\/wp-json\/wp\/v2\/types\/post"}],"author":[{"embeddable":true,"href":"https:\/\/rideon.es\/renting-particulares\/wp-json\/wp\/v2\/users\/2"}],"replies":[{"embeddable":true,"href":"https:\/\/rideon.es\/renting-particulares\/wp-json\/wp\/v2\/comments?post=1252"}],"version-history":[{"count":0,"href":"https:\/\/rideon.es\/renting-particulares\/wp-json\/wp\/v2\/posts\/1252\/revisions"}],"wp:featuredmedia":[{"embeddable":true,"href":"https:\/\/rideon.es\/renting-particulares\/wp-json\/"}],"wp:attachment":[{"href":"https:\/\/rideon.es\/renting-particulares\/wp-json\/wp\/v2\/media?parent=1252"}],"wp:term":[{"taxonomy":"category","embeddable":true,"href":"https:\/\/rideon.es\/renting-particulares\/wp-json\/wp\/v2\/categories?post=1252"},{"taxonomy":"post_tag","embeddable":true,"href":"https:\/\/rideon.es\/renting-particulares\/wp-json\/wp\/v2\/tags?post=1252"}],"curies":[{"name":"wp","href":"https:\/\/api.w.org\/{rel}","templated":true}]}}