{"id":1217,"date":"2016-11-10T13:03:26","date_gmt":"2016-11-10T13:03:26","guid":{"rendered":"https:\/\/rideon.es\/?p=1217"},"modified":"2016-11-10T13:03:26","modified_gmt":"2016-11-10T13:03:26","slug":"biniagus-una-de-las-playas-virgenes-mas-accesibles-de-menorca","status":"publish","type":"post","link":"https:\/\/rideon.es\/renting-particulares\/biniagus-una-de-las-playas-virgenes-mas-accesibles-de-menorca\/","title":{"rendered":"Biniagus, una de las playas v\u00edrgenes m\u00e1s accesibles de Menorca"},"content":{"rendered":"<h2>Biniagus, una de las playas v\u00edrgenes m\u00e1s accesibles de Menorca<\/h2>\n<p>El principal,atractivo del municipio de <b>Es Migjorn Gran<\/b> son sus playas, los m\u00e1s de dos mil metros cuadrados de arena blanca que disfruta su litoral. Aunque tambi\u00e9n hay que tener en cuenta el gran legado arqueol\u00f3gico de este municipio, que ostenta el primer puesto en las <b>Islas Baleares<\/b> en n\u00famero de <b>monumentos megal\u00edticos<\/b>, con una densidad de hasta cinco restos prehist\u00f3ricos por kil\u00f3metro cuadrado.<br \/>\nEntre sus yacimientos m\u00e1s importantes cabe destacar <b>sa Cova des Coloms, <\/b>de enormes dimensiones, la <b>sala hip\u00f3stila de Binigaus<\/b> o el gran talayot de <b>Sant Agust\u00ed Vell<\/b>.<br \/>\nPero hoy vamos a conocer un pedacito de la costa de este pueblo de <a href=\"http:\/\/www.motorentsoldeplata.com\/\">Menorca en moto de alquiler<\/a>. Vamos a visitar una de las playas v\u00edrgenes de<b> Es Migjorn Gran<\/b>, concretamente la <b>Playa de Biniagus<\/b>, muy pr\u00f3xima a <b>Santo Tom\u00e0s<\/b> y a la que se accede a pie por un corto y f\u00e1cil paseo por el <b>Cam\u00ed de Cavalls<\/b>.<br \/>\nTambi\u00e9n se puede ir hasta esta playa desde Es Migjorn Gran, a 4 kms de distancia, por un camino m\u00e1s largo pero que nos permitir\u00e1 pasar por la famosa <b>Cova des Coloms<\/b>.<br \/>\nEsta playa tiene una longitud de casi un kil\u00f3metro de largo y la <b>abundante vegetaci\u00f3n<\/b> de la zona llega hasta la misma playa, por lo que ofrece un paisaje incre\u00edble de arena dorada, agua limpia de azul intenso y el verde de la zona boscosa que la protege.<br \/>\nEn algunas zonas se practica el<b> nudismo<\/b> y tambi\u00e9n se aprovechan los barros de uno de sus acantilados para cubrir la piel.<br \/>\nLa playa se encuentra en un espacio protegido por su gran <b>valor paisaj\u00edstico y medioambiental<\/b> y ofrece una de las im\u00e1genes m\u00e1s vivas del litoral menorqu\u00edn.<\/p>\n","protected":false},"excerpt":{"rendered":"<p>Biniagus, una de las playas v\u00edrgenes m\u00e1s accesibles de Menorca El principal,atractivo del municipio de Es Migjorn Gran son sus playas, los m\u00e1s de dos mil metros cuadrados de arena blanca que disfruta su litoral. Aunque tambi\u00e9n hay que tener en cuenta el gran legado arqueol\u00f3gico de este municipio, que ostenta el primer puesto en<\/p>\n","protected":false},"author":2,"featured_media":1218,"comment_status":"open","ping_status":"closed","sticky":false,"template":"","format":"standard","meta":{"inline_featured_image":false,"footnotes":""},"categories":[28],"tags":[],"class_list":["post-1217","post","type-post","status-publish","format-standard","has-post-thumbnail","hentry","category-playa-de-biniagus"],"yoast_head":"<!-- This site is optimized with the Yoast SEO Premium plugin v18.7 (Yoast SEO v27.5) - https:\/\/yoast.com\/product\/yoast-seo-premium-wordpress\/ -->\n<title>Biniagus, una playa virgen de Menorca con f\u00e1cil acceso<\/title>\n<meta name=\"description\" content=\"La playa de Biniagus, en el municipio de Es Migjorn Gran, permite descubrir los encantos del litoral virgen de Menorca en moto y a pie con un f\u00e1cil recorrido\" \/>\n<meta name=\"robots\" content=\"index, follow, max-snippet:-1, max-image-preview:large, max-video-preview:-1\" \/>\n<link rel=\"canonical\" href=\"https:\/\/rideon.es\/renting-particulares\/biniagus-una-de-las-playas-virgenes-mas-accesibles-de-menorca\/\" \/>\n<meta property=\"og:locale\" content=\"es_ES\" \/>\n<meta property=\"og:type\" content=\"article\" \/>\n<meta property=\"og:title\" content=\"Biniagus, una de las playas v\u00edrgenes m\u00e1s accesibles de Menorca\" \/>\n<meta property=\"og:description\" content=\"La playa de Biniagus, en el municipio de Es Migjorn Gran, permite descubrir los encantos del litoral virgen de Menorca en moto y a pie con un f\u00e1cil recorrido\" \/>\n<meta property=\"og:url\" content=\"https:\/\/rideon.es\/renting-particulares\/biniagus-una-de-las-playas-virgenes-mas-accesibles-de-menorca\/\" \/>\n<meta property=\"og:site_name\" content=\"Renting Particulares - Alquiler de motos mensual y Renting para Particulares\" \/>\n<meta property=\"article:published_time\" content=\"2016-11-10T13:03:26+00:00\" \/>\n<meta name=\"author\" content=\"Ride On\" \/>\n<meta name=\"twitter:card\" content=\"summary_large_image\" \/>\n<meta name=\"twitter:label1\" content=\"Escrito por\" \/>\n\t<meta name=\"twitter:data1\" content=\"Ride On\" \/>\n\t<meta name=\"twitter:label2\" content=\"Tiempo de lectura\" \/>\n\t<meta name=\"twitter:data2\" content=\"2 minutos\" \/>\n<script type=\"application\/ld+json\" class=\"yoast-schema-graph\">{\"@context\":\"https:\\\/\\\/schema.org\",\"@graph\":[{\"@type\":\"Article\",\"@id\":\"https:\\\/\\\/rideon.es\\\/renting-particulares\\\/biniagus-una-de-las-playas-virgenes-mas-accesibles-de-menorca\\\/#article\",\"isPartOf\":{\"@id\":\"https:\\\/\\\/rideon.es\\\/renting-particulares\\\/biniagus-una-de-las-playas-virgenes-mas-accesibles-de-menorca\\\/\"},\"author\":{\"name\":\"Ride On\",\"@id\":\"https:\\\/\\\/rideon.es\\\/renting-particulares\\\/#\\\/schema\\\/person\\\/48d6770e55c623d929bd20ce295611a7\"},\"headline\":\"Biniagus, una de las playas v\u00edrgenes m\u00e1s accesibles de Menorca\",\"datePublished\":\"2016-11-10T13:03:26+00:00\",\"mainEntityOfPage\":{\"@id\":\"https:\\\/\\\/rideon.es\\\/renting-particulares\\\/biniagus-una-de-las-playas-virgenes-mas-accesibles-de-menorca\\\/\"},\"wordCount\":326,\"commentCount\":0,\"publisher\":{\"@id\":\"https:\\\/\\\/rideon.es\\\/renting-particulares\\\/#organization\"},\"image\":{\"@id\":\"https:\\\/\\\/rideon.es\\\/renting-particulares\\\/biniagus-una-de-las-playas-virgenes-mas-accesibles-de-menorca\\\/#primaryimage\"},\"thumbnailUrl\":\"\",\"articleSection\":[\"Playa de Biniagus\"],\"inLanguage\":\"es\",\"potentialAction\":[{\"@type\":\"CommentAction\",\"name\":\"Comment\",\"target\":[\"https:\\\/\\\/rideon.es\\\/renting-particulares\\\/biniagus-una-de-las-playas-virgenes-mas-accesibles-de-menorca\\\/#respond\"]}]},{\"@type\":\"WebPage\",\"@id\":\"https:\\\/\\\/rideon.es\\\/renting-particulares\\\/biniagus-una-de-las-playas-virgenes-mas-accesibles-de-menorca\\\/\",\"url\":\"https:\\\/\\\/rideon.es\\\/renting-particulares\\\/biniagus-una-de-las-playas-virgenes-mas-accesibles-de-menorca\\\/\",\"name\":\"Biniagus, una playa virgen de Menorca con f\u00e1cil acceso\",\"isPartOf\":{\"@id\":\"https:\\\/\\\/rideon.es\\\/renting-particulares\\\/#website\"},\"primaryImageOfPage\":{\"@id\":\"https:\\\/\\\/rideon.es\\\/renting-particulares\\\/biniagus-una-de-las-playas-virgenes-mas-accesibles-de-menorca\\\/#primaryimage\"},\"image\":{\"@id\":\"https:\\\/\\\/rideon.es\\\/renting-particulares\\\/biniagus-una-de-las-playas-virgenes-mas-accesibles-de-menorca\\\/#primaryimage\"},\"thumbnailUrl\":\"\",\"datePublished\":\"2016-11-10T13:03:26+00:00\",\"description\":\"La playa de Biniagus, en el municipio de Es Migjorn Gran, permite descubrir los encantos del litoral virgen de Menorca en moto y a pie con un f\u00e1cil recorrido\",\"inLanguage\":\"es\",\"potentialAction\":[{\"@type\":\"ReadAction\",\"target\":[\"https:\\\/\\\/rideon.es\\\/renting-particulares\\\/biniagus-una-de-las-playas-virgenes-mas-accesibles-de-menorca\\\/\"]}]},{\"@type\":\"ImageObject\",\"inLanguage\":\"es\",\"@id\":\"https:\\\/\\\/rideon.es\\\/renting-particulares\\\/biniagus-una-de-las-playas-virgenes-mas-accesibles-de-menorca\\\/#primaryimage\",\"url\":\"\",\"contentUrl\":\"\"},{\"@type\":\"WebSite\",\"@id\":\"https:\\\/\\\/rideon.es\\\/renting-particulares\\\/#website\",\"url\":\"https:\\\/\\\/rideon.es\\\/renting-particulares\\\/\",\"name\":\"Renting Particulares - Alquiler de motos mensual y Renting para Particulares\",\"description\":\"Las motos m\u00e1s c\u00f3modas y seguras para disfrutar de tus vacaciones sobre ruedas. Alquiler de motos en Menorca, Mallorca, Barcelona y Valencia con Rideon.es\",\"publisher\":{\"@id\":\"https:\\\/\\\/rideon.es\\\/renting-particulares\\\/#organization\"},\"potentialAction\":[{\"@type\":\"SearchAction\",\"target\":{\"@type\":\"EntryPoint\",\"urlTemplate\":\"https:\\\/\\\/rideon.es\\\/renting-particulares\\\/?s={search_term_string}\"},\"query-input\":{\"@type\":\"PropertyValueSpecification\",\"valueRequired\":true,\"valueName\":\"search_term_string\"}}],\"inLanguage\":\"es\"},{\"@type\":\"Organization\",\"@id\":\"https:\\\/\\\/rideon.es\\\/renting-particulares\\\/#organization\",\"name\":\"Renting Particulares - Alquiler de motos mensual y Renting para Particulares\",\"url\":\"https:\\\/\\\/rideon.es\\\/renting-particulares\\\/\",\"logo\":{\"@type\":\"ImageObject\",\"inLanguage\":\"es\",\"@id\":\"https:\\\/\\\/rideon.es\\\/renting-particulares\\\/#\\\/schema\\\/logo\\\/image\\\/\",\"url\":\"https:\\\/\\\/rideon.es\\\/renting-particulares\\\/wp-content\\\/uploads\\\/sites\\\/20\\\/2020\\\/02\\\/rideon_logo-200x78-1.png\",\"contentUrl\":\"https:\\\/\\\/rideon.es\\\/renting-particulares\\\/wp-content\\\/uploads\\\/sites\\\/20\\\/2020\\\/02\\\/rideon_logo-200x78-1.png\",\"width\":200,\"height\":78,\"caption\":\"Renting Particulares - Alquiler de motos mensual y Renting para Particulares\"},\"image\":{\"@id\":\"https:\\\/\\\/rideon.es\\\/renting-particulares\\\/#\\\/schema\\\/logo\\\/image\\\/\"}},{\"@type\":\"Person\",\"@id\":\"https:\\\/\\\/rideon.es\\\/renting-particulares\\\/#\\\/schema\\\/person\\\/48d6770e55c623d929bd20ce295611a7\",\"name\":\"Ride On\",\"image\":{\"@type\":\"ImageObject\",\"inLanguage\":\"es\",\"@id\":\"https:\\\/\\\/secure.gravatar.com\\\/avatar\\\/785e72183089da6a00243c0f0e2d52db79b9983b602219afb07c868943086138?s=96&d=mm&r=g\",\"url\":\"https:\\\/\\\/secure.gravatar.com\\\/avatar\\\/785e72183089da6a00243c0f0e2d52db79b9983b602219afb07c868943086138?s=96&d=mm&r=g\",\"contentUrl\":\"https:\\\/\\\/secure.gravatar.com\\\/avatar\\\/785e72183089da6a00243c0f0e2d52db79b9983b602219afb07c868943086138?s=96&d=mm&r=g\",\"caption\":\"Ride On\"},\"url\":\"https:\\\/\\\/rideon.es\\\/renting-particulares\\\/author\\\/eduardoyauri\\\/\"}]}<\/script>\n<!-- \/ Yoast SEO Premium plugin. -->","yoast_head_json":{"title":"Biniagus, una playa virgen de Menorca con f\u00e1cil acceso","description":"La playa de Biniagus, en el municipio de Es Migjorn Gran, permite descubrir los encantos del litoral virgen de Menorca en moto y a pie con un f\u00e1cil recorrido","robots":{"index":"index","follow":"follow","max-snippet":"max-snippet:-1","max-image-preview":"max-image-preview:large","max-video-preview":"max-video-preview:-1"},"canonical":"https:\/\/rideon.es\/renting-particulares\/biniagus-una-de-las-playas-virgenes-mas-accesibles-de-menorca\/","og_locale":"es_ES","og_type":"article","og_title":"Biniagus, una de las playas v\u00edrgenes m\u00e1s accesibles de Menorca","og_description":"La playa de Biniagus, en el municipio de Es Migjorn Gran, permite descubrir los encantos del litoral virgen de Menorca en moto y a pie con un f\u00e1cil recorrido","og_url":"https:\/\/rideon.es\/renting-particulares\/biniagus-una-de-las-playas-virgenes-mas-accesibles-de-menorca\/","og_site_name":"Renting Particulares - Alquiler de motos mensual y Renting para Particulares","article_published_time":"2016-11-10T13:03:26+00:00","author":"Ride On","twitter_card":"summary_large_image","twitter_misc":{"Escrito por":"Ride On","Tiempo de lectura":"2 minutos"},"schema":{"@context":"https:\/\/schema.org","@graph":[{"@type":"Article","@id":"https:\/\/rideon.es\/renting-particulares\/biniagus-una-de-las-playas-virgenes-mas-accesibles-de-menorca\/#article","isPartOf":{"@id":"https:\/\/rideon.es\/renting-particulares\/biniagus-una-de-las-playas-virgenes-mas-accesibles-de-menorca\/"},"author":{"name":"Ride On","@id":"https:\/\/rideon.es\/renting-particulares\/#\/schema\/person\/48d6770e55c623d929bd20ce295611a7"},"headline":"Biniagus, una de las playas v\u00edrgenes m\u00e1s accesibles de Menorca","datePublished":"2016-11-10T13:03:26+00:00","mainEntityOfPage":{"@id":"https:\/\/rideon.es\/renting-particulares\/biniagus-una-de-las-playas-virgenes-mas-accesibles-de-menorca\/"},"wordCount":326,"commentCount":0,"publisher":{"@id":"https:\/\/rideon.es\/renting-particulares\/#organization"},"image":{"@id":"https:\/\/rideon.es\/renting-particulares\/biniagus-una-de-las-playas-virgenes-mas-accesibles-de-menorca\/#primaryimage"},"thumbnailUrl":"","articleSection":["Playa de Biniagus"],"inLanguage":"es","potentialAction":[{"@type":"CommentAction","name":"Comment","target":["https:\/\/rideon.es\/renting-particulares\/biniagus-una-de-las-playas-virgenes-mas-accesibles-de-menorca\/#respond"]}]},{"@type":"WebPage","@id":"https:\/\/rideon.es\/renting-particulares\/biniagus-una-de-las-playas-virgenes-mas-accesibles-de-menorca\/","url":"https:\/\/rideon.es\/renting-particulares\/biniagus-una-de-las-playas-virgenes-mas-accesibles-de-menorca\/","name":"Biniagus, una playa virgen de Menorca con f\u00e1cil acceso","isPartOf":{"@id":"https:\/\/rideon.es\/renting-particulares\/#website"},"primaryImageOfPage":{"@id":"https:\/\/rideon.es\/renting-particulares\/biniagus-una-de-las-playas-virgenes-mas-accesibles-de-menorca\/#primaryimage"},"image":{"@id":"https:\/\/rideon.es\/renting-particulares\/biniagus-una-de-las-playas-virgenes-mas-accesibles-de-menorca\/#primaryimage"},"thumbnailUrl":"","datePublished":"2016-11-10T13:03:26+00:00","description":"La playa de Biniagus, en el municipio de Es Migjorn Gran, permite descubrir los encantos del litoral virgen de Menorca en moto y a pie con un f\u00e1cil recorrido","inLanguage":"es","potentialAction":[{"@type":"ReadAction","target":["https:\/\/rideon.es\/renting-particulares\/biniagus-una-de-las-playas-virgenes-mas-accesibles-de-menorca\/"]}]},{"@type":"ImageObject","inLanguage":"es","@id":"https:\/\/rideon.es\/renting-particulares\/biniagus-una-de-las-playas-virgenes-mas-accesibles-de-menorca\/#primaryimage","url":"","contentUrl":""},{"@type":"WebSite","@id":"https:\/\/rideon.es\/renting-particulares\/#website","url":"https:\/\/rideon.es\/renting-particulares\/","name":"Renting Particulares - Alquiler de motos mensual y Renting para Particulares","description":"Las motos m\u00e1s c\u00f3modas y seguras para disfrutar de tus vacaciones sobre ruedas. Alquiler de motos en Menorca, Mallorca, Barcelona y Valencia con Rideon.es","publisher":{"@id":"https:\/\/rideon.es\/renting-particulares\/#organization"},"potentialAction":[{"@type":"SearchAction","target":{"@type":"EntryPoint","urlTemplate":"https:\/\/rideon.es\/renting-particulares\/?s={search_term_string}"},"query-input":{"@type":"PropertyValueSpecification","valueRequired":true,"valueName":"search_term_string"}}],"inLanguage":"es"},{"@type":"Organization","@id":"https:\/\/rideon.es\/renting-particulares\/#organization","name":"Renting Particulares - Alquiler de motos mensual y Renting para Particulares","url":"https:\/\/rideon.es\/renting-particulares\/","logo":{"@type":"ImageObject","inLanguage":"es","@id":"https:\/\/rideon.es\/renting-particulares\/#\/schema\/logo\/image\/","url":"https:\/\/rideon.es\/renting-particulares\/wp-content\/uploads\/sites\/20\/2020\/02\/rideon_logo-200x78-1.png","contentUrl":"https:\/\/rideon.es\/renting-particulares\/wp-content\/uploads\/sites\/20\/2020\/02\/rideon_logo-200x78-1.png","width":200,"height":78,"caption":"Renting Particulares - Alquiler de motos mensual y Renting para Particulares"},"image":{"@id":"https:\/\/rideon.es\/renting-particulares\/#\/schema\/logo\/image\/"}},{"@type":"Person","@id":"https:\/\/rideon.es\/renting-particulares\/#\/schema\/person\/48d6770e55c623d929bd20ce295611a7","name":"Ride On","image":{"@type":"ImageObject","inLanguage":"es","@id":"https:\/\/secure.gravatar.com\/avatar\/785e72183089da6a00243c0f0e2d52db79b9983b602219afb07c868943086138?s=96&d=mm&r=g","url":"https:\/\/secure.gravatar.com\/avatar\/785e72183089da6a00243c0f0e2d52db79b9983b602219afb07c868943086138?s=96&d=mm&r=g","contentUrl":"https:\/\/secure.gravatar.com\/avatar\/785e72183089da6a00243c0f0e2d52db79b9983b602219afb07c868943086138?s=96&d=mm&r=g","caption":"Ride On"},"url":"https:\/\/rideon.es\/renting-particulares\/author\/eduardoyauri\/"}]}},"_links":{"self":[{"href":"https:\/\/rideon.es\/renting-particulares\/wp-json\/wp\/v2\/posts\/1217","targetHints":{"allow":["GET"]}}],"collection":[{"href":"https:\/\/rideon.es\/renting-particulares\/wp-json\/wp\/v2\/posts"}],"about":[{"href":"https:\/\/rideon.es\/renting-particulares\/wp-json\/wp\/v2\/types\/post"}],"author":[{"embeddable":true,"href":"https:\/\/rideon.es\/renting-particulares\/wp-json\/wp\/v2\/users\/2"}],"replies":[{"embeddable":true,"href":"https:\/\/rideon.es\/renting-particulares\/wp-json\/wp\/v2\/comments?post=1217"}],"version-history":[{"count":0,"href":"https:\/\/rideon.es\/renting-particulares\/wp-json\/wp\/v2\/posts\/1217\/revisions"}],"wp:featuredmedia":[{"embeddable":true,"href":"https:\/\/rideon.es\/renting-particulares\/wp-json\/"}],"wp:attachment":[{"href":"https:\/\/rideon.es\/renting-particulares\/wp-json\/wp\/v2\/media?parent=1217"}],"wp:term":[{"taxonomy":"category","embeddable":true,"href":"https:\/\/rideon.es\/renting-particulares\/wp-json\/wp\/v2\/categories?post=1217"},{"taxonomy":"post_tag","embeddable":true,"href":"https:\/\/rideon.es\/renting-particulares\/wp-json\/wp\/v2\/tags?post=1217"}],"curies":[{"name":"wp","href":"https:\/\/api.w.org\/{rel}","templated":true}]}}