{"id":1199,"date":"2016-11-10T12:54:41","date_gmt":"2016-11-10T12:54:41","guid":{"rendered":"https:\/\/rideon.es\/?p=1199"},"modified":"2016-11-10T12:54:41","modified_gmt":"2016-11-10T12:54:41","slug":"rumbo-a-port-daddaia-en-moto-menorca","status":"publish","type":"post","link":"https:\/\/rideon.es\/renting-particulares\/rumbo-a-port-daddaia-en-moto-menorca\/","title":{"rendered":"Rumbo a Port d\u2019Addaia en moto, Menorca"},"content":{"rendered":"<h2>Rumbo a Port d&#8217;Addaia en moto, Menorca<\/h2>\n<p>El <b>Port d&#8217;Addaia<\/b> es el tercer puerto m\u00e1s importante de<b> Menorca<\/b>, situado en una entrada de mar profunda, bien resguardado y rodeado de un buen n\u00famero de islotes que crean un paisaje marino de gran belleza.<br \/>\nEl puerto dispone de una gran variedad de servicios y se encuentra muy pr\u00f3ximo a calas v\u00edrgenes caracter\u00edsticas del <b>litoral norte de Menorca<\/b> y a playas de grandes dimesiones y urbanizadas como el <b>Arenal d&#8217;En Castell<\/b> y la <b>playa de Son Parc<\/b> (o Arenal de Son Saura).<br \/>\nAunque es <b>Na Macaret<\/b> la cala de este peque\u00f1o n\u00facleo del municipio de <b>Es Mercadal<\/b>, una peque\u00f1a playa de arena blanca, en un \u00e1rea poco urbanizada, que se encuentra a la entrada del largo y estrecho puerto natural de <b>Addaia<\/b>, bien resguardada de los vientos y ba\u00f1ada por unas aguas cristalinas.<br \/>\nMerece la pena visitar <b>Sa Punta de sa Torre<\/b>, a la entrada del puerto, d\u00f3nde se levanta una torre de defensa construida por los ingleses en el a\u00f1o 1800 y d\u00f3nde se disfruta de <b>un espectacular mirador<\/b> para contemplar las vistas de este recodo de la costa norte de Menorca, con su gran valor medioambiental y paisaj\u00edstico.<br \/>\nEl Puerto de Addaia es uno de los l\u00edmites del <b>Parque Natural de S\u2019Albufera des Grau,\u00a0<\/b> forma parte de la <b>Reserva Marina del Norte de Menorca<\/b>, y en su territorio interior linda con un \u00c1rea Natural de Especial Inter\u00e9s (<b>ANEI<\/b>) de explotaci\u00f3n agr\u00edcola y ganadera.<br \/>\nSe encuentra muy cerca tambi\u00e9n de las <b>Salinas d&#8217;Addaia <\/b>y es adem\u00e1s punto de partida de actividades de pesca y submarinismo.<br \/>\nPor ello supone un lugar perfecto para conocer el norte de <a href=\"http:\/\/www.motorentsoldeplata.com\/\">Menorca en moto de alquiler<\/a>, su acceso por carretera es sencillo y el recorrido a dos ruedas promete sensaciones inolvidables, vistas incre\u00edbles y una brisa marina muy agradable.<\/p>\n","protected":false},"excerpt":{"rendered":"<p>Rumbo a Port d&#8217;Addaia en moto, Menorca El Port d&#8217;Addaia es el tercer puerto m\u00e1s importante de Menorca, situado en una entrada de mar profunda, bien resguardado y rodeado de un buen n\u00famero de islotes que crean un paisaje marino de gran belleza. El puerto dispone de una gran variedad de servicios y se encuentra<\/p>\n","protected":false},"author":2,"featured_media":1200,"comment_status":"open","ping_status":"closed","sticky":false,"template":"","format":"standard","meta":{"inline_featured_image":false,"footnotes":""},"categories":[23],"tags":[],"class_list":["post-1199","post","type-post","status-publish","format-standard","has-post-thumbnail","hentry","category-port-daddaia"],"yoast_head":"<!-- This site is optimized with the Yoast SEO Premium plugin v18.7 (Yoast SEO v27.5) - https:\/\/yoast.com\/product\/yoast-seo-premium-wordpress\/ -->\n<title>Rumbo a Port d&#039;Addaia en moto<\/title>\n<meta name=\"description\" content=\"Port d&#039;Addaia ofrece una buena propuesta para conocer el norte de Menorca en moto de alquiler. En un entorno \u00fanico y con un buen acceso por carretera\" \/>\n<meta name=\"robots\" content=\"index, follow, max-snippet:-1, max-image-preview:large, max-video-preview:-1\" \/>\n<link rel=\"canonical\" href=\"https:\/\/rideon.es\/renting-particulares\/rumbo-a-port-daddaia-en-moto-menorca\/\" \/>\n<meta property=\"og:locale\" content=\"es_ES\" \/>\n<meta property=\"og:type\" content=\"article\" \/>\n<meta property=\"og:title\" content=\"Rumbo a Port d\u2019Addaia en moto, Menorca\" \/>\n<meta property=\"og:description\" content=\"Port d&#039;Addaia ofrece una buena propuesta para conocer el norte de Menorca en moto de alquiler. En un entorno \u00fanico y con un buen acceso por carretera\" \/>\n<meta property=\"og:url\" content=\"https:\/\/rideon.es\/renting-particulares\/rumbo-a-port-daddaia-en-moto-menorca\/\" \/>\n<meta property=\"og:site_name\" content=\"Renting Particulares - Alquiler de motos mensual y Renting para Particulares\" \/>\n<meta property=\"article:published_time\" content=\"2016-11-10T12:54:41+00:00\" \/>\n<meta name=\"author\" content=\"Ride On\" \/>\n<meta name=\"twitter:card\" content=\"summary_large_image\" \/>\n<meta name=\"twitter:label1\" content=\"Escrito por\" \/>\n\t<meta name=\"twitter:data1\" content=\"Ride On\" \/>\n\t<meta name=\"twitter:label2\" content=\"Tiempo de lectura\" \/>\n\t<meta name=\"twitter:data2\" content=\"2 minutos\" \/>\n<script type=\"application\/ld+json\" class=\"yoast-schema-graph\">{\"@context\":\"https:\\\/\\\/schema.org\",\"@graph\":[{\"@type\":\"Article\",\"@id\":\"https:\\\/\\\/rideon.es\\\/renting-particulares\\\/rumbo-a-port-daddaia-en-moto-menorca\\\/#article\",\"isPartOf\":{\"@id\":\"https:\\\/\\\/rideon.es\\\/renting-particulares\\\/rumbo-a-port-daddaia-en-moto-menorca\\\/\"},\"author\":{\"name\":\"Ride On\",\"@id\":\"https:\\\/\\\/rideon.es\\\/renting-particulares\\\/#\\\/schema\\\/person\\\/48d6770e55c623d929bd20ce295611a7\"},\"headline\":\"Rumbo a Port d\u2019Addaia en moto, Menorca\",\"datePublished\":\"2016-11-10T12:54:41+00:00\",\"mainEntityOfPage\":{\"@id\":\"https:\\\/\\\/rideon.es\\\/renting-particulares\\\/rumbo-a-port-daddaia-en-moto-menorca\\\/\"},\"wordCount\":335,\"commentCount\":0,\"publisher\":{\"@id\":\"https:\\\/\\\/rideon.es\\\/renting-particulares\\\/#organization\"},\"image\":{\"@id\":\"https:\\\/\\\/rideon.es\\\/renting-particulares\\\/rumbo-a-port-daddaia-en-moto-menorca\\\/#primaryimage\"},\"thumbnailUrl\":\"\",\"articleSection\":[\"Port d'Addaia\"],\"inLanguage\":\"es\",\"potentialAction\":[{\"@type\":\"CommentAction\",\"name\":\"Comment\",\"target\":[\"https:\\\/\\\/rideon.es\\\/renting-particulares\\\/rumbo-a-port-daddaia-en-moto-menorca\\\/#respond\"]}]},{\"@type\":\"WebPage\",\"@id\":\"https:\\\/\\\/rideon.es\\\/renting-particulares\\\/rumbo-a-port-daddaia-en-moto-menorca\\\/\",\"url\":\"https:\\\/\\\/rideon.es\\\/renting-particulares\\\/rumbo-a-port-daddaia-en-moto-menorca\\\/\",\"name\":\"Rumbo a Port d'Addaia en moto\",\"isPartOf\":{\"@id\":\"https:\\\/\\\/rideon.es\\\/renting-particulares\\\/#website\"},\"primaryImageOfPage\":{\"@id\":\"https:\\\/\\\/rideon.es\\\/renting-particulares\\\/rumbo-a-port-daddaia-en-moto-menorca\\\/#primaryimage\"},\"image\":{\"@id\":\"https:\\\/\\\/rideon.es\\\/renting-particulares\\\/rumbo-a-port-daddaia-en-moto-menorca\\\/#primaryimage\"},\"thumbnailUrl\":\"\",\"datePublished\":\"2016-11-10T12:54:41+00:00\",\"description\":\"Port d'Addaia ofrece una buena propuesta para conocer el norte de Menorca en moto de alquiler. En un entorno \u00fanico y con un buen acceso por carretera\",\"inLanguage\":\"es\",\"potentialAction\":[{\"@type\":\"ReadAction\",\"target\":[\"https:\\\/\\\/rideon.es\\\/renting-particulares\\\/rumbo-a-port-daddaia-en-moto-menorca\\\/\"]}]},{\"@type\":\"ImageObject\",\"inLanguage\":\"es\",\"@id\":\"https:\\\/\\\/rideon.es\\\/renting-particulares\\\/rumbo-a-port-daddaia-en-moto-menorca\\\/#primaryimage\",\"url\":\"\",\"contentUrl\":\"\"},{\"@type\":\"WebSite\",\"@id\":\"https:\\\/\\\/rideon.es\\\/renting-particulares\\\/#website\",\"url\":\"https:\\\/\\\/rideon.es\\\/renting-particulares\\\/\",\"name\":\"Renting Particulares - Alquiler de motos mensual y Renting para Particulares\",\"description\":\"Las motos m\u00e1s c\u00f3modas y seguras para disfrutar de tus vacaciones sobre ruedas. Alquiler de motos en Menorca, Mallorca, Barcelona y Valencia con Rideon.es\",\"publisher\":{\"@id\":\"https:\\\/\\\/rideon.es\\\/renting-particulares\\\/#organization\"},\"potentialAction\":[{\"@type\":\"SearchAction\",\"target\":{\"@type\":\"EntryPoint\",\"urlTemplate\":\"https:\\\/\\\/rideon.es\\\/renting-particulares\\\/?s={search_term_string}\"},\"query-input\":{\"@type\":\"PropertyValueSpecification\",\"valueRequired\":true,\"valueName\":\"search_term_string\"}}],\"inLanguage\":\"es\"},{\"@type\":\"Organization\",\"@id\":\"https:\\\/\\\/rideon.es\\\/renting-particulares\\\/#organization\",\"name\":\"Renting Particulares - Alquiler de motos mensual y Renting para Particulares\",\"url\":\"https:\\\/\\\/rideon.es\\\/renting-particulares\\\/\",\"logo\":{\"@type\":\"ImageObject\",\"inLanguage\":\"es\",\"@id\":\"https:\\\/\\\/rideon.es\\\/renting-particulares\\\/#\\\/schema\\\/logo\\\/image\\\/\",\"url\":\"https:\\\/\\\/rideon.es\\\/renting-particulares\\\/wp-content\\\/uploads\\\/sites\\\/20\\\/2020\\\/02\\\/rideon_logo-200x78-1.png\",\"contentUrl\":\"https:\\\/\\\/rideon.es\\\/renting-particulares\\\/wp-content\\\/uploads\\\/sites\\\/20\\\/2020\\\/02\\\/rideon_logo-200x78-1.png\",\"width\":200,\"height\":78,\"caption\":\"Renting Particulares - Alquiler de motos mensual y Renting para Particulares\"},\"image\":{\"@id\":\"https:\\\/\\\/rideon.es\\\/renting-particulares\\\/#\\\/schema\\\/logo\\\/image\\\/\"}},{\"@type\":\"Person\",\"@id\":\"https:\\\/\\\/rideon.es\\\/renting-particulares\\\/#\\\/schema\\\/person\\\/48d6770e55c623d929bd20ce295611a7\",\"name\":\"Ride On\",\"image\":{\"@type\":\"ImageObject\",\"inLanguage\":\"es\",\"@id\":\"https:\\\/\\\/secure.gravatar.com\\\/avatar\\\/785e72183089da6a00243c0f0e2d52db79b9983b602219afb07c868943086138?s=96&d=mm&r=g\",\"url\":\"https:\\\/\\\/secure.gravatar.com\\\/avatar\\\/785e72183089da6a00243c0f0e2d52db79b9983b602219afb07c868943086138?s=96&d=mm&r=g\",\"contentUrl\":\"https:\\\/\\\/secure.gravatar.com\\\/avatar\\\/785e72183089da6a00243c0f0e2d52db79b9983b602219afb07c868943086138?s=96&d=mm&r=g\",\"caption\":\"Ride On\"},\"url\":\"https:\\\/\\\/rideon.es\\\/renting-particulares\\\/author\\\/eduardoyauri\\\/\"}]}<\/script>\n<!-- \/ Yoast SEO Premium plugin. -->","yoast_head_json":{"title":"Rumbo a Port d'Addaia en moto","description":"Port d'Addaia ofrece una buena propuesta para conocer el norte de Menorca en moto de alquiler. En un entorno \u00fanico y con un buen acceso por carretera","robots":{"index":"index","follow":"follow","max-snippet":"max-snippet:-1","max-image-preview":"max-image-preview:large","max-video-preview":"max-video-preview:-1"},"canonical":"https:\/\/rideon.es\/renting-particulares\/rumbo-a-port-daddaia-en-moto-menorca\/","og_locale":"es_ES","og_type":"article","og_title":"Rumbo a Port d\u2019Addaia en moto, Menorca","og_description":"Port d'Addaia ofrece una buena propuesta para conocer el norte de Menorca en moto de alquiler. En un entorno \u00fanico y con un buen acceso por carretera","og_url":"https:\/\/rideon.es\/renting-particulares\/rumbo-a-port-daddaia-en-moto-menorca\/","og_site_name":"Renting Particulares - Alquiler de motos mensual y Renting para Particulares","article_published_time":"2016-11-10T12:54:41+00:00","author":"Ride On","twitter_card":"summary_large_image","twitter_misc":{"Escrito por":"Ride On","Tiempo de lectura":"2 minutos"},"schema":{"@context":"https:\/\/schema.org","@graph":[{"@type":"Article","@id":"https:\/\/rideon.es\/renting-particulares\/rumbo-a-port-daddaia-en-moto-menorca\/#article","isPartOf":{"@id":"https:\/\/rideon.es\/renting-particulares\/rumbo-a-port-daddaia-en-moto-menorca\/"},"author":{"name":"Ride On","@id":"https:\/\/rideon.es\/renting-particulares\/#\/schema\/person\/48d6770e55c623d929bd20ce295611a7"},"headline":"Rumbo a Port d\u2019Addaia en moto, Menorca","datePublished":"2016-11-10T12:54:41+00:00","mainEntityOfPage":{"@id":"https:\/\/rideon.es\/renting-particulares\/rumbo-a-port-daddaia-en-moto-menorca\/"},"wordCount":335,"commentCount":0,"publisher":{"@id":"https:\/\/rideon.es\/renting-particulares\/#organization"},"image":{"@id":"https:\/\/rideon.es\/renting-particulares\/rumbo-a-port-daddaia-en-moto-menorca\/#primaryimage"},"thumbnailUrl":"","articleSection":["Port d'Addaia"],"inLanguage":"es","potentialAction":[{"@type":"CommentAction","name":"Comment","target":["https:\/\/rideon.es\/renting-particulares\/rumbo-a-port-daddaia-en-moto-menorca\/#respond"]}]},{"@type":"WebPage","@id":"https:\/\/rideon.es\/renting-particulares\/rumbo-a-port-daddaia-en-moto-menorca\/","url":"https:\/\/rideon.es\/renting-particulares\/rumbo-a-port-daddaia-en-moto-menorca\/","name":"Rumbo a Port d'Addaia en moto","isPartOf":{"@id":"https:\/\/rideon.es\/renting-particulares\/#website"},"primaryImageOfPage":{"@id":"https:\/\/rideon.es\/renting-particulares\/rumbo-a-port-daddaia-en-moto-menorca\/#primaryimage"},"image":{"@id":"https:\/\/rideon.es\/renting-particulares\/rumbo-a-port-daddaia-en-moto-menorca\/#primaryimage"},"thumbnailUrl":"","datePublished":"2016-11-10T12:54:41+00:00","description":"Port d'Addaia ofrece una buena propuesta para conocer el norte de Menorca en moto de alquiler. En un entorno \u00fanico y con un buen acceso por carretera","inLanguage":"es","potentialAction":[{"@type":"ReadAction","target":["https:\/\/rideon.es\/renting-particulares\/rumbo-a-port-daddaia-en-moto-menorca\/"]}]},{"@type":"ImageObject","inLanguage":"es","@id":"https:\/\/rideon.es\/renting-particulares\/rumbo-a-port-daddaia-en-moto-menorca\/#primaryimage","url":"","contentUrl":""},{"@type":"WebSite","@id":"https:\/\/rideon.es\/renting-particulares\/#website","url":"https:\/\/rideon.es\/renting-particulares\/","name":"Renting Particulares - Alquiler de motos mensual y Renting para Particulares","description":"Las motos m\u00e1s c\u00f3modas y seguras para disfrutar de tus vacaciones sobre ruedas. Alquiler de motos en Menorca, Mallorca, Barcelona y Valencia con Rideon.es","publisher":{"@id":"https:\/\/rideon.es\/renting-particulares\/#organization"},"potentialAction":[{"@type":"SearchAction","target":{"@type":"EntryPoint","urlTemplate":"https:\/\/rideon.es\/renting-particulares\/?s={search_term_string}"},"query-input":{"@type":"PropertyValueSpecification","valueRequired":true,"valueName":"search_term_string"}}],"inLanguage":"es"},{"@type":"Organization","@id":"https:\/\/rideon.es\/renting-particulares\/#organization","name":"Renting Particulares - Alquiler de motos mensual y Renting para Particulares","url":"https:\/\/rideon.es\/renting-particulares\/","logo":{"@type":"ImageObject","inLanguage":"es","@id":"https:\/\/rideon.es\/renting-particulares\/#\/schema\/logo\/image\/","url":"https:\/\/rideon.es\/renting-particulares\/wp-content\/uploads\/sites\/20\/2020\/02\/rideon_logo-200x78-1.png","contentUrl":"https:\/\/rideon.es\/renting-particulares\/wp-content\/uploads\/sites\/20\/2020\/02\/rideon_logo-200x78-1.png","width":200,"height":78,"caption":"Renting Particulares - Alquiler de motos mensual y Renting para Particulares"},"image":{"@id":"https:\/\/rideon.es\/renting-particulares\/#\/schema\/logo\/image\/"}},{"@type":"Person","@id":"https:\/\/rideon.es\/renting-particulares\/#\/schema\/person\/48d6770e55c623d929bd20ce295611a7","name":"Ride On","image":{"@type":"ImageObject","inLanguage":"es","@id":"https:\/\/secure.gravatar.com\/avatar\/785e72183089da6a00243c0f0e2d52db79b9983b602219afb07c868943086138?s=96&d=mm&r=g","url":"https:\/\/secure.gravatar.com\/avatar\/785e72183089da6a00243c0f0e2d52db79b9983b602219afb07c868943086138?s=96&d=mm&r=g","contentUrl":"https:\/\/secure.gravatar.com\/avatar\/785e72183089da6a00243c0f0e2d52db79b9983b602219afb07c868943086138?s=96&d=mm&r=g","caption":"Ride On"},"url":"https:\/\/rideon.es\/renting-particulares\/author\/eduardoyauri\/"}]}},"_links":{"self":[{"href":"https:\/\/rideon.es\/renting-particulares\/wp-json\/wp\/v2\/posts\/1199","targetHints":{"allow":["GET"]}}],"collection":[{"href":"https:\/\/rideon.es\/renting-particulares\/wp-json\/wp\/v2\/posts"}],"about":[{"href":"https:\/\/rideon.es\/renting-particulares\/wp-json\/wp\/v2\/types\/post"}],"author":[{"embeddable":true,"href":"https:\/\/rideon.es\/renting-particulares\/wp-json\/wp\/v2\/users\/2"}],"replies":[{"embeddable":true,"href":"https:\/\/rideon.es\/renting-particulares\/wp-json\/wp\/v2\/comments?post=1199"}],"version-history":[{"count":0,"href":"https:\/\/rideon.es\/renting-particulares\/wp-json\/wp\/v2\/posts\/1199\/revisions"}],"wp:featuredmedia":[{"embeddable":true,"href":"https:\/\/rideon.es\/renting-particulares\/wp-json\/"}],"wp:attachment":[{"href":"https:\/\/rideon.es\/renting-particulares\/wp-json\/wp\/v2\/media?parent=1199"}],"wp:term":[{"taxonomy":"category","embeddable":true,"href":"https:\/\/rideon.es\/renting-particulares\/wp-json\/wp\/v2\/categories?post=1199"},{"taxonomy":"post_tag","embeddable":true,"href":"https:\/\/rideon.es\/renting-particulares\/wp-json\/wp\/v2\/tags?post=1199"}],"curies":[{"name":"wp","href":"https:\/\/api.w.org\/{rel}","templated":true}]}}