{"id":1133,"date":"2016-11-10T11:45:28","date_gmt":"2016-11-10T11:45:28","guid":{"rendered":"https:\/\/rideon.es\/?p=1133"},"modified":"2016-11-10T11:45:28","modified_gmt":"2016-11-10T11:45:28","slug":"cami-de-cavalls-menorca","status":"publish","type":"post","link":"https:\/\/rideon.es\/renting-particulares\/cami-de-cavalls-menorca\/","title":{"rendered":"Cami de cavalls Menorca"},"content":{"rendered":"<h1><b>C\u00f3mo funciona \u201cRide On 2 Walk\u201d<\/b><\/h1>\n<p><span style=\"font-weight: 400\">Ride On y Menorca Slow han dise\u00f1ado un paquete de rutas flexible tanto para quien quiera hacer la ruta entera, como para quien quiera hacer etapas sueltas. Tenemos los mejores puntos de la isla en nuestra gu\u00eda con la que podr\u00e1s saber en todo momento donde estas, cuanto te falta por llegar y rutas alternativas.<\/span><br \/>\n<b>Que aporta Ride On Moto Rent: <\/b><br \/>\n<span style=\"font-weight: 400\">La log\u00edstica en Menorca para hacer el Cam\u00ed de Cavall\u2019s es complicada si no cuentas con soporte local, nosotros recogemos la moto en tu inicio de etapa y la llevamos hasta el punto de llegada. Es de esta manera que podr\u00e1s optimizar tu tiempo en la isla, sin cambiar de hoteles, sinti\u00e9ndote totalmente libre de grandes grupos o caros medios de transporte que se adapten en exclusiva a ti.<\/span><br \/>\n<img decoding=\"async\" class=\"img-responsive\" src=\"https:\/\/rideon.es\/wp-content\/uploads\/2017\/01\/Rideon-2-walk.jpg\" alt=\"cami de cavalls Rideon\" width=\"100%\" \/><br \/>\n<b>Que aporta MenorcaSlow.net: <\/b><br \/>\n<a href=\"http:\/\/MenorcaSlow.net\"><span style=\"font-weight: 400\">MenorcaSlow.net<\/span><\/a><span style=\"font-weight: 400\"> es la empresa con m\u00e1s experiencia en este segmento de tracking en Menorca.<\/span><br \/>\n<span style=\"font-weight: 400\">Ha creado una gu\u00eda especializada y exclusiva para gente que quiere ser libre, sin depender de grupos, horarios o un gu\u00eda que te diga c\u00f3mo y por donde tienes que caminar, esta gu\u00eda llamada \u201cA TU AIRE\u201d contiene todos los detalles necesarios para hacer del Cami de Cavalls una experiencia aut\u00e9ntica y en la que te sentir\u00e1s un verdadero hiker!!<\/span><\/p>\n<h2><b>El Cam\u00ed de Cavalls GR223 &amp; RideOnCam\u00ed<\/b><\/h2>\n<p><span style=\"font-weight: 400\">Europa tiene una red de senderos clasificados como GR, \u201cGran Recorrido\u201d, senderos que para completarlos hacen falta un m\u00ednimo de 2 jornadas. El Cam\u00ed de Cavalls fue reabierto en su totalidad en el a\u00f1o 2010 y clasificado como el GR223. Su nombre, Cam\u00ed de Cavalls, significa Camino de Caballos y se remonta al siglo XVIII, a la Menorca Brit\u00e1nica. Antes de la llegada de las tropas inglesas a Menorca, los espa\u00f1oles se encargaron de destruir muchos de los puntos de defensa y de control que exist\u00edan en la isla, obligando a los nuevos ocupadores a reforzar las defensas. Para ello construyeron torres de vigilancia a lo largo de la costa menorquina y, para comunicarlas, se cre\u00f3 un sendero que daba la vuelta a la isla entera. Esta ruta militar era patrullada por soldados a caballo, y de ah\u00ed el nombre, \u00a0Cam\u00ed de Cavalls.<\/span><br \/>\n<span style=\"font-weight: 400\">185km de sendero que te llevar\u00e1n de cala en cala pasando por los m\u00e1s incre\u00edbles contrastes de vegetaci\u00f3n y geolog\u00eda. Menorca es una isla \u00fanica en el mediterr\u00e1neo, Reserva de la Biosfera desde 1993. A\u00f1o en que fue proclamada como la primera isla en el mundo bajo esta protecci\u00f3n, y hoy en d\u00eda, la \u00fanica del mediterr\u00e1neo. El 73% de nuestra costa est\u00e1 bajo protecci\u00f3n y nunca ha sido urbanizado. Esto es por supuesto uno de sus grandes atractivos aunque, a la hora de querer completar todas las etapas, nos encontramos con grandes dificultades, tanto para llegar a los puntos de inicio, como para regresar desde los puntos de llegada. <\/span><br \/>\n<span style=\"font-weight: 400\">Para facilitar la log\u00edstica a nuestros caminantes, la empresa m\u00e1s puntera online de alquiler de motocicletas en Menorca, \u00a0RideOn, y la empresa pionera en senderismo de la isla MenorcaSlow.net, se han unido para crear RideOnCam\u00ed. Un alquiler de motocicletas con el servicio de transporte de \u00e9stas desde tu inicio de etapa hasta el punto de tu llegada. De esta manera, conducir\u00e1s t\u00fa mismo hasta punto de inicio deseado y, al llegar al final indicado, tu motocicleta te estar\u00e1 esperando. Dispondr\u00e1s de esta manera, de total autonom\u00eda. Marcando t\u00fa mismo el ritmo que quieres llevar y el tiempo que quieres pasar en cada una de las calas.<\/span><br \/>\n<span style=\"font-weight: 400\">\u00a1Preoc\u00fapate en disfrutar y deja que nosotros nos preocupemos del resto!<\/span><br \/>\n&nbsp;<\/p>\n<ul>\n<li><b>El Cam\u00ed de Cavalls y sus Etapas.<\/b><\/li>\n<\/ul>\n<ul>\n<li>Programa 2017.<\/li>\n<\/ul>\n<ul>\n<li>Programas a medida.<\/li>\n<\/ul>\n<ul>\n<li>Etc<\/li>\n<\/ul>\n<ul>\n<li>Etc.<\/li>\n<\/ul>\n<p>&nbsp;<br \/>\n<span style=\"font-weight: 400\">El camino natural del cam\u00ed de cavalls muestra la aut\u00e9ntica Menorca, permite disfrutar de la fuerza de la tramuntana y permite recorrer un camino de m\u00e1s de 180 Km que hace reencontrarse con una naturaleza prodigiosa, con una impresionante biodiversidad y con una isla que es reserva de la biosfera gracias a que ha sido cuidada y respetada por todos los menorquines a lo largo del tiempo.<\/span><br \/>\n<img decoding=\"async\" class=\"img-responsive\" src=\"http:\/\/www.rideonmotorent.com\/wp-content\/uploads\/2016\/09\/cami-de-cavalls-2.jpg\" alt=\"cami de cavalls Menorca\" width=\"100%\" \/><br \/>\n<span style=\"font-weight: 400\">El camino de Cavalls transcurre entre \u201ctanques\u201d, vallas que delimitan gran variedad de entornos en los que se reconoce un paisaje ancestral moldeado por el paso del tiempo, paisajes que suman ganader\u00eda, agricultura de monta\u00f1a y arquitectura popular. La ruta por el GR de cam\u00ed de cavalls es perfecta para disfrutar del <\/span><a href=\"https:\/\/rideon.es\/menorca\"><span style=\"font-weight: 400\">alquiler moto menorca <\/span><\/a><span style=\"font-weight: 400\">con RideonMotorent.<\/span><br \/>\n<img decoding=\"async\" class=\"img-responsive\" src=\"http:\/\/www.rideonmotorent.com\/wp-content\/uploads\/2016\/09\/torres-defensivas-menorca.jpg\" alt=\"Torres de vigilancia camin cavalls\" width=\"100%\" \/><br \/>\n&nbsp;<br \/>\n<span style=\"font-weight: 400\">El nombre del camino natural tiene su origen en el caballo menorqu\u00edn, un ejemplar aut\u00f3ctono de color negro, estilizado y no muy alto cuya presencia a lo largo del camino es habitual. Caballos y fortalezas dejan en el camino de cavalls un trazado que nos traslada a los siglos XVIII y XIX por una ruta para comunicar las distintas construcciones defensivas de la isla El cami de cavalls esconde fant\u00e1sticos rincones para descubrir con el <\/span><a href=\"https:\/\/rideon.es\/menorca\"><span style=\"font-weight: 400\">alquiler de moto aeropuerto menorca<\/span><\/a><span style=\"font-weight: 400\">.<\/span><br \/>\n<img decoding=\"async\" class=\"img-responsive\" src=\"http:\/\/www.rideonmotorent.com\/wp-content\/uploads\/2016\/09\/cami-de-cavalls.jpg\" alt=\"GR cami cavalls Menorca\" width=\"100%\" \/><br \/>\n&nbsp;<br \/>\n<span style=\"font-weight: 400\">La historia explica que el camino de cavalls era la conexi\u00f3n entre los puntos de vig\u00eda para defender la isla de los ataques de los otomanos y de los piratas. La defensa al asedio de los enemigos se llev\u00f3 a cabo gracias a las torres de vigilancia que dispone el litoral de la isla, y la forma de llegar hasta ellas era mediante el cam\u00ed de cavalls. Con <\/span><a href=\"https:\/\/rideon.es\/cami-de-cavalls\/\"><span style=\"font-weight: 400\">RideonTrekking<\/span><\/a><span style=\"font-weight: 400\"> recogemos tu moto en los puntos de salida de cada etapa y la transportamos al punto de llegada<\/span><br \/>\n<img decoding=\"async\" class=\"img-responsive\" src=\"http:\/\/www.rideonmotorent.com\/wp-content\/uploads\/2016\/09\/cami-de-cavalls-rideon-menorca.jpg\" alt=\"Tanques cami cavalls Menorca\" width=\"100%\" \/><br \/>\n&nbsp;<br \/>\n<span style=\"font-weight: 400\">La ruta est\u00e1 perfectamente se\u00f1alizada y transcurre por el litoral de los ocho municipios de la isla, el trayecto no solo sirve para realizar deporte y para ver una naturaleza sencilla y pura de la isla, tambi\u00e9n ayuda a relajarse y a disfrutar de la isla a otro ritmo. El mismo ritmo que muestran los menorquines con su respeto y admiraci\u00f3n por la naturaleza. Contacta con RIdeon y te informamos de nuestro servicio de entrega y recogida de motos por etapas con nuestro servicio <\/span><a href=\"https:\/\/rideon.es\/cami-de-cavalls\/\"><span style=\"font-weight: 400\">RideonTrekking<\/span><\/a><br \/>\n<img decoding=\"async\" class=\"img-responsive\" src=\"http:\/\/www.rideonmotorent.com\/wp-content\/uploads\/2016\/09\/tramo2-cami-cavalls-menorca.jpg\" alt=\"Descubre el cami de cavaals en Menorca\" width=\"100%\" \/><br \/>\n&nbsp;<br \/>\n<span style=\"font-weight: 400\">De hecho este para\u00edso lo es gracias al respeto que muestran los menorquines hacia la naturaleza del sitio. El camino natural del cam\u00ed de cavalls conecta todos los elementos hist\u00f3ricos y naturales que hacen de Menorca un para\u00edso.<\/span><br \/>\n&nbsp;<br \/>\n<span style=\"font-weight: 400\">Para m\u00e1s informaci\u00f3n visite nuestra secci\u00f3n de <\/span><a href=\"https:\/\/rideon.es\/menorca\/\"><span style=\"font-weight: 400\">informaci\u00f3n tur\u00edstica<\/span><\/a><span style=\"font-weight: 400\"> en Menorca, visite nuestra p\u00e1gina web para disfrutar del mejor servicio de <\/span><a href=\"https:\/\/rideon.es\/menorca\/\"><span style=\"font-weight: 400\">alquiler de motos en Menorca<\/span><\/a><span style=\"font-weight: 400\">.<\/span><br \/>\n&nbsp;<\/p>\n","protected":false},"excerpt":{"rendered":"<p>C\u00f3mo funciona \u201cRide On 2 Walk\u201d Ride On y Menorca Slow han dise\u00f1ado un paquete de rutas flexible tanto para quien quiera hacer la ruta entera, como para quien quiera hacer etapas sueltas. Tenemos los mejores puntos de la isla en nuestra gu\u00eda con la que podr\u00e1s saber en todo momento donde estas, cuanto te<\/p>\n","protected":false},"author":2,"featured_media":1131,"comment_status":"open","ping_status":"closed","sticky":false,"template":"","format":"standard","meta":{"inline_featured_image":false,"footnotes":""},"categories":[12,14],"tags":[],"class_list":["post-1133","post","type-post","status-publish","format-standard","has-post-thumbnail","hentry","category-blog","category-menorca"],"yoast_head":"<!-- This site is optimized with the Yoast SEO Premium plugin v18.7 (Yoast SEO v27.5) - https:\/\/yoast.com\/product\/yoast-seo-premium-wordpress\/ -->\n<title>Cami de cavalls Menorca - Renting Particulares - Alquiler de motos mensual y Renting para Particulares<\/title>\n<meta name=\"description\" content=\"Descubre como trasportar tu moto por las etapas del cami de cavalls en Menorca. Alquila en Rideonmotorent, te lo ponemos muy f\u00e1cil.\" \/>\n<meta name=\"robots\" content=\"index, follow, max-snippet:-1, max-image-preview:large, max-video-preview:-1\" \/>\n<link rel=\"canonical\" href=\"https:\/\/rideon.es\/renting-particulares\/cami-de-cavalls-menorca\/\" \/>\n<meta property=\"og:locale\" content=\"es_ES\" \/>\n<meta property=\"og:type\" content=\"article\" \/>\n<meta property=\"og:title\" content=\"Cami de cavalls Menorca\" \/>\n<meta property=\"og:description\" content=\"Descubre como trasportar tu moto por las etapas del cami de cavalls en Menorca. Alquila en Rideonmotorent, te lo ponemos muy f\u00e1cil.\" \/>\n<meta property=\"og:url\" content=\"https:\/\/rideon.es\/renting-particulares\/cami-de-cavalls-menorca\/\" \/>\n<meta property=\"og:site_name\" content=\"Renting Particulares - Alquiler de motos mensual y Renting para Particulares\" \/>\n<meta property=\"article:published_time\" content=\"2016-11-10T11:45:28+00:00\" \/>\n<meta name=\"author\" content=\"Ride On\" \/>\n<meta name=\"twitter:card\" content=\"summary_large_image\" \/>\n<meta name=\"twitter:label1\" content=\"Escrito por\" \/>\n\t<meta name=\"twitter:data1\" content=\"Ride On\" \/>\n\t<meta name=\"twitter:label2\" content=\"Tiempo de lectura\" \/>\n\t<meta name=\"twitter:data2\" content=\"6 minutos\" \/>\n<script type=\"application\/ld+json\" class=\"yoast-schema-graph\">{\"@context\":\"https:\\\/\\\/schema.org\",\"@graph\":[{\"@type\":\"Article\",\"@id\":\"https:\\\/\\\/rideon.es\\\/renting-particulares\\\/cami-de-cavalls-menorca\\\/#article\",\"isPartOf\":{\"@id\":\"https:\\\/\\\/rideon.es\\\/renting-particulares\\\/cami-de-cavalls-menorca\\\/\"},\"author\":{\"name\":\"Ride On\",\"@id\":\"https:\\\/\\\/rideon.es\\\/renting-particulares\\\/#\\\/schema\\\/person\\\/48d6770e55c623d929bd20ce295611a7\"},\"headline\":\"Cami de cavalls Menorca\",\"datePublished\":\"2016-11-10T11:45:28+00:00\",\"mainEntityOfPage\":{\"@id\":\"https:\\\/\\\/rideon.es\\\/renting-particulares\\\/cami-de-cavalls-menorca\\\/\"},\"wordCount\":1110,\"commentCount\":0,\"publisher\":{\"@id\":\"https:\\\/\\\/rideon.es\\\/renting-particulares\\\/#organization\"},\"image\":{\"@id\":\"https:\\\/\\\/rideon.es\\\/renting-particulares\\\/cami-de-cavalls-menorca\\\/#primaryimage\"},\"thumbnailUrl\":\"\",\"articleSection\":[\"Blog\",\"Menorca\"],\"inLanguage\":\"es\",\"potentialAction\":[{\"@type\":\"CommentAction\",\"name\":\"Comment\",\"target\":[\"https:\\\/\\\/rideon.es\\\/renting-particulares\\\/cami-de-cavalls-menorca\\\/#respond\"]}]},{\"@type\":\"WebPage\",\"@id\":\"https:\\\/\\\/rideon.es\\\/renting-particulares\\\/cami-de-cavalls-menorca\\\/\",\"url\":\"https:\\\/\\\/rideon.es\\\/renting-particulares\\\/cami-de-cavalls-menorca\\\/\",\"name\":\"Cami de cavalls Menorca - Renting Particulares - Alquiler de motos mensual y Renting para Particulares\",\"isPartOf\":{\"@id\":\"https:\\\/\\\/rideon.es\\\/renting-particulares\\\/#website\"},\"primaryImageOfPage\":{\"@id\":\"https:\\\/\\\/rideon.es\\\/renting-particulares\\\/cami-de-cavalls-menorca\\\/#primaryimage\"},\"image\":{\"@id\":\"https:\\\/\\\/rideon.es\\\/renting-particulares\\\/cami-de-cavalls-menorca\\\/#primaryimage\"},\"thumbnailUrl\":\"\",\"datePublished\":\"2016-11-10T11:45:28+00:00\",\"description\":\"Descubre como trasportar tu moto por las etapas del cami de cavalls en Menorca. Alquila en Rideonmotorent, te lo ponemos muy f\u00e1cil.\",\"inLanguage\":\"es\",\"potentialAction\":[{\"@type\":\"ReadAction\",\"target\":[\"https:\\\/\\\/rideon.es\\\/renting-particulares\\\/cami-de-cavalls-menorca\\\/\"]}]},{\"@type\":\"ImageObject\",\"inLanguage\":\"es\",\"@id\":\"https:\\\/\\\/rideon.es\\\/renting-particulares\\\/cami-de-cavalls-menorca\\\/#primaryimage\",\"url\":\"\",\"contentUrl\":\"\"},{\"@type\":\"WebSite\",\"@id\":\"https:\\\/\\\/rideon.es\\\/renting-particulares\\\/#website\",\"url\":\"https:\\\/\\\/rideon.es\\\/renting-particulares\\\/\",\"name\":\"Renting Particulares - Alquiler de motos mensual y Renting para Particulares\",\"description\":\"Las motos m\u00e1s c\u00f3modas y seguras para disfrutar de tus vacaciones sobre ruedas. Alquiler de motos en Menorca, Mallorca, Barcelona y Valencia con Rideon.es\",\"publisher\":{\"@id\":\"https:\\\/\\\/rideon.es\\\/renting-particulares\\\/#organization\"},\"potentialAction\":[{\"@type\":\"SearchAction\",\"target\":{\"@type\":\"EntryPoint\",\"urlTemplate\":\"https:\\\/\\\/rideon.es\\\/renting-particulares\\\/?s={search_term_string}\"},\"query-input\":{\"@type\":\"PropertyValueSpecification\",\"valueRequired\":true,\"valueName\":\"search_term_string\"}}],\"inLanguage\":\"es\"},{\"@type\":\"Organization\",\"@id\":\"https:\\\/\\\/rideon.es\\\/renting-particulares\\\/#organization\",\"name\":\"Renting Particulares - Alquiler de motos mensual y Renting para Particulares\",\"url\":\"https:\\\/\\\/rideon.es\\\/renting-particulares\\\/\",\"logo\":{\"@type\":\"ImageObject\",\"inLanguage\":\"es\",\"@id\":\"https:\\\/\\\/rideon.es\\\/renting-particulares\\\/#\\\/schema\\\/logo\\\/image\\\/\",\"url\":\"https:\\\/\\\/rideon.es\\\/renting-particulares\\\/wp-content\\\/uploads\\\/sites\\\/20\\\/2020\\\/02\\\/rideon_logo-200x78-1.png\",\"contentUrl\":\"https:\\\/\\\/rideon.es\\\/renting-particulares\\\/wp-content\\\/uploads\\\/sites\\\/20\\\/2020\\\/02\\\/rideon_logo-200x78-1.png\",\"width\":200,\"height\":78,\"caption\":\"Renting Particulares - Alquiler de motos mensual y Renting para Particulares\"},\"image\":{\"@id\":\"https:\\\/\\\/rideon.es\\\/renting-particulares\\\/#\\\/schema\\\/logo\\\/image\\\/\"}},{\"@type\":\"Person\",\"@id\":\"https:\\\/\\\/rideon.es\\\/renting-particulares\\\/#\\\/schema\\\/person\\\/48d6770e55c623d929bd20ce295611a7\",\"name\":\"Ride On\",\"image\":{\"@type\":\"ImageObject\",\"inLanguage\":\"es\",\"@id\":\"https:\\\/\\\/secure.gravatar.com\\\/avatar\\\/785e72183089da6a00243c0f0e2d52db79b9983b602219afb07c868943086138?s=96&d=mm&r=g\",\"url\":\"https:\\\/\\\/secure.gravatar.com\\\/avatar\\\/785e72183089da6a00243c0f0e2d52db79b9983b602219afb07c868943086138?s=96&d=mm&r=g\",\"contentUrl\":\"https:\\\/\\\/secure.gravatar.com\\\/avatar\\\/785e72183089da6a00243c0f0e2d52db79b9983b602219afb07c868943086138?s=96&d=mm&r=g\",\"caption\":\"Ride On\"},\"url\":\"https:\\\/\\\/rideon.es\\\/renting-particulares\\\/author\\\/eduardoyauri\\\/\"}]}<\/script>\n<!-- \/ Yoast SEO Premium plugin. -->","yoast_head_json":{"title":"Cami de cavalls Menorca - Renting Particulares - Alquiler de motos mensual y Renting para Particulares","description":"Descubre como trasportar tu moto por las etapas del cami de cavalls en Menorca. Alquila en Rideonmotorent, te lo ponemos muy f\u00e1cil.","robots":{"index":"index","follow":"follow","max-snippet":"max-snippet:-1","max-image-preview":"max-image-preview:large","max-video-preview":"max-video-preview:-1"},"canonical":"https:\/\/rideon.es\/renting-particulares\/cami-de-cavalls-menorca\/","og_locale":"es_ES","og_type":"article","og_title":"Cami de cavalls Menorca","og_description":"Descubre como trasportar tu moto por las etapas del cami de cavalls en Menorca. Alquila en Rideonmotorent, te lo ponemos muy f\u00e1cil.","og_url":"https:\/\/rideon.es\/renting-particulares\/cami-de-cavalls-menorca\/","og_site_name":"Renting Particulares - Alquiler de motos mensual y Renting para Particulares","article_published_time":"2016-11-10T11:45:28+00:00","author":"Ride On","twitter_card":"summary_large_image","twitter_misc":{"Escrito por":"Ride On","Tiempo de lectura":"6 minutos"},"schema":{"@context":"https:\/\/schema.org","@graph":[{"@type":"Article","@id":"https:\/\/rideon.es\/renting-particulares\/cami-de-cavalls-menorca\/#article","isPartOf":{"@id":"https:\/\/rideon.es\/renting-particulares\/cami-de-cavalls-menorca\/"},"author":{"name":"Ride On","@id":"https:\/\/rideon.es\/renting-particulares\/#\/schema\/person\/48d6770e55c623d929bd20ce295611a7"},"headline":"Cami de cavalls Menorca","datePublished":"2016-11-10T11:45:28+00:00","mainEntityOfPage":{"@id":"https:\/\/rideon.es\/renting-particulares\/cami-de-cavalls-menorca\/"},"wordCount":1110,"commentCount":0,"publisher":{"@id":"https:\/\/rideon.es\/renting-particulares\/#organization"},"image":{"@id":"https:\/\/rideon.es\/renting-particulares\/cami-de-cavalls-menorca\/#primaryimage"},"thumbnailUrl":"","articleSection":["Blog","Menorca"],"inLanguage":"es","potentialAction":[{"@type":"CommentAction","name":"Comment","target":["https:\/\/rideon.es\/renting-particulares\/cami-de-cavalls-menorca\/#respond"]}]},{"@type":"WebPage","@id":"https:\/\/rideon.es\/renting-particulares\/cami-de-cavalls-menorca\/","url":"https:\/\/rideon.es\/renting-particulares\/cami-de-cavalls-menorca\/","name":"Cami de cavalls Menorca - Renting Particulares - Alquiler de motos mensual y Renting para Particulares","isPartOf":{"@id":"https:\/\/rideon.es\/renting-particulares\/#website"},"primaryImageOfPage":{"@id":"https:\/\/rideon.es\/renting-particulares\/cami-de-cavalls-menorca\/#primaryimage"},"image":{"@id":"https:\/\/rideon.es\/renting-particulares\/cami-de-cavalls-menorca\/#primaryimage"},"thumbnailUrl":"","datePublished":"2016-11-10T11:45:28+00:00","description":"Descubre como trasportar tu moto por las etapas del cami de cavalls en Menorca. Alquila en Rideonmotorent, te lo ponemos muy f\u00e1cil.","inLanguage":"es","potentialAction":[{"@type":"ReadAction","target":["https:\/\/rideon.es\/renting-particulares\/cami-de-cavalls-menorca\/"]}]},{"@type":"ImageObject","inLanguage":"es","@id":"https:\/\/rideon.es\/renting-particulares\/cami-de-cavalls-menorca\/#primaryimage","url":"","contentUrl":""},{"@type":"WebSite","@id":"https:\/\/rideon.es\/renting-particulares\/#website","url":"https:\/\/rideon.es\/renting-particulares\/","name":"Renting Particulares - Alquiler de motos mensual y Renting para Particulares","description":"Las motos m\u00e1s c\u00f3modas y seguras para disfrutar de tus vacaciones sobre ruedas. Alquiler de motos en Menorca, Mallorca, Barcelona y Valencia con Rideon.es","publisher":{"@id":"https:\/\/rideon.es\/renting-particulares\/#organization"},"potentialAction":[{"@type":"SearchAction","target":{"@type":"EntryPoint","urlTemplate":"https:\/\/rideon.es\/renting-particulares\/?s={search_term_string}"},"query-input":{"@type":"PropertyValueSpecification","valueRequired":true,"valueName":"search_term_string"}}],"inLanguage":"es"},{"@type":"Organization","@id":"https:\/\/rideon.es\/renting-particulares\/#organization","name":"Renting Particulares - Alquiler de motos mensual y Renting para Particulares","url":"https:\/\/rideon.es\/renting-particulares\/","logo":{"@type":"ImageObject","inLanguage":"es","@id":"https:\/\/rideon.es\/renting-particulares\/#\/schema\/logo\/image\/","url":"https:\/\/rideon.es\/renting-particulares\/wp-content\/uploads\/sites\/20\/2020\/02\/rideon_logo-200x78-1.png","contentUrl":"https:\/\/rideon.es\/renting-particulares\/wp-content\/uploads\/sites\/20\/2020\/02\/rideon_logo-200x78-1.png","width":200,"height":78,"caption":"Renting Particulares - Alquiler de motos mensual y Renting para Particulares"},"image":{"@id":"https:\/\/rideon.es\/renting-particulares\/#\/schema\/logo\/image\/"}},{"@type":"Person","@id":"https:\/\/rideon.es\/renting-particulares\/#\/schema\/person\/48d6770e55c623d929bd20ce295611a7","name":"Ride On","image":{"@type":"ImageObject","inLanguage":"es","@id":"https:\/\/secure.gravatar.com\/avatar\/785e72183089da6a00243c0f0e2d52db79b9983b602219afb07c868943086138?s=96&d=mm&r=g","url":"https:\/\/secure.gravatar.com\/avatar\/785e72183089da6a00243c0f0e2d52db79b9983b602219afb07c868943086138?s=96&d=mm&r=g","contentUrl":"https:\/\/secure.gravatar.com\/avatar\/785e72183089da6a00243c0f0e2d52db79b9983b602219afb07c868943086138?s=96&d=mm&r=g","caption":"Ride On"},"url":"https:\/\/rideon.es\/renting-particulares\/author\/eduardoyauri\/"}]}},"_links":{"self":[{"href":"https:\/\/rideon.es\/renting-particulares\/wp-json\/wp\/v2\/posts\/1133","targetHints":{"allow":["GET"]}}],"collection":[{"href":"https:\/\/rideon.es\/renting-particulares\/wp-json\/wp\/v2\/posts"}],"about":[{"href":"https:\/\/rideon.es\/renting-particulares\/wp-json\/wp\/v2\/types\/post"}],"author":[{"embeddable":true,"href":"https:\/\/rideon.es\/renting-particulares\/wp-json\/wp\/v2\/users\/2"}],"replies":[{"embeddable":true,"href":"https:\/\/rideon.es\/renting-particulares\/wp-json\/wp\/v2\/comments?post=1133"}],"version-history":[{"count":0,"href":"https:\/\/rideon.es\/renting-particulares\/wp-json\/wp\/v2\/posts\/1133\/revisions"}],"wp:featuredmedia":[{"embeddable":true,"href":"https:\/\/rideon.es\/renting-particulares\/wp-json\/"}],"wp:attachment":[{"href":"https:\/\/rideon.es\/renting-particulares\/wp-json\/wp\/v2\/media?parent=1133"}],"wp:term":[{"taxonomy":"category","embeddable":true,"href":"https:\/\/rideon.es\/renting-particulares\/wp-json\/wp\/v2\/categories?post=1133"},{"taxonomy":"post_tag","embeddable":true,"href":"https:\/\/rideon.es\/renting-particulares\/wp-json\/wp\/v2\/tags?post=1133"}],"curies":[{"name":"wp","href":"https:\/\/api.w.org\/{rel}","templated":true}]}}