{"id":930,"date":"2016-10-06T15:33:26","date_gmt":"2016-10-06T15:33:26","guid":{"rendered":"https:\/\/rideon.es\/museo-maritimo-y-parc-guell-2\/"},"modified":"2016-10-06T15:33:26","modified_gmt":"2016-10-06T15:33:26","slug":"museo-maritimo-y-parc-guell-4","status":"publish","type":"post","link":"https:\/\/rideon.es\/renting-empresas\/museo-maritimo-y-parc-guell-4\/","title":{"rendered":"Il Museo Marittimo e il Parc G\u00fcell"},"content":{"rendered":"<p>Il Museo Marittimo di Barcellona<br \/>\nsituazione: https:\/\/goo.gl\/maps\/dp5TgNYrSd92<br \/>\nContatto: http:\/\/www.mmb.cat\/<br \/>\ncon poco pi\u00f9 di 1 milione e mezzo di abitanti Barcellona \u00e8 la seconda citt\u00e0 pi\u00f9 popolata di Spagna e la onceava d&#8217;Europa oltre la sua area metropolitana \u00e8 ancora pi\u00f9 impressionante, composta da pi\u00f9 di 30 comuni raggiunge una cifra vicina ai 4 milioni di abitanti, in essa vivono quasi il 60% dei catalani. Barcellona e il ospedali sono separati da una carreggiata e di Barcellona e Sant Adri\u00e0 de Bes\u00f2s da un ponte. Visita della citt\u00e0 di Barcellona con il tuo affitto moto Barcellona Rideon<br \/>\n<img decoding=\"async\" class=\"img-responsive\" src=\"http:\/\/www.rideonmotorent.com\/wp-content\/uploads\/2016\/08\/Barcelona-en-moto.jpg\" alt=\"Descubre lo mejor de Barcelona\" width=\"100%\" \/><br \/>\nLimitata per il mare e la montagna, Barcellona \u00e8 una citt\u00e0 quasi senza suolo, quindi non si tratta tanto di crescere ma di rinnovarsi. Il Mediterraneo \u00e8 l&#8217;elemento embrionale di Barcellona, fin dalle sue origini abitanti, invasori e negli ultimi decenni crociere con turisti, molto di ci\u00f2 che Barcellona \u00e9s, \u00e8 arrivata per il mare. Scopre Barcellona della forma pi\u00f9 comoda e rapido con Rideon, tuo affitto moto Barcellona.<br \/>\nLa realt\u00e0 \u00e8 che oggi in giorno una citt\u00e0 \u00e8 un mosaico, la citt\u00e0 si divide in distretti e questi in quartieri, in strade e portali i portali si dividono in abitazioni e queste in camere. Da quanto pi\u00f9 piccolo al pi\u00f9 grande esiste sempre un ordine, ma all&#8217;interno dell&#8217;ordine vi sono anche un certo disordine, quartieri costruiti da la razionalit\u00e0 e il design e quartieri costruiti da il caso. In un certo senso la citt\u00e0 si potrebbe definire come un caos che aspira all&#8217;ordine.<br \/>\n<img decoding=\"async\" class=\"img-responsive\" src=\"http:\/\/www.rideonmotorent.com\/wp-content\/uploads\/2016\/08\/museo-maritimo-Barcelona.jpg\" alt=\"Museo Mar\u00edtimo Barcelona\" width=\"100%\" \/><br \/>\nMille anni fa fino a qui stesso arrivava il mare, le \u00abDrassanes\u00bb era dove si constru\u00edan navi, nella collezione del Museo Marittimo richiama l&#8217;attenzione una replica a dimensione reale della galera di Don Giovanni di Austria<br \/>\nmangiare nella Cova Fumada<br \/>\nsituazione:https:\/\/goo.gl\/maps\/caL7QCEFkwm<br \/>\nContatto: https:\/\/www.facebook.com\/pages\/La-Cova-Fumada\/167510036619950#_=_<br \/>\nfondata nel 1944, Cova Fumada \u00e8 un&#8217;antica cantina, ancora conserva al giorno d&#8217;oggi i suoi barili e loro scrivanie di marmo, di ambiente informale e hogare\u00f1o. La cucina, alla vista, ci presenta coperchi e piatti fatti in casa con il pesce come ingrediente di rilievo. Un luogo popolare e molto affollata che non accetta prenotazioni.<br \/>\n&nbsp;<br \/>\n<img decoding=\"async\" class=\"img-responsive\" src=\"http:\/\/www.rideonmotorent.com\/wp-content\/uploads\/2016\/08\/la-cova-fumada-barcelona.jpg\" alt=\"Restaurante la Cova Fumada Barcelona\" width=\"100%\" \/><br \/>\nA partire dalle 9h del mattino, gi\u00e0 a nostra disposizione dei pulpitos, il cap i totano, i escabeches, le butifarras, pi\u00f9 le sardine e alcune gamberetti che non richiedono troppo tempo in una delle barche del Moll del Rellotge.<br \/>\nParc G\u00fcell<br \/>\nsituazione:https:\/\/goo.gl\/maps\/bydGRgFKmHq<br \/>\nContatto: http:\/\/www.parkguell.cat\/es\/<br \/>\n<img decoding=\"async\" class=\"img-responsive\" src=\"http:\/\/www.rideonmotorent.com\/wp-content\/uploads\/2016\/08\/Banco-parc-g\u00fcell.jpg\" alt=\"Visita banco del Parc G\u00fcell de Barcelona\" width=\"100%\" \/><br \/>\nAll&#8217;inizio del XX secolo l&#8217;architetto Antoni Gaud\u00ed decor\u00f3 con piastrelle una banca che sembrano essere disponibile senza ordine e al libero arbitrio, il mosaico o \u00abtrencad\u00eds\u00bb fatto con pezzi cos\u00ec diversi ma con un risultato cos\u00ec armonico e un buon sintesi della citt\u00e0,<br \/>\nla sera raccomandiamo prendere l&#8217;affitto moto Barcellona e visitare il parco G\u00fcell, \u00e8 un riflesso della pienezza artistica di Gaud\u00ed: appartiene alla sua tappa naturalistica (primo decennio del secolo XX), periodo in cui l&#8217;architetto perfezionato il suo stile personale, attraverso l&#8217;ispirazione nelle forme organiche della natura, per ci\u00f2 che ha messo in pratica tutta una serie di nuove soluzioni strutturali indotte nei suoi profondi analisi della geometria Regolamentata.<br \/>\n&nbsp;<br \/>\n<img decoding=\"async\" class=\"img-responsive\" src=\"http:\/\/www.rideonmotorent.com\/wp-content\/uploads\/2016\/08\/parc-Guell-barcelona.jpg\" alt=\"Visita el Parc G\u00fcell de Barcelona\" width=\"100%\" \/><br \/>\nA ci\u00f2 aggiunge l&#8217;artista catalano una grande libert\u00e0 creativa e una immaginativa creazione ornamentale: partendo da un certo barroquismo le sue opere assumono grande ricchezza strutturale, di forme e volumi privi di rigidit\u00e0 racionalista o di qualsiasi premessa classica.1 nel parco G\u00fcell attivata Gaudi tutto il suo genio architettonico, e ha messo in pratica molte delle sue innovative soluzioni strutturali che sarebbero emblematiche del suo stile organicista e che culminar\u00eda nella sacra Famiglia.<br \/>\nPer maggiori informazioni visitare il nostro blog di informazione turistica a Barcellona , per prenotazioni online di moto di noleggio Mallorca possono visitare la nostra web www.rideonmotorent.com<\/p>\n","protected":false},"excerpt":{"rendered":"<p>Il Museo Marittimo di Barcellona situazione: https:\/\/goo.gl\/maps\/dp5TgNYrSd92 Contatto: http:\/\/www.mmb.cat\/ con poco pi\u00f9 di 1 milione e mezzo di abitanti Barcellona \u00e8 la seconda citt\u00e0 pi\u00f9 popolata di Spagna e la onceava d&#8217;Europa oltre la sua area metropolitana \u00e8 ancora pi\u00f9 impressionante, composta da pi\u00f9 di 30 comuni raggiunge una cifra vicina ai 4 milioni di<\/p>\n","protected":false},"author":2,"featured_media":1519,"comment_status":"open","ping_status":"closed","sticky":false,"template":"","format":"standard","meta":{"inline_featured_image":false,"footnotes":""},"categories":[13],"tags":[],"class_list":["post-930","post","type-post","status-publish","format-standard","has-post-thumbnail","hentry","category-sin-categorizar"],"yoast_head":"<!-- This site is optimized with the Yoast SEO Premium plugin v18.7 (Yoast SEO v27.5) - https:\/\/yoast.com\/product\/yoast-seo-premium-wordpress\/ -->\n<title>Il Museo Marittimo e il Parc G\u00fcell - Alquiler de motos mensual y Renting para Empresas<\/title>\n<meta name=\"robots\" content=\"index, follow, max-snippet:-1, max-image-preview:large, max-video-preview:-1\" \/>\n<link rel=\"canonical\" href=\"https:\/\/rideon.es\/renting-empresas\/museo-maritimo-y-parc-guell-4\/\" \/>\n<meta property=\"og:locale\" content=\"es_ES\" \/>\n<meta property=\"og:type\" content=\"article\" \/>\n<meta property=\"og:title\" content=\"Il Museo Marittimo e il Parc G\u00fcell\" \/>\n<meta property=\"og:description\" content=\"Il Museo Marittimo di Barcellona situazione: https:\/\/goo.gl\/maps\/dp5TgNYrSd92 Contatto: http:\/\/www.mmb.cat\/ con poco pi\u00f9 di 1 milione e mezzo di abitanti Barcellona \u00e8 la seconda citt\u00e0 pi\u00f9 popolata di Spagna e la onceava d&#8217;Europa oltre la sua area metropolitana \u00e8 ancora pi\u00f9 impressionante, composta da pi\u00f9 di 30 comuni raggiunge una cifra vicina ai 4 milioni di\" \/>\n<meta property=\"og:url\" content=\"https:\/\/rideon.es\/renting-empresas\/museo-maritimo-y-parc-guell-4\/\" \/>\n<meta property=\"og:site_name\" content=\"Alquiler de motos mensual y Renting para Empresas\" \/>\n<meta property=\"article:published_time\" content=\"2016-10-06T15:33:26+00:00\" \/>\n<meta name=\"author\" content=\"Ride On\" \/>\n<meta name=\"twitter:card\" content=\"summary_large_image\" \/>\n<meta name=\"twitter:label1\" content=\"Escrito por\" \/>\n\t<meta name=\"twitter:data1\" content=\"Ride On\" \/>\n\t<meta name=\"twitter:label2\" content=\"Tiempo de lectura\" \/>\n\t<meta name=\"twitter:data2\" content=\"3 minutos\" \/>\n<script type=\"application\/ld+json\" class=\"yoast-schema-graph\">{\"@context\":\"https:\\\/\\\/schema.org\",\"@graph\":[{\"@type\":\"Article\",\"@id\":\"https:\\\/\\\/rideon.es\\\/renting-empresas\\\/museo-maritimo-y-parc-guell-4\\\/#article\",\"isPartOf\":{\"@id\":\"https:\\\/\\\/rideon.es\\\/renting-empresas\\\/museo-maritimo-y-parc-guell-4\\\/\"},\"author\":{\"name\":\"Ride On\",\"@id\":\"https:\\\/\\\/rideon.es\\\/renting-empresas\\\/#\\\/schema\\\/person\\\/48d6770e55c623d929bd20ce295611a7\"},\"headline\":\"Il Museo Marittimo e il Parc G\u00fcell\",\"datePublished\":\"2016-10-06T15:33:26+00:00\",\"mainEntityOfPage\":{\"@id\":\"https:\\\/\\\/rideon.es\\\/renting-empresas\\\/museo-maritimo-y-parc-guell-4\\\/\"},\"wordCount\":650,\"commentCount\":0,\"publisher\":{\"@id\":\"https:\\\/\\\/rideon.es\\\/renting-empresas\\\/#organization\"},\"image\":{\"@id\":\"https:\\\/\\\/rideon.es\\\/renting-empresas\\\/museo-maritimo-y-parc-guell-4\\\/#primaryimage\"},\"thumbnailUrl\":\"\",\"articleSection\":[\"Sin categorizar\"],\"inLanguage\":\"es\",\"potentialAction\":[{\"@type\":\"CommentAction\",\"name\":\"Comment\",\"target\":[\"https:\\\/\\\/rideon.es\\\/renting-empresas\\\/museo-maritimo-y-parc-guell-4\\\/#respond\"]}]},{\"@type\":\"WebPage\",\"@id\":\"https:\\\/\\\/rideon.es\\\/renting-empresas\\\/museo-maritimo-y-parc-guell-4\\\/\",\"url\":\"https:\\\/\\\/rideon.es\\\/renting-empresas\\\/museo-maritimo-y-parc-guell-4\\\/\",\"name\":\"Il Museo Marittimo e il Parc G\u00fcell - Alquiler de motos mensual y Renting para Empresas\",\"isPartOf\":{\"@id\":\"https:\\\/\\\/rideon.es\\\/renting-empresas\\\/#website\"},\"primaryImageOfPage\":{\"@id\":\"https:\\\/\\\/rideon.es\\\/renting-empresas\\\/museo-maritimo-y-parc-guell-4\\\/#primaryimage\"},\"image\":{\"@id\":\"https:\\\/\\\/rideon.es\\\/renting-empresas\\\/museo-maritimo-y-parc-guell-4\\\/#primaryimage\"},\"thumbnailUrl\":\"\",\"datePublished\":\"2016-10-06T15:33:26+00:00\",\"inLanguage\":\"es\",\"potentialAction\":[{\"@type\":\"ReadAction\",\"target\":[\"https:\\\/\\\/rideon.es\\\/renting-empresas\\\/museo-maritimo-y-parc-guell-4\\\/\"]}]},{\"@type\":\"ImageObject\",\"inLanguage\":\"es\",\"@id\":\"https:\\\/\\\/rideon.es\\\/renting-empresas\\\/museo-maritimo-y-parc-guell-4\\\/#primaryimage\",\"url\":\"\",\"contentUrl\":\"\"},{\"@type\":\"WebSite\",\"@id\":\"https:\\\/\\\/rideon.es\\\/renting-empresas\\\/#website\",\"url\":\"https:\\\/\\\/rideon.es\\\/renting-empresas\\\/\",\"name\":\"Alquiler de motos mensual y Renting para Empresas\",\"description\":\"Las motos m\u00e1s c\u00f3modas y seguras para disfrutar de tus vacaciones sobre ruedas. Alquiler de motos en Menorca, Mallorca, Barcelona y Valencia con Rideon.es\",\"publisher\":{\"@id\":\"https:\\\/\\\/rideon.es\\\/renting-empresas\\\/#organization\"},\"potentialAction\":[{\"@type\":\"SearchAction\",\"target\":{\"@type\":\"EntryPoint\",\"urlTemplate\":\"https:\\\/\\\/rideon.es\\\/renting-empresas\\\/?s={search_term_string}\"},\"query-input\":{\"@type\":\"PropertyValueSpecification\",\"valueRequired\":true,\"valueName\":\"search_term_string\"}}],\"inLanguage\":\"es\"},{\"@type\":\"Organization\",\"@id\":\"https:\\\/\\\/rideon.es\\\/renting-empresas\\\/#organization\",\"name\":\"Alquiler de motos mensual y Renting para Empresas\",\"url\":\"https:\\\/\\\/rideon.es\\\/renting-empresas\\\/\",\"logo\":{\"@type\":\"ImageObject\",\"inLanguage\":\"es\",\"@id\":\"https:\\\/\\\/rideon.es\\\/renting-empresas\\\/#\\\/schema\\\/logo\\\/image\\\/\",\"url\":\"https:\\\/\\\/rideon.es\\\/renting-empresas\\\/wp-content\\\/uploads\\\/sites\\\/19\\\/2020\\\/02\\\/rideon_logo-200x78-1.png\",\"contentUrl\":\"https:\\\/\\\/rideon.es\\\/renting-empresas\\\/wp-content\\\/uploads\\\/sites\\\/19\\\/2020\\\/02\\\/rideon_logo-200x78-1.png\",\"width\":200,\"height\":78,\"caption\":\"Alquiler de motos mensual y Renting para Empresas\"},\"image\":{\"@id\":\"https:\\\/\\\/rideon.es\\\/renting-empresas\\\/#\\\/schema\\\/logo\\\/image\\\/\"}},{\"@type\":\"Person\",\"@id\":\"https:\\\/\\\/rideon.es\\\/renting-empresas\\\/#\\\/schema\\\/person\\\/48d6770e55c623d929bd20ce295611a7\",\"name\":\"Ride On\",\"image\":{\"@type\":\"ImageObject\",\"inLanguage\":\"es\",\"@id\":\"https:\\\/\\\/secure.gravatar.com\\\/avatar\\\/785e72183089da6a00243c0f0e2d52db79b9983b602219afb07c868943086138?s=96&d=mm&r=g\",\"url\":\"https:\\\/\\\/secure.gravatar.com\\\/avatar\\\/785e72183089da6a00243c0f0e2d52db79b9983b602219afb07c868943086138?s=96&d=mm&r=g\",\"contentUrl\":\"https:\\\/\\\/secure.gravatar.com\\\/avatar\\\/785e72183089da6a00243c0f0e2d52db79b9983b602219afb07c868943086138?s=96&d=mm&r=g\",\"caption\":\"Ride On\"},\"url\":\"https:\\\/\\\/rideon.es\\\/renting-empresas\\\/author\\\/eduardoyauri\\\/\"}]}<\/script>\n<!-- \/ Yoast SEO Premium plugin. -->","yoast_head_json":{"title":"Il Museo Marittimo e il Parc G\u00fcell - Alquiler de motos mensual y Renting para Empresas","robots":{"index":"index","follow":"follow","max-snippet":"max-snippet:-1","max-image-preview":"max-image-preview:large","max-video-preview":"max-video-preview:-1"},"canonical":"https:\/\/rideon.es\/renting-empresas\/museo-maritimo-y-parc-guell-4\/","og_locale":"es_ES","og_type":"article","og_title":"Il Museo Marittimo e il Parc G\u00fcell","og_description":"Il Museo Marittimo di Barcellona situazione: https:\/\/goo.gl\/maps\/dp5TgNYrSd92 Contatto: http:\/\/www.mmb.cat\/ con poco pi\u00f9 di 1 milione e mezzo di abitanti Barcellona \u00e8 la seconda citt\u00e0 pi\u00f9 popolata di Spagna e la onceava d&#8217;Europa oltre la sua area metropolitana \u00e8 ancora pi\u00f9 impressionante, composta da pi\u00f9 di 30 comuni raggiunge una cifra vicina ai 4 milioni di","og_url":"https:\/\/rideon.es\/renting-empresas\/museo-maritimo-y-parc-guell-4\/","og_site_name":"Alquiler de motos mensual y Renting para Empresas","article_published_time":"2016-10-06T15:33:26+00:00","author":"Ride On","twitter_card":"summary_large_image","twitter_misc":{"Escrito por":"Ride On","Tiempo de lectura":"3 minutos"},"schema":{"@context":"https:\/\/schema.org","@graph":[{"@type":"Article","@id":"https:\/\/rideon.es\/renting-empresas\/museo-maritimo-y-parc-guell-4\/#article","isPartOf":{"@id":"https:\/\/rideon.es\/renting-empresas\/museo-maritimo-y-parc-guell-4\/"},"author":{"name":"Ride On","@id":"https:\/\/rideon.es\/renting-empresas\/#\/schema\/person\/48d6770e55c623d929bd20ce295611a7"},"headline":"Il Museo Marittimo e il Parc G\u00fcell","datePublished":"2016-10-06T15:33:26+00:00","mainEntityOfPage":{"@id":"https:\/\/rideon.es\/renting-empresas\/museo-maritimo-y-parc-guell-4\/"},"wordCount":650,"commentCount":0,"publisher":{"@id":"https:\/\/rideon.es\/renting-empresas\/#organization"},"image":{"@id":"https:\/\/rideon.es\/renting-empresas\/museo-maritimo-y-parc-guell-4\/#primaryimage"},"thumbnailUrl":"","articleSection":["Sin categorizar"],"inLanguage":"es","potentialAction":[{"@type":"CommentAction","name":"Comment","target":["https:\/\/rideon.es\/renting-empresas\/museo-maritimo-y-parc-guell-4\/#respond"]}]},{"@type":"WebPage","@id":"https:\/\/rideon.es\/renting-empresas\/museo-maritimo-y-parc-guell-4\/","url":"https:\/\/rideon.es\/renting-empresas\/museo-maritimo-y-parc-guell-4\/","name":"Il Museo Marittimo e il Parc G\u00fcell - Alquiler de motos mensual y Renting para Empresas","isPartOf":{"@id":"https:\/\/rideon.es\/renting-empresas\/#website"},"primaryImageOfPage":{"@id":"https:\/\/rideon.es\/renting-empresas\/museo-maritimo-y-parc-guell-4\/#primaryimage"},"image":{"@id":"https:\/\/rideon.es\/renting-empresas\/museo-maritimo-y-parc-guell-4\/#primaryimage"},"thumbnailUrl":"","datePublished":"2016-10-06T15:33:26+00:00","inLanguage":"es","potentialAction":[{"@type":"ReadAction","target":["https:\/\/rideon.es\/renting-empresas\/museo-maritimo-y-parc-guell-4\/"]}]},{"@type":"ImageObject","inLanguage":"es","@id":"https:\/\/rideon.es\/renting-empresas\/museo-maritimo-y-parc-guell-4\/#primaryimage","url":"","contentUrl":""},{"@type":"WebSite","@id":"https:\/\/rideon.es\/renting-empresas\/#website","url":"https:\/\/rideon.es\/renting-empresas\/","name":"Alquiler de motos mensual y Renting para Empresas","description":"Las motos m\u00e1s c\u00f3modas y seguras para disfrutar de tus vacaciones sobre ruedas. Alquiler de motos en Menorca, Mallorca, Barcelona y Valencia con Rideon.es","publisher":{"@id":"https:\/\/rideon.es\/renting-empresas\/#organization"},"potentialAction":[{"@type":"SearchAction","target":{"@type":"EntryPoint","urlTemplate":"https:\/\/rideon.es\/renting-empresas\/?s={search_term_string}"},"query-input":{"@type":"PropertyValueSpecification","valueRequired":true,"valueName":"search_term_string"}}],"inLanguage":"es"},{"@type":"Organization","@id":"https:\/\/rideon.es\/renting-empresas\/#organization","name":"Alquiler de motos mensual y Renting para Empresas","url":"https:\/\/rideon.es\/renting-empresas\/","logo":{"@type":"ImageObject","inLanguage":"es","@id":"https:\/\/rideon.es\/renting-empresas\/#\/schema\/logo\/image\/","url":"https:\/\/rideon.es\/renting-empresas\/wp-content\/uploads\/sites\/19\/2020\/02\/rideon_logo-200x78-1.png","contentUrl":"https:\/\/rideon.es\/renting-empresas\/wp-content\/uploads\/sites\/19\/2020\/02\/rideon_logo-200x78-1.png","width":200,"height":78,"caption":"Alquiler de motos mensual y Renting para Empresas"},"image":{"@id":"https:\/\/rideon.es\/renting-empresas\/#\/schema\/logo\/image\/"}},{"@type":"Person","@id":"https:\/\/rideon.es\/renting-empresas\/#\/schema\/person\/48d6770e55c623d929bd20ce295611a7","name":"Ride On","image":{"@type":"ImageObject","inLanguage":"es","@id":"https:\/\/secure.gravatar.com\/avatar\/785e72183089da6a00243c0f0e2d52db79b9983b602219afb07c868943086138?s=96&d=mm&r=g","url":"https:\/\/secure.gravatar.com\/avatar\/785e72183089da6a00243c0f0e2d52db79b9983b602219afb07c868943086138?s=96&d=mm&r=g","contentUrl":"https:\/\/secure.gravatar.com\/avatar\/785e72183089da6a00243c0f0e2d52db79b9983b602219afb07c868943086138?s=96&d=mm&r=g","caption":"Ride On"},"url":"https:\/\/rideon.es\/renting-empresas\/author\/eduardoyauri\/"}]}},"_links":{"self":[{"href":"https:\/\/rideon.es\/renting-empresas\/wp-json\/wp\/v2\/posts\/930","targetHints":{"allow":["GET"]}}],"collection":[{"href":"https:\/\/rideon.es\/renting-empresas\/wp-json\/wp\/v2\/posts"}],"about":[{"href":"https:\/\/rideon.es\/renting-empresas\/wp-json\/wp\/v2\/types\/post"}],"author":[{"embeddable":true,"href":"https:\/\/rideon.es\/renting-empresas\/wp-json\/wp\/v2\/users\/2"}],"replies":[{"embeddable":true,"href":"https:\/\/rideon.es\/renting-empresas\/wp-json\/wp\/v2\/comments?post=930"}],"version-history":[{"count":0,"href":"https:\/\/rideon.es\/renting-empresas\/wp-json\/wp\/v2\/posts\/930\/revisions"}],"wp:featuredmedia":[{"embeddable":true,"href":"https:\/\/rideon.es\/renting-empresas\/wp-json\/"}],"wp:attachment":[{"href":"https:\/\/rideon.es\/renting-empresas\/wp-json\/wp\/v2\/media?parent=930"}],"wp:term":[{"taxonomy":"category","embeddable":true,"href":"https:\/\/rideon.es\/renting-empresas\/wp-json\/wp\/v2\/categories?post=930"},{"taxonomy":"post_tag","embeddable":true,"href":"https:\/\/rideon.es\/renting-empresas\/wp-json\/wp\/v2\/tags?post=930"}],"curies":[{"name":"wp","href":"https:\/\/api.w.org\/{rel}","templated":true}]}}