{"id":929,"date":"2016-10-06T15:33:26","date_gmt":"2016-10-06T15:33:26","guid":{"rendered":"https:\/\/rideon.es\/museo-maritimo-y-parc-guell-2\/"},"modified":"2016-10-06T15:33:26","modified_gmt":"2016-10-06T15:33:26","slug":"museo-maritimo-y-parc-guell-3","status":"publish","type":"post","link":"https:\/\/rideon.es\/renting-empresas\/museo-maritimo-y-parc-guell-3\/","title":{"rendered":"Museo Mar\u00edtimo und des Parc G\u00fcell"},"content":{"rendered":"<p>Museo maritimo Barcelona<br \/>\nLage: https:\/\/goo.gl\/maps\/dp5TgNYrSd92<br \/>\nKontakt: Http:\/\/www.mmb.cat\/<br \/>\nmit etwas mehr als 1 anderthalb Millionen Einwohnern Barcelona ist die zweitgr\u00f6\u00dfte Stadt Spaniens bev\u00f6lkerungsreichste und onceava Europas neben ihrem Stadtgebiet ist umso beeindruckender, bestehend aus \u00fcber 30 Gemeinden erreicht einen Wert nahe 4 Mio. Einwohner, in ihr Leben fast 60% der Katalanen. Barcelona und Krankenh\u00e4user sind getrennt von einer Fahrbahn und Barcelona Sant Adri\u00e0 und des Bes\u00f2s \u00fcber eine Br\u00fccke. Besuch der Stadt Barcelona mit deinem Vermietung Motorr\u00e4der Rideon Barcelona<br \/>\n<img decoding=\"async\" class=\"img-responsive\" src=\"http:\/\/www.rideonmotorent.com\/wp-content\/uploads\/2016\/08\/Barcelona-en-moto.jpg\" alt=\"Descubre lo mejor de Barcelona\" width=\"100%\" \/><br \/>\nBegrenzt durch das Meer und die Berge, Barcelona ist eine Stadt fast ohne Boden, daher nicht so sehr wachsen, sondern erneuert. Das Mittelmeer ist das Element embrionario Barcelona seit ihren Anf\u00e4ngen Siedler, Eindringlinge und in den letzten Jahrzehnten Kreuzfahrten mit Touristen vieles, was Barcelona \u00e9s kam aus dem Meer. Entdeckt Barcelona so bequem und schnell mit Rideon, dein Vermietung Motorr\u00e4der Barcelona.<br \/>\nDie Realit\u00e4t ist, dass heute eine Stadt dia ist ein Mosaik, die Stadt gliedert sich in Bezirken und diesen in Stadtvierteln, in Stra\u00dfen und Portale, die Portale werden eingeteilt in Wohnungen und diese im Zimmer. Seit das kleinste das gr\u00f6\u00dfte immer einem Orden, aber innerhalb der Ordnung auch ein gewisses Chaos, Stadtviertel gebaut von Rationalit\u00e4t und Design und Stadtteilen gebaut seit dem Zufall. In gewissem Sinne k\u00f6nnte die Stadt wird definiert als ein chaos Ordnung anstrebt.<br \/>\n&nbsp;<br \/>\n<img decoding=\"async\" class=\"img-responsive\" src=\"http:\/\/www.rideonmotorent.com\/wp-content\/uploads\/2016\/08\/museo-maritimo-Barcelona.jpg\" alt=\"Museo Mar\u00edtimo Barcelona\" width=\"100%\" \/><br \/>\nVor tausend Jahren hier lief bis zum Meer, die \u00abDrassanes\u00bb war wo constru\u00edan Schiffe, in der Sammlung des museo mar\u00edtimo weist eine Erwiderung auf reale Gr\u00f6\u00dfe der galera Don Juan de Austria<br \/>\nessen in der Cova Fumada<br \/>\nLage:https:\/\/goo.gl\/maps\/caL7QCEFkwm<br \/>\nhttps:\/\/www.facebook.com\/pages\/La-Cova-Fumada\/167510036619950#_=_ Kontakt:<br \/>\ngegr\u00fcndet 1944, Cova Fumada ist eine alte Weinkeller noch haltbar bis heute ihre Trommeln und ihre Tische aus Marmor, informelle und hogare\u00f1o Ambiente. Die K\u00fcche auf, uns Deckel und hausgemachte Teller mit Fisch als Zutat hervorgehoben. Ein Ort der Volkspartei und sehr belebten, akzeptiert keine Bedenken.<br \/>\n<img decoding=\"async\" class=\"img-responsive\" src=\"http:\/\/www.rideonmotorent.com\/wp-content\/uploads\/2016\/08\/la-cova-fumada-barcelona.jpg\" alt=\"Restaurante la Cova Fumada Barcelona\" width=\"100%\" \/><br \/>\nAb den 9h morgens bereits zur Verf\u00fcgung die pulpitos am Cap i Kalmar, die die butifarras escabeches mehr etwa Sardinen und etwa Garnelen nicht zu zeitaufwendig auf einer der Schiffe des Moll des Rellotge.<br \/>\nParc G\u00fcell<br \/>\nLage:https:\/\/goo.gl\/maps\/bydGRgFKmHq<br \/>\nhttp:\/\/www.parkguell.cat\/es\/ Kontakt:<br \/>\n<img decoding=\"async\" class=\"img-responsive\" src=\"http:\/\/www.rideonmotorent.com\/wp-content\/uploads\/2016\/08\/Banco-parc-g\u00fcell.jpg\" alt=\"Visita banco del Parc G\u00fcell de Barcelona\" width=\"100%\" \/><br \/>\nAnfang des Jahrhunderts der Architekt Antoni Gaud\u00ed decor\u00f3 Fliesen mit einer Bank scheinen verf\u00fcgbar ohne Ordnung und dem freien Belieben, Mosaik trencad\u00eds\u00bb oder \u00abGeschehen zu St\u00fcck so unterschiedlich, aber mit einem Ergebnis so harmonische und eine gute Zusammenfassung der Stadt,<br \/>\nam Nachmittag empfehlen coger Miete moto Barcelona und Besuch im Parque G\u00fcell ist ein Spiegelbild der k\u00fcnstlerische F\u00fclle von Gaud\u00ed: geh\u00f6rt zu ihrem Schritt naturforscher (erste Jahrzehnt des vergangenen Jahrhunderts) Zeitraum, in dem der Architekt perfeccion\u00f3 Stil Personal \u00fcber die Inspiration in organischen Formen der Natur, was er in der Praxis eine ganze Reihe neuer strukturelle L\u00f6sungen hervorgerufenen in ihren tiefen Analyse der Geometrie Reglada.<br \/>\n&nbsp;<br \/>\n<img decoding=\"async\" class=\"img-responsive\" src=\"http:\/\/www.rideonmotorent.com\/wp-content\/uploads\/2016\/08\/parc-Guell-barcelona.jpg\" alt=\"Visita el Parc G\u00fcell de Barcelona\" width=\"100%\" \/><br \/>\nDazu folgender katalanischen K\u00fcnstlers eine gro\u00dfe Freiheit kreativ und einfallsreich eine Einrichtung ornamental: Ausgehend von einem gewissen barroquismo ihre Werke erwerben gro\u00dfer Reichtum strukturelle, Formen und Gr\u00f6\u00dfen frei von starren racionalista oder eine klassische Pr\u00e4misse.1 Im Park G\u00fcell despleg\u00f3 Gaud\u00ed alles sein Genie architektonischen und legte in der Praxis viele innovative strukturelle L\u00f6sungen w\u00e4ren emblem\u00e1ticas Stil organicista und culminar\u00eda in der Heiligen Familie.<br \/>\nF\u00fcr weitere Informationen besuchen unser Blog Informationen Ausfl\u00fcge nach Barcelona , f\u00fcr Reservierungen online Motorr\u00e4der Vermietung Mallorca k\u00f6nnen unsere Webseite www.rideonmotorent.com besuchen.<br \/>\n&nbsp;<\/p>\n","protected":false},"excerpt":{"rendered":"<p>Museo maritimo Barcelona Lage: https:\/\/goo.gl\/maps\/dp5TgNYrSd92 Kontakt: Http:\/\/www.mmb.cat\/ mit etwas mehr als 1 anderthalb Millionen Einwohnern Barcelona ist die zweitgr\u00f6\u00dfte Stadt Spaniens bev\u00f6lkerungsreichste und onceava Europas neben ihrem Stadtgebiet ist umso beeindruckender, bestehend aus \u00fcber 30 Gemeinden erreicht einen Wert nahe 4 Mio. Einwohner, in ihr Leben fast 60% der Katalanen. Barcelona und Krankenh\u00e4user sind getrennt<\/p>\n","protected":false},"author":2,"featured_media":1519,"comment_status":"open","ping_status":"closed","sticky":false,"template":"","format":"standard","meta":{"inline_featured_image":false,"footnotes":""},"categories":[13],"tags":[],"class_list":["post-929","post","type-post","status-publish","format-standard","has-post-thumbnail","hentry","category-sin-categorizar"],"yoast_head":"<!-- This site is optimized with the Yoast SEO Premium plugin v18.7 (Yoast SEO v27.5) - https:\/\/yoast.com\/product\/yoast-seo-premium-wordpress\/ -->\n<title>Museo Mar\u00edtimo und des Parc G\u00fcell - Alquiler de motos mensual y Renting para Empresas<\/title>\n<meta name=\"robots\" content=\"index, follow, max-snippet:-1, max-image-preview:large, max-video-preview:-1\" \/>\n<link rel=\"canonical\" href=\"https:\/\/rideon.es\/renting-empresas\/museo-maritimo-y-parc-guell-3\/\" \/>\n<meta property=\"og:locale\" content=\"es_ES\" \/>\n<meta property=\"og:type\" content=\"article\" \/>\n<meta property=\"og:title\" content=\"Museo Mar\u00edtimo und des Parc G\u00fcell\" \/>\n<meta property=\"og:description\" content=\"Museo maritimo Barcelona Lage: https:\/\/goo.gl\/maps\/dp5TgNYrSd92 Kontakt: Http:\/\/www.mmb.cat\/ mit etwas mehr als 1 anderthalb Millionen Einwohnern Barcelona ist die zweitgr\u00f6\u00dfte Stadt Spaniens bev\u00f6lkerungsreichste und onceava Europas neben ihrem Stadtgebiet ist umso beeindruckender, bestehend aus \u00fcber 30 Gemeinden erreicht einen Wert nahe 4 Mio. Einwohner, in ihr Leben fast 60% der Katalanen. Barcelona und Krankenh\u00e4user sind getrennt\" \/>\n<meta property=\"og:url\" content=\"https:\/\/rideon.es\/renting-empresas\/museo-maritimo-y-parc-guell-3\/\" \/>\n<meta property=\"og:site_name\" content=\"Alquiler de motos mensual y Renting para Empresas\" \/>\n<meta property=\"article:published_time\" content=\"2016-10-06T15:33:26+00:00\" \/>\n<meta name=\"author\" content=\"Ride On\" \/>\n<meta name=\"twitter:card\" content=\"summary_large_image\" \/>\n<meta name=\"twitter:label1\" content=\"Escrito por\" \/>\n\t<meta name=\"twitter:data1\" content=\"Ride On\" \/>\n\t<meta name=\"twitter:label2\" content=\"Tiempo de lectura\" \/>\n\t<meta name=\"twitter:data2\" content=\"3 minutos\" \/>\n<script type=\"application\/ld+json\" class=\"yoast-schema-graph\">{\"@context\":\"https:\\\/\\\/schema.org\",\"@graph\":[{\"@type\":\"Article\",\"@id\":\"https:\\\/\\\/rideon.es\\\/renting-empresas\\\/museo-maritimo-y-parc-guell-3\\\/#article\",\"isPartOf\":{\"@id\":\"https:\\\/\\\/rideon.es\\\/renting-empresas\\\/museo-maritimo-y-parc-guell-3\\\/\"},\"author\":{\"name\":\"Ride On\",\"@id\":\"https:\\\/\\\/rideon.es\\\/renting-empresas\\\/#\\\/schema\\\/person\\\/48d6770e55c623d929bd20ce295611a7\"},\"headline\":\"Museo Mar\u00edtimo und des Parc G\u00fcell\",\"datePublished\":\"2016-10-06T15:33:26+00:00\",\"mainEntityOfPage\":{\"@id\":\"https:\\\/\\\/rideon.es\\\/renting-empresas\\\/museo-maritimo-y-parc-guell-3\\\/\"},\"wordCount\":609,\"commentCount\":0,\"publisher\":{\"@id\":\"https:\\\/\\\/rideon.es\\\/renting-empresas\\\/#organization\"},\"image\":{\"@id\":\"https:\\\/\\\/rideon.es\\\/renting-empresas\\\/museo-maritimo-y-parc-guell-3\\\/#primaryimage\"},\"thumbnailUrl\":\"\",\"articleSection\":[\"Sin categorizar\"],\"inLanguage\":\"es\",\"potentialAction\":[{\"@type\":\"CommentAction\",\"name\":\"Comment\",\"target\":[\"https:\\\/\\\/rideon.es\\\/renting-empresas\\\/museo-maritimo-y-parc-guell-3\\\/#respond\"]}]},{\"@type\":\"WebPage\",\"@id\":\"https:\\\/\\\/rideon.es\\\/renting-empresas\\\/museo-maritimo-y-parc-guell-3\\\/\",\"url\":\"https:\\\/\\\/rideon.es\\\/renting-empresas\\\/museo-maritimo-y-parc-guell-3\\\/\",\"name\":\"Museo Mar\u00edtimo und des Parc G\u00fcell - Alquiler de motos mensual y Renting para Empresas\",\"isPartOf\":{\"@id\":\"https:\\\/\\\/rideon.es\\\/renting-empresas\\\/#website\"},\"primaryImageOfPage\":{\"@id\":\"https:\\\/\\\/rideon.es\\\/renting-empresas\\\/museo-maritimo-y-parc-guell-3\\\/#primaryimage\"},\"image\":{\"@id\":\"https:\\\/\\\/rideon.es\\\/renting-empresas\\\/museo-maritimo-y-parc-guell-3\\\/#primaryimage\"},\"thumbnailUrl\":\"\",\"datePublished\":\"2016-10-06T15:33:26+00:00\",\"inLanguage\":\"es\",\"potentialAction\":[{\"@type\":\"ReadAction\",\"target\":[\"https:\\\/\\\/rideon.es\\\/renting-empresas\\\/museo-maritimo-y-parc-guell-3\\\/\"]}]},{\"@type\":\"ImageObject\",\"inLanguage\":\"es\",\"@id\":\"https:\\\/\\\/rideon.es\\\/renting-empresas\\\/museo-maritimo-y-parc-guell-3\\\/#primaryimage\",\"url\":\"\",\"contentUrl\":\"\"},{\"@type\":\"WebSite\",\"@id\":\"https:\\\/\\\/rideon.es\\\/renting-empresas\\\/#website\",\"url\":\"https:\\\/\\\/rideon.es\\\/renting-empresas\\\/\",\"name\":\"Alquiler de motos mensual y Renting para Empresas\",\"description\":\"Las motos m\u00e1s c\u00f3modas y seguras para disfrutar de tus vacaciones sobre ruedas. Alquiler de motos en Menorca, Mallorca, Barcelona y Valencia con Rideon.es\",\"publisher\":{\"@id\":\"https:\\\/\\\/rideon.es\\\/renting-empresas\\\/#organization\"},\"potentialAction\":[{\"@type\":\"SearchAction\",\"target\":{\"@type\":\"EntryPoint\",\"urlTemplate\":\"https:\\\/\\\/rideon.es\\\/renting-empresas\\\/?s={search_term_string}\"},\"query-input\":{\"@type\":\"PropertyValueSpecification\",\"valueRequired\":true,\"valueName\":\"search_term_string\"}}],\"inLanguage\":\"es\"},{\"@type\":\"Organization\",\"@id\":\"https:\\\/\\\/rideon.es\\\/renting-empresas\\\/#organization\",\"name\":\"Alquiler de motos mensual y Renting para Empresas\",\"url\":\"https:\\\/\\\/rideon.es\\\/renting-empresas\\\/\",\"logo\":{\"@type\":\"ImageObject\",\"inLanguage\":\"es\",\"@id\":\"https:\\\/\\\/rideon.es\\\/renting-empresas\\\/#\\\/schema\\\/logo\\\/image\\\/\",\"url\":\"https:\\\/\\\/rideon.es\\\/renting-empresas\\\/wp-content\\\/uploads\\\/sites\\\/19\\\/2020\\\/02\\\/rideon_logo-200x78-1.png\",\"contentUrl\":\"https:\\\/\\\/rideon.es\\\/renting-empresas\\\/wp-content\\\/uploads\\\/sites\\\/19\\\/2020\\\/02\\\/rideon_logo-200x78-1.png\",\"width\":200,\"height\":78,\"caption\":\"Alquiler de motos mensual y Renting para Empresas\"},\"image\":{\"@id\":\"https:\\\/\\\/rideon.es\\\/renting-empresas\\\/#\\\/schema\\\/logo\\\/image\\\/\"}},{\"@type\":\"Person\",\"@id\":\"https:\\\/\\\/rideon.es\\\/renting-empresas\\\/#\\\/schema\\\/person\\\/48d6770e55c623d929bd20ce295611a7\",\"name\":\"Ride On\",\"image\":{\"@type\":\"ImageObject\",\"inLanguage\":\"es\",\"@id\":\"https:\\\/\\\/secure.gravatar.com\\\/avatar\\\/785e72183089da6a00243c0f0e2d52db79b9983b602219afb07c868943086138?s=96&d=mm&r=g\",\"url\":\"https:\\\/\\\/secure.gravatar.com\\\/avatar\\\/785e72183089da6a00243c0f0e2d52db79b9983b602219afb07c868943086138?s=96&d=mm&r=g\",\"contentUrl\":\"https:\\\/\\\/secure.gravatar.com\\\/avatar\\\/785e72183089da6a00243c0f0e2d52db79b9983b602219afb07c868943086138?s=96&d=mm&r=g\",\"caption\":\"Ride On\"},\"url\":\"https:\\\/\\\/rideon.es\\\/renting-empresas\\\/author\\\/eduardoyauri\\\/\"}]}<\/script>\n<!-- \/ Yoast SEO Premium plugin. -->","yoast_head_json":{"title":"Museo Mar\u00edtimo und des Parc G\u00fcell - Alquiler de motos mensual y Renting para Empresas","robots":{"index":"index","follow":"follow","max-snippet":"max-snippet:-1","max-image-preview":"max-image-preview:large","max-video-preview":"max-video-preview:-1"},"canonical":"https:\/\/rideon.es\/renting-empresas\/museo-maritimo-y-parc-guell-3\/","og_locale":"es_ES","og_type":"article","og_title":"Museo Mar\u00edtimo und des Parc G\u00fcell","og_description":"Museo maritimo Barcelona Lage: https:\/\/goo.gl\/maps\/dp5TgNYrSd92 Kontakt: Http:\/\/www.mmb.cat\/ mit etwas mehr als 1 anderthalb Millionen Einwohnern Barcelona ist die zweitgr\u00f6\u00dfte Stadt Spaniens bev\u00f6lkerungsreichste und onceava Europas neben ihrem Stadtgebiet ist umso beeindruckender, bestehend aus \u00fcber 30 Gemeinden erreicht einen Wert nahe 4 Mio. Einwohner, in ihr Leben fast 60% der Katalanen. Barcelona und Krankenh\u00e4user sind getrennt","og_url":"https:\/\/rideon.es\/renting-empresas\/museo-maritimo-y-parc-guell-3\/","og_site_name":"Alquiler de motos mensual y Renting para Empresas","article_published_time":"2016-10-06T15:33:26+00:00","author":"Ride On","twitter_card":"summary_large_image","twitter_misc":{"Escrito por":"Ride On","Tiempo de lectura":"3 minutos"},"schema":{"@context":"https:\/\/schema.org","@graph":[{"@type":"Article","@id":"https:\/\/rideon.es\/renting-empresas\/museo-maritimo-y-parc-guell-3\/#article","isPartOf":{"@id":"https:\/\/rideon.es\/renting-empresas\/museo-maritimo-y-parc-guell-3\/"},"author":{"name":"Ride On","@id":"https:\/\/rideon.es\/renting-empresas\/#\/schema\/person\/48d6770e55c623d929bd20ce295611a7"},"headline":"Museo Mar\u00edtimo und des Parc G\u00fcell","datePublished":"2016-10-06T15:33:26+00:00","mainEntityOfPage":{"@id":"https:\/\/rideon.es\/renting-empresas\/museo-maritimo-y-parc-guell-3\/"},"wordCount":609,"commentCount":0,"publisher":{"@id":"https:\/\/rideon.es\/renting-empresas\/#organization"},"image":{"@id":"https:\/\/rideon.es\/renting-empresas\/museo-maritimo-y-parc-guell-3\/#primaryimage"},"thumbnailUrl":"","articleSection":["Sin categorizar"],"inLanguage":"es","potentialAction":[{"@type":"CommentAction","name":"Comment","target":["https:\/\/rideon.es\/renting-empresas\/museo-maritimo-y-parc-guell-3\/#respond"]}]},{"@type":"WebPage","@id":"https:\/\/rideon.es\/renting-empresas\/museo-maritimo-y-parc-guell-3\/","url":"https:\/\/rideon.es\/renting-empresas\/museo-maritimo-y-parc-guell-3\/","name":"Museo Mar\u00edtimo und des Parc G\u00fcell - Alquiler de motos mensual y Renting para Empresas","isPartOf":{"@id":"https:\/\/rideon.es\/renting-empresas\/#website"},"primaryImageOfPage":{"@id":"https:\/\/rideon.es\/renting-empresas\/museo-maritimo-y-parc-guell-3\/#primaryimage"},"image":{"@id":"https:\/\/rideon.es\/renting-empresas\/museo-maritimo-y-parc-guell-3\/#primaryimage"},"thumbnailUrl":"","datePublished":"2016-10-06T15:33:26+00:00","inLanguage":"es","potentialAction":[{"@type":"ReadAction","target":["https:\/\/rideon.es\/renting-empresas\/museo-maritimo-y-parc-guell-3\/"]}]},{"@type":"ImageObject","inLanguage":"es","@id":"https:\/\/rideon.es\/renting-empresas\/museo-maritimo-y-parc-guell-3\/#primaryimage","url":"","contentUrl":""},{"@type":"WebSite","@id":"https:\/\/rideon.es\/renting-empresas\/#website","url":"https:\/\/rideon.es\/renting-empresas\/","name":"Alquiler de motos mensual y Renting para Empresas","description":"Las motos m\u00e1s c\u00f3modas y seguras para disfrutar de tus vacaciones sobre ruedas. Alquiler de motos en Menorca, Mallorca, Barcelona y Valencia con Rideon.es","publisher":{"@id":"https:\/\/rideon.es\/renting-empresas\/#organization"},"potentialAction":[{"@type":"SearchAction","target":{"@type":"EntryPoint","urlTemplate":"https:\/\/rideon.es\/renting-empresas\/?s={search_term_string}"},"query-input":{"@type":"PropertyValueSpecification","valueRequired":true,"valueName":"search_term_string"}}],"inLanguage":"es"},{"@type":"Organization","@id":"https:\/\/rideon.es\/renting-empresas\/#organization","name":"Alquiler de motos mensual y Renting para Empresas","url":"https:\/\/rideon.es\/renting-empresas\/","logo":{"@type":"ImageObject","inLanguage":"es","@id":"https:\/\/rideon.es\/renting-empresas\/#\/schema\/logo\/image\/","url":"https:\/\/rideon.es\/renting-empresas\/wp-content\/uploads\/sites\/19\/2020\/02\/rideon_logo-200x78-1.png","contentUrl":"https:\/\/rideon.es\/renting-empresas\/wp-content\/uploads\/sites\/19\/2020\/02\/rideon_logo-200x78-1.png","width":200,"height":78,"caption":"Alquiler de motos mensual y Renting para Empresas"},"image":{"@id":"https:\/\/rideon.es\/renting-empresas\/#\/schema\/logo\/image\/"}},{"@type":"Person","@id":"https:\/\/rideon.es\/renting-empresas\/#\/schema\/person\/48d6770e55c623d929bd20ce295611a7","name":"Ride On","image":{"@type":"ImageObject","inLanguage":"es","@id":"https:\/\/secure.gravatar.com\/avatar\/785e72183089da6a00243c0f0e2d52db79b9983b602219afb07c868943086138?s=96&d=mm&r=g","url":"https:\/\/secure.gravatar.com\/avatar\/785e72183089da6a00243c0f0e2d52db79b9983b602219afb07c868943086138?s=96&d=mm&r=g","contentUrl":"https:\/\/secure.gravatar.com\/avatar\/785e72183089da6a00243c0f0e2d52db79b9983b602219afb07c868943086138?s=96&d=mm&r=g","caption":"Ride On"},"url":"https:\/\/rideon.es\/renting-empresas\/author\/eduardoyauri\/"}]}},"_links":{"self":[{"href":"https:\/\/rideon.es\/renting-empresas\/wp-json\/wp\/v2\/posts\/929","targetHints":{"allow":["GET"]}}],"collection":[{"href":"https:\/\/rideon.es\/renting-empresas\/wp-json\/wp\/v2\/posts"}],"about":[{"href":"https:\/\/rideon.es\/renting-empresas\/wp-json\/wp\/v2\/types\/post"}],"author":[{"embeddable":true,"href":"https:\/\/rideon.es\/renting-empresas\/wp-json\/wp\/v2\/users\/2"}],"replies":[{"embeddable":true,"href":"https:\/\/rideon.es\/renting-empresas\/wp-json\/wp\/v2\/comments?post=929"}],"version-history":[{"count":0,"href":"https:\/\/rideon.es\/renting-empresas\/wp-json\/wp\/v2\/posts\/929\/revisions"}],"wp:featuredmedia":[{"embeddable":true,"href":"https:\/\/rideon.es\/renting-empresas\/wp-json\/"}],"wp:attachment":[{"href":"https:\/\/rideon.es\/renting-empresas\/wp-json\/wp\/v2\/media?parent=929"}],"wp:term":[{"taxonomy":"category","embeddable":true,"href":"https:\/\/rideon.es\/renting-empresas\/wp-json\/wp\/v2\/categories?post=929"},{"taxonomy":"post_tag","embeddable":true,"href":"https:\/\/rideon.es\/renting-empresas\/wp-json\/wp\/v2\/tags?post=929"}],"curies":[{"name":"wp","href":"https:\/\/api.w.org\/{rel}","templated":true}]}}