{"id":913,"date":"2016-10-06T15:30:25","date_gmt":"2016-10-06T15:30:25","guid":{"rendered":"https:\/\/rideon.es\/descubre-barcelona-romana-2\/"},"modified":"2016-10-06T15:30:25","modified_gmt":"2016-10-06T15:30:25","slug":"descubre-barcelona-romana-2","status":"publish","type":"post","link":"https:\/\/rideon.es\/renting-empresas\/descubre-barcelona-romana-2\/","title":{"rendered":"Platz Catalunya und der Bahnhof Francia"},"content":{"rendered":"<div>\n<span style=\"color: #000000;font-family: Calibri\">Besuch Platz Catalunya.\u00a0Lage:\u00a0https:\/\/goo.gl\/maps\/wQmNkEC13fz\u00a0\u00a0Das augenscheinliche Zentrum von\u00a0Barcelona ist der Platz Catalunya. Unter der Erde\u00a0verbirgt sich ein wichtiger\u00a0Verkehrsknotenpunkt, durch welchen sich die Stadt bewegt. Dies zeigt, dass\u00a0Barcelona nicht nur eine Stadt ist, sondern vielmehr ein gro\u00dfst\u00e4dtisches Gebiet. Diese Gebiet verwandelt die Stadt\u00a0in eine polyzentrische Stadt. Entdecken Sie Barcelona mit unserem\u00a0Mietservice f\u00fcr Motorroller in Barcelona.<\/span><br \/>\n<span style=\"color: #000000;font-family: Calibri\">Streng genommen ist der Platz Catalunya nicht das Zentrum von Barcelona, nicht weil der sich nicht dort befindet, sondern weil es auch andere Zentralstellen der Stadt gibt. Die U-Bahn ist ein gutes Beispiel daf\u00fcr.<\/span><br \/>\n<span style=\"color: #000000;font-family: Calibri\">Der Platz Catalunya ist das Bindeglied zwischen der Altstadt und der\u00a0Neustadt.\u00a0Einige der wichtigsten Stra\u00dfen gehen vom\u00a0Platz\u00a0Catalunya ab,\u00a0wie die Rambla, Paseo de Gracia, Rambla de Catalu\u00f1a oder die Ringstra\u00dfen der Universit\u00e4t und von San Pedro, die Stra\u00dfe de Pelayo, so auch die Allee Portal del\u00a0\u00c1ngel, die gro\u00dfe Gesch\u00e4ftsstra\u00dfe der Stadt. Durch die\u00a0Miete eines Motorrollers in Barcelona\u00a0entdecken Sie die Stadt auf die bequemste Art und Weise.<\/span><br \/>\n<span style=\"color: #000000;font-family: Calibri\">Der Platz zeichnet sich aus durch die gro\u00dfe Anzahl an Skulpturen,\u00a0ausgestellt\u00a0von\u00a0bedeutenden K\u00fcnstlern. Zwischen ihnen sticht die\u00a0G\u00f6ttin von Josep Clar\u00e0, Barcelona von Frederic Mar\u00e8s und der Pastor von Pablo Gargallo hervor, au\u00dferdem Kunstwerke von\u00a0\u00a0Josep Llimona, Enrique Casanovas, etc., oder auch das Denkmal f\u00fcr\u00a0Francesc Maci\u00e0 von Josep Maria Subirachs. Im Stadtzentrum von Barcelona ist es schwierig sich mit dem Auto fortzubewegen,\u00a0deshalb empfehlen wir Ihnen einen\u00a0Motorroller in Barcelona zu mieten.\u00a0\u00a0\u00a0\u00a0\u00a0\u00a0\u00a0\u00a0\u00a0\u00a0\u00a0\u00a0\u00a0\u00a0\u00a0\u00a0\u00a0\u00a0\u00a0\u00a0\u00a0\u00a0\u00a0\u00a0\u00a0\u00a0\u00a0\u00a0\u00a0\u00a0\u00a0\u00a0\u00a0\u00a0\u00a0\u00a0\u00a0\u00a0\u00a0\u00a0\u00a0\u00a0\u00a0\u00a0\u00a0\u00a0\u00a0\u00a0\u00a0\u00a0\u00a0\u00a0\u00a0\u00a0\u00a0\u00a0\u00a0\u00a0\u00a0\u00a0\u00a0\u00a0\u00a0\u00a0\u00a0\u00a0\u00a0\u00a0\u00a0\u00a0\u00a0\u00a0\u00a0\u00a0\u00a0\u00a0\u00a0\u00a0\u00a0\u00a0\u00a0\u00a0\u00a0\u00a0\u00a0\u00a0\u00a0\u00a0\u00a0\u00a0\u00a0\u00a0\u00a0\u00a0\u00a0\u00a0\u00a0\u00a0\u00a0\u00a0\u00a0\u00a0\u00a0\u00a0\u00a0Essen im\u00a0Gur\u00fa BCN Lounge Bar\u00a0Lage:\u00a0https:\/\/goo.gl\/maps\/aKQGDXfpDmp\u00a0 \u00a0Im Herzen der Altstadt\u00a0Barcelona\u00a0gelegen (Barrio G\u00f3tico) k\u00f6nnen Sie im Gur\u00fa das perfekte Afterwork in entspannter Atmosph\u00e4re genie\u00dfen.<\/span><br \/>\n<span style=\"color: #000000;font-family: Calibri\">\u00a0<\/span><br \/>\n<span style=\"color: #000000;font-family: Calibri\">Mediterrane K\u00fcche mit internationalem Geschmack, bekannt f\u00fcr Innovationen und Qualit\u00e4t \u2013 das ist unsere K\u00fcche! Veredelte Gerichte nach Hausmannsart und zubereitet mit\u00a0frischen Zutaten vom Markt. Genie\u00dfen Sie unsere Auswahl an Tapas, Salaten, Sandwiches, und besonderen Burger. Oder schenken Sie sich einen Brunch, um das Wochenende willkommen zu hei\u00dfen. Und weil es\u00a0schwierig ist in der Stadt einen Parkplatz zu finden, empfehlen wir Ihnen einen\u00a0\u00a0Motorroller in Barcelona zu mieten.<\/span><br \/>\n<span style=\"color: #000000;font-family: Calibri\">\u00a0<\/span><br \/>\n<span style=\"color: #000000;font-family: Calibri\">Bahnhof de Francia\u00a0Lage:\u00a0https:\/\/goo.gl\/maps\/3RQtaLTGJHR2\u00a0\u00a0Ein weiterer wichtiger Knotenpunkt f\u00fcr \u00f6ffentliche Verkehrsmittel ist, neben dem Platz Catalunya,\u00a0der Bahnhof Sants.\u00a0Aber\u00a0ohne Zweifel\u00a0ist\u00a0der Bahnhof Gracia, der glamour\u00f6sere. \u00a0Man darf nicht vergessen, dass hier der erste Zug des spanischen Festlands, die Linie Barcelona-Matar\u00f3, im Jahre 1848 verkehrte.<\/span><br \/>\n<span style=\"color: #000000;font-family: Calibri\">Die Geb\u00e4ude umschlie\u00dfen die Stra\u00dfen in der Form eines U und sind gebaut aus besonderen, speziell daf\u00fcr ausgew\u00e4hlten Luxus-Materialien, wie Marmor und Bronze, mit dekorativen Glasfenstern.\u00a0Die Eingangshalle hat drei Kuppel gro\u00dfer Dimension.<\/span><br \/>\n<span lang=\"EN-GB\"><span style=\"color: #000000;font-family: Calibri\">F\u00fcr n\u00e4here Informationen besuchen Sie unseren\u00a0Blog mit touristischen Informationen in Barcelona.\u00a0F\u00fcr Online-Reservierungen eines Motorrollers in\u00a0Barcelona\u00a0besuchen Sie unsere Website:\u00a0www.rideon.es<\/span><\/span>\n<\/div>\n<blockquote>\n<div>\n<blockquote>\n<div>\n<div>\n<div>\n<div><\/div>\n<\/div>\n<\/div>\n<\/div>\n<\/blockquote>\n<\/div>\n<\/blockquote>\n<p>&nbsp;<br \/>\n&nbsp;<br \/>\n&nbsp;<br \/>\n&nbsp;<br \/>\n<span style=\"font-weight: 400\">\u00a0<\/span><br \/>\n&nbsp;<br \/>\n&nbsp;<\/p>\n","protected":false},"excerpt":{"rendered":"<p>Besuch Platz Catalunya.\u00a0Lage:\u00a0https:\/\/goo.gl\/maps\/wQmNkEC13fz\u00a0\u00a0Das augenscheinliche Zentrum von\u00a0Barcelona ist der Platz Catalunya. Unter der Erde\u00a0verbirgt sich ein wichtiger\u00a0Verkehrsknotenpunkt, durch welchen sich die Stadt bewegt. Dies zeigt, dass\u00a0Barcelona nicht nur eine Stadt ist, sondern vielmehr ein gro\u00dfst\u00e4dtisches Gebiet. Diese Gebiet verwandelt die Stadt\u00a0in eine polyzentrische Stadt. Entdecken Sie Barcelona mit unserem\u00a0Mietservice f\u00fcr Motorroller in Barcelona. Streng genommen ist<\/p>\n","protected":false},"author":2,"featured_media":1510,"comment_status":"open","ping_status":"closed","sticky":false,"template":"","format":"standard","meta":{"inline_featured_image":false,"footnotes":""},"categories":[13],"tags":[],"class_list":["post-913","post","type-post","status-publish","format-standard","has-post-thumbnail","hentry","category-sin-categorizar"],"yoast_head":"<!-- This site is optimized with the Yoast SEO Premium plugin v18.7 (Yoast SEO v27.5) - https:\/\/yoast.com\/product\/yoast-seo-premium-wordpress\/ -->\n<title>Descubre la Barcelona romana en Moto con Rideon<\/title>\n<meta name=\"description\" content=\"Descubre la Barcelona romana y G\u00f3tica en Moto, visita la v\u00eda sepulcral romana en la plaza vila madrid y descubre la catedral g\u00f3tica de Barcelona.\" \/>\n<meta name=\"robots\" content=\"index, follow, max-snippet:-1, max-image-preview:large, max-video-preview:-1\" \/>\n<link rel=\"canonical\" href=\"https:\/\/rideon.es\/renting-empresas\/descubre-barcelona-romana-2\/\" \/>\n<meta property=\"og:locale\" content=\"es_ES\" \/>\n<meta property=\"og:type\" content=\"article\" \/>\n<meta property=\"og:title\" content=\"Platz Catalunya und der Bahnhof Francia\" \/>\n<meta property=\"og:description\" content=\"Descubre la Barcelona romana y G\u00f3tica en Moto, visita la v\u00eda sepulcral romana en la plaza vila madrid y descubre la catedral g\u00f3tica de Barcelona.\" \/>\n<meta property=\"og:url\" content=\"https:\/\/rideon.es\/renting-empresas\/descubre-barcelona-romana-2\/\" \/>\n<meta property=\"og:site_name\" content=\"Alquiler de motos mensual y Renting para Empresas\" \/>\n<meta property=\"article:published_time\" content=\"2016-10-06T15:30:25+00:00\" \/>\n<meta name=\"author\" content=\"Ride On\" \/>\n<meta name=\"twitter:card\" content=\"summary_large_image\" \/>\n<meta name=\"twitter:label1\" content=\"Escrito por\" \/>\n\t<meta name=\"twitter:data1\" content=\"Ride On\" \/>\n\t<meta name=\"twitter:label2\" content=\"Tiempo de lectura\" \/>\n\t<meta name=\"twitter:data2\" content=\"3 minutos\" \/>\n<script type=\"application\/ld+json\" class=\"yoast-schema-graph\">{\"@context\":\"https:\\\/\\\/schema.org\",\"@graph\":[{\"@type\":\"Article\",\"@id\":\"https:\\\/\\\/rideon.es\\\/renting-empresas\\\/descubre-barcelona-romana-2\\\/#article\",\"isPartOf\":{\"@id\":\"https:\\\/\\\/rideon.es\\\/renting-empresas\\\/descubre-barcelona-romana-2\\\/\"},\"author\":{\"name\":\"Ride On\",\"@id\":\"https:\\\/\\\/rideon.es\\\/renting-empresas\\\/#\\\/schema\\\/person\\\/48d6770e55c623d929bd20ce295611a7\"},\"headline\":\"Platz Catalunya und der Bahnhof Francia\",\"datePublished\":\"2016-10-06T15:30:25+00:00\",\"mainEntityOfPage\":{\"@id\":\"https:\\\/\\\/rideon.es\\\/renting-empresas\\\/descubre-barcelona-romana-2\\\/\"},\"wordCount\":507,\"commentCount\":0,\"publisher\":{\"@id\":\"https:\\\/\\\/rideon.es\\\/renting-empresas\\\/#organization\"},\"image\":{\"@id\":\"https:\\\/\\\/rideon.es\\\/renting-empresas\\\/descubre-barcelona-romana-2\\\/#primaryimage\"},\"thumbnailUrl\":\"\",\"articleSection\":[\"Sin categorizar\"],\"inLanguage\":\"es\",\"potentialAction\":[{\"@type\":\"CommentAction\",\"name\":\"Comment\",\"target\":[\"https:\\\/\\\/rideon.es\\\/renting-empresas\\\/descubre-barcelona-romana-2\\\/#respond\"]}]},{\"@type\":\"WebPage\",\"@id\":\"https:\\\/\\\/rideon.es\\\/renting-empresas\\\/descubre-barcelona-romana-2\\\/\",\"url\":\"https:\\\/\\\/rideon.es\\\/renting-empresas\\\/descubre-barcelona-romana-2\\\/\",\"name\":\"Descubre la Barcelona romana en Moto con Rideon\",\"isPartOf\":{\"@id\":\"https:\\\/\\\/rideon.es\\\/renting-empresas\\\/#website\"},\"primaryImageOfPage\":{\"@id\":\"https:\\\/\\\/rideon.es\\\/renting-empresas\\\/descubre-barcelona-romana-2\\\/#primaryimage\"},\"image\":{\"@id\":\"https:\\\/\\\/rideon.es\\\/renting-empresas\\\/descubre-barcelona-romana-2\\\/#primaryimage\"},\"thumbnailUrl\":\"\",\"datePublished\":\"2016-10-06T15:30:25+00:00\",\"description\":\"Descubre la Barcelona romana y G\u00f3tica en Moto, visita la v\u00eda sepulcral romana en la plaza vila madrid y descubre la catedral g\u00f3tica de Barcelona.\",\"inLanguage\":\"es\",\"potentialAction\":[{\"@type\":\"ReadAction\",\"target\":[\"https:\\\/\\\/rideon.es\\\/renting-empresas\\\/descubre-barcelona-romana-2\\\/\"]}]},{\"@type\":\"ImageObject\",\"inLanguage\":\"es\",\"@id\":\"https:\\\/\\\/rideon.es\\\/renting-empresas\\\/descubre-barcelona-romana-2\\\/#primaryimage\",\"url\":\"\",\"contentUrl\":\"\"},{\"@type\":\"WebSite\",\"@id\":\"https:\\\/\\\/rideon.es\\\/renting-empresas\\\/#website\",\"url\":\"https:\\\/\\\/rideon.es\\\/renting-empresas\\\/\",\"name\":\"Alquiler de motos mensual y Renting para Empresas\",\"description\":\"Las motos m\u00e1s c\u00f3modas y seguras para disfrutar de tus vacaciones sobre ruedas. Alquiler de motos en Menorca, Mallorca, Barcelona y Valencia con Rideon.es\",\"publisher\":{\"@id\":\"https:\\\/\\\/rideon.es\\\/renting-empresas\\\/#organization\"},\"potentialAction\":[{\"@type\":\"SearchAction\",\"target\":{\"@type\":\"EntryPoint\",\"urlTemplate\":\"https:\\\/\\\/rideon.es\\\/renting-empresas\\\/?s={search_term_string}\"},\"query-input\":{\"@type\":\"PropertyValueSpecification\",\"valueRequired\":true,\"valueName\":\"search_term_string\"}}],\"inLanguage\":\"es\"},{\"@type\":\"Organization\",\"@id\":\"https:\\\/\\\/rideon.es\\\/renting-empresas\\\/#organization\",\"name\":\"Alquiler de motos mensual y Renting para Empresas\",\"url\":\"https:\\\/\\\/rideon.es\\\/renting-empresas\\\/\",\"logo\":{\"@type\":\"ImageObject\",\"inLanguage\":\"es\",\"@id\":\"https:\\\/\\\/rideon.es\\\/renting-empresas\\\/#\\\/schema\\\/logo\\\/image\\\/\",\"url\":\"https:\\\/\\\/rideon.es\\\/renting-empresas\\\/wp-content\\\/uploads\\\/sites\\\/19\\\/2020\\\/02\\\/rideon_logo-200x78-1.png\",\"contentUrl\":\"https:\\\/\\\/rideon.es\\\/renting-empresas\\\/wp-content\\\/uploads\\\/sites\\\/19\\\/2020\\\/02\\\/rideon_logo-200x78-1.png\",\"width\":200,\"height\":78,\"caption\":\"Alquiler de motos mensual y Renting para Empresas\"},\"image\":{\"@id\":\"https:\\\/\\\/rideon.es\\\/renting-empresas\\\/#\\\/schema\\\/logo\\\/image\\\/\"}},{\"@type\":\"Person\",\"@id\":\"https:\\\/\\\/rideon.es\\\/renting-empresas\\\/#\\\/schema\\\/person\\\/48d6770e55c623d929bd20ce295611a7\",\"name\":\"Ride On\",\"image\":{\"@type\":\"ImageObject\",\"inLanguage\":\"es\",\"@id\":\"https:\\\/\\\/secure.gravatar.com\\\/avatar\\\/785e72183089da6a00243c0f0e2d52db79b9983b602219afb07c868943086138?s=96&d=mm&r=g\",\"url\":\"https:\\\/\\\/secure.gravatar.com\\\/avatar\\\/785e72183089da6a00243c0f0e2d52db79b9983b602219afb07c868943086138?s=96&d=mm&r=g\",\"contentUrl\":\"https:\\\/\\\/secure.gravatar.com\\\/avatar\\\/785e72183089da6a00243c0f0e2d52db79b9983b602219afb07c868943086138?s=96&d=mm&r=g\",\"caption\":\"Ride On\"},\"url\":\"https:\\\/\\\/rideon.es\\\/renting-empresas\\\/author\\\/eduardoyauri\\\/\"}]}<\/script>\n<!-- \/ Yoast SEO Premium plugin. -->","yoast_head_json":{"title":"Descubre la Barcelona romana en Moto con Rideon","description":"Descubre la Barcelona romana y G\u00f3tica en Moto, visita la v\u00eda sepulcral romana en la plaza vila madrid y descubre la catedral g\u00f3tica de Barcelona.","robots":{"index":"index","follow":"follow","max-snippet":"max-snippet:-1","max-image-preview":"max-image-preview:large","max-video-preview":"max-video-preview:-1"},"canonical":"https:\/\/rideon.es\/renting-empresas\/descubre-barcelona-romana-2\/","og_locale":"es_ES","og_type":"article","og_title":"Platz Catalunya und der Bahnhof Francia","og_description":"Descubre la Barcelona romana y G\u00f3tica en Moto, visita la v\u00eda sepulcral romana en la plaza vila madrid y descubre la catedral g\u00f3tica de Barcelona.","og_url":"https:\/\/rideon.es\/renting-empresas\/descubre-barcelona-romana-2\/","og_site_name":"Alquiler de motos mensual y Renting para Empresas","article_published_time":"2016-10-06T15:30:25+00:00","author":"Ride On","twitter_card":"summary_large_image","twitter_misc":{"Escrito por":"Ride On","Tiempo de lectura":"3 minutos"},"schema":{"@context":"https:\/\/schema.org","@graph":[{"@type":"Article","@id":"https:\/\/rideon.es\/renting-empresas\/descubre-barcelona-romana-2\/#article","isPartOf":{"@id":"https:\/\/rideon.es\/renting-empresas\/descubre-barcelona-romana-2\/"},"author":{"name":"Ride On","@id":"https:\/\/rideon.es\/renting-empresas\/#\/schema\/person\/48d6770e55c623d929bd20ce295611a7"},"headline":"Platz Catalunya und der Bahnhof Francia","datePublished":"2016-10-06T15:30:25+00:00","mainEntityOfPage":{"@id":"https:\/\/rideon.es\/renting-empresas\/descubre-barcelona-romana-2\/"},"wordCount":507,"commentCount":0,"publisher":{"@id":"https:\/\/rideon.es\/renting-empresas\/#organization"},"image":{"@id":"https:\/\/rideon.es\/renting-empresas\/descubre-barcelona-romana-2\/#primaryimage"},"thumbnailUrl":"","articleSection":["Sin categorizar"],"inLanguage":"es","potentialAction":[{"@type":"CommentAction","name":"Comment","target":["https:\/\/rideon.es\/renting-empresas\/descubre-barcelona-romana-2\/#respond"]}]},{"@type":"WebPage","@id":"https:\/\/rideon.es\/renting-empresas\/descubre-barcelona-romana-2\/","url":"https:\/\/rideon.es\/renting-empresas\/descubre-barcelona-romana-2\/","name":"Descubre la Barcelona romana en Moto con Rideon","isPartOf":{"@id":"https:\/\/rideon.es\/renting-empresas\/#website"},"primaryImageOfPage":{"@id":"https:\/\/rideon.es\/renting-empresas\/descubre-barcelona-romana-2\/#primaryimage"},"image":{"@id":"https:\/\/rideon.es\/renting-empresas\/descubre-barcelona-romana-2\/#primaryimage"},"thumbnailUrl":"","datePublished":"2016-10-06T15:30:25+00:00","description":"Descubre la Barcelona romana y G\u00f3tica en Moto, visita la v\u00eda sepulcral romana en la plaza vila madrid y descubre la catedral g\u00f3tica de Barcelona.","inLanguage":"es","potentialAction":[{"@type":"ReadAction","target":["https:\/\/rideon.es\/renting-empresas\/descubre-barcelona-romana-2\/"]}]},{"@type":"ImageObject","inLanguage":"es","@id":"https:\/\/rideon.es\/renting-empresas\/descubre-barcelona-romana-2\/#primaryimage","url":"","contentUrl":""},{"@type":"WebSite","@id":"https:\/\/rideon.es\/renting-empresas\/#website","url":"https:\/\/rideon.es\/renting-empresas\/","name":"Alquiler de motos mensual y Renting para Empresas","description":"Las motos m\u00e1s c\u00f3modas y seguras para disfrutar de tus vacaciones sobre ruedas. Alquiler de motos en Menorca, Mallorca, Barcelona y Valencia con Rideon.es","publisher":{"@id":"https:\/\/rideon.es\/renting-empresas\/#organization"},"potentialAction":[{"@type":"SearchAction","target":{"@type":"EntryPoint","urlTemplate":"https:\/\/rideon.es\/renting-empresas\/?s={search_term_string}"},"query-input":{"@type":"PropertyValueSpecification","valueRequired":true,"valueName":"search_term_string"}}],"inLanguage":"es"},{"@type":"Organization","@id":"https:\/\/rideon.es\/renting-empresas\/#organization","name":"Alquiler de motos mensual y Renting para Empresas","url":"https:\/\/rideon.es\/renting-empresas\/","logo":{"@type":"ImageObject","inLanguage":"es","@id":"https:\/\/rideon.es\/renting-empresas\/#\/schema\/logo\/image\/","url":"https:\/\/rideon.es\/renting-empresas\/wp-content\/uploads\/sites\/19\/2020\/02\/rideon_logo-200x78-1.png","contentUrl":"https:\/\/rideon.es\/renting-empresas\/wp-content\/uploads\/sites\/19\/2020\/02\/rideon_logo-200x78-1.png","width":200,"height":78,"caption":"Alquiler de motos mensual y Renting para Empresas"},"image":{"@id":"https:\/\/rideon.es\/renting-empresas\/#\/schema\/logo\/image\/"}},{"@type":"Person","@id":"https:\/\/rideon.es\/renting-empresas\/#\/schema\/person\/48d6770e55c623d929bd20ce295611a7","name":"Ride On","image":{"@type":"ImageObject","inLanguage":"es","@id":"https:\/\/secure.gravatar.com\/avatar\/785e72183089da6a00243c0f0e2d52db79b9983b602219afb07c868943086138?s=96&d=mm&r=g","url":"https:\/\/secure.gravatar.com\/avatar\/785e72183089da6a00243c0f0e2d52db79b9983b602219afb07c868943086138?s=96&d=mm&r=g","contentUrl":"https:\/\/secure.gravatar.com\/avatar\/785e72183089da6a00243c0f0e2d52db79b9983b602219afb07c868943086138?s=96&d=mm&r=g","caption":"Ride On"},"url":"https:\/\/rideon.es\/renting-empresas\/author\/eduardoyauri\/"}]}},"_links":{"self":[{"href":"https:\/\/rideon.es\/renting-empresas\/wp-json\/wp\/v2\/posts\/913","targetHints":{"allow":["GET"]}}],"collection":[{"href":"https:\/\/rideon.es\/renting-empresas\/wp-json\/wp\/v2\/posts"}],"about":[{"href":"https:\/\/rideon.es\/renting-empresas\/wp-json\/wp\/v2\/types\/post"}],"author":[{"embeddable":true,"href":"https:\/\/rideon.es\/renting-empresas\/wp-json\/wp\/v2\/users\/2"}],"replies":[{"embeddable":true,"href":"https:\/\/rideon.es\/renting-empresas\/wp-json\/wp\/v2\/comments?post=913"}],"version-history":[{"count":0,"href":"https:\/\/rideon.es\/renting-empresas\/wp-json\/wp\/v2\/posts\/913\/revisions"}],"wp:featuredmedia":[{"embeddable":true,"href":"https:\/\/rideon.es\/renting-empresas\/wp-json\/"}],"wp:attachment":[{"href":"https:\/\/rideon.es\/renting-empresas\/wp-json\/wp\/v2\/media?parent=913"}],"wp:term":[{"taxonomy":"category","embeddable":true,"href":"https:\/\/rideon.es\/renting-empresas\/wp-json\/wp\/v2\/categories?post=913"},{"taxonomy":"post_tag","embeddable":true,"href":"https:\/\/rideon.es\/renting-empresas\/wp-json\/wp\/v2\/tags?post=913"}],"curies":[{"name":"wp","href":"https:\/\/api.w.org\/{rel}","templated":true}]}}