{"id":6362,"date":"2020-02-24T15:31:13","date_gmt":"2020-02-24T14:31:13","guid":{"rendered":"https:\/\/rideon.es\/?p=6362"},"modified":"2020-02-24T15:31:13","modified_gmt":"2020-02-24T14:31:13","slug":"rutas-turisticas-que-puedes-visitar-en-moto-por-menorca","status":"publish","type":"post","link":"https:\/\/rideon.es\/renting-empresas\/rutas-turisticas-que-puedes-visitar-en-moto-por-menorca\/","title":{"rendered":"Rutas tur\u00edsticas que puedes visitar en moto por Menorca"},"content":{"rendered":"<p>Vivir una experiencia de ensue\u00f1o en uno de los destinos m\u00e1s bellos del Mediterr\u00e1neo es una de las cosas que no te puedes perder en este 2020, as\u00ed que si est\u00e1s pensando en visitar esta isla, conoce las mejores rutas tur\u00edsticas que puedes visitar en moto por Menorca y c\u00f3mo hacer un perfecto alquiler de motos para eso.<\/p>\n<p><strong>Rutas tur\u00edsticas para viajar en Moto por Menorca<\/strong><\/p>\n<p>Esta es una ruta llena de misticismo y magia donde podr\u00e1s conocer los caminos perdidos de esta incre\u00edble isla, gozar de un recorrido lleno de cultura y tener ante tus ojos vistas que Menorca, no le envidia a ning\u00fan otro destino de Europa.<\/p>\n<p><strong>Cam\u00ed de Cavalls: Ruta del Caballo<\/strong><\/p>\n<p>Aqu\u00ed comenzar\u00e1 tu aventura, la ruta de larga distancia Cam\u00ed de Cavalls (ruta del caballo) o GR 223 recorre la isla de Menorca.<\/p>\n<p>Recorrer esta ruta en moto es una manera fabulosa de descubrir un hermoso paisaje con innumerables caminos a lo largo de la costa o en el interior que lo llevar\u00e1 a playas rocosas, capillas, castillos y llocs, las t\u00edpicas granjas de queso en las que se elabora el maravilloso queso Mah\u00f3n como en el pasado.<\/p>\n<p>Toda la ruta est\u00e1 perfectamente se\u00f1alizada con pilas de madera y paneles de informaci\u00f3n.<\/p>\n<p>As\u00ed que durante el itinerario del trayecto, pasar\u00e1s por imponentes ca\u00f1ones hasta los peque\u00f1os (pero hipn\u00f3ticos bosques de pinos), ver\u00e1s los amplios campos en los que pastan las vacas de Menorca (vista que s\u00ed o s\u00ed debes fotografiar) y que puedes disfrutar durante todo el a\u00f1o, completa o en secciones.<\/p>\n<p>As\u00ed que este recorrido no importa cu\u00e1ndo lo hagas, es un paisaje de eterna belleza en cualquier hora del d\u00eda.<\/p>\n<p>Recorrido del patrimonio cultural de Mah\u00f3n<\/p>\n<p>En la isla podr\u00e1s ver todo el recorrido de esta ruta de 12 km, con un tiempo aproximado de recorrido de 1 hora 15 minutos en los que podr\u00e1s conocer los siguientes lugares patrimoniales:<\/p>\n<ol>\n<li>El puente de San Roque,<\/li>\n<li>El Ayuntamiento,<\/li>\n<li>Iglesia de Santa Mar\u00eda,<\/li>\n<li>Monumento a Alfonso III,<\/li>\n<li>Biblioteca p\u00fablica,<\/li>\n<li>Mirador El Pont de Es Castell (aqu\u00ed puedes detenerte y descansar unos minutos para tambi\u00e9n, apreciar la vista),<\/li>\n<li>Iglesia y convento de Concepci\u00f3n,<\/li>\n<li>Antigua casa del rey,<\/li>\n<li>Iglesia de San Francisco de As\u00eds,<\/li>\n<li>Iglesia y claustro del Carmen,<\/li>\n<li>Iglesia del convento de Jes\u00fas,<\/li>\n<li>Iglesia de San Antonio Abat,<\/li>\n<li>Teatro Principal, plaza Esplanada,<\/li>\n<li>Parque Nicolau Rubi\u00f3,<\/li>\n<li>Can Oliver,<\/li>\n<li>Calle Isabel Il,<\/li>\n<li>Ermita de Gr\u00e0cia,<\/li>\n<li>Asentamiento prehist\u00f3rico Talat\u00ed de Dalt,<\/li>\n<li>Bas\u00edlica Es Forn\u00e0s de Torrell\u00f3 y muchos otros lugares cautivadores.<\/li>\n<\/ol>\n<p>Esta ruta es en l\u00ednea recta, iniciando en Mah\u00f3n y terminando en Alayor, donde podr\u00e1s conocer de las ferias gastron\u00f3micas y de artesan\u00eda (si te apuntas para hacer el recorrido desde los meses entre junio y septiembre), as\u00ed como la feria de navidad si recorres esta ruta en diciembre y sin importar la festividad, en cualquier momento del a\u00f1o puedes gozar de ferias semanales los martes y s\u00e1bados.<\/p>\n<p><strong>Alquiler de motos en Menorca<\/strong><\/p>\n<p>No tienes que estar con un gu\u00eda tur\u00edstico sentado en un bus mientras miras de los paisajes desde la ventana, toma las riendas de la ruta y descubre una nueva forma de hacer turismo: Por sus carreteras y caminos, a tu manera.<\/p>\n<p>Con la opci\u00f3n de <a href=\"https:\/\/rideon.es\/es\/menorca\/\">alquiler de motos en Menorca<\/a> puedes hacer estas y otras rutas de forma independiente, a tu tiempo y por su bajo costo\/alto beneficio, puedes hacerlas con las personas que desees a tu alrededor.<\/p>\n<p>Adem\u00e1s de que cuentas con soporte constante por tel\u00e9fono, seguro, cascos y la facilidad de poder cambiar de moto cuando quieras, los \u00fanicos requisitos ser\u00e1n las ganas de aventurarte y haber manejado motos en el pasado, as\u00ed de f\u00e1cil.<\/p>\n","protected":false},"excerpt":{"rendered":"<p>Vivir una experiencia de ensue\u00f1o en uno de los destinos m\u00e1s bellos del Mediterr\u00e1neo es una de las cosas que no te puedes perder en este 2020, as\u00ed que si est\u00e1s pensando en visitar esta isla, conoce las mejores rutas tur\u00edsticas que puedes visitar en moto por Menorca y c\u00f3mo hacer un perfecto alquiler de<\/p>\n","protected":false},"author":2,"featured_media":6363,"comment_status":"open","ping_status":"open","sticky":false,"template":"","format":"standard","meta":{"inline_featured_image":false,"footnotes":""},"categories":[12,14,33],"tags":[75],"class_list":["post-6362","post","type-post","status-publish","format-standard","has-post-thumbnail","hentry","category-blog","category-menorca","category-menorca-en-moto","tag-alquiler-de-motos-en-menorca"],"yoast_head":"<!-- This site is optimized with the Yoast SEO Premium plugin v18.7 (Yoast SEO v27.5) - https:\/\/yoast.com\/product\/yoast-seo-premium-wordpress\/ -->\n<title>Rutas tur\u00edsticas que puedes visitar en moto por Menorca - Alquiler de motos mensual y Renting para Empresas<\/title>\n<meta name=\"robots\" content=\"index, follow, max-snippet:-1, max-image-preview:large, max-video-preview:-1\" \/>\n<link rel=\"canonical\" href=\"https:\/\/rideon.es\/renting-empresas\/rutas-turisticas-que-puedes-visitar-en-moto-por-menorca\/\" \/>\n<meta property=\"og:locale\" content=\"es_ES\" \/>\n<meta property=\"og:type\" content=\"article\" \/>\n<meta property=\"og:title\" content=\"Rutas tur\u00edsticas que puedes visitar en moto por Menorca\" \/>\n<meta property=\"og:description\" content=\"Vivir una experiencia de ensue\u00f1o en uno de los destinos m\u00e1s bellos del Mediterr\u00e1neo es una de las cosas que no te puedes perder en este 2020, as\u00ed que si est\u00e1s pensando en visitar esta isla, conoce las mejores rutas tur\u00edsticas que puedes visitar en moto por Menorca y c\u00f3mo hacer un perfecto alquiler de\" \/>\n<meta property=\"og:url\" content=\"https:\/\/rideon.es\/renting-empresas\/rutas-turisticas-que-puedes-visitar-en-moto-por-menorca\/\" \/>\n<meta property=\"og:site_name\" content=\"Alquiler de motos mensual y Renting para Empresas\" \/>\n<meta property=\"article:published_time\" content=\"2020-02-24T14:31:13+00:00\" \/>\n<meta property=\"og:image\" content=\"https:\/\/rideon.es\/renting-empresas\/wp-content\/uploads\/sites\/19\/2020\/02\/menorca-3494262_1280.jpg\" \/>\n\t<meta property=\"og:image:width\" content=\"1280\" \/>\n\t<meta property=\"og:image:height\" content=\"853\" \/>\n\t<meta property=\"og:image:type\" content=\"image\/jpeg\" \/>\n<meta name=\"author\" content=\"Ride On\" \/>\n<meta name=\"twitter:card\" content=\"summary_large_image\" \/>\n<meta name=\"twitter:label1\" content=\"Escrito por\" \/>\n\t<meta name=\"twitter:data1\" content=\"Ride On\" \/>\n\t<meta name=\"twitter:label2\" content=\"Tiempo de lectura\" \/>\n\t<meta name=\"twitter:data2\" content=\"3 minutos\" \/>\n<script type=\"application\/ld+json\" class=\"yoast-schema-graph\">{\"@context\":\"https:\\\/\\\/schema.org\",\"@graph\":[{\"@type\":\"Article\",\"@id\":\"https:\\\/\\\/rideon.es\\\/renting-empresas\\\/rutas-turisticas-que-puedes-visitar-en-moto-por-menorca\\\/#article\",\"isPartOf\":{\"@id\":\"https:\\\/\\\/rideon.es\\\/renting-empresas\\\/rutas-turisticas-que-puedes-visitar-en-moto-por-menorca\\\/\"},\"author\":{\"name\":\"Ride On\",\"@id\":\"https:\\\/\\\/rideon.es\\\/renting-empresas\\\/#\\\/schema\\\/person\\\/48d6770e55c623d929bd20ce295611a7\"},\"headline\":\"Rutas tur\u00edsticas que puedes visitar en moto por Menorca\",\"datePublished\":\"2020-02-24T14:31:13+00:00\",\"mainEntityOfPage\":{\"@id\":\"https:\\\/\\\/rideon.es\\\/renting-empresas\\\/rutas-turisticas-que-puedes-visitar-en-moto-por-menorca\\\/\"},\"wordCount\":658,\"commentCount\":0,\"publisher\":{\"@id\":\"https:\\\/\\\/rideon.es\\\/renting-empresas\\\/#organization\"},\"image\":{\"@id\":\"https:\\\/\\\/rideon.es\\\/renting-empresas\\\/rutas-turisticas-que-puedes-visitar-en-moto-por-menorca\\\/#primaryimage\"},\"thumbnailUrl\":\"https:\\\/\\\/rideon.es\\\/renting-empresas\\\/wp-content\\\/uploads\\\/sites\\\/19\\\/2020\\\/02\\\/menorca-3494262_1280.jpg\",\"keywords\":[\"alquiler de motos en Menorca\"],\"articleSection\":[\"Blog\",\"Menorca\",\"Menorca en moto\"],\"inLanguage\":\"es\",\"potentialAction\":[{\"@type\":\"CommentAction\",\"name\":\"Comment\",\"target\":[\"https:\\\/\\\/rideon.es\\\/renting-empresas\\\/rutas-turisticas-que-puedes-visitar-en-moto-por-menorca\\\/#respond\"]}]},{\"@type\":\"WebPage\",\"@id\":\"https:\\\/\\\/rideon.es\\\/renting-empresas\\\/rutas-turisticas-que-puedes-visitar-en-moto-por-menorca\\\/\",\"url\":\"https:\\\/\\\/rideon.es\\\/renting-empresas\\\/rutas-turisticas-que-puedes-visitar-en-moto-por-menorca\\\/\",\"name\":\"Rutas tur\u00edsticas que puedes visitar en moto por Menorca - Alquiler de motos mensual y Renting para Empresas\",\"isPartOf\":{\"@id\":\"https:\\\/\\\/rideon.es\\\/renting-empresas\\\/#website\"},\"primaryImageOfPage\":{\"@id\":\"https:\\\/\\\/rideon.es\\\/renting-empresas\\\/rutas-turisticas-que-puedes-visitar-en-moto-por-menorca\\\/#primaryimage\"},\"image\":{\"@id\":\"https:\\\/\\\/rideon.es\\\/renting-empresas\\\/rutas-turisticas-que-puedes-visitar-en-moto-por-menorca\\\/#primaryimage\"},\"thumbnailUrl\":\"https:\\\/\\\/rideon.es\\\/renting-empresas\\\/wp-content\\\/uploads\\\/sites\\\/19\\\/2020\\\/02\\\/menorca-3494262_1280.jpg\",\"datePublished\":\"2020-02-24T14:31:13+00:00\",\"inLanguage\":\"es\",\"potentialAction\":[{\"@type\":\"ReadAction\",\"target\":[\"https:\\\/\\\/rideon.es\\\/renting-empresas\\\/rutas-turisticas-que-puedes-visitar-en-moto-por-menorca\\\/\"]}]},{\"@type\":\"ImageObject\",\"inLanguage\":\"es\",\"@id\":\"https:\\\/\\\/rideon.es\\\/renting-empresas\\\/rutas-turisticas-que-puedes-visitar-en-moto-por-menorca\\\/#primaryimage\",\"url\":\"https:\\\/\\\/rideon.es\\\/renting-empresas\\\/wp-content\\\/uploads\\\/sites\\\/19\\\/2020\\\/02\\\/menorca-3494262_1280.jpg\",\"contentUrl\":\"https:\\\/\\\/rideon.es\\\/renting-empresas\\\/wp-content\\\/uploads\\\/sites\\\/19\\\/2020\\\/02\\\/menorca-3494262_1280.jpg\",\"width\":1280,\"height\":853,\"caption\":\"alquiler de motos en Menorca\"},{\"@type\":\"WebSite\",\"@id\":\"https:\\\/\\\/rideon.es\\\/renting-empresas\\\/#website\",\"url\":\"https:\\\/\\\/rideon.es\\\/renting-empresas\\\/\",\"name\":\"Alquiler de motos mensual y Renting para Empresas\",\"description\":\"Las motos m\u00e1s c\u00f3modas y seguras para disfrutar de tus vacaciones sobre ruedas. Alquiler de motos en Menorca, Mallorca, Barcelona y Valencia con Rideon.es\",\"publisher\":{\"@id\":\"https:\\\/\\\/rideon.es\\\/renting-empresas\\\/#organization\"},\"potentialAction\":[{\"@type\":\"SearchAction\",\"target\":{\"@type\":\"EntryPoint\",\"urlTemplate\":\"https:\\\/\\\/rideon.es\\\/renting-empresas\\\/?s={search_term_string}\"},\"query-input\":{\"@type\":\"PropertyValueSpecification\",\"valueRequired\":true,\"valueName\":\"search_term_string\"}}],\"inLanguage\":\"es\"},{\"@type\":\"Organization\",\"@id\":\"https:\\\/\\\/rideon.es\\\/renting-empresas\\\/#organization\",\"name\":\"Alquiler de motos mensual y Renting para Empresas\",\"url\":\"https:\\\/\\\/rideon.es\\\/renting-empresas\\\/\",\"logo\":{\"@type\":\"ImageObject\",\"inLanguage\":\"es\",\"@id\":\"https:\\\/\\\/rideon.es\\\/renting-empresas\\\/#\\\/schema\\\/logo\\\/image\\\/\",\"url\":\"https:\\\/\\\/rideon.es\\\/renting-empresas\\\/wp-content\\\/uploads\\\/sites\\\/19\\\/2020\\\/02\\\/rideon_logo-200x78-1.png\",\"contentUrl\":\"https:\\\/\\\/rideon.es\\\/renting-empresas\\\/wp-content\\\/uploads\\\/sites\\\/19\\\/2020\\\/02\\\/rideon_logo-200x78-1.png\",\"width\":200,\"height\":78,\"caption\":\"Alquiler de motos mensual y Renting para Empresas\"},\"image\":{\"@id\":\"https:\\\/\\\/rideon.es\\\/renting-empresas\\\/#\\\/schema\\\/logo\\\/image\\\/\"}},{\"@type\":\"Person\",\"@id\":\"https:\\\/\\\/rideon.es\\\/renting-empresas\\\/#\\\/schema\\\/person\\\/48d6770e55c623d929bd20ce295611a7\",\"name\":\"Ride On\",\"image\":{\"@type\":\"ImageObject\",\"inLanguage\":\"es\",\"@id\":\"https:\\\/\\\/secure.gravatar.com\\\/avatar\\\/785e72183089da6a00243c0f0e2d52db79b9983b602219afb07c868943086138?s=96&d=mm&r=g\",\"url\":\"https:\\\/\\\/secure.gravatar.com\\\/avatar\\\/785e72183089da6a00243c0f0e2d52db79b9983b602219afb07c868943086138?s=96&d=mm&r=g\",\"contentUrl\":\"https:\\\/\\\/secure.gravatar.com\\\/avatar\\\/785e72183089da6a00243c0f0e2d52db79b9983b602219afb07c868943086138?s=96&d=mm&r=g\",\"caption\":\"Ride On\"},\"url\":\"https:\\\/\\\/rideon.es\\\/renting-empresas\\\/author\\\/eduardoyauri\\\/\"}]}<\/script>\n<!-- \/ Yoast SEO Premium plugin. -->","yoast_head_json":{"title":"Rutas tur\u00edsticas que puedes visitar en moto por Menorca - Alquiler de motos mensual y Renting para Empresas","robots":{"index":"index","follow":"follow","max-snippet":"max-snippet:-1","max-image-preview":"max-image-preview:large","max-video-preview":"max-video-preview:-1"},"canonical":"https:\/\/rideon.es\/renting-empresas\/rutas-turisticas-que-puedes-visitar-en-moto-por-menorca\/","og_locale":"es_ES","og_type":"article","og_title":"Rutas tur\u00edsticas que puedes visitar en moto por Menorca","og_description":"Vivir una experiencia de ensue\u00f1o en uno de los destinos m\u00e1s bellos del Mediterr\u00e1neo es una de las cosas que no te puedes perder en este 2020, as\u00ed que si est\u00e1s pensando en visitar esta isla, conoce las mejores rutas tur\u00edsticas que puedes visitar en moto por Menorca y c\u00f3mo hacer un perfecto alquiler de","og_url":"https:\/\/rideon.es\/renting-empresas\/rutas-turisticas-que-puedes-visitar-en-moto-por-menorca\/","og_site_name":"Alquiler de motos mensual y Renting para Empresas","article_published_time":"2020-02-24T14:31:13+00:00","og_image":[{"width":1280,"height":853,"url":"https:\/\/rideon.es\/renting-empresas\/wp-content\/uploads\/sites\/19\/2020\/02\/menorca-3494262_1280.jpg","type":"image\/jpeg"}],"author":"Ride On","twitter_card":"summary_large_image","twitter_misc":{"Escrito por":"Ride On","Tiempo de lectura":"3 minutos"},"schema":{"@context":"https:\/\/schema.org","@graph":[{"@type":"Article","@id":"https:\/\/rideon.es\/renting-empresas\/rutas-turisticas-que-puedes-visitar-en-moto-por-menorca\/#article","isPartOf":{"@id":"https:\/\/rideon.es\/renting-empresas\/rutas-turisticas-que-puedes-visitar-en-moto-por-menorca\/"},"author":{"name":"Ride On","@id":"https:\/\/rideon.es\/renting-empresas\/#\/schema\/person\/48d6770e55c623d929bd20ce295611a7"},"headline":"Rutas tur\u00edsticas que puedes visitar en moto por Menorca","datePublished":"2020-02-24T14:31:13+00:00","mainEntityOfPage":{"@id":"https:\/\/rideon.es\/renting-empresas\/rutas-turisticas-que-puedes-visitar-en-moto-por-menorca\/"},"wordCount":658,"commentCount":0,"publisher":{"@id":"https:\/\/rideon.es\/renting-empresas\/#organization"},"image":{"@id":"https:\/\/rideon.es\/renting-empresas\/rutas-turisticas-que-puedes-visitar-en-moto-por-menorca\/#primaryimage"},"thumbnailUrl":"https:\/\/rideon.es\/renting-empresas\/wp-content\/uploads\/sites\/19\/2020\/02\/menorca-3494262_1280.jpg","keywords":["alquiler de motos en Menorca"],"articleSection":["Blog","Menorca","Menorca en moto"],"inLanguage":"es","potentialAction":[{"@type":"CommentAction","name":"Comment","target":["https:\/\/rideon.es\/renting-empresas\/rutas-turisticas-que-puedes-visitar-en-moto-por-menorca\/#respond"]}]},{"@type":"WebPage","@id":"https:\/\/rideon.es\/renting-empresas\/rutas-turisticas-que-puedes-visitar-en-moto-por-menorca\/","url":"https:\/\/rideon.es\/renting-empresas\/rutas-turisticas-que-puedes-visitar-en-moto-por-menorca\/","name":"Rutas tur\u00edsticas que puedes visitar en moto por Menorca - Alquiler de motos mensual y Renting para Empresas","isPartOf":{"@id":"https:\/\/rideon.es\/renting-empresas\/#website"},"primaryImageOfPage":{"@id":"https:\/\/rideon.es\/renting-empresas\/rutas-turisticas-que-puedes-visitar-en-moto-por-menorca\/#primaryimage"},"image":{"@id":"https:\/\/rideon.es\/renting-empresas\/rutas-turisticas-que-puedes-visitar-en-moto-por-menorca\/#primaryimage"},"thumbnailUrl":"https:\/\/rideon.es\/renting-empresas\/wp-content\/uploads\/sites\/19\/2020\/02\/menorca-3494262_1280.jpg","datePublished":"2020-02-24T14:31:13+00:00","inLanguage":"es","potentialAction":[{"@type":"ReadAction","target":["https:\/\/rideon.es\/renting-empresas\/rutas-turisticas-que-puedes-visitar-en-moto-por-menorca\/"]}]},{"@type":"ImageObject","inLanguage":"es","@id":"https:\/\/rideon.es\/renting-empresas\/rutas-turisticas-que-puedes-visitar-en-moto-por-menorca\/#primaryimage","url":"https:\/\/rideon.es\/renting-empresas\/wp-content\/uploads\/sites\/19\/2020\/02\/menorca-3494262_1280.jpg","contentUrl":"https:\/\/rideon.es\/renting-empresas\/wp-content\/uploads\/sites\/19\/2020\/02\/menorca-3494262_1280.jpg","width":1280,"height":853,"caption":"alquiler de motos en Menorca"},{"@type":"WebSite","@id":"https:\/\/rideon.es\/renting-empresas\/#website","url":"https:\/\/rideon.es\/renting-empresas\/","name":"Alquiler de motos mensual y Renting para Empresas","description":"Las motos m\u00e1s c\u00f3modas y seguras para disfrutar de tus vacaciones sobre ruedas. Alquiler de motos en Menorca, Mallorca, Barcelona y Valencia con Rideon.es","publisher":{"@id":"https:\/\/rideon.es\/renting-empresas\/#organization"},"potentialAction":[{"@type":"SearchAction","target":{"@type":"EntryPoint","urlTemplate":"https:\/\/rideon.es\/renting-empresas\/?s={search_term_string}"},"query-input":{"@type":"PropertyValueSpecification","valueRequired":true,"valueName":"search_term_string"}}],"inLanguage":"es"},{"@type":"Organization","@id":"https:\/\/rideon.es\/renting-empresas\/#organization","name":"Alquiler de motos mensual y Renting para Empresas","url":"https:\/\/rideon.es\/renting-empresas\/","logo":{"@type":"ImageObject","inLanguage":"es","@id":"https:\/\/rideon.es\/renting-empresas\/#\/schema\/logo\/image\/","url":"https:\/\/rideon.es\/renting-empresas\/wp-content\/uploads\/sites\/19\/2020\/02\/rideon_logo-200x78-1.png","contentUrl":"https:\/\/rideon.es\/renting-empresas\/wp-content\/uploads\/sites\/19\/2020\/02\/rideon_logo-200x78-1.png","width":200,"height":78,"caption":"Alquiler de motos mensual y Renting para Empresas"},"image":{"@id":"https:\/\/rideon.es\/renting-empresas\/#\/schema\/logo\/image\/"}},{"@type":"Person","@id":"https:\/\/rideon.es\/renting-empresas\/#\/schema\/person\/48d6770e55c623d929bd20ce295611a7","name":"Ride On","image":{"@type":"ImageObject","inLanguage":"es","@id":"https:\/\/secure.gravatar.com\/avatar\/785e72183089da6a00243c0f0e2d52db79b9983b602219afb07c868943086138?s=96&d=mm&r=g","url":"https:\/\/secure.gravatar.com\/avatar\/785e72183089da6a00243c0f0e2d52db79b9983b602219afb07c868943086138?s=96&d=mm&r=g","contentUrl":"https:\/\/secure.gravatar.com\/avatar\/785e72183089da6a00243c0f0e2d52db79b9983b602219afb07c868943086138?s=96&d=mm&r=g","caption":"Ride On"},"url":"https:\/\/rideon.es\/renting-empresas\/author\/eduardoyauri\/"}]}},"_links":{"self":[{"href":"https:\/\/rideon.es\/renting-empresas\/wp-json\/wp\/v2\/posts\/6362","targetHints":{"allow":["GET"]}}],"collection":[{"href":"https:\/\/rideon.es\/renting-empresas\/wp-json\/wp\/v2\/posts"}],"about":[{"href":"https:\/\/rideon.es\/renting-empresas\/wp-json\/wp\/v2\/types\/post"}],"author":[{"embeddable":true,"href":"https:\/\/rideon.es\/renting-empresas\/wp-json\/wp\/v2\/users\/2"}],"replies":[{"embeddable":true,"href":"https:\/\/rideon.es\/renting-empresas\/wp-json\/wp\/v2\/comments?post=6362"}],"version-history":[{"count":0,"href":"https:\/\/rideon.es\/renting-empresas\/wp-json\/wp\/v2\/posts\/6362\/revisions"}],"wp:featuredmedia":[{"embeddable":true,"href":"https:\/\/rideon.es\/renting-empresas\/wp-json\/wp\/v2\/media\/6363"}],"wp:attachment":[{"href":"https:\/\/rideon.es\/renting-empresas\/wp-json\/wp\/v2\/media?parent=6362"}],"wp:term":[{"taxonomy":"category","embeddable":true,"href":"https:\/\/rideon.es\/renting-empresas\/wp-json\/wp\/v2\/categories?post=6362"},{"taxonomy":"post_tag","embeddable":true,"href":"https:\/\/rideon.es\/renting-empresas\/wp-json\/wp\/v2\/tags?post=6362"}],"curies":[{"name":"wp","href":"https:\/\/api.w.org\/{rel}","templated":true}]}}