{"id":6282,"date":"2020-02-19T15:30:23","date_gmt":"2020-02-19T14:30:23","guid":{"rendered":"https:\/\/rideon.es\/?p=6282"},"modified":"2020-02-19T15:30:23","modified_gmt":"2020-02-19T14:30:23","slug":"campana-de-multas-a-motos-mal-aparcadas-en-aceras-de-barcelona","status":"publish","type":"post","link":"https:\/\/rideon.es\/renting-empresas\/campana-de-multas-a-motos-mal-aparcadas-en-aceras-de-barcelona\/","title":{"rendered":"Campa\u00f1a de multas a motos mal aparcadas en aceras de Barcelona"},"content":{"rendered":"<p>Barcelona es una de las metr\u00f3polis con m\u00e1s motos y veh\u00edculos de dos ruedas en Europa, debido a esto, la ciudad ha implementado medidas para garantizar que sea una zona transitable para el transe\u00fante, asegurando un espacio libre y la movilidad para todo el mundo.<\/p>\n<p>Y no es de sorprender que exista cierto caos, en especial por la proliferaci\u00f3n de motos que se evidencian circulando por la ciudad, de hecho, para el 2018 se registraron un poco m\u00e1s de 637 mil motocicletas en toda la provincia; ya en el 2020 esa cifra ha ido en aumento.<\/p>\n<p>El <strong>alquiler de motos en Barcelona<\/strong> ha intentado disminuir un poco la problem\u00e1tica, en especial como proveedores de servicios, ya que al momento de la renta del veh\u00edculo se le especifica al usuario todas las normativas vigentes, se le consulta el conocimiento sobre la conducci\u00f3n y se le recuerda cu\u00e1les son los espacios de aparcamiento recomendados.<\/p>\n<p>De esa forma, se busca disminuir el riesgo de incidentes relacionados con multas por motos mal aparcadas y al mismo tiempo, se busca asegurar las motos que puedan ser sustra\u00eddas de forma ilegal por estar en espacios pocos convencionales o aceras.<\/p>\n<p><strong>Antecedentes de motos mal aparcadas<\/strong><\/p>\n<p>El problema de las motos mal aparcadas no es algo de este a\u00f1o en Barcelona, para el a\u00f1o 2017 se inici\u00f3 una campa\u00f1a para los motoristas que no estaban respetando las normativas vigentes de estacionamiento p\u00fablico y dicha campa\u00f1a, se separaba en dos partes, la primera era informativa y la segunda parte era sancionatoria.<\/p>\n<p>Sin embargo, esto sigue sin cumplirse y ya en el 2020, el asunto ha cobrado m\u00e1s importancia por la cantidad de veh\u00edculos que siguen estacionando de forma incorrecta, abarcando el espacio completo de los peatones y aumentando el riesgo de atropellamientos cuando estos deciden caminar por las carreteras por no tener espacios en las aceras.<\/p>\n<p><strong>Campa\u00f1a de multas a motos mal aparcadas<\/strong><\/p>\n<p>Esta campa\u00f1a de multas a motos mal aparcadas surge como mencionamos, como una medida que busca asegurar una convivencia sana entre los conductores y los viandantes.<\/p>\n<p>Con la nueva normativa regulada en el art\u00edculo 40 de la Ordenanza de Veh\u00edculos y Peatones, la capital catalana busca definir los espacios en los que las motos s\u00ed pueden aparcar y establece las indicaciones seg\u00fan dicha normativa municipal.<\/p>\n<p>Sin embargo, con m\u00e1s de 637mil motocicletas registradas en el territorio catal\u00e1n, el consistorio barcelon\u00e9s no dispone de plazas de estacionamiento para tantos veh\u00edculos.<\/p>\n<p>Este consistorio cuenta con un poco m\u00e1s de 70.000 plazas, siendo insuficiente, aun cuando est\u00e1 siendo compensado con la oportunidad de aparcar en las aceras (aproximadamente 105mil espacios peatonales permitidos por normativa y sin contar con los aparcamientos subterr\u00e1neos).<\/p>\n<p><strong>Acci\u00f3n intensificada en ciertos barrios y zonas<\/strong><\/p>\n<p>Esta campa\u00f1a se implementar\u00e1 en 10 distritos de Barcelona, pero con especial atenci\u00f3n en el barrio de la Vila de Gr\u00e0cia.<\/p>\n<p>Ya que es en este barrio donde se evidencia el mayor \u00edndice de aparcamientos irregulares de motos y ciclomotores en la acera, ocasionando importantes incidentes en la movilidad de los caminantes.<\/p>\n<p>Del mismo modo, las zonas con muchas escuelas y que poseen altos \u00edndices de contaminaci\u00f3n como Travessera de Gr\u00e0cia, tambi\u00e9n tendr\u00e1n especial atenci\u00f3n por parte de tr\u00e1nsito.<\/p>\n<p>Tambi\u00e9n, se han seleccionado 10 \u00e1reas de la ciudad (una por cada distrito) en las que se prioriza la actuaci\u00f3n intensiva debido al incumplimiento reiterado de las regulaciones de tr\u00e1nsito en el tema del estacionamiento.<\/p>\n<p>Estos mal llamados \u201c<em>puntos negros<\/em>\u201d son los siguientes: calle Girona (Eixample), Bor\u00ed i Fontest\u00e0-Can R\u00e0bia (Sarri\u00e0-Sant Gervasi), venida Francesc Camb\u00f3 (Ciutat Vella), plaza Joan Peir\u00f3 (Sants-Montju\u00efc), Sabino Arana-Gran Via Carles III (Les Corts), Font d&#8217;en Fargues-Passeig Maragall (Horta-Guinard\u00f3), Pla\u00e7a del Nord (Gr\u00e0cia), Fabra i Puig-Teide (Nou Barris), Neop\u00e0tria (Sant Andreu) y Bol\u00edvia (Sant Mart\u00ed).<\/p>\n<p><strong>Fases de la campa\u00f1a<\/strong><\/p>\n<p>Como otras realizadas en el pasado, esta campa\u00f1a cuenta con cuenta con tres fases, la primera siendo completamente informativa en la que se comenta al infractor cu\u00e1les son las nuevas normativas y qu\u00e9 debe hacer, la segunda fase comprende el periodo de avisos en la que se notifica directamente al conductor que tiene su moto mal estacionada y la tercera fase, incluye las medidas de sanciones y retirada de veh\u00edculos de dos ruedas que se encuentran mal aparcados.<\/p>\n<p>Para el alquiler de motos, es imprescindible que se tomen en cuenta esta nueva normativa en Barcelona, ya que el llamado de atenci\u00f3n o retenci\u00f3n de la moto por parte de la municipalidad por parte de esta nueva campa\u00f1a de multas a motos mal aparcadas en aceras de la capital catalana en 2020, podr\u00eda acarrearle un costo adicional innecesario de haberse prevenido la acci\u00f3n.<\/p>\n","protected":false},"excerpt":{"rendered":"<p>Barcelona es una de las metr\u00f3polis con m\u00e1s motos y veh\u00edculos de dos ruedas en Europa, debido a esto, la ciudad ha implementado medidas para garantizar que sea una zona transitable para el transe\u00fante, asegurando un espacio libre y la movilidad para todo el mundo.<\/p>\n","protected":false},"author":2,"featured_media":6283,"comment_status":"open","ping_status":"open","sticky":false,"template":"","format":"standard","meta":{"inline_featured_image":false,"footnotes":""},"categories":[9,12],"tags":[73,74],"class_list":["post-6282","post","type-post","status-publish","format-standard","has-post-thumbnail","hentry","category-barcelona","category-blog","tag-motos-barcelona","tag-multas-a-motos"],"yoast_head":"<!-- This site is optimized with the Yoast SEO Premium plugin v18.7 (Yoast SEO v27.5) - https:\/\/yoast.com\/product\/yoast-seo-premium-wordpress\/ -->\n<title>Campa\u00f1a de multas a motos mal aparcadas en aceras de Barcelona - Alquiler de motos mensual y Renting para Empresas<\/title>\n<meta name=\"robots\" content=\"index, follow, max-snippet:-1, max-image-preview:large, max-video-preview:-1\" \/>\n<link rel=\"canonical\" href=\"https:\/\/rideon.es\/renting-empresas\/campana-de-multas-a-motos-mal-aparcadas-en-aceras-de-barcelona\/\" \/>\n<meta property=\"og:locale\" content=\"es_ES\" \/>\n<meta property=\"og:type\" content=\"article\" \/>\n<meta property=\"og:title\" content=\"Campa\u00f1a de multas a motos mal aparcadas en aceras de Barcelona\" \/>\n<meta property=\"og:description\" content=\"Barcelona es una de las metr\u00f3polis con m\u00e1s motos y veh\u00edculos de dos ruedas en Europa, debido a esto, la ciudad ha implementado medidas para garantizar que sea una zona transitable para el transe\u00fante, asegurando un espacio libre y la movilidad para todo el mundo.\" \/>\n<meta property=\"og:url\" content=\"https:\/\/rideon.es\/renting-empresas\/campana-de-multas-a-motos-mal-aparcadas-en-aceras-de-barcelona\/\" \/>\n<meta property=\"og:site_name\" content=\"Alquiler de motos mensual y Renting para Empresas\" \/>\n<meta property=\"article:published_time\" content=\"2020-02-19T14:30:23+00:00\" \/>\n<meta property=\"og:image\" content=\"https:\/\/rideon.es\/renting-empresas\/wp-content\/uploads\/sites\/19\/2020\/02\/street-1284362_1920.jpg\" \/>\n\t<meta property=\"og:image:width\" content=\"1920\" \/>\n\t<meta property=\"og:image:height\" content=\"1280\" \/>\n\t<meta property=\"og:image:type\" content=\"image\/jpeg\" \/>\n<meta name=\"author\" content=\"Ride On\" \/>\n<meta name=\"twitter:card\" content=\"summary_large_image\" \/>\n<meta name=\"twitter:label1\" content=\"Escrito por\" \/>\n\t<meta name=\"twitter:data1\" content=\"Ride On\" \/>\n\t<meta name=\"twitter:label2\" content=\"Tiempo de lectura\" \/>\n\t<meta name=\"twitter:data2\" content=\"4 minutos\" \/>\n<script type=\"application\/ld+json\" class=\"yoast-schema-graph\">{\"@context\":\"https:\\\/\\\/schema.org\",\"@graph\":[{\"@type\":\"Article\",\"@id\":\"https:\\\/\\\/rideon.es\\\/renting-empresas\\\/campana-de-multas-a-motos-mal-aparcadas-en-aceras-de-barcelona\\\/#article\",\"isPartOf\":{\"@id\":\"https:\\\/\\\/rideon.es\\\/renting-empresas\\\/campana-de-multas-a-motos-mal-aparcadas-en-aceras-de-barcelona\\\/\"},\"author\":{\"name\":\"Ride On\",\"@id\":\"https:\\\/\\\/rideon.es\\\/renting-empresas\\\/#\\\/schema\\\/person\\\/48d6770e55c623d929bd20ce295611a7\"},\"headline\":\"Campa\u00f1a de multas a motos mal aparcadas en aceras de Barcelona\",\"datePublished\":\"2020-02-19T14:30:23+00:00\",\"mainEntityOfPage\":{\"@id\":\"https:\\\/\\\/rideon.es\\\/renting-empresas\\\/campana-de-multas-a-motos-mal-aparcadas-en-aceras-de-barcelona\\\/\"},\"wordCount\":825,\"commentCount\":0,\"publisher\":{\"@id\":\"https:\\\/\\\/rideon.es\\\/renting-empresas\\\/#organization\"},\"image\":{\"@id\":\"https:\\\/\\\/rideon.es\\\/renting-empresas\\\/campana-de-multas-a-motos-mal-aparcadas-en-aceras-de-barcelona\\\/#primaryimage\"},\"thumbnailUrl\":\"https:\\\/\\\/rideon.es\\\/renting-empresas\\\/wp-content\\\/uploads\\\/sites\\\/19\\\/2020\\\/02\\\/street-1284362_1920.jpg\",\"keywords\":[\"Motos Barcelona\",\"multas a motos\"],\"articleSection\":[\"Barcelona\",\"Blog\"],\"inLanguage\":\"es\",\"potentialAction\":[{\"@type\":\"CommentAction\",\"name\":\"Comment\",\"target\":[\"https:\\\/\\\/rideon.es\\\/renting-empresas\\\/campana-de-multas-a-motos-mal-aparcadas-en-aceras-de-barcelona\\\/#respond\"]}]},{\"@type\":\"WebPage\",\"@id\":\"https:\\\/\\\/rideon.es\\\/renting-empresas\\\/campana-de-multas-a-motos-mal-aparcadas-en-aceras-de-barcelona\\\/\",\"url\":\"https:\\\/\\\/rideon.es\\\/renting-empresas\\\/campana-de-multas-a-motos-mal-aparcadas-en-aceras-de-barcelona\\\/\",\"name\":\"Campa\u00f1a de multas a motos mal aparcadas en aceras de Barcelona - Alquiler de motos mensual y Renting para Empresas\",\"isPartOf\":{\"@id\":\"https:\\\/\\\/rideon.es\\\/renting-empresas\\\/#website\"},\"primaryImageOfPage\":{\"@id\":\"https:\\\/\\\/rideon.es\\\/renting-empresas\\\/campana-de-multas-a-motos-mal-aparcadas-en-aceras-de-barcelona\\\/#primaryimage\"},\"image\":{\"@id\":\"https:\\\/\\\/rideon.es\\\/renting-empresas\\\/campana-de-multas-a-motos-mal-aparcadas-en-aceras-de-barcelona\\\/#primaryimage\"},\"thumbnailUrl\":\"https:\\\/\\\/rideon.es\\\/renting-empresas\\\/wp-content\\\/uploads\\\/sites\\\/19\\\/2020\\\/02\\\/street-1284362_1920.jpg\",\"datePublished\":\"2020-02-19T14:30:23+00:00\",\"inLanguage\":\"es\",\"potentialAction\":[{\"@type\":\"ReadAction\",\"target\":[\"https:\\\/\\\/rideon.es\\\/renting-empresas\\\/campana-de-multas-a-motos-mal-aparcadas-en-aceras-de-barcelona\\\/\"]}]},{\"@type\":\"ImageObject\",\"inLanguage\":\"es\",\"@id\":\"https:\\\/\\\/rideon.es\\\/renting-empresas\\\/campana-de-multas-a-motos-mal-aparcadas-en-aceras-de-barcelona\\\/#primaryimage\",\"url\":\"https:\\\/\\\/rideon.es\\\/renting-empresas\\\/wp-content\\\/uploads\\\/sites\\\/19\\\/2020\\\/02\\\/street-1284362_1920.jpg\",\"contentUrl\":\"https:\\\/\\\/rideon.es\\\/renting-empresas\\\/wp-content\\\/uploads\\\/sites\\\/19\\\/2020\\\/02\\\/street-1284362_1920.jpg\",\"width\":1920,\"height\":1280},{\"@type\":\"WebSite\",\"@id\":\"https:\\\/\\\/rideon.es\\\/renting-empresas\\\/#website\",\"url\":\"https:\\\/\\\/rideon.es\\\/renting-empresas\\\/\",\"name\":\"Alquiler de motos mensual y Renting para Empresas\",\"description\":\"Las motos m\u00e1s c\u00f3modas y seguras para disfrutar de tus vacaciones sobre ruedas. Alquiler de motos en Menorca, Mallorca, Barcelona y Valencia con Rideon.es\",\"publisher\":{\"@id\":\"https:\\\/\\\/rideon.es\\\/renting-empresas\\\/#organization\"},\"potentialAction\":[{\"@type\":\"SearchAction\",\"target\":{\"@type\":\"EntryPoint\",\"urlTemplate\":\"https:\\\/\\\/rideon.es\\\/renting-empresas\\\/?s={search_term_string}\"},\"query-input\":{\"@type\":\"PropertyValueSpecification\",\"valueRequired\":true,\"valueName\":\"search_term_string\"}}],\"inLanguage\":\"es\"},{\"@type\":\"Organization\",\"@id\":\"https:\\\/\\\/rideon.es\\\/renting-empresas\\\/#organization\",\"name\":\"Alquiler de motos mensual y Renting para Empresas\",\"url\":\"https:\\\/\\\/rideon.es\\\/renting-empresas\\\/\",\"logo\":{\"@type\":\"ImageObject\",\"inLanguage\":\"es\",\"@id\":\"https:\\\/\\\/rideon.es\\\/renting-empresas\\\/#\\\/schema\\\/logo\\\/image\\\/\",\"url\":\"https:\\\/\\\/rideon.es\\\/renting-empresas\\\/wp-content\\\/uploads\\\/sites\\\/19\\\/2020\\\/02\\\/rideon_logo-200x78-1.png\",\"contentUrl\":\"https:\\\/\\\/rideon.es\\\/renting-empresas\\\/wp-content\\\/uploads\\\/sites\\\/19\\\/2020\\\/02\\\/rideon_logo-200x78-1.png\",\"width\":200,\"height\":78,\"caption\":\"Alquiler de motos mensual y Renting para Empresas\"},\"image\":{\"@id\":\"https:\\\/\\\/rideon.es\\\/renting-empresas\\\/#\\\/schema\\\/logo\\\/image\\\/\"}},{\"@type\":\"Person\",\"@id\":\"https:\\\/\\\/rideon.es\\\/renting-empresas\\\/#\\\/schema\\\/person\\\/48d6770e55c623d929bd20ce295611a7\",\"name\":\"Ride On\",\"image\":{\"@type\":\"ImageObject\",\"inLanguage\":\"es\",\"@id\":\"https:\\\/\\\/secure.gravatar.com\\\/avatar\\\/785e72183089da6a00243c0f0e2d52db79b9983b602219afb07c868943086138?s=96&d=mm&r=g\",\"url\":\"https:\\\/\\\/secure.gravatar.com\\\/avatar\\\/785e72183089da6a00243c0f0e2d52db79b9983b602219afb07c868943086138?s=96&d=mm&r=g\",\"contentUrl\":\"https:\\\/\\\/secure.gravatar.com\\\/avatar\\\/785e72183089da6a00243c0f0e2d52db79b9983b602219afb07c868943086138?s=96&d=mm&r=g\",\"caption\":\"Ride On\"},\"url\":\"https:\\\/\\\/rideon.es\\\/renting-empresas\\\/author\\\/eduardoyauri\\\/\"}]}<\/script>\n<!-- \/ Yoast SEO Premium plugin. -->","yoast_head_json":{"title":"Campa\u00f1a de multas a motos mal aparcadas en aceras de Barcelona - Alquiler de motos mensual y Renting para Empresas","robots":{"index":"index","follow":"follow","max-snippet":"max-snippet:-1","max-image-preview":"max-image-preview:large","max-video-preview":"max-video-preview:-1"},"canonical":"https:\/\/rideon.es\/renting-empresas\/campana-de-multas-a-motos-mal-aparcadas-en-aceras-de-barcelona\/","og_locale":"es_ES","og_type":"article","og_title":"Campa\u00f1a de multas a motos mal aparcadas en aceras de Barcelona","og_description":"Barcelona es una de las metr\u00f3polis con m\u00e1s motos y veh\u00edculos de dos ruedas en Europa, debido a esto, la ciudad ha implementado medidas para garantizar que sea una zona transitable para el transe\u00fante, asegurando un espacio libre y la movilidad para todo el mundo.","og_url":"https:\/\/rideon.es\/renting-empresas\/campana-de-multas-a-motos-mal-aparcadas-en-aceras-de-barcelona\/","og_site_name":"Alquiler de motos mensual y Renting para Empresas","article_published_time":"2020-02-19T14:30:23+00:00","og_image":[{"width":1920,"height":1280,"url":"https:\/\/rideon.es\/renting-empresas\/wp-content\/uploads\/sites\/19\/2020\/02\/street-1284362_1920.jpg","type":"image\/jpeg"}],"author":"Ride On","twitter_card":"summary_large_image","twitter_misc":{"Escrito por":"Ride On","Tiempo de lectura":"4 minutos"},"schema":{"@context":"https:\/\/schema.org","@graph":[{"@type":"Article","@id":"https:\/\/rideon.es\/renting-empresas\/campana-de-multas-a-motos-mal-aparcadas-en-aceras-de-barcelona\/#article","isPartOf":{"@id":"https:\/\/rideon.es\/renting-empresas\/campana-de-multas-a-motos-mal-aparcadas-en-aceras-de-barcelona\/"},"author":{"name":"Ride On","@id":"https:\/\/rideon.es\/renting-empresas\/#\/schema\/person\/48d6770e55c623d929bd20ce295611a7"},"headline":"Campa\u00f1a de multas a motos mal aparcadas en aceras de Barcelona","datePublished":"2020-02-19T14:30:23+00:00","mainEntityOfPage":{"@id":"https:\/\/rideon.es\/renting-empresas\/campana-de-multas-a-motos-mal-aparcadas-en-aceras-de-barcelona\/"},"wordCount":825,"commentCount":0,"publisher":{"@id":"https:\/\/rideon.es\/renting-empresas\/#organization"},"image":{"@id":"https:\/\/rideon.es\/renting-empresas\/campana-de-multas-a-motos-mal-aparcadas-en-aceras-de-barcelona\/#primaryimage"},"thumbnailUrl":"https:\/\/rideon.es\/renting-empresas\/wp-content\/uploads\/sites\/19\/2020\/02\/street-1284362_1920.jpg","keywords":["Motos Barcelona","multas a motos"],"articleSection":["Barcelona","Blog"],"inLanguage":"es","potentialAction":[{"@type":"CommentAction","name":"Comment","target":["https:\/\/rideon.es\/renting-empresas\/campana-de-multas-a-motos-mal-aparcadas-en-aceras-de-barcelona\/#respond"]}]},{"@type":"WebPage","@id":"https:\/\/rideon.es\/renting-empresas\/campana-de-multas-a-motos-mal-aparcadas-en-aceras-de-barcelona\/","url":"https:\/\/rideon.es\/renting-empresas\/campana-de-multas-a-motos-mal-aparcadas-en-aceras-de-barcelona\/","name":"Campa\u00f1a de multas a motos mal aparcadas en aceras de Barcelona - Alquiler de motos mensual y Renting para Empresas","isPartOf":{"@id":"https:\/\/rideon.es\/renting-empresas\/#website"},"primaryImageOfPage":{"@id":"https:\/\/rideon.es\/renting-empresas\/campana-de-multas-a-motos-mal-aparcadas-en-aceras-de-barcelona\/#primaryimage"},"image":{"@id":"https:\/\/rideon.es\/renting-empresas\/campana-de-multas-a-motos-mal-aparcadas-en-aceras-de-barcelona\/#primaryimage"},"thumbnailUrl":"https:\/\/rideon.es\/renting-empresas\/wp-content\/uploads\/sites\/19\/2020\/02\/street-1284362_1920.jpg","datePublished":"2020-02-19T14:30:23+00:00","inLanguage":"es","potentialAction":[{"@type":"ReadAction","target":["https:\/\/rideon.es\/renting-empresas\/campana-de-multas-a-motos-mal-aparcadas-en-aceras-de-barcelona\/"]}]},{"@type":"ImageObject","inLanguage":"es","@id":"https:\/\/rideon.es\/renting-empresas\/campana-de-multas-a-motos-mal-aparcadas-en-aceras-de-barcelona\/#primaryimage","url":"https:\/\/rideon.es\/renting-empresas\/wp-content\/uploads\/sites\/19\/2020\/02\/street-1284362_1920.jpg","contentUrl":"https:\/\/rideon.es\/renting-empresas\/wp-content\/uploads\/sites\/19\/2020\/02\/street-1284362_1920.jpg","width":1920,"height":1280},{"@type":"WebSite","@id":"https:\/\/rideon.es\/renting-empresas\/#website","url":"https:\/\/rideon.es\/renting-empresas\/","name":"Alquiler de motos mensual y Renting para Empresas","description":"Las motos m\u00e1s c\u00f3modas y seguras para disfrutar de tus vacaciones sobre ruedas. Alquiler de motos en Menorca, Mallorca, Barcelona y Valencia con Rideon.es","publisher":{"@id":"https:\/\/rideon.es\/renting-empresas\/#organization"},"potentialAction":[{"@type":"SearchAction","target":{"@type":"EntryPoint","urlTemplate":"https:\/\/rideon.es\/renting-empresas\/?s={search_term_string}"},"query-input":{"@type":"PropertyValueSpecification","valueRequired":true,"valueName":"search_term_string"}}],"inLanguage":"es"},{"@type":"Organization","@id":"https:\/\/rideon.es\/renting-empresas\/#organization","name":"Alquiler de motos mensual y Renting para Empresas","url":"https:\/\/rideon.es\/renting-empresas\/","logo":{"@type":"ImageObject","inLanguage":"es","@id":"https:\/\/rideon.es\/renting-empresas\/#\/schema\/logo\/image\/","url":"https:\/\/rideon.es\/renting-empresas\/wp-content\/uploads\/sites\/19\/2020\/02\/rideon_logo-200x78-1.png","contentUrl":"https:\/\/rideon.es\/renting-empresas\/wp-content\/uploads\/sites\/19\/2020\/02\/rideon_logo-200x78-1.png","width":200,"height":78,"caption":"Alquiler de motos mensual y Renting para Empresas"},"image":{"@id":"https:\/\/rideon.es\/renting-empresas\/#\/schema\/logo\/image\/"}},{"@type":"Person","@id":"https:\/\/rideon.es\/renting-empresas\/#\/schema\/person\/48d6770e55c623d929bd20ce295611a7","name":"Ride On","image":{"@type":"ImageObject","inLanguage":"es","@id":"https:\/\/secure.gravatar.com\/avatar\/785e72183089da6a00243c0f0e2d52db79b9983b602219afb07c868943086138?s=96&d=mm&r=g","url":"https:\/\/secure.gravatar.com\/avatar\/785e72183089da6a00243c0f0e2d52db79b9983b602219afb07c868943086138?s=96&d=mm&r=g","contentUrl":"https:\/\/secure.gravatar.com\/avatar\/785e72183089da6a00243c0f0e2d52db79b9983b602219afb07c868943086138?s=96&d=mm&r=g","caption":"Ride On"},"url":"https:\/\/rideon.es\/renting-empresas\/author\/eduardoyauri\/"}]}},"_links":{"self":[{"href":"https:\/\/rideon.es\/renting-empresas\/wp-json\/wp\/v2\/posts\/6282","targetHints":{"allow":["GET"]}}],"collection":[{"href":"https:\/\/rideon.es\/renting-empresas\/wp-json\/wp\/v2\/posts"}],"about":[{"href":"https:\/\/rideon.es\/renting-empresas\/wp-json\/wp\/v2\/types\/post"}],"author":[{"embeddable":true,"href":"https:\/\/rideon.es\/renting-empresas\/wp-json\/wp\/v2\/users\/2"}],"replies":[{"embeddable":true,"href":"https:\/\/rideon.es\/renting-empresas\/wp-json\/wp\/v2\/comments?post=6282"}],"version-history":[{"count":0,"href":"https:\/\/rideon.es\/renting-empresas\/wp-json\/wp\/v2\/posts\/6282\/revisions"}],"wp:featuredmedia":[{"embeddable":true,"href":"https:\/\/rideon.es\/renting-empresas\/wp-json\/wp\/v2\/media\/6283"}],"wp:attachment":[{"href":"https:\/\/rideon.es\/renting-empresas\/wp-json\/wp\/v2\/media?parent=6282"}],"wp:term":[{"taxonomy":"category","embeddable":true,"href":"https:\/\/rideon.es\/renting-empresas\/wp-json\/wp\/v2\/categories?post=6282"},{"taxonomy":"post_tag","embeddable":true,"href":"https:\/\/rideon.es\/renting-empresas\/wp-json\/wp\/v2\/tags?post=6282"}],"curies":[{"name":"wp","href":"https:\/\/api.w.org\/{rel}","templated":true}]}}