{"id":6249,"date":"2020-02-17T16:02:44","date_gmt":"2020-02-17T15:02:44","guid":{"rendered":"https:\/\/rideon.es\/?p=6249"},"modified":"2020-02-17T16:02:44","modified_gmt":"2020-02-17T15:02:44","slug":"que-debes-saber-antes-de-alquilar-una-moto","status":"publish","type":"post","link":"https:\/\/rideon.es\/renting-empresas\/que-debes-saber-antes-de-alquilar-una-moto\/","title":{"rendered":"Qu\u00e9 debes saber antes de alquilar una moto"},"content":{"rendered":"<p>\u00bfTienes el coche en el taller y te has quedado sin transporte? \u00bfLlegas de viaje y quieres un medio \u00fatil con el que movilizarte en la ciudad? Si est\u00e1s considerando moverte con el medio de transporte m\u00e1s asequible a todas partes, entonces est\u00e1s pensando que el <a href=\"https:\/\/rideon.es\/es\/menorca\/\">alquiler de motos<\/a> es una gran opci\u00f3n, pero antes de tomar la decisi\u00f3n, ten en cuenta qu\u00e9 debes saber antes de realizarlo.<\/p>\n<p>\u00bfQu\u00e9 debes saber antes de alquilar una moto? En este art\u00edculo hemos compilado informaci\u00f3n importante sobre el tr\u00e1nsito, sobre seguros y sobre lo que debes saber antes de tomar esta decisi\u00f3n, adem\u00e1s, de lo que debes buscar al momento de alquilar.<\/p>\n<p><strong>Alquiler de motos<\/strong><\/p>\n<p>En Espa\u00f1a, manejamos regulaciones de tr\u00e1nsito independientes entre ciudades, por eso, compilamos las normativas generalizadas y te pedimos encarecidamente que nos dejes en los comentarios si deseas conocer m\u00e1s sobre cierta locaci\u00f3n en especial, podr\u00edamos brindarte m\u00e1s informaci\u00f3n de lugares como Menorca y Mallorca, adem\u00e1s de Madrid y Barcelona.<\/p>\n<p><strong>Normativas de tr\u00e1nsito<\/strong><\/p>\n<p>Las motos son las mejores opciones para evitar los atascos y en ciudades como Madrid y Barcelona, son una necesidad para no interrumpir nuestra agenda, sin embargo no todo es t\u00e1cito y hay cosas que deben quedar claras, como por ejemplo:<\/p>\n<p><strong>La velocidad:<\/strong> En Madrid y Barcelona se ha establecido que el m\u00e1ximo es 30 km por hora, para coches y motos, as\u00ed que si quieres evitar multas y restricciones, lo mejor que se puede hacer es adherirse a la norma.<\/p>\n<p><strong>Pegatinas de la DGT:<\/strong> Es importante que verifiques que la moto que vayas a alquilar posea las pegatinas de la DGT en la que se califica con 4 sellos a los autom\u00f3viles y motocicletas de acuerdo a las emisiones contaminantes que sean: Desde B, C, Eco o Cero Emisiones.<\/p>\n<p><strong>Condiciones para parquear:<\/strong> Las motos podr\u00e1n seguir parqueando en las aceras cuando dejan libre un espacio de tres metros, aunque existen excepciones de cero posibilidades en algunos puntos muy concurridos en Madrid y Barcelona.<\/p>\n<p>Cascos e insumos: El uso de cascos es obligatorio en todas las ciudades de Espa\u00f1a para las personas que se movilizan en Motos, eso incluye a Mallorca y Menorca.<\/p>\n<p><strong>Documentaci\u00f3n y respeto por las normas:<\/strong> En las Islas Baleares existen radares de control de velocidad, as\u00ed que para evitar multas y restricciones, recuerda respetar los l\u00edmites m\u00e1ximos de velocidad y siempre tener tu DNI, licencia y cualquier otro documento que consideres importante contigo cuando est\u00e9s haciendo uso de la moto alquilada.<\/p>\n<p>Por muchas variaciones que existan del reglamento de movilidad por ciudad, hay cosas que siempre ser\u00e1n ley y son: Si consumes alcohol, por favor no conduzcas y si deseas recibir una llamada o requieres enviar un mensaje, detente antes de hacerlo mientras conduces.<\/p>\n<p><strong>Ante las empresas<\/strong><\/p>\n<p>Cada empresa maneja sus requerimientos y en Ride On, nos apegamos a la ley para brindarte el mejor servicio. As\u00ed que entre las cosas que debes saber para hacer alquiler de motos se encuentran las siguientes:<\/p>\n<ul>\n<li>Experiencia de al menos un a\u00f1o conduciendo motos<\/li>\n<li>Para conducir cualquier modelo (menos los de 400cc y 700cc) debes ser mayor de 21 a\u00f1os, dato que puedes verificar proporcionando tu DNI.<\/li>\n<li>Para conducir los modelos que van entre los 400cc y 700cc ser mayor de 25 a\u00f1os.<\/li>\n<li>Poseer carnet de conducci\u00f3n original y vigente, pero si es extranjero y posee permisos de conducir fuera de la UE o sin convenio con Espa\u00f1a, es imprescindible mostrar la Licencia de Conducir Internacional original, cada embajada brinda m\u00e1s informaci\u00f3n de c\u00f3mo conseguirlo.<\/li>\n<li>Bono de la reserva (es algo que siempre recomendamos).<\/li>\n<\/ul>\n<p>Lo primero que debes buscar en una empresa es que te brinde un servicio pr\u00e1ctico y r\u00e1pido, adem\u00e1s de brindarte beneficios por alquiler de motos. Por ejemplo, en Ride On incluimos dos cascos (con tallas a elegir y dos gorros higi\u00e9nicos desechables) por cada alquiler que realices, un candado de seguridad y un maletero extra para el segundo casco.<\/p>\n<p>Y en virtud del cumplimiento de la norma, brindamos un seguro de responsabilidad civil obligatorio, cuentas con kil\u00f3metros ilimitados y sistema de combustible lleno-lleno.<\/p>\n<p>La opci\u00f3n del alquiler de motos es la mejor para movilizarte y para evitarte grandes p\u00e9rdidas de tiempo en atascos, es la mejor para conocer y llevar el trayecto a tu ritmo, por lo que si deseas pasar momentos agradables, ten en cuenta todos estos detalles y \u00a1a por ello!.<\/p>\n","protected":false},"excerpt":{"rendered":"<p>\u00bfTienes el coche en el taller y te has quedado sin transporte? \u00bfLlegas de viaje y quieres un medio \u00fatil con el que movilizarte en la ciudad? Si est\u00e1s considerando moverte con el medio de transporte m\u00e1s asequible a todas partes, entonces est\u00e1s pensando que el alquiler de motos es una gran opci\u00f3n, pero antes de tomar la decisi\u00f3n, ten en cuenta qu\u00e9 debes saber antes de realizarlo.<\/p>\n","protected":false},"author":2,"featured_media":5199,"comment_status":"open","ping_status":"open","sticky":false,"template":"","format":"standard","meta":{"inline_featured_image":false,"footnotes":""},"categories":[9,12,11,14],"tags":[72],"class_list":["post-6249","post","type-post","status-publish","format-standard","has-post-thumbnail","hentry","category-barcelona","category-blog","category-mallorca","category-menorca","tag-alquilar-una-moto"],"yoast_head":"<!-- This site is optimized with the Yoast SEO Premium plugin v18.7 (Yoast SEO v27.5) - https:\/\/yoast.com\/product\/yoast-seo-premium-wordpress\/ -->\n<title>Qu\u00e9 debes saber antes de alquilar una moto - Alquiler de motos mensual y Renting para Empresas<\/title>\n<meta name=\"robots\" content=\"index, follow, max-snippet:-1, max-image-preview:large, max-video-preview:-1\" \/>\n<link rel=\"canonical\" href=\"https:\/\/rideon.es\/renting-empresas\/que-debes-saber-antes-de-alquilar-una-moto\/\" \/>\n<meta property=\"og:locale\" content=\"es_ES\" \/>\n<meta property=\"og:type\" content=\"article\" \/>\n<meta property=\"og:title\" content=\"Qu\u00e9 debes saber antes de alquilar una moto\" \/>\n<meta property=\"og:description\" content=\"\u00bfTienes el coche en el taller y te has quedado sin transporte? \u00bfLlegas de viaje y quieres un medio \u00fatil con el que movilizarte en la ciudad? Si est\u00e1s considerando moverte con el medio de transporte m\u00e1s asequible a todas partes, entonces est\u00e1s pensando que el alquiler de motos es una gran opci\u00f3n, pero antes de tomar la decisi\u00f3n, ten en cuenta qu\u00e9 debes saber antes de realizarlo.\" \/>\n<meta property=\"og:url\" content=\"https:\/\/rideon.es\/renting-empresas\/que-debes-saber-antes-de-alquilar-una-moto\/\" \/>\n<meta property=\"og:site_name\" content=\"Alquiler de motos mensual y Renting para Empresas\" \/>\n<meta property=\"article:published_time\" content=\"2020-02-17T15:02:44+00:00\" \/>\n<meta property=\"og:image\" content=\"https:\/\/rideon.es\/renting-empresas\/wp-content\/uploads\/sites\/19\/2018\/06\/ciudad-G310-R-BMW-alquiler-moto-valencia.png\" \/>\n\t<meta property=\"og:image:width\" content=\"1199\" \/>\n\t<meta property=\"og:image:height\" content=\"694\" \/>\n\t<meta property=\"og:image:type\" content=\"image\/png\" \/>\n<meta name=\"author\" content=\"Ride On\" \/>\n<meta name=\"twitter:card\" content=\"summary_large_image\" \/>\n<meta name=\"twitter:label1\" content=\"Escrito por\" \/>\n\t<meta name=\"twitter:data1\" content=\"Ride On\" \/>\n\t<meta name=\"twitter:label2\" content=\"Tiempo de lectura\" \/>\n\t<meta name=\"twitter:data2\" content=\"4 minutos\" \/>\n<script type=\"application\/ld+json\" class=\"yoast-schema-graph\">{\"@context\":\"https:\\\/\\\/schema.org\",\"@graph\":[{\"@type\":\"Article\",\"@id\":\"https:\\\/\\\/rideon.es\\\/renting-empresas\\\/que-debes-saber-antes-de-alquilar-una-moto\\\/#article\",\"isPartOf\":{\"@id\":\"https:\\\/\\\/rideon.es\\\/renting-empresas\\\/que-debes-saber-antes-de-alquilar-una-moto\\\/\"},\"author\":{\"name\":\"Ride On\",\"@id\":\"https:\\\/\\\/rideon.es\\\/renting-empresas\\\/#\\\/schema\\\/person\\\/48d6770e55c623d929bd20ce295611a7\"},\"headline\":\"Qu\u00e9 debes saber antes de alquilar una moto\",\"datePublished\":\"2020-02-17T15:02:44+00:00\",\"mainEntityOfPage\":{\"@id\":\"https:\\\/\\\/rideon.es\\\/renting-empresas\\\/que-debes-saber-antes-de-alquilar-una-moto\\\/\"},\"wordCount\":770,\"commentCount\":0,\"publisher\":{\"@id\":\"https:\\\/\\\/rideon.es\\\/renting-empresas\\\/#organization\"},\"image\":{\"@id\":\"https:\\\/\\\/rideon.es\\\/renting-empresas\\\/que-debes-saber-antes-de-alquilar-una-moto\\\/#primaryimage\"},\"thumbnailUrl\":\"https:\\\/\\\/rideon.es\\\/renting-empresas\\\/wp-content\\\/uploads\\\/sites\\\/19\\\/2018\\\/06\\\/ciudad-G310-R-BMW-alquiler-moto-valencia.png\",\"keywords\":[\"alquilar una moto\"],\"articleSection\":[\"Barcelona\",\"Blog\",\"Mallorca\",\"Menorca\"],\"inLanguage\":\"es\",\"potentialAction\":[{\"@type\":\"CommentAction\",\"name\":\"Comment\",\"target\":[\"https:\\\/\\\/rideon.es\\\/renting-empresas\\\/que-debes-saber-antes-de-alquilar-una-moto\\\/#respond\"]}]},{\"@type\":\"WebPage\",\"@id\":\"https:\\\/\\\/rideon.es\\\/renting-empresas\\\/que-debes-saber-antes-de-alquilar-una-moto\\\/\",\"url\":\"https:\\\/\\\/rideon.es\\\/renting-empresas\\\/que-debes-saber-antes-de-alquilar-una-moto\\\/\",\"name\":\"Qu\u00e9 debes saber antes de alquilar una moto - Alquiler de motos mensual y Renting para Empresas\",\"isPartOf\":{\"@id\":\"https:\\\/\\\/rideon.es\\\/renting-empresas\\\/#website\"},\"primaryImageOfPage\":{\"@id\":\"https:\\\/\\\/rideon.es\\\/renting-empresas\\\/que-debes-saber-antes-de-alquilar-una-moto\\\/#primaryimage\"},\"image\":{\"@id\":\"https:\\\/\\\/rideon.es\\\/renting-empresas\\\/que-debes-saber-antes-de-alquilar-una-moto\\\/#primaryimage\"},\"thumbnailUrl\":\"https:\\\/\\\/rideon.es\\\/renting-empresas\\\/wp-content\\\/uploads\\\/sites\\\/19\\\/2018\\\/06\\\/ciudad-G310-R-BMW-alquiler-moto-valencia.png\",\"datePublished\":\"2020-02-17T15:02:44+00:00\",\"inLanguage\":\"es\",\"potentialAction\":[{\"@type\":\"ReadAction\",\"target\":[\"https:\\\/\\\/rideon.es\\\/renting-empresas\\\/que-debes-saber-antes-de-alquilar-una-moto\\\/\"]}]},{\"@type\":\"ImageObject\",\"inLanguage\":\"es\",\"@id\":\"https:\\\/\\\/rideon.es\\\/renting-empresas\\\/que-debes-saber-antes-de-alquilar-una-moto\\\/#primaryimage\",\"url\":\"https:\\\/\\\/rideon.es\\\/renting-empresas\\\/wp-content\\\/uploads\\\/sites\\\/19\\\/2018\\\/06\\\/ciudad-G310-R-BMW-alquiler-moto-valencia.png\",\"contentUrl\":\"https:\\\/\\\/rideon.es\\\/renting-empresas\\\/wp-content\\\/uploads\\\/sites\\\/19\\\/2018\\\/06\\\/ciudad-G310-R-BMW-alquiler-moto-valencia.png\",\"width\":1199,\"height\":694},{\"@type\":\"WebSite\",\"@id\":\"https:\\\/\\\/rideon.es\\\/renting-empresas\\\/#website\",\"url\":\"https:\\\/\\\/rideon.es\\\/renting-empresas\\\/\",\"name\":\"Alquiler de motos mensual y Renting para Empresas\",\"description\":\"Las motos m\u00e1s c\u00f3modas y seguras para disfrutar de tus vacaciones sobre ruedas. Alquiler de motos en Menorca, Mallorca, Barcelona y Valencia con Rideon.es\",\"publisher\":{\"@id\":\"https:\\\/\\\/rideon.es\\\/renting-empresas\\\/#organization\"},\"potentialAction\":[{\"@type\":\"SearchAction\",\"target\":{\"@type\":\"EntryPoint\",\"urlTemplate\":\"https:\\\/\\\/rideon.es\\\/renting-empresas\\\/?s={search_term_string}\"},\"query-input\":{\"@type\":\"PropertyValueSpecification\",\"valueRequired\":true,\"valueName\":\"search_term_string\"}}],\"inLanguage\":\"es\"},{\"@type\":\"Organization\",\"@id\":\"https:\\\/\\\/rideon.es\\\/renting-empresas\\\/#organization\",\"name\":\"Alquiler de motos mensual y Renting para Empresas\",\"url\":\"https:\\\/\\\/rideon.es\\\/renting-empresas\\\/\",\"logo\":{\"@type\":\"ImageObject\",\"inLanguage\":\"es\",\"@id\":\"https:\\\/\\\/rideon.es\\\/renting-empresas\\\/#\\\/schema\\\/logo\\\/image\\\/\",\"url\":\"https:\\\/\\\/rideon.es\\\/renting-empresas\\\/wp-content\\\/uploads\\\/sites\\\/19\\\/2020\\\/02\\\/rideon_logo-200x78-1.png\",\"contentUrl\":\"https:\\\/\\\/rideon.es\\\/renting-empresas\\\/wp-content\\\/uploads\\\/sites\\\/19\\\/2020\\\/02\\\/rideon_logo-200x78-1.png\",\"width\":200,\"height\":78,\"caption\":\"Alquiler de motos mensual y Renting para Empresas\"},\"image\":{\"@id\":\"https:\\\/\\\/rideon.es\\\/renting-empresas\\\/#\\\/schema\\\/logo\\\/image\\\/\"}},{\"@type\":\"Person\",\"@id\":\"https:\\\/\\\/rideon.es\\\/renting-empresas\\\/#\\\/schema\\\/person\\\/48d6770e55c623d929bd20ce295611a7\",\"name\":\"Ride On\",\"image\":{\"@type\":\"ImageObject\",\"inLanguage\":\"es\",\"@id\":\"https:\\\/\\\/secure.gravatar.com\\\/avatar\\\/785e72183089da6a00243c0f0e2d52db79b9983b602219afb07c868943086138?s=96&d=mm&r=g\",\"url\":\"https:\\\/\\\/secure.gravatar.com\\\/avatar\\\/785e72183089da6a00243c0f0e2d52db79b9983b602219afb07c868943086138?s=96&d=mm&r=g\",\"contentUrl\":\"https:\\\/\\\/secure.gravatar.com\\\/avatar\\\/785e72183089da6a00243c0f0e2d52db79b9983b602219afb07c868943086138?s=96&d=mm&r=g\",\"caption\":\"Ride On\"},\"url\":\"https:\\\/\\\/rideon.es\\\/renting-empresas\\\/author\\\/eduardoyauri\\\/\"}]}<\/script>\n<!-- \/ Yoast SEO Premium plugin. -->","yoast_head_json":{"title":"Qu\u00e9 debes saber antes de alquilar una moto - Alquiler de motos mensual y Renting para Empresas","robots":{"index":"index","follow":"follow","max-snippet":"max-snippet:-1","max-image-preview":"max-image-preview:large","max-video-preview":"max-video-preview:-1"},"canonical":"https:\/\/rideon.es\/renting-empresas\/que-debes-saber-antes-de-alquilar-una-moto\/","og_locale":"es_ES","og_type":"article","og_title":"Qu\u00e9 debes saber antes de alquilar una moto","og_description":"\u00bfTienes el coche en el taller y te has quedado sin transporte? \u00bfLlegas de viaje y quieres un medio \u00fatil con el que movilizarte en la ciudad? Si est\u00e1s considerando moverte con el medio de transporte m\u00e1s asequible a todas partes, entonces est\u00e1s pensando que el alquiler de motos es una gran opci\u00f3n, pero antes de tomar la decisi\u00f3n, ten en cuenta qu\u00e9 debes saber antes de realizarlo.","og_url":"https:\/\/rideon.es\/renting-empresas\/que-debes-saber-antes-de-alquilar-una-moto\/","og_site_name":"Alquiler de motos mensual y Renting para Empresas","article_published_time":"2020-02-17T15:02:44+00:00","og_image":[{"width":1199,"height":694,"url":"https:\/\/rideon.es\/renting-empresas\/wp-content\/uploads\/sites\/19\/2018\/06\/ciudad-G310-R-BMW-alquiler-moto-valencia.png","type":"image\/png"}],"author":"Ride On","twitter_card":"summary_large_image","twitter_misc":{"Escrito por":"Ride On","Tiempo de lectura":"4 minutos"},"schema":{"@context":"https:\/\/schema.org","@graph":[{"@type":"Article","@id":"https:\/\/rideon.es\/renting-empresas\/que-debes-saber-antes-de-alquilar-una-moto\/#article","isPartOf":{"@id":"https:\/\/rideon.es\/renting-empresas\/que-debes-saber-antes-de-alquilar-una-moto\/"},"author":{"name":"Ride On","@id":"https:\/\/rideon.es\/renting-empresas\/#\/schema\/person\/48d6770e55c623d929bd20ce295611a7"},"headline":"Qu\u00e9 debes saber antes de alquilar una moto","datePublished":"2020-02-17T15:02:44+00:00","mainEntityOfPage":{"@id":"https:\/\/rideon.es\/renting-empresas\/que-debes-saber-antes-de-alquilar-una-moto\/"},"wordCount":770,"commentCount":0,"publisher":{"@id":"https:\/\/rideon.es\/renting-empresas\/#organization"},"image":{"@id":"https:\/\/rideon.es\/renting-empresas\/que-debes-saber-antes-de-alquilar-una-moto\/#primaryimage"},"thumbnailUrl":"https:\/\/rideon.es\/renting-empresas\/wp-content\/uploads\/sites\/19\/2018\/06\/ciudad-G310-R-BMW-alquiler-moto-valencia.png","keywords":["alquilar una moto"],"articleSection":["Barcelona","Blog","Mallorca","Menorca"],"inLanguage":"es","potentialAction":[{"@type":"CommentAction","name":"Comment","target":["https:\/\/rideon.es\/renting-empresas\/que-debes-saber-antes-de-alquilar-una-moto\/#respond"]}]},{"@type":"WebPage","@id":"https:\/\/rideon.es\/renting-empresas\/que-debes-saber-antes-de-alquilar-una-moto\/","url":"https:\/\/rideon.es\/renting-empresas\/que-debes-saber-antes-de-alquilar-una-moto\/","name":"Qu\u00e9 debes saber antes de alquilar una moto - Alquiler de motos mensual y Renting para Empresas","isPartOf":{"@id":"https:\/\/rideon.es\/renting-empresas\/#website"},"primaryImageOfPage":{"@id":"https:\/\/rideon.es\/renting-empresas\/que-debes-saber-antes-de-alquilar-una-moto\/#primaryimage"},"image":{"@id":"https:\/\/rideon.es\/renting-empresas\/que-debes-saber-antes-de-alquilar-una-moto\/#primaryimage"},"thumbnailUrl":"https:\/\/rideon.es\/renting-empresas\/wp-content\/uploads\/sites\/19\/2018\/06\/ciudad-G310-R-BMW-alquiler-moto-valencia.png","datePublished":"2020-02-17T15:02:44+00:00","inLanguage":"es","potentialAction":[{"@type":"ReadAction","target":["https:\/\/rideon.es\/renting-empresas\/que-debes-saber-antes-de-alquilar-una-moto\/"]}]},{"@type":"ImageObject","inLanguage":"es","@id":"https:\/\/rideon.es\/renting-empresas\/que-debes-saber-antes-de-alquilar-una-moto\/#primaryimage","url":"https:\/\/rideon.es\/renting-empresas\/wp-content\/uploads\/sites\/19\/2018\/06\/ciudad-G310-R-BMW-alquiler-moto-valencia.png","contentUrl":"https:\/\/rideon.es\/renting-empresas\/wp-content\/uploads\/sites\/19\/2018\/06\/ciudad-G310-R-BMW-alquiler-moto-valencia.png","width":1199,"height":694},{"@type":"WebSite","@id":"https:\/\/rideon.es\/renting-empresas\/#website","url":"https:\/\/rideon.es\/renting-empresas\/","name":"Alquiler de motos mensual y Renting para Empresas","description":"Las motos m\u00e1s c\u00f3modas y seguras para disfrutar de tus vacaciones sobre ruedas. Alquiler de motos en Menorca, Mallorca, Barcelona y Valencia con Rideon.es","publisher":{"@id":"https:\/\/rideon.es\/renting-empresas\/#organization"},"potentialAction":[{"@type":"SearchAction","target":{"@type":"EntryPoint","urlTemplate":"https:\/\/rideon.es\/renting-empresas\/?s={search_term_string}"},"query-input":{"@type":"PropertyValueSpecification","valueRequired":true,"valueName":"search_term_string"}}],"inLanguage":"es"},{"@type":"Organization","@id":"https:\/\/rideon.es\/renting-empresas\/#organization","name":"Alquiler de motos mensual y Renting para Empresas","url":"https:\/\/rideon.es\/renting-empresas\/","logo":{"@type":"ImageObject","inLanguage":"es","@id":"https:\/\/rideon.es\/renting-empresas\/#\/schema\/logo\/image\/","url":"https:\/\/rideon.es\/renting-empresas\/wp-content\/uploads\/sites\/19\/2020\/02\/rideon_logo-200x78-1.png","contentUrl":"https:\/\/rideon.es\/renting-empresas\/wp-content\/uploads\/sites\/19\/2020\/02\/rideon_logo-200x78-1.png","width":200,"height":78,"caption":"Alquiler de motos mensual y Renting para Empresas"},"image":{"@id":"https:\/\/rideon.es\/renting-empresas\/#\/schema\/logo\/image\/"}},{"@type":"Person","@id":"https:\/\/rideon.es\/renting-empresas\/#\/schema\/person\/48d6770e55c623d929bd20ce295611a7","name":"Ride On","image":{"@type":"ImageObject","inLanguage":"es","@id":"https:\/\/secure.gravatar.com\/avatar\/785e72183089da6a00243c0f0e2d52db79b9983b602219afb07c868943086138?s=96&d=mm&r=g","url":"https:\/\/secure.gravatar.com\/avatar\/785e72183089da6a00243c0f0e2d52db79b9983b602219afb07c868943086138?s=96&d=mm&r=g","contentUrl":"https:\/\/secure.gravatar.com\/avatar\/785e72183089da6a00243c0f0e2d52db79b9983b602219afb07c868943086138?s=96&d=mm&r=g","caption":"Ride On"},"url":"https:\/\/rideon.es\/renting-empresas\/author\/eduardoyauri\/"}]}},"_links":{"self":[{"href":"https:\/\/rideon.es\/renting-empresas\/wp-json\/wp\/v2\/posts\/6249","targetHints":{"allow":["GET"]}}],"collection":[{"href":"https:\/\/rideon.es\/renting-empresas\/wp-json\/wp\/v2\/posts"}],"about":[{"href":"https:\/\/rideon.es\/renting-empresas\/wp-json\/wp\/v2\/types\/post"}],"author":[{"embeddable":true,"href":"https:\/\/rideon.es\/renting-empresas\/wp-json\/wp\/v2\/users\/2"}],"replies":[{"embeddable":true,"href":"https:\/\/rideon.es\/renting-empresas\/wp-json\/wp\/v2\/comments?post=6249"}],"version-history":[{"count":0,"href":"https:\/\/rideon.es\/renting-empresas\/wp-json\/wp\/v2\/posts\/6249\/revisions"}],"wp:featuredmedia":[{"embeddable":true,"href":"https:\/\/rideon.es\/renting-empresas\/wp-json\/wp\/v2\/media\/5199"}],"wp:attachment":[{"href":"https:\/\/rideon.es\/renting-empresas\/wp-json\/wp\/v2\/media?parent=6249"}],"wp:term":[{"taxonomy":"category","embeddable":true,"href":"https:\/\/rideon.es\/renting-empresas\/wp-json\/wp\/v2\/categories?post=6249"},{"taxonomy":"post_tag","embeddable":true,"href":"https:\/\/rideon.es\/renting-empresas\/wp-json\/wp\/v2\/tags?post=6249"}],"curies":[{"name":"wp","href":"https:\/\/api.w.org\/{rel}","templated":true}]}}