{"id":6162,"date":"2020-02-12T13:50:38","date_gmt":"2020-02-12T12:50:38","guid":{"rendered":"https:\/\/rideon.es\/?p=6162"},"modified":"2020-02-12T13:50:38","modified_gmt":"2020-02-12T12:50:38","slug":"como-afectan-los-gases-de-los-combustibles-y-como-ayudan-las-motos-electricas","status":"publish","type":"post","link":"https:\/\/rideon.es\/renting-empresas\/como-afectan-los-gases-de-los-combustibles-y-como-ayudan-las-motos-electricas\/","title":{"rendered":"C\u00f3mo afectan los gases de los combustibles y c\u00f3mo ayudan las motos el\u00e9ctricas"},"content":{"rendered":"<p>Incre\u00edblemente, a\u00fan existen muchas personas que dudan de las afectaciones que generan al medio ambiente los gases de los combustibles y dudan de c\u00f3mo el uso de movilidad sostenible, como las <strong>motos el\u00e9ctricas<\/strong>, pueden ser el alivio que esperaba el ambiente desde hace d\u00e9cadas. Sigue leyendo para conocer esto y mucho m\u00e1s.<\/p>\n<p><strong>Gases de los combustibles en la atm\u00f3sfera<\/strong><\/p>\n<p>La emisi\u00f3n de los gases de los combustibles tiene efectos dram\u00e1ticos en el medio ambiente y en la salud del ser humano.<\/p>\n<p>No solo causan el cambio clim\u00e1tico al atrapar el calor sino que tambi\u00e9n contribuyen a las enfermedades respiratorias originadas por el smog y la contaminaci\u00f3n del aire.<\/p>\n<p>Adem\u00e1s, esta violenta modificaci\u00f3n de nuestra atm\u00f3sfera por parte de los gases de los combustibles genera un clima extremo, creando interrupciones en el suministro de alimentos y aumentando los incendios forestales imposibles de apagar hoy en d\u00eda, y con consecuencias nefastas a nuestro eco-diversidad.<\/p>\n<p>Estamos viendo como los patrones clim\u00e1ticos a los que est\u00e1bamos acostumbrado por las 4 estaciones conocidas e incluso, en pa\u00edses que no manejan estaciones sino condiciones constantes, est\u00e1n cambiando, haciendo que muchas especies desaparezcas (por no poder soportar el cambio) y otras, migren a otras latitudes.<\/p>\n<p>Los gases de los combustibles y nuestro rol como agentes emisores activos de los mismos est\u00e1 sin duda creando una cat\u00e1strofe a gran escala, si no hacemos nada para impedirlo.<\/p>\n<p><strong>C\u00f3mo ayudar m\u00e1s all\u00e1 del reciclaje<\/strong><\/p>\n<p>Si tienes un medio de transporte que emite gases de combustibles, la mejor forma de ayudar m\u00e1s all\u00e1 del reciclaje que haces en tu hogar es reducir su uso hasta poder hacer el cambio a movilidades menos impactantes.<\/p>\n<p>Una de ellas es el uso de motos el\u00e9ctricas y c\u00f3mo su funcionamiento a base de Cero emisiones puede ser lo que te permita continuar tu ritmo de vida sin afectar en peque\u00f1a o gran medida al medio ambiente.<\/p>\n<p><strong>Motos el\u00e9ctricas ante el\u00a0<\/strong><b>medio ambiente<\/b><\/p>\n<p>Por su nula emisi\u00f3n de gases, es sin duda la mejor opci\u00f3n para el ambiente y pese a que hay fabricantes que brindan buenos modelos a elevados precios, existen formas econ\u00f3micas de utilizarlas y con muchos beneficios.<\/p>\n<p>Pero antes de comentar c\u00f3mo el <a href=\"https:\/\/rideon.es\/\">alquiler de motos<\/a> en Mallorca puede ser una gran opci\u00f3n para ti y tu bolsillo, comentamos c\u00f3mo es el rol de una moto el\u00e9ctrica ante un medio ambiente en sufrimiento.<\/p>\n<p><strong>Sin emisiones de gases de los combustibles<\/strong><\/p>\n<p>Es la primera de las muchas ventajas que posee en el medio ambiente, la capacidad de no emitir ning\u00fan tipo de gas.<\/p>\n<p>Y es que no hay manera, con un sistema de bater\u00eda recargable, reduce a cero la expulsi\u00f3n de gases y de hecho, se vuelve en una gran opci\u00f3n de renovaci\u00f3n al usar bater\u00edas e iones de litio que, al momento de su desecho (muchos a\u00f1os despu\u00e9s de su uso) pueden renovarse sin consecuencias negativas ante el ecosistema.<\/p>\n<p><strong>Ventajas en dise\u00f1os y tecnolog\u00eda<\/strong><\/p>\n<p>Hay algunas ventajas claras en el uso de electricidad como medio renovable:<\/p>\n<ol>\n<li>No es necesario visitar la estaci\u00f3n de servicio,<\/li>\n<li>No hay uso de aceite (lo cual era un gasto constante),<\/li>\n<li>No hay gases de combustibles y muchos m\u00e1s.<\/li>\n<\/ol>\n<p>Por ejemplos, las motos el\u00e9ctricas gozan de dise\u00f1os de vanguardia que va de la mano con una filosof\u00eda de simplicidad elegante que mantiene bajo el peso de la motocicleta, y esto no es casualidad.<\/p>\n<p>Es que gracias a que pr\u00e1cticamente se elimina todo el mantenimiento de rutina del tren motriz, el peso de motores o espacios para aceite y combustible alivianan los modelos de motos el\u00e9ctricas en el mercado.<\/p>\n<p>Y su bater\u00eda no interrumpe la aceleraci\u00f3n sigilosa que brinda, permitiendo un viaje ecol\u00f3gico, emocionante y una experiencia de propiedad que aprecia milla tras milla recorrida.<\/p>\n<p>Tenemos la opci\u00f3n de <strong>alquiler de motos en Mallorca<\/strong> que te brindar\u00e1n la seguridad que necesitas, obtendr\u00e1s la facilidad de contrataci\u00f3n sin pagar nada m\u00e1s que el uso de la misma, evitar\u00e1s los papeleos e impuestos fiscales y gozar\u00e1s de una consciencia limpia de que est\u00e1s haciendo algo por el medioambiente.<\/p>\n<p>Si est\u00e1s interesado en conocer precios o recibir paquetes especiales, no dudes en comunicarte con nosotros, tenemos un personal dispuesto para atender todas tus preguntas sobre motos el\u00e9ctricas y c\u00f3mo realizar el <a href=\"https:\/\/rideon.es\/es\/mallorca\/\">alquiler de motos en Mallorca<\/a>.<\/p>\n","protected":false},"excerpt":{"rendered":"<p>Incre\u00edblemente, a\u00fan existen muchas personas que dudan de las afectaciones que generan al medio ambiente los gases de los combustibles y dudan de c\u00f3mo el uso de movilidad sostenible, como las motos el\u00e9ctricas, pueden ser el alivio que esperaba el ambiente desde hace d\u00e9cadas. Sigue leyendo para conocer esto y mucho m\u00e1s.<\/p>\n","protected":false},"author":2,"featured_media":6165,"comment_status":"open","ping_status":"open","sticky":false,"template":"","format":"standard","meta":{"inline_featured_image":false,"footnotes":""},"categories":[12,70],"tags":[66],"class_list":["post-6162","post","type-post","status-publish","format-standard","has-post-thumbnail","hentry","category-blog","category-motos-electricas","tag-motos-electricas"],"yoast_head":"<!-- This site is optimized with the Yoast SEO Premium plugin v18.7 (Yoast SEO v27.5) - https:\/\/yoast.com\/product\/yoast-seo-premium-wordpress\/ -->\n<title>C\u00f3mo afectan los gases de los combustibles y c\u00f3mo ayudan las motos el\u00e9ctricas - Alquiler de motos mensual y Renting para Empresas<\/title>\n<meta name=\"robots\" content=\"index, follow, max-snippet:-1, max-image-preview:large, max-video-preview:-1\" \/>\n<link rel=\"canonical\" href=\"https:\/\/rideon.es\/renting-empresas\/como-afectan-los-gases-de-los-combustibles-y-como-ayudan-las-motos-electricas\/\" \/>\n<meta property=\"og:locale\" content=\"es_ES\" \/>\n<meta property=\"og:type\" content=\"article\" \/>\n<meta property=\"og:title\" content=\"C\u00f3mo afectan los gases de los combustibles y c\u00f3mo ayudan las motos el\u00e9ctricas\" \/>\n<meta property=\"og:description\" content=\"Incre\u00edblemente, a\u00fan existen muchas personas que dudan de las afectaciones que generan al medio ambiente los gases de los combustibles y dudan de c\u00f3mo el uso de movilidad sostenible, como las motos el\u00e9ctricas, pueden ser el alivio que esperaba el ambiente desde hace d\u00e9cadas. Sigue leyendo para conocer esto y mucho m\u00e1s.\" \/>\n<meta property=\"og:url\" content=\"https:\/\/rideon.es\/renting-empresas\/como-afectan-los-gases-de-los-combustibles-y-como-ayudan-las-motos-electricas\/\" \/>\n<meta property=\"og:site_name\" content=\"Alquiler de motos mensual y Renting para Empresas\" \/>\n<meta property=\"article:published_time\" content=\"2020-02-12T12:50:38+00:00\" \/>\n<meta property=\"og:image\" content=\"https:\/\/rideon.es\/renting-empresas\/wp-content\/uploads\/sites\/19\/2020\/02\/co2-4767388_1920.jpg\" \/>\n\t<meta property=\"og:image:width\" content=\"1920\" \/>\n\t<meta property=\"og:image:height\" content=\"828\" \/>\n\t<meta property=\"og:image:type\" content=\"image\/jpeg\" \/>\n<meta name=\"author\" content=\"Ride On\" \/>\n<meta name=\"twitter:card\" content=\"summary_large_image\" \/>\n<meta name=\"twitter:label1\" content=\"Escrito por\" \/>\n\t<meta name=\"twitter:data1\" content=\"Ride On\" \/>\n\t<meta name=\"twitter:label2\" content=\"Tiempo de lectura\" \/>\n\t<meta name=\"twitter:data2\" content=\"4 minutos\" \/>\n<script type=\"application\/ld+json\" class=\"yoast-schema-graph\">{\"@context\":\"https:\\\/\\\/schema.org\",\"@graph\":[{\"@type\":\"Article\",\"@id\":\"https:\\\/\\\/rideon.es\\\/renting-empresas\\\/como-afectan-los-gases-de-los-combustibles-y-como-ayudan-las-motos-electricas\\\/#article\",\"isPartOf\":{\"@id\":\"https:\\\/\\\/rideon.es\\\/renting-empresas\\\/como-afectan-los-gases-de-los-combustibles-y-como-ayudan-las-motos-electricas\\\/\"},\"author\":{\"name\":\"Ride On\",\"@id\":\"https:\\\/\\\/rideon.es\\\/renting-empresas\\\/#\\\/schema\\\/person\\\/48d6770e55c623d929bd20ce295611a7\"},\"headline\":\"C\u00f3mo afectan los gases de los combustibles y c\u00f3mo ayudan las motos el\u00e9ctricas\",\"datePublished\":\"2020-02-12T12:50:38+00:00\",\"mainEntityOfPage\":{\"@id\":\"https:\\\/\\\/rideon.es\\\/renting-empresas\\\/como-afectan-los-gases-de-los-combustibles-y-como-ayudan-las-motos-electricas\\\/\"},\"wordCount\":784,\"commentCount\":0,\"publisher\":{\"@id\":\"https:\\\/\\\/rideon.es\\\/renting-empresas\\\/#organization\"},\"image\":{\"@id\":\"https:\\\/\\\/rideon.es\\\/renting-empresas\\\/como-afectan-los-gases-de-los-combustibles-y-como-ayudan-las-motos-electricas\\\/#primaryimage\"},\"thumbnailUrl\":\"https:\\\/\\\/rideon.es\\\/renting-empresas\\\/wp-content\\\/uploads\\\/sites\\\/19\\\/2020\\\/02\\\/co2-4767388_1920.jpg\",\"keywords\":[\"motos electricas\"],\"articleSection\":[\"Blog\",\"Motos el\u00e9ctricas\"],\"inLanguage\":\"es\",\"potentialAction\":[{\"@type\":\"CommentAction\",\"name\":\"Comment\",\"target\":[\"https:\\\/\\\/rideon.es\\\/renting-empresas\\\/como-afectan-los-gases-de-los-combustibles-y-como-ayudan-las-motos-electricas\\\/#respond\"]}]},{\"@type\":\"WebPage\",\"@id\":\"https:\\\/\\\/rideon.es\\\/renting-empresas\\\/como-afectan-los-gases-de-los-combustibles-y-como-ayudan-las-motos-electricas\\\/\",\"url\":\"https:\\\/\\\/rideon.es\\\/renting-empresas\\\/como-afectan-los-gases-de-los-combustibles-y-como-ayudan-las-motos-electricas\\\/\",\"name\":\"C\u00f3mo afectan los gases de los combustibles y c\u00f3mo ayudan las motos el\u00e9ctricas - Alquiler de motos mensual y Renting para Empresas\",\"isPartOf\":{\"@id\":\"https:\\\/\\\/rideon.es\\\/renting-empresas\\\/#website\"},\"primaryImageOfPage\":{\"@id\":\"https:\\\/\\\/rideon.es\\\/renting-empresas\\\/como-afectan-los-gases-de-los-combustibles-y-como-ayudan-las-motos-electricas\\\/#primaryimage\"},\"image\":{\"@id\":\"https:\\\/\\\/rideon.es\\\/renting-empresas\\\/como-afectan-los-gases-de-los-combustibles-y-como-ayudan-las-motos-electricas\\\/#primaryimage\"},\"thumbnailUrl\":\"https:\\\/\\\/rideon.es\\\/renting-empresas\\\/wp-content\\\/uploads\\\/sites\\\/19\\\/2020\\\/02\\\/co2-4767388_1920.jpg\",\"datePublished\":\"2020-02-12T12:50:38+00:00\",\"inLanguage\":\"es\",\"potentialAction\":[{\"@type\":\"ReadAction\",\"target\":[\"https:\\\/\\\/rideon.es\\\/renting-empresas\\\/como-afectan-los-gases-de-los-combustibles-y-como-ayudan-las-motos-electricas\\\/\"]}]},{\"@type\":\"ImageObject\",\"inLanguage\":\"es\",\"@id\":\"https:\\\/\\\/rideon.es\\\/renting-empresas\\\/como-afectan-los-gases-de-los-combustibles-y-como-ayudan-las-motos-electricas\\\/#primaryimage\",\"url\":\"https:\\\/\\\/rideon.es\\\/renting-empresas\\\/wp-content\\\/uploads\\\/sites\\\/19\\\/2020\\\/02\\\/co2-4767388_1920.jpg\",\"contentUrl\":\"https:\\\/\\\/rideon.es\\\/renting-empresas\\\/wp-content\\\/uploads\\\/sites\\\/19\\\/2020\\\/02\\\/co2-4767388_1920.jpg\",\"width\":1920,\"height\":828},{\"@type\":\"WebSite\",\"@id\":\"https:\\\/\\\/rideon.es\\\/renting-empresas\\\/#website\",\"url\":\"https:\\\/\\\/rideon.es\\\/renting-empresas\\\/\",\"name\":\"Alquiler de motos mensual y Renting para Empresas\",\"description\":\"Las motos m\u00e1s c\u00f3modas y seguras para disfrutar de tus vacaciones sobre ruedas. Alquiler de motos en Menorca, Mallorca, Barcelona y Valencia con Rideon.es\",\"publisher\":{\"@id\":\"https:\\\/\\\/rideon.es\\\/renting-empresas\\\/#organization\"},\"potentialAction\":[{\"@type\":\"SearchAction\",\"target\":{\"@type\":\"EntryPoint\",\"urlTemplate\":\"https:\\\/\\\/rideon.es\\\/renting-empresas\\\/?s={search_term_string}\"},\"query-input\":{\"@type\":\"PropertyValueSpecification\",\"valueRequired\":true,\"valueName\":\"search_term_string\"}}],\"inLanguage\":\"es\"},{\"@type\":\"Organization\",\"@id\":\"https:\\\/\\\/rideon.es\\\/renting-empresas\\\/#organization\",\"name\":\"Alquiler de motos mensual y Renting para Empresas\",\"url\":\"https:\\\/\\\/rideon.es\\\/renting-empresas\\\/\",\"logo\":{\"@type\":\"ImageObject\",\"inLanguage\":\"es\",\"@id\":\"https:\\\/\\\/rideon.es\\\/renting-empresas\\\/#\\\/schema\\\/logo\\\/image\\\/\",\"url\":\"https:\\\/\\\/rideon.es\\\/renting-empresas\\\/wp-content\\\/uploads\\\/sites\\\/19\\\/2020\\\/02\\\/rideon_logo-200x78-1.png\",\"contentUrl\":\"https:\\\/\\\/rideon.es\\\/renting-empresas\\\/wp-content\\\/uploads\\\/sites\\\/19\\\/2020\\\/02\\\/rideon_logo-200x78-1.png\",\"width\":200,\"height\":78,\"caption\":\"Alquiler de motos mensual y Renting para Empresas\"},\"image\":{\"@id\":\"https:\\\/\\\/rideon.es\\\/renting-empresas\\\/#\\\/schema\\\/logo\\\/image\\\/\"}},{\"@type\":\"Person\",\"@id\":\"https:\\\/\\\/rideon.es\\\/renting-empresas\\\/#\\\/schema\\\/person\\\/48d6770e55c623d929bd20ce295611a7\",\"name\":\"Ride On\",\"image\":{\"@type\":\"ImageObject\",\"inLanguage\":\"es\",\"@id\":\"https:\\\/\\\/secure.gravatar.com\\\/avatar\\\/785e72183089da6a00243c0f0e2d52db79b9983b602219afb07c868943086138?s=96&d=mm&r=g\",\"url\":\"https:\\\/\\\/secure.gravatar.com\\\/avatar\\\/785e72183089da6a00243c0f0e2d52db79b9983b602219afb07c868943086138?s=96&d=mm&r=g\",\"contentUrl\":\"https:\\\/\\\/secure.gravatar.com\\\/avatar\\\/785e72183089da6a00243c0f0e2d52db79b9983b602219afb07c868943086138?s=96&d=mm&r=g\",\"caption\":\"Ride On\"},\"url\":\"https:\\\/\\\/rideon.es\\\/renting-empresas\\\/author\\\/eduardoyauri\\\/\"}]}<\/script>\n<!-- \/ Yoast SEO Premium plugin. -->","yoast_head_json":{"title":"C\u00f3mo afectan los gases de los combustibles y c\u00f3mo ayudan las motos el\u00e9ctricas - Alquiler de motos mensual y Renting para Empresas","robots":{"index":"index","follow":"follow","max-snippet":"max-snippet:-1","max-image-preview":"max-image-preview:large","max-video-preview":"max-video-preview:-1"},"canonical":"https:\/\/rideon.es\/renting-empresas\/como-afectan-los-gases-de-los-combustibles-y-como-ayudan-las-motos-electricas\/","og_locale":"es_ES","og_type":"article","og_title":"C\u00f3mo afectan los gases de los combustibles y c\u00f3mo ayudan las motos el\u00e9ctricas","og_description":"Incre\u00edblemente, a\u00fan existen muchas personas que dudan de las afectaciones que generan al medio ambiente los gases de los combustibles y dudan de c\u00f3mo el uso de movilidad sostenible, como las motos el\u00e9ctricas, pueden ser el alivio que esperaba el ambiente desde hace d\u00e9cadas. Sigue leyendo para conocer esto y mucho m\u00e1s.","og_url":"https:\/\/rideon.es\/renting-empresas\/como-afectan-los-gases-de-los-combustibles-y-como-ayudan-las-motos-electricas\/","og_site_name":"Alquiler de motos mensual y Renting para Empresas","article_published_time":"2020-02-12T12:50:38+00:00","og_image":[{"width":1920,"height":828,"url":"https:\/\/rideon.es\/renting-empresas\/wp-content\/uploads\/sites\/19\/2020\/02\/co2-4767388_1920.jpg","type":"image\/jpeg"}],"author":"Ride On","twitter_card":"summary_large_image","twitter_misc":{"Escrito por":"Ride On","Tiempo de lectura":"4 minutos"},"schema":{"@context":"https:\/\/schema.org","@graph":[{"@type":"Article","@id":"https:\/\/rideon.es\/renting-empresas\/como-afectan-los-gases-de-los-combustibles-y-como-ayudan-las-motos-electricas\/#article","isPartOf":{"@id":"https:\/\/rideon.es\/renting-empresas\/como-afectan-los-gases-de-los-combustibles-y-como-ayudan-las-motos-electricas\/"},"author":{"name":"Ride On","@id":"https:\/\/rideon.es\/renting-empresas\/#\/schema\/person\/48d6770e55c623d929bd20ce295611a7"},"headline":"C\u00f3mo afectan los gases de los combustibles y c\u00f3mo ayudan las motos el\u00e9ctricas","datePublished":"2020-02-12T12:50:38+00:00","mainEntityOfPage":{"@id":"https:\/\/rideon.es\/renting-empresas\/como-afectan-los-gases-de-los-combustibles-y-como-ayudan-las-motos-electricas\/"},"wordCount":784,"commentCount":0,"publisher":{"@id":"https:\/\/rideon.es\/renting-empresas\/#organization"},"image":{"@id":"https:\/\/rideon.es\/renting-empresas\/como-afectan-los-gases-de-los-combustibles-y-como-ayudan-las-motos-electricas\/#primaryimage"},"thumbnailUrl":"https:\/\/rideon.es\/renting-empresas\/wp-content\/uploads\/sites\/19\/2020\/02\/co2-4767388_1920.jpg","keywords":["motos electricas"],"articleSection":["Blog","Motos el\u00e9ctricas"],"inLanguage":"es","potentialAction":[{"@type":"CommentAction","name":"Comment","target":["https:\/\/rideon.es\/renting-empresas\/como-afectan-los-gases-de-los-combustibles-y-como-ayudan-las-motos-electricas\/#respond"]}]},{"@type":"WebPage","@id":"https:\/\/rideon.es\/renting-empresas\/como-afectan-los-gases-de-los-combustibles-y-como-ayudan-las-motos-electricas\/","url":"https:\/\/rideon.es\/renting-empresas\/como-afectan-los-gases-de-los-combustibles-y-como-ayudan-las-motos-electricas\/","name":"C\u00f3mo afectan los gases de los combustibles y c\u00f3mo ayudan las motos el\u00e9ctricas - Alquiler de motos mensual y Renting para Empresas","isPartOf":{"@id":"https:\/\/rideon.es\/renting-empresas\/#website"},"primaryImageOfPage":{"@id":"https:\/\/rideon.es\/renting-empresas\/como-afectan-los-gases-de-los-combustibles-y-como-ayudan-las-motos-electricas\/#primaryimage"},"image":{"@id":"https:\/\/rideon.es\/renting-empresas\/como-afectan-los-gases-de-los-combustibles-y-como-ayudan-las-motos-electricas\/#primaryimage"},"thumbnailUrl":"https:\/\/rideon.es\/renting-empresas\/wp-content\/uploads\/sites\/19\/2020\/02\/co2-4767388_1920.jpg","datePublished":"2020-02-12T12:50:38+00:00","inLanguage":"es","potentialAction":[{"@type":"ReadAction","target":["https:\/\/rideon.es\/renting-empresas\/como-afectan-los-gases-de-los-combustibles-y-como-ayudan-las-motos-electricas\/"]}]},{"@type":"ImageObject","inLanguage":"es","@id":"https:\/\/rideon.es\/renting-empresas\/como-afectan-los-gases-de-los-combustibles-y-como-ayudan-las-motos-electricas\/#primaryimage","url":"https:\/\/rideon.es\/renting-empresas\/wp-content\/uploads\/sites\/19\/2020\/02\/co2-4767388_1920.jpg","contentUrl":"https:\/\/rideon.es\/renting-empresas\/wp-content\/uploads\/sites\/19\/2020\/02\/co2-4767388_1920.jpg","width":1920,"height":828},{"@type":"WebSite","@id":"https:\/\/rideon.es\/renting-empresas\/#website","url":"https:\/\/rideon.es\/renting-empresas\/","name":"Alquiler de motos mensual y Renting para Empresas","description":"Las motos m\u00e1s c\u00f3modas y seguras para disfrutar de tus vacaciones sobre ruedas. Alquiler de motos en Menorca, Mallorca, Barcelona y Valencia con Rideon.es","publisher":{"@id":"https:\/\/rideon.es\/renting-empresas\/#organization"},"potentialAction":[{"@type":"SearchAction","target":{"@type":"EntryPoint","urlTemplate":"https:\/\/rideon.es\/renting-empresas\/?s={search_term_string}"},"query-input":{"@type":"PropertyValueSpecification","valueRequired":true,"valueName":"search_term_string"}}],"inLanguage":"es"},{"@type":"Organization","@id":"https:\/\/rideon.es\/renting-empresas\/#organization","name":"Alquiler de motos mensual y Renting para Empresas","url":"https:\/\/rideon.es\/renting-empresas\/","logo":{"@type":"ImageObject","inLanguage":"es","@id":"https:\/\/rideon.es\/renting-empresas\/#\/schema\/logo\/image\/","url":"https:\/\/rideon.es\/renting-empresas\/wp-content\/uploads\/sites\/19\/2020\/02\/rideon_logo-200x78-1.png","contentUrl":"https:\/\/rideon.es\/renting-empresas\/wp-content\/uploads\/sites\/19\/2020\/02\/rideon_logo-200x78-1.png","width":200,"height":78,"caption":"Alquiler de motos mensual y Renting para Empresas"},"image":{"@id":"https:\/\/rideon.es\/renting-empresas\/#\/schema\/logo\/image\/"}},{"@type":"Person","@id":"https:\/\/rideon.es\/renting-empresas\/#\/schema\/person\/48d6770e55c623d929bd20ce295611a7","name":"Ride On","image":{"@type":"ImageObject","inLanguage":"es","@id":"https:\/\/secure.gravatar.com\/avatar\/785e72183089da6a00243c0f0e2d52db79b9983b602219afb07c868943086138?s=96&d=mm&r=g","url":"https:\/\/secure.gravatar.com\/avatar\/785e72183089da6a00243c0f0e2d52db79b9983b602219afb07c868943086138?s=96&d=mm&r=g","contentUrl":"https:\/\/secure.gravatar.com\/avatar\/785e72183089da6a00243c0f0e2d52db79b9983b602219afb07c868943086138?s=96&d=mm&r=g","caption":"Ride On"},"url":"https:\/\/rideon.es\/renting-empresas\/author\/eduardoyauri\/"}]}},"_links":{"self":[{"href":"https:\/\/rideon.es\/renting-empresas\/wp-json\/wp\/v2\/posts\/6162","targetHints":{"allow":["GET"]}}],"collection":[{"href":"https:\/\/rideon.es\/renting-empresas\/wp-json\/wp\/v2\/posts"}],"about":[{"href":"https:\/\/rideon.es\/renting-empresas\/wp-json\/wp\/v2\/types\/post"}],"author":[{"embeddable":true,"href":"https:\/\/rideon.es\/renting-empresas\/wp-json\/wp\/v2\/users\/2"}],"replies":[{"embeddable":true,"href":"https:\/\/rideon.es\/renting-empresas\/wp-json\/wp\/v2\/comments?post=6162"}],"version-history":[{"count":0,"href":"https:\/\/rideon.es\/renting-empresas\/wp-json\/wp\/v2\/posts\/6162\/revisions"}],"wp:featuredmedia":[{"embeddable":true,"href":"https:\/\/rideon.es\/renting-empresas\/wp-json\/wp\/v2\/media\/6165"}],"wp:attachment":[{"href":"https:\/\/rideon.es\/renting-empresas\/wp-json\/wp\/v2\/media?parent=6162"}],"wp:term":[{"taxonomy":"category","embeddable":true,"href":"https:\/\/rideon.es\/renting-empresas\/wp-json\/wp\/v2\/categories?post=6162"},{"taxonomy":"post_tag","embeddable":true,"href":"https:\/\/rideon.es\/renting-empresas\/wp-json\/wp\/v2\/tags?post=6162"}],"curies":[{"name":"wp","href":"https:\/\/api.w.org\/{rel}","templated":true}]}}