{"id":6126,"date":"2020-02-10T15:46:11","date_gmt":"2020-02-10T14:46:11","guid":{"rendered":"https:\/\/rideon.es\/?p=6126"},"modified":"2020-02-10T15:46:11","modified_gmt":"2020-02-10T14:46:11","slug":"como-cuidar-el-medio-ambiente-con-el-uso-de-motos-electricas","status":"publish","type":"post","link":"https:\/\/rideon.es\/renting-empresas\/como-cuidar-el-medio-ambiente-con-el-uso-de-motos-electricas\/","title":{"rendered":"C\u00f3mo cuidar el medio ambiente con el uso de Motos el\u00e9ctricas"},"content":{"rendered":"<p>El calentamiento global es un problema serio que ya est\u00e1 afectando nuestro d\u00eda a d\u00eda, por ello, localidades europeas ya desarrollan programas preventivos y neutralizadores de tales efectos, sigue leyendo y conoce c\u00f3mo podemos cuidar el medio ambiente con el uso de motos el\u00e9ctricas y c\u00f3mo podemos realizar el alquiler de este tipo de motos en Barcelona.<\/p>\n<p><strong>Motos el\u00e9ctricas y cuidar medio ambiente<\/strong><\/p>\n<p>La quema de combustibles f\u00f3siles (gasolina y derivados) juega un papel importante en causar problemas ambientales en el planeta, problemas que ir\u00e1n siendo cada vez m\u00e1s relevante si no existen medidas en las localidades para reducir el uso de combustibles como el gas y el carb\u00f3n.<\/p>\n<p>Desde enero de 2020, Barcelona posee un programa estricto para reducir cada vez m\u00e1s esas emisiones que producen los veh\u00edculos a base de gasolina y carb\u00f3n. Por eso, la limitaci\u00f3n de la movilidad se ha incrementado sin saber que existe una soluci\u00f3n.<\/p>\n<p>As\u00ed como los autos y las bicicletas el\u00e9ctricas, las motos el\u00e9ctricas son una gran opci\u00f3n para transformar nuestra movilidad y para no limitarnos por los intensos horarios de restricci\u00f3n vehicular durante d\u00edas laborales en la ciudad.<\/p>\n<p>De hecho, en Barcelona est\u00e1 la opci\u00f3n del alquiler de motos el\u00e9ctricas, en las que no tienes que pedalear para generar una velocidad sino que desde el momento de encendido, ya puedes tener un arranque s\u00f3lido y seguro, sin esfuerzo m\u00e1s all\u00e1 de encender la moto.<\/p>\n<p><strong>Cero emisiones de CO2<\/strong><\/p>\n<p>Las motos el\u00e9ctricas funcionan de manera diferente a otros tipos de transporte motorizados.<\/p>\n<p>Por ejemplo, donde los autom\u00f3viles, camiones y motocicletas generalmente funcionan con gasolina y di\u00e9sel que liberan emisiones de carbono a la atm\u00f3sfera, las motos el\u00e9ctricas no lo hacen.<\/p>\n<p>En cambio, vas a escuchar en otros pa\u00edses donde ya son muy populares que son un veh\u00edculo \u201ccero emisiones\u201d y que adem\u00e1s, es capaz de funcionar con energ\u00eda limpia.<\/p>\n<p><strong>Se previene la contaminaci\u00f3n del aire<\/strong><\/p>\n<p>Respirar un aire limpio es un lujo en estos d\u00edas, las emisiones de CO2 son capaces de modificar nuestro aire, contamin\u00e1ndolo y causando serios problemas respiratorios en peque\u00f1os y adultos.<\/p>\n<p>Evitar la creaci\u00f3n de smog, debe ser tu raz\u00f3n primordial para usar motos el\u00e9ctricas, en especial cuando se vive en zonas urbanas como Barcelona, que posee un intenso ritmo de vida.<\/p>\n<p>Las motos el\u00e9ctricas, por su naturaleza, no emiten contaminaci\u00f3n alguna y por ello, previenen de forma directa la contaminaci\u00f3n del aire, desde cada proceso de su uso.<\/p>\n<p><strong>Bater\u00edas de larga duraci\u00f3n<\/strong><\/p>\n<p>Por su dise\u00f1o, una moto tradicional consume poca gasolina que va quemando en su funcionamiento y que eventualmente, tendemos a rellenar el tanque de forma m\u00e1s constante que la de un carro tradicional.<\/p>\n<p>En las motos el\u00e9ctricas, el proceso es un poco diferente, y en <a href=\"https:\/\/rideon.es\/es\/\">Ride On<\/a> no estamos diciendo que no es que no producen desperdicios sino que este termina siendo una bater\u00eda que, luego de un largo uso, debe reemplazarse por una nueva.<\/p>\n<p>Es decir, aunque la bater\u00eda es duradera y no son reemplazables sino luego de muchos a\u00f1os, pueden reciclarse gracias a que son fabricadas de iones de litio y no contienen plomo.<\/p>\n<p>Favoreciendo de forma considerable a la reducci\u00f3n de desperdicios, durabilidad de bater\u00eda y reciclaje posterior al uso por sus componentes.<\/p>\n<p><strong>Realizar\u00e1s viajes ecol\u00f3gicos<\/strong><\/p>\n<p>Si quieres aportar en el proceso de conservaci\u00f3n del medio ambiente, entonces esta es una de las formas de c\u00f3mo cuidarlo a trav\u00e9s de la movilidad.<\/p>\n<p>Y en estos d\u00edas, ya no tienes que hacer compras de motos que impliquen un sinf\u00edn de impuestos y regulaciones que debes seguir al pie de la letra.<\/p>\n<p>Por eso, con el alquiler de motos en Barcelona puede hacer viajes ecol\u00f3gicos y m\u00e1s eficientes que a trav\u00e9s de otros medios.<\/p>\n<p>No solo porque tienes m\u00e1s libertad de movimiento sin restricciones de horario sino la facilidad del movimiento personal y exclusivo, a diferencia de la movilizaci\u00f3n en bus donde debes lidiar con condiciones m\u00e1s concurridas<\/p>\n<p>Y as\u00ed como estos, hay much\u00edsimos otras razones por las que se puede cuidar el medio ambiente con el uso de Motos el\u00e9ctricas y como el <a href=\"https:\/\/rideon.es\/es\/ecorideon\/\">alquiler de motos el\u00e9ctricas<\/a> en Barcelona ser\u00e1 definitivamente tu mejor opci\u00f3n.<\/p>\n<p>Para m\u00e1s informaci\u00f3n, recuerda que puedes comunicarte con nosotros en cualquier momento y conversar sobre las opciones con las que puedes desplazarte sin problemas y con tranquilidad.<\/p>\n","protected":false},"excerpt":{"rendered":"<p>El calentamiento global es un problema serio que ya est\u00e1 afectando nuestro d\u00eda a d\u00eda, por ello, localidades europeas ya desarrollan programas preventivos y neutralizadores de tales efectos, sigue leyendo y conoce c\u00f3mo podemos cuidar el medio ambiente con el uso de motos el\u00e9ctricas y c\u00f3mo podemos realizar el alquiler de este tipo de motos en Barcelona.<\/p>\n","protected":false},"author":2,"featured_media":6106,"comment_status":"open","ping_status":"open","sticky":false,"template":"","format":"standard","meta":{"inline_featured_image":false,"footnotes":""},"categories":[70],"tags":[69],"class_list":["post-6126","post","type-post","status-publish","format-standard","has-post-thumbnail","hentry","category-motos-electricas","tag-alquiler-de-motos-electricas"],"yoast_head":"<!-- This site is optimized with the Yoast SEO Premium plugin v18.7 (Yoast SEO v27.5) - https:\/\/yoast.com\/product\/yoast-seo-premium-wordpress\/ -->\n<title>C\u00f3mo cuidar el medio ambiente con el uso de Motos el\u00e9ctricas - Alquiler de motos mensual y Renting para Empresas<\/title>\n<meta name=\"robots\" content=\"index, follow, max-snippet:-1, max-image-preview:large, max-video-preview:-1\" \/>\n<link rel=\"canonical\" href=\"https:\/\/rideon.es\/renting-empresas\/como-cuidar-el-medio-ambiente-con-el-uso-de-motos-electricas\/\" \/>\n<meta property=\"og:locale\" content=\"es_ES\" \/>\n<meta property=\"og:type\" content=\"article\" \/>\n<meta property=\"og:title\" content=\"C\u00f3mo cuidar el medio ambiente con el uso de Motos el\u00e9ctricas\" \/>\n<meta property=\"og:description\" content=\"El calentamiento global es un problema serio que ya est\u00e1 afectando nuestro d\u00eda a d\u00eda, por ello, localidades europeas ya desarrollan programas preventivos y neutralizadores de tales efectos, sigue leyendo y conoce c\u00f3mo podemos cuidar el medio ambiente con el uso de motos el\u00e9ctricas y c\u00f3mo podemos realizar el alquiler de este tipo de motos en Barcelona.\" \/>\n<meta property=\"og:url\" content=\"https:\/\/rideon.es\/renting-empresas\/como-cuidar-el-medio-ambiente-con-el-uso-de-motos-electricas\/\" \/>\n<meta property=\"og:site_name\" content=\"Alquiler de motos mensual y Renting para Empresas\" \/>\n<meta property=\"article:published_time\" content=\"2020-02-10T14:46:11+00:00\" \/>\n<meta property=\"og:image\" content=\"https:\/\/rideon.es\/renting-empresas\/wp-content\/uploads\/sites\/19\/2020\/02\/Modelo-Silence-S02-125cc.png\" \/>\n\t<meta property=\"og:image:width\" content=\"2000\" \/>\n\t<meta property=\"og:image:height\" content=\"1703\" \/>\n\t<meta property=\"og:image:type\" content=\"image\/png\" \/>\n<meta name=\"author\" content=\"Ride On\" \/>\n<meta name=\"twitter:card\" content=\"summary_large_image\" \/>\n<meta name=\"twitter:label1\" content=\"Escrito por\" \/>\n\t<meta name=\"twitter:data1\" content=\"Ride On\" \/>\n\t<meta name=\"twitter:label2\" content=\"Tiempo de lectura\" \/>\n\t<meta name=\"twitter:data2\" content=\"4 minutos\" \/>\n<script type=\"application\/ld+json\" class=\"yoast-schema-graph\">{\"@context\":\"https:\\\/\\\/schema.org\",\"@graph\":[{\"@type\":\"Article\",\"@id\":\"https:\\\/\\\/rideon.es\\\/renting-empresas\\\/como-cuidar-el-medio-ambiente-con-el-uso-de-motos-electricas\\\/#article\",\"isPartOf\":{\"@id\":\"https:\\\/\\\/rideon.es\\\/renting-empresas\\\/como-cuidar-el-medio-ambiente-con-el-uso-de-motos-electricas\\\/\"},\"author\":{\"name\":\"Ride On\",\"@id\":\"https:\\\/\\\/rideon.es\\\/renting-empresas\\\/#\\\/schema\\\/person\\\/48d6770e55c623d929bd20ce295611a7\"},\"headline\":\"C\u00f3mo cuidar el medio ambiente con el uso de Motos el\u00e9ctricas\",\"datePublished\":\"2020-02-10T14:46:11+00:00\",\"mainEntityOfPage\":{\"@id\":\"https:\\\/\\\/rideon.es\\\/renting-empresas\\\/como-cuidar-el-medio-ambiente-con-el-uso-de-motos-electricas\\\/\"},\"wordCount\":792,\"commentCount\":0,\"publisher\":{\"@id\":\"https:\\\/\\\/rideon.es\\\/renting-empresas\\\/#organization\"},\"image\":{\"@id\":\"https:\\\/\\\/rideon.es\\\/renting-empresas\\\/como-cuidar-el-medio-ambiente-con-el-uso-de-motos-electricas\\\/#primaryimage\"},\"thumbnailUrl\":\"https:\\\/\\\/rideon.es\\\/renting-empresas\\\/wp-content\\\/uploads\\\/sites\\\/19\\\/2020\\\/02\\\/Modelo-Silence-S02-125cc.png\",\"keywords\":[\"alquiler de motos el\u00e9ctricas\"],\"articleSection\":[\"Motos el\u00e9ctricas\"],\"inLanguage\":\"es\",\"potentialAction\":[{\"@type\":\"CommentAction\",\"name\":\"Comment\",\"target\":[\"https:\\\/\\\/rideon.es\\\/renting-empresas\\\/como-cuidar-el-medio-ambiente-con-el-uso-de-motos-electricas\\\/#respond\"]}]},{\"@type\":\"WebPage\",\"@id\":\"https:\\\/\\\/rideon.es\\\/renting-empresas\\\/como-cuidar-el-medio-ambiente-con-el-uso-de-motos-electricas\\\/\",\"url\":\"https:\\\/\\\/rideon.es\\\/renting-empresas\\\/como-cuidar-el-medio-ambiente-con-el-uso-de-motos-electricas\\\/\",\"name\":\"C\u00f3mo cuidar el medio ambiente con el uso de Motos el\u00e9ctricas - Alquiler de motos mensual y Renting para Empresas\",\"isPartOf\":{\"@id\":\"https:\\\/\\\/rideon.es\\\/renting-empresas\\\/#website\"},\"primaryImageOfPage\":{\"@id\":\"https:\\\/\\\/rideon.es\\\/renting-empresas\\\/como-cuidar-el-medio-ambiente-con-el-uso-de-motos-electricas\\\/#primaryimage\"},\"image\":{\"@id\":\"https:\\\/\\\/rideon.es\\\/renting-empresas\\\/como-cuidar-el-medio-ambiente-con-el-uso-de-motos-electricas\\\/#primaryimage\"},\"thumbnailUrl\":\"https:\\\/\\\/rideon.es\\\/renting-empresas\\\/wp-content\\\/uploads\\\/sites\\\/19\\\/2020\\\/02\\\/Modelo-Silence-S02-125cc.png\",\"datePublished\":\"2020-02-10T14:46:11+00:00\",\"inLanguage\":\"es\",\"potentialAction\":[{\"@type\":\"ReadAction\",\"target\":[\"https:\\\/\\\/rideon.es\\\/renting-empresas\\\/como-cuidar-el-medio-ambiente-con-el-uso-de-motos-electricas\\\/\"]}]},{\"@type\":\"ImageObject\",\"inLanguage\":\"es\",\"@id\":\"https:\\\/\\\/rideon.es\\\/renting-empresas\\\/como-cuidar-el-medio-ambiente-con-el-uso-de-motos-electricas\\\/#primaryimage\",\"url\":\"https:\\\/\\\/rideon.es\\\/renting-empresas\\\/wp-content\\\/uploads\\\/sites\\\/19\\\/2020\\\/02\\\/Modelo-Silence-S02-125cc.png\",\"contentUrl\":\"https:\\\/\\\/rideon.es\\\/renting-empresas\\\/wp-content\\\/uploads\\\/sites\\\/19\\\/2020\\\/02\\\/Modelo-Silence-S02-125cc.png\",\"width\":2000,\"height\":1703},{\"@type\":\"WebSite\",\"@id\":\"https:\\\/\\\/rideon.es\\\/renting-empresas\\\/#website\",\"url\":\"https:\\\/\\\/rideon.es\\\/renting-empresas\\\/\",\"name\":\"Alquiler de motos mensual y Renting para Empresas\",\"description\":\"Las motos m\u00e1s c\u00f3modas y seguras para disfrutar de tus vacaciones sobre ruedas. Alquiler de motos en Menorca, Mallorca, Barcelona y Valencia con Rideon.es\",\"publisher\":{\"@id\":\"https:\\\/\\\/rideon.es\\\/renting-empresas\\\/#organization\"},\"potentialAction\":[{\"@type\":\"SearchAction\",\"target\":{\"@type\":\"EntryPoint\",\"urlTemplate\":\"https:\\\/\\\/rideon.es\\\/renting-empresas\\\/?s={search_term_string}\"},\"query-input\":{\"@type\":\"PropertyValueSpecification\",\"valueRequired\":true,\"valueName\":\"search_term_string\"}}],\"inLanguage\":\"es\"},{\"@type\":\"Organization\",\"@id\":\"https:\\\/\\\/rideon.es\\\/renting-empresas\\\/#organization\",\"name\":\"Alquiler de motos mensual y Renting para Empresas\",\"url\":\"https:\\\/\\\/rideon.es\\\/renting-empresas\\\/\",\"logo\":{\"@type\":\"ImageObject\",\"inLanguage\":\"es\",\"@id\":\"https:\\\/\\\/rideon.es\\\/renting-empresas\\\/#\\\/schema\\\/logo\\\/image\\\/\",\"url\":\"https:\\\/\\\/rideon.es\\\/renting-empresas\\\/wp-content\\\/uploads\\\/sites\\\/19\\\/2020\\\/02\\\/rideon_logo-200x78-1.png\",\"contentUrl\":\"https:\\\/\\\/rideon.es\\\/renting-empresas\\\/wp-content\\\/uploads\\\/sites\\\/19\\\/2020\\\/02\\\/rideon_logo-200x78-1.png\",\"width\":200,\"height\":78,\"caption\":\"Alquiler de motos mensual y Renting para Empresas\"},\"image\":{\"@id\":\"https:\\\/\\\/rideon.es\\\/renting-empresas\\\/#\\\/schema\\\/logo\\\/image\\\/\"}},{\"@type\":\"Person\",\"@id\":\"https:\\\/\\\/rideon.es\\\/renting-empresas\\\/#\\\/schema\\\/person\\\/48d6770e55c623d929bd20ce295611a7\",\"name\":\"Ride On\",\"image\":{\"@type\":\"ImageObject\",\"inLanguage\":\"es\",\"@id\":\"https:\\\/\\\/secure.gravatar.com\\\/avatar\\\/785e72183089da6a00243c0f0e2d52db79b9983b602219afb07c868943086138?s=96&d=mm&r=g\",\"url\":\"https:\\\/\\\/secure.gravatar.com\\\/avatar\\\/785e72183089da6a00243c0f0e2d52db79b9983b602219afb07c868943086138?s=96&d=mm&r=g\",\"contentUrl\":\"https:\\\/\\\/secure.gravatar.com\\\/avatar\\\/785e72183089da6a00243c0f0e2d52db79b9983b602219afb07c868943086138?s=96&d=mm&r=g\",\"caption\":\"Ride On\"},\"url\":\"https:\\\/\\\/rideon.es\\\/renting-empresas\\\/author\\\/eduardoyauri\\\/\"}]}<\/script>\n<!-- \/ Yoast SEO Premium plugin. -->","yoast_head_json":{"title":"C\u00f3mo cuidar el medio ambiente con el uso de Motos el\u00e9ctricas - Alquiler de motos mensual y Renting para Empresas","robots":{"index":"index","follow":"follow","max-snippet":"max-snippet:-1","max-image-preview":"max-image-preview:large","max-video-preview":"max-video-preview:-1"},"canonical":"https:\/\/rideon.es\/renting-empresas\/como-cuidar-el-medio-ambiente-con-el-uso-de-motos-electricas\/","og_locale":"es_ES","og_type":"article","og_title":"C\u00f3mo cuidar el medio ambiente con el uso de Motos el\u00e9ctricas","og_description":"El calentamiento global es un problema serio que ya est\u00e1 afectando nuestro d\u00eda a d\u00eda, por ello, localidades europeas ya desarrollan programas preventivos y neutralizadores de tales efectos, sigue leyendo y conoce c\u00f3mo podemos cuidar el medio ambiente con el uso de motos el\u00e9ctricas y c\u00f3mo podemos realizar el alquiler de este tipo de motos en Barcelona.","og_url":"https:\/\/rideon.es\/renting-empresas\/como-cuidar-el-medio-ambiente-con-el-uso-de-motos-electricas\/","og_site_name":"Alquiler de motos mensual y Renting para Empresas","article_published_time":"2020-02-10T14:46:11+00:00","og_image":[{"width":2000,"height":1703,"url":"https:\/\/rideon.es\/renting-empresas\/wp-content\/uploads\/sites\/19\/2020\/02\/Modelo-Silence-S02-125cc.png","type":"image\/png"}],"author":"Ride On","twitter_card":"summary_large_image","twitter_misc":{"Escrito por":"Ride On","Tiempo de lectura":"4 minutos"},"schema":{"@context":"https:\/\/schema.org","@graph":[{"@type":"Article","@id":"https:\/\/rideon.es\/renting-empresas\/como-cuidar-el-medio-ambiente-con-el-uso-de-motos-electricas\/#article","isPartOf":{"@id":"https:\/\/rideon.es\/renting-empresas\/como-cuidar-el-medio-ambiente-con-el-uso-de-motos-electricas\/"},"author":{"name":"Ride On","@id":"https:\/\/rideon.es\/renting-empresas\/#\/schema\/person\/48d6770e55c623d929bd20ce295611a7"},"headline":"C\u00f3mo cuidar el medio ambiente con el uso de Motos el\u00e9ctricas","datePublished":"2020-02-10T14:46:11+00:00","mainEntityOfPage":{"@id":"https:\/\/rideon.es\/renting-empresas\/como-cuidar-el-medio-ambiente-con-el-uso-de-motos-electricas\/"},"wordCount":792,"commentCount":0,"publisher":{"@id":"https:\/\/rideon.es\/renting-empresas\/#organization"},"image":{"@id":"https:\/\/rideon.es\/renting-empresas\/como-cuidar-el-medio-ambiente-con-el-uso-de-motos-electricas\/#primaryimage"},"thumbnailUrl":"https:\/\/rideon.es\/renting-empresas\/wp-content\/uploads\/sites\/19\/2020\/02\/Modelo-Silence-S02-125cc.png","keywords":["alquiler de motos el\u00e9ctricas"],"articleSection":["Motos el\u00e9ctricas"],"inLanguage":"es","potentialAction":[{"@type":"CommentAction","name":"Comment","target":["https:\/\/rideon.es\/renting-empresas\/como-cuidar-el-medio-ambiente-con-el-uso-de-motos-electricas\/#respond"]}]},{"@type":"WebPage","@id":"https:\/\/rideon.es\/renting-empresas\/como-cuidar-el-medio-ambiente-con-el-uso-de-motos-electricas\/","url":"https:\/\/rideon.es\/renting-empresas\/como-cuidar-el-medio-ambiente-con-el-uso-de-motos-electricas\/","name":"C\u00f3mo cuidar el medio ambiente con el uso de Motos el\u00e9ctricas - Alquiler de motos mensual y Renting para Empresas","isPartOf":{"@id":"https:\/\/rideon.es\/renting-empresas\/#website"},"primaryImageOfPage":{"@id":"https:\/\/rideon.es\/renting-empresas\/como-cuidar-el-medio-ambiente-con-el-uso-de-motos-electricas\/#primaryimage"},"image":{"@id":"https:\/\/rideon.es\/renting-empresas\/como-cuidar-el-medio-ambiente-con-el-uso-de-motos-electricas\/#primaryimage"},"thumbnailUrl":"https:\/\/rideon.es\/renting-empresas\/wp-content\/uploads\/sites\/19\/2020\/02\/Modelo-Silence-S02-125cc.png","datePublished":"2020-02-10T14:46:11+00:00","inLanguage":"es","potentialAction":[{"@type":"ReadAction","target":["https:\/\/rideon.es\/renting-empresas\/como-cuidar-el-medio-ambiente-con-el-uso-de-motos-electricas\/"]}]},{"@type":"ImageObject","inLanguage":"es","@id":"https:\/\/rideon.es\/renting-empresas\/como-cuidar-el-medio-ambiente-con-el-uso-de-motos-electricas\/#primaryimage","url":"https:\/\/rideon.es\/renting-empresas\/wp-content\/uploads\/sites\/19\/2020\/02\/Modelo-Silence-S02-125cc.png","contentUrl":"https:\/\/rideon.es\/renting-empresas\/wp-content\/uploads\/sites\/19\/2020\/02\/Modelo-Silence-S02-125cc.png","width":2000,"height":1703},{"@type":"WebSite","@id":"https:\/\/rideon.es\/renting-empresas\/#website","url":"https:\/\/rideon.es\/renting-empresas\/","name":"Alquiler de motos mensual y Renting para Empresas","description":"Las motos m\u00e1s c\u00f3modas y seguras para disfrutar de tus vacaciones sobre ruedas. Alquiler de motos en Menorca, Mallorca, Barcelona y Valencia con Rideon.es","publisher":{"@id":"https:\/\/rideon.es\/renting-empresas\/#organization"},"potentialAction":[{"@type":"SearchAction","target":{"@type":"EntryPoint","urlTemplate":"https:\/\/rideon.es\/renting-empresas\/?s={search_term_string}"},"query-input":{"@type":"PropertyValueSpecification","valueRequired":true,"valueName":"search_term_string"}}],"inLanguage":"es"},{"@type":"Organization","@id":"https:\/\/rideon.es\/renting-empresas\/#organization","name":"Alquiler de motos mensual y Renting para Empresas","url":"https:\/\/rideon.es\/renting-empresas\/","logo":{"@type":"ImageObject","inLanguage":"es","@id":"https:\/\/rideon.es\/renting-empresas\/#\/schema\/logo\/image\/","url":"https:\/\/rideon.es\/renting-empresas\/wp-content\/uploads\/sites\/19\/2020\/02\/rideon_logo-200x78-1.png","contentUrl":"https:\/\/rideon.es\/renting-empresas\/wp-content\/uploads\/sites\/19\/2020\/02\/rideon_logo-200x78-1.png","width":200,"height":78,"caption":"Alquiler de motos mensual y Renting para Empresas"},"image":{"@id":"https:\/\/rideon.es\/renting-empresas\/#\/schema\/logo\/image\/"}},{"@type":"Person","@id":"https:\/\/rideon.es\/renting-empresas\/#\/schema\/person\/48d6770e55c623d929bd20ce295611a7","name":"Ride On","image":{"@type":"ImageObject","inLanguage":"es","@id":"https:\/\/secure.gravatar.com\/avatar\/785e72183089da6a00243c0f0e2d52db79b9983b602219afb07c868943086138?s=96&d=mm&r=g","url":"https:\/\/secure.gravatar.com\/avatar\/785e72183089da6a00243c0f0e2d52db79b9983b602219afb07c868943086138?s=96&d=mm&r=g","contentUrl":"https:\/\/secure.gravatar.com\/avatar\/785e72183089da6a00243c0f0e2d52db79b9983b602219afb07c868943086138?s=96&d=mm&r=g","caption":"Ride On"},"url":"https:\/\/rideon.es\/renting-empresas\/author\/eduardoyauri\/"}]}},"_links":{"self":[{"href":"https:\/\/rideon.es\/renting-empresas\/wp-json\/wp\/v2\/posts\/6126","targetHints":{"allow":["GET"]}}],"collection":[{"href":"https:\/\/rideon.es\/renting-empresas\/wp-json\/wp\/v2\/posts"}],"about":[{"href":"https:\/\/rideon.es\/renting-empresas\/wp-json\/wp\/v2\/types\/post"}],"author":[{"embeddable":true,"href":"https:\/\/rideon.es\/renting-empresas\/wp-json\/wp\/v2\/users\/2"}],"replies":[{"embeddable":true,"href":"https:\/\/rideon.es\/renting-empresas\/wp-json\/wp\/v2\/comments?post=6126"}],"version-history":[{"count":0,"href":"https:\/\/rideon.es\/renting-empresas\/wp-json\/wp\/v2\/posts\/6126\/revisions"}],"wp:featuredmedia":[{"embeddable":true,"href":"https:\/\/rideon.es\/renting-empresas\/wp-json\/wp\/v2\/media\/6106"}],"wp:attachment":[{"href":"https:\/\/rideon.es\/renting-empresas\/wp-json\/wp\/v2\/media?parent=6126"}],"wp:term":[{"taxonomy":"category","embeddable":true,"href":"https:\/\/rideon.es\/renting-empresas\/wp-json\/wp\/v2\/categories?post=6126"},{"taxonomy":"post_tag","embeddable":true,"href":"https:\/\/rideon.es\/renting-empresas\/wp-json\/wp\/v2\/tags?post=6126"}],"curies":[{"name":"wp","href":"https:\/\/api.w.org\/{rel}","templated":true}]}}