{"id":6052,"date":"2020-02-07T12:19:52","date_gmt":"2020-02-07T11:19:52","guid":{"rendered":"https:\/\/rideon.es\/?p=6052"},"modified":"2020-02-07T12:19:52","modified_gmt":"2020-02-07T11:19:52","slug":"vacaciones-en-2020-una-escapada-a-menorca","status":"publish","type":"post","link":"https:\/\/rideon.es\/renting-empresas\/vacaciones-en-2020-una-escapada-a-menorca\/","title":{"rendered":"Vacaciones en 2020: Una escapada a Menorca"},"content":{"rendered":"<p>\u00bfEst\u00e1s buscando algo que hacer en tus pr\u00f3ximas vacaciones en 2020 y no tienes idea a d\u00f3nde puedes ir? Este art\u00edculo te brinda informaci\u00f3n de inter\u00e9s sobre una escapada de encanto a las Islas Baleares, m\u00e1s espec\u00edficamente: Menorca. Y como ya aqu\u00ed, puedes armar el mejor plan con un pr\u00e1ctico <a href=\"https:\/\/rideon.es\/es\/menorca\/\">alquiler de motos<\/a>. \u00bfQuieres saber m\u00e1s? \u00a1Aqu\u00ed vamos!<\/p>\n<p>Elegir las atracciones tur\u00edsticas y los lugares de inter\u00e9s por su fama mundial no es que sea algo muy sencillo, es por eso que hemos preparado este art\u00edculo que especialmente te brinda un plan con las mejores actividades (y las m\u00e1s divertidas) que puedes hacer en Menorca, c\u00f3mo podr\u00e1s descubrir balnearios, consejos sobre el turismo, qu\u00e9 hacer y c\u00f3mo conseguir el mejor transporte para movilizarte.<\/p>\n<p><strong>Escapada a Menorca<\/strong><\/p>\n<p>Mientras Mallorca e Ibiza se roban toda la atenci\u00f3n en fechas vacacionales, una escapada a Menorca te ofrece quiz\u00e1s una de las mejores aventuras en las que te puedes embarcar en 2020; adem\u00e1s de que ser\u00e1 completamente diferente a estos dos destinos, tambi\u00e9n ver\u00e1s que la afluencia de personas es menor, por lo que las fotograf\u00edas y el plan vacacional que armes ser\u00e1n ricos en esencia y actividades.<\/p>\n<p>Menorca te brinda un ambiente r\u00fastico, maravilloso y \u00fanico. Esta isla es la m\u00e1s oriental del grupo balear y posee un pintoresco mosaico de exuberantes colinas, bosques de pinos v\u00edrgenes y tierras de cultivos rurales salpicadas de muros de piedra antiguas que zigzaguean las rutas de la isla, que encantadoramente puedes recorrer con una moto rentada por el tiempo que desees.<\/p>\n<p>Adem\u00e1s, un panorama general de los pueblos so\u00f1olientos y congelados ante tu vista, cobran vida en los d\u00edas de mercado y durante las coloridas (e imperdibles) fiestas locales. Por lo que si a\u00fan no te hemos convencido de unas vacaciones aqu\u00ed, quiz\u00e1s esto s\u00ed lo haga.<\/p>\n<p><strong>Playas excepcionales en Menorca<\/strong><\/p>\n<p>Independientemente de la fecha en la que decidas asistir, si hay algo que debes visitar son sus playas, estas son quiz\u00e1s la raz\u00f3n principal por la que la mayor\u00eda de los turistas que conocen los encantos de la isla, la escogen por encima las dem\u00e1s, porque son excepcionales.<\/p>\n<p>\u00bfQu\u00e9 podr\u00e1s encontrar en una playa de la isla? Desde las largas franjas de arena en polvo que se inclina muy suavemente hacia aguas poco profundas de color turquesa, hasta innumerables calas solitarias donde los acantilados de piedra caliza se encuentran con brillantes aguas cristalinas, definitivamente las playas de Menorca son unas de las mejores del mundo, as\u00ed que tu plan s\u00ed o s\u00ed debe incluir uno o dos d\u00edas en la playa.<\/p>\n<p><strong>Fascinante collage cultural en la Capital<\/strong><\/p>\n<p>Gracias a que la isla fue designada por la Unesco en 1993 como Reserva de la Biosfera, las sensaciones y aspectos de la misma permanecen intactos, por eso, aunque hay varios centros tur\u00edsticos costeros que se han ido desarrollando desde entonces, no han variado el rico collage cultural que posee Menorca.<\/p>\n<p>Por lo que ahora, hay muchas oportunidades de hacer turismo, en especial, la fascinante capital Mah\u00f3n, que te brinda un aspecto de fortaleza medieval con mansiones coloniales brit\u00e1nicas que se remontan en la ciudad.<\/p>\n<p>En el extremo opuesto de la isla, Ciutadella, podr\u00e1s ver el casco antiguo laber\u00edntico junto a cientos de sitios prehist\u00f3ricos que se encuentran dispersos por toda la isla.<\/p>\n<p>Por eso, vivir el ambiente relajado de Menorca lo convierte en una opci\u00f3n popular entre las familias, pero su belleza natural sin l\u00edmites llama la atenci\u00f3n de las parejas en busca de escapadas rom\u00e1nticas y tambi\u00e9n de los viajeros aventureros.<\/p>\n<p>De esta forma, si quieres tener un momento en pareja o eres del tipo de persona que acostumbra hacer viajes exploradores con amigos, puedes gozar de las ventajas de alquiler de motos en Menorca y optar por d\u00edas completos de trayectos, sin necesidad de reportar tus recorridos a nadie y con la libertad de ir a tu ritmo, visitando cada zona de la isla al tiempo que desees.<\/p>\n","protected":false},"excerpt":{"rendered":"<p>\u00bfEst\u00e1s buscando algo que hacer en tus pr\u00f3ximas vacaciones en 2020 y no tienes idea a d\u00f3nde puedes ir?<\/p>\n","protected":false},"author":2,"featured_media":6053,"comment_status":"open","ping_status":"open","sticky":false,"template":"","format":"standard","meta":{"inline_featured_image":false,"footnotes":""},"categories":[12,14,33],"tags":[68],"class_list":["post-6052","post","type-post","status-publish","format-standard","has-post-thumbnail","hentry","category-blog","category-menorca","category-menorca-en-moto","tag-vacaciones-menorca-2020"],"yoast_head":"<!-- This site is optimized with the Yoast SEO Premium plugin v18.7 (Yoast SEO v27.5) - https:\/\/yoast.com\/product\/yoast-seo-premium-wordpress\/ -->\n<title>Vacaciones en 2020: Una escapada a Menorca - Alquiler de motos mensual y Renting para Empresas<\/title>\n<meta name=\"robots\" content=\"index, follow, max-snippet:-1, max-image-preview:large, max-video-preview:-1\" \/>\n<link rel=\"canonical\" href=\"https:\/\/rideon.es\/renting-empresas\/vacaciones-en-2020-una-escapada-a-menorca\/\" \/>\n<meta property=\"og:locale\" content=\"es_ES\" \/>\n<meta property=\"og:type\" content=\"article\" \/>\n<meta property=\"og:title\" content=\"Vacaciones en 2020: Una escapada a Menorca\" \/>\n<meta property=\"og:description\" content=\"\u00bfEst\u00e1s buscando algo que hacer en tus pr\u00f3ximas vacaciones en 2020 y no tienes idea a d\u00f3nde puedes ir?\" \/>\n<meta property=\"og:url\" content=\"https:\/\/rideon.es\/renting-empresas\/vacaciones-en-2020-una-escapada-a-menorca\/\" \/>\n<meta property=\"og:site_name\" content=\"Alquiler de motos mensual y Renting para Empresas\" \/>\n<meta property=\"article:published_time\" content=\"2020-02-07T11:19:52+00:00\" \/>\n<meta property=\"og:image\" content=\"https:\/\/rideon.es\/renting-empresas\/wp-content\/uploads\/sites\/19\/2020\/02\/minorca-1232158_1280.jpg\" \/>\n\t<meta property=\"og:image:width\" content=\"1280\" \/>\n\t<meta property=\"og:image:height\" content=\"853\" \/>\n\t<meta property=\"og:image:type\" content=\"image\/jpeg\" \/>\n<meta name=\"author\" content=\"Ride On\" \/>\n<meta name=\"twitter:card\" content=\"summary_large_image\" \/>\n<meta name=\"twitter:label1\" content=\"Escrito por\" \/>\n\t<meta name=\"twitter:data1\" content=\"Ride On\" \/>\n\t<meta name=\"twitter:label2\" content=\"Tiempo de lectura\" \/>\n\t<meta name=\"twitter:data2\" content=\"4 minutos\" \/>\n<script type=\"application\/ld+json\" class=\"yoast-schema-graph\">{\"@context\":\"https:\\\/\\\/schema.org\",\"@graph\":[{\"@type\":\"Article\",\"@id\":\"https:\\\/\\\/rideon.es\\\/renting-empresas\\\/vacaciones-en-2020-una-escapada-a-menorca\\\/#article\",\"isPartOf\":{\"@id\":\"https:\\\/\\\/rideon.es\\\/renting-empresas\\\/vacaciones-en-2020-una-escapada-a-menorca\\\/\"},\"author\":{\"name\":\"Ride On\",\"@id\":\"https:\\\/\\\/rideon.es\\\/renting-empresas\\\/#\\\/schema\\\/person\\\/48d6770e55c623d929bd20ce295611a7\"},\"headline\":\"Vacaciones en 2020: Una escapada a Menorca\",\"datePublished\":\"2020-02-07T11:19:52+00:00\",\"mainEntityOfPage\":{\"@id\":\"https:\\\/\\\/rideon.es\\\/renting-empresas\\\/vacaciones-en-2020-una-escapada-a-menorca\\\/\"},\"wordCount\":706,\"commentCount\":0,\"publisher\":{\"@id\":\"https:\\\/\\\/rideon.es\\\/renting-empresas\\\/#organization\"},\"image\":{\"@id\":\"https:\\\/\\\/rideon.es\\\/renting-empresas\\\/vacaciones-en-2020-una-escapada-a-menorca\\\/#primaryimage\"},\"thumbnailUrl\":\"https:\\\/\\\/rideon.es\\\/renting-empresas\\\/wp-content\\\/uploads\\\/sites\\\/19\\\/2020\\\/02\\\/minorca-1232158_1280.jpg\",\"keywords\":[\"Vacaciones Menorca 2020\"],\"articleSection\":[\"Blog\",\"Menorca\",\"Menorca en moto\"],\"inLanguage\":\"es\",\"potentialAction\":[{\"@type\":\"CommentAction\",\"name\":\"Comment\",\"target\":[\"https:\\\/\\\/rideon.es\\\/renting-empresas\\\/vacaciones-en-2020-una-escapada-a-menorca\\\/#respond\"]}]},{\"@type\":\"WebPage\",\"@id\":\"https:\\\/\\\/rideon.es\\\/renting-empresas\\\/vacaciones-en-2020-una-escapada-a-menorca\\\/\",\"url\":\"https:\\\/\\\/rideon.es\\\/renting-empresas\\\/vacaciones-en-2020-una-escapada-a-menorca\\\/\",\"name\":\"Vacaciones en 2020: Una escapada a Menorca - Alquiler de motos mensual y Renting para Empresas\",\"isPartOf\":{\"@id\":\"https:\\\/\\\/rideon.es\\\/renting-empresas\\\/#website\"},\"primaryImageOfPage\":{\"@id\":\"https:\\\/\\\/rideon.es\\\/renting-empresas\\\/vacaciones-en-2020-una-escapada-a-menorca\\\/#primaryimage\"},\"image\":{\"@id\":\"https:\\\/\\\/rideon.es\\\/renting-empresas\\\/vacaciones-en-2020-una-escapada-a-menorca\\\/#primaryimage\"},\"thumbnailUrl\":\"https:\\\/\\\/rideon.es\\\/renting-empresas\\\/wp-content\\\/uploads\\\/sites\\\/19\\\/2020\\\/02\\\/minorca-1232158_1280.jpg\",\"datePublished\":\"2020-02-07T11:19:52+00:00\",\"inLanguage\":\"es\",\"potentialAction\":[{\"@type\":\"ReadAction\",\"target\":[\"https:\\\/\\\/rideon.es\\\/renting-empresas\\\/vacaciones-en-2020-una-escapada-a-menorca\\\/\"]}]},{\"@type\":\"ImageObject\",\"inLanguage\":\"es\",\"@id\":\"https:\\\/\\\/rideon.es\\\/renting-empresas\\\/vacaciones-en-2020-una-escapada-a-menorca\\\/#primaryimage\",\"url\":\"https:\\\/\\\/rideon.es\\\/renting-empresas\\\/wp-content\\\/uploads\\\/sites\\\/19\\\/2020\\\/02\\\/minorca-1232158_1280.jpg\",\"contentUrl\":\"https:\\\/\\\/rideon.es\\\/renting-empresas\\\/wp-content\\\/uploads\\\/sites\\\/19\\\/2020\\\/02\\\/minorca-1232158_1280.jpg\",\"width\":1280,\"height\":853},{\"@type\":\"WebSite\",\"@id\":\"https:\\\/\\\/rideon.es\\\/renting-empresas\\\/#website\",\"url\":\"https:\\\/\\\/rideon.es\\\/renting-empresas\\\/\",\"name\":\"Alquiler de motos mensual y Renting para Empresas\",\"description\":\"Las motos m\u00e1s c\u00f3modas y seguras para disfrutar de tus vacaciones sobre ruedas. Alquiler de motos en Menorca, Mallorca, Barcelona y Valencia con Rideon.es\",\"publisher\":{\"@id\":\"https:\\\/\\\/rideon.es\\\/renting-empresas\\\/#organization\"},\"potentialAction\":[{\"@type\":\"SearchAction\",\"target\":{\"@type\":\"EntryPoint\",\"urlTemplate\":\"https:\\\/\\\/rideon.es\\\/renting-empresas\\\/?s={search_term_string}\"},\"query-input\":{\"@type\":\"PropertyValueSpecification\",\"valueRequired\":true,\"valueName\":\"search_term_string\"}}],\"inLanguage\":\"es\"},{\"@type\":\"Organization\",\"@id\":\"https:\\\/\\\/rideon.es\\\/renting-empresas\\\/#organization\",\"name\":\"Alquiler de motos mensual y Renting para Empresas\",\"url\":\"https:\\\/\\\/rideon.es\\\/renting-empresas\\\/\",\"logo\":{\"@type\":\"ImageObject\",\"inLanguage\":\"es\",\"@id\":\"https:\\\/\\\/rideon.es\\\/renting-empresas\\\/#\\\/schema\\\/logo\\\/image\\\/\",\"url\":\"https:\\\/\\\/rideon.es\\\/renting-empresas\\\/wp-content\\\/uploads\\\/sites\\\/19\\\/2020\\\/02\\\/rideon_logo-200x78-1.png\",\"contentUrl\":\"https:\\\/\\\/rideon.es\\\/renting-empresas\\\/wp-content\\\/uploads\\\/sites\\\/19\\\/2020\\\/02\\\/rideon_logo-200x78-1.png\",\"width\":200,\"height\":78,\"caption\":\"Alquiler de motos mensual y Renting para Empresas\"},\"image\":{\"@id\":\"https:\\\/\\\/rideon.es\\\/renting-empresas\\\/#\\\/schema\\\/logo\\\/image\\\/\"}},{\"@type\":\"Person\",\"@id\":\"https:\\\/\\\/rideon.es\\\/renting-empresas\\\/#\\\/schema\\\/person\\\/48d6770e55c623d929bd20ce295611a7\",\"name\":\"Ride On\",\"image\":{\"@type\":\"ImageObject\",\"inLanguage\":\"es\",\"@id\":\"https:\\\/\\\/secure.gravatar.com\\\/avatar\\\/785e72183089da6a00243c0f0e2d52db79b9983b602219afb07c868943086138?s=96&d=mm&r=g\",\"url\":\"https:\\\/\\\/secure.gravatar.com\\\/avatar\\\/785e72183089da6a00243c0f0e2d52db79b9983b602219afb07c868943086138?s=96&d=mm&r=g\",\"contentUrl\":\"https:\\\/\\\/secure.gravatar.com\\\/avatar\\\/785e72183089da6a00243c0f0e2d52db79b9983b602219afb07c868943086138?s=96&d=mm&r=g\",\"caption\":\"Ride On\"},\"url\":\"https:\\\/\\\/rideon.es\\\/renting-empresas\\\/author\\\/eduardoyauri\\\/\"}]}<\/script>\n<!-- \/ Yoast SEO Premium plugin. -->","yoast_head_json":{"title":"Vacaciones en 2020: Una escapada a Menorca - Alquiler de motos mensual y Renting para Empresas","robots":{"index":"index","follow":"follow","max-snippet":"max-snippet:-1","max-image-preview":"max-image-preview:large","max-video-preview":"max-video-preview:-1"},"canonical":"https:\/\/rideon.es\/renting-empresas\/vacaciones-en-2020-una-escapada-a-menorca\/","og_locale":"es_ES","og_type":"article","og_title":"Vacaciones en 2020: Una escapada a Menorca","og_description":"\u00bfEst\u00e1s buscando algo que hacer en tus pr\u00f3ximas vacaciones en 2020 y no tienes idea a d\u00f3nde puedes ir?","og_url":"https:\/\/rideon.es\/renting-empresas\/vacaciones-en-2020-una-escapada-a-menorca\/","og_site_name":"Alquiler de motos mensual y Renting para Empresas","article_published_time":"2020-02-07T11:19:52+00:00","og_image":[{"width":1280,"height":853,"url":"https:\/\/rideon.es\/renting-empresas\/wp-content\/uploads\/sites\/19\/2020\/02\/minorca-1232158_1280.jpg","type":"image\/jpeg"}],"author":"Ride On","twitter_card":"summary_large_image","twitter_misc":{"Escrito por":"Ride On","Tiempo de lectura":"4 minutos"},"schema":{"@context":"https:\/\/schema.org","@graph":[{"@type":"Article","@id":"https:\/\/rideon.es\/renting-empresas\/vacaciones-en-2020-una-escapada-a-menorca\/#article","isPartOf":{"@id":"https:\/\/rideon.es\/renting-empresas\/vacaciones-en-2020-una-escapada-a-menorca\/"},"author":{"name":"Ride On","@id":"https:\/\/rideon.es\/renting-empresas\/#\/schema\/person\/48d6770e55c623d929bd20ce295611a7"},"headline":"Vacaciones en 2020: Una escapada a Menorca","datePublished":"2020-02-07T11:19:52+00:00","mainEntityOfPage":{"@id":"https:\/\/rideon.es\/renting-empresas\/vacaciones-en-2020-una-escapada-a-menorca\/"},"wordCount":706,"commentCount":0,"publisher":{"@id":"https:\/\/rideon.es\/renting-empresas\/#organization"},"image":{"@id":"https:\/\/rideon.es\/renting-empresas\/vacaciones-en-2020-una-escapada-a-menorca\/#primaryimage"},"thumbnailUrl":"https:\/\/rideon.es\/renting-empresas\/wp-content\/uploads\/sites\/19\/2020\/02\/minorca-1232158_1280.jpg","keywords":["Vacaciones Menorca 2020"],"articleSection":["Blog","Menorca","Menorca en moto"],"inLanguage":"es","potentialAction":[{"@type":"CommentAction","name":"Comment","target":["https:\/\/rideon.es\/renting-empresas\/vacaciones-en-2020-una-escapada-a-menorca\/#respond"]}]},{"@type":"WebPage","@id":"https:\/\/rideon.es\/renting-empresas\/vacaciones-en-2020-una-escapada-a-menorca\/","url":"https:\/\/rideon.es\/renting-empresas\/vacaciones-en-2020-una-escapada-a-menorca\/","name":"Vacaciones en 2020: Una escapada a Menorca - Alquiler de motos mensual y Renting para Empresas","isPartOf":{"@id":"https:\/\/rideon.es\/renting-empresas\/#website"},"primaryImageOfPage":{"@id":"https:\/\/rideon.es\/renting-empresas\/vacaciones-en-2020-una-escapada-a-menorca\/#primaryimage"},"image":{"@id":"https:\/\/rideon.es\/renting-empresas\/vacaciones-en-2020-una-escapada-a-menorca\/#primaryimage"},"thumbnailUrl":"https:\/\/rideon.es\/renting-empresas\/wp-content\/uploads\/sites\/19\/2020\/02\/minorca-1232158_1280.jpg","datePublished":"2020-02-07T11:19:52+00:00","inLanguage":"es","potentialAction":[{"@type":"ReadAction","target":["https:\/\/rideon.es\/renting-empresas\/vacaciones-en-2020-una-escapada-a-menorca\/"]}]},{"@type":"ImageObject","inLanguage":"es","@id":"https:\/\/rideon.es\/renting-empresas\/vacaciones-en-2020-una-escapada-a-menorca\/#primaryimage","url":"https:\/\/rideon.es\/renting-empresas\/wp-content\/uploads\/sites\/19\/2020\/02\/minorca-1232158_1280.jpg","contentUrl":"https:\/\/rideon.es\/renting-empresas\/wp-content\/uploads\/sites\/19\/2020\/02\/minorca-1232158_1280.jpg","width":1280,"height":853},{"@type":"WebSite","@id":"https:\/\/rideon.es\/renting-empresas\/#website","url":"https:\/\/rideon.es\/renting-empresas\/","name":"Alquiler de motos mensual y Renting para Empresas","description":"Las motos m\u00e1s c\u00f3modas y seguras para disfrutar de tus vacaciones sobre ruedas. Alquiler de motos en Menorca, Mallorca, Barcelona y Valencia con Rideon.es","publisher":{"@id":"https:\/\/rideon.es\/renting-empresas\/#organization"},"potentialAction":[{"@type":"SearchAction","target":{"@type":"EntryPoint","urlTemplate":"https:\/\/rideon.es\/renting-empresas\/?s={search_term_string}"},"query-input":{"@type":"PropertyValueSpecification","valueRequired":true,"valueName":"search_term_string"}}],"inLanguage":"es"},{"@type":"Organization","@id":"https:\/\/rideon.es\/renting-empresas\/#organization","name":"Alquiler de motos mensual y Renting para Empresas","url":"https:\/\/rideon.es\/renting-empresas\/","logo":{"@type":"ImageObject","inLanguage":"es","@id":"https:\/\/rideon.es\/renting-empresas\/#\/schema\/logo\/image\/","url":"https:\/\/rideon.es\/renting-empresas\/wp-content\/uploads\/sites\/19\/2020\/02\/rideon_logo-200x78-1.png","contentUrl":"https:\/\/rideon.es\/renting-empresas\/wp-content\/uploads\/sites\/19\/2020\/02\/rideon_logo-200x78-1.png","width":200,"height":78,"caption":"Alquiler de motos mensual y Renting para Empresas"},"image":{"@id":"https:\/\/rideon.es\/renting-empresas\/#\/schema\/logo\/image\/"}},{"@type":"Person","@id":"https:\/\/rideon.es\/renting-empresas\/#\/schema\/person\/48d6770e55c623d929bd20ce295611a7","name":"Ride On","image":{"@type":"ImageObject","inLanguage":"es","@id":"https:\/\/secure.gravatar.com\/avatar\/785e72183089da6a00243c0f0e2d52db79b9983b602219afb07c868943086138?s=96&d=mm&r=g","url":"https:\/\/secure.gravatar.com\/avatar\/785e72183089da6a00243c0f0e2d52db79b9983b602219afb07c868943086138?s=96&d=mm&r=g","contentUrl":"https:\/\/secure.gravatar.com\/avatar\/785e72183089da6a00243c0f0e2d52db79b9983b602219afb07c868943086138?s=96&d=mm&r=g","caption":"Ride On"},"url":"https:\/\/rideon.es\/renting-empresas\/author\/eduardoyauri\/"}]}},"_links":{"self":[{"href":"https:\/\/rideon.es\/renting-empresas\/wp-json\/wp\/v2\/posts\/6052","targetHints":{"allow":["GET"]}}],"collection":[{"href":"https:\/\/rideon.es\/renting-empresas\/wp-json\/wp\/v2\/posts"}],"about":[{"href":"https:\/\/rideon.es\/renting-empresas\/wp-json\/wp\/v2\/types\/post"}],"author":[{"embeddable":true,"href":"https:\/\/rideon.es\/renting-empresas\/wp-json\/wp\/v2\/users\/2"}],"replies":[{"embeddable":true,"href":"https:\/\/rideon.es\/renting-empresas\/wp-json\/wp\/v2\/comments?post=6052"}],"version-history":[{"count":0,"href":"https:\/\/rideon.es\/renting-empresas\/wp-json\/wp\/v2\/posts\/6052\/revisions"}],"wp:featuredmedia":[{"embeddable":true,"href":"https:\/\/rideon.es\/renting-empresas\/wp-json\/wp\/v2\/media\/6053"}],"wp:attachment":[{"href":"https:\/\/rideon.es\/renting-empresas\/wp-json\/wp\/v2\/media?parent=6052"}],"wp:term":[{"taxonomy":"category","embeddable":true,"href":"https:\/\/rideon.es\/renting-empresas\/wp-json\/wp\/v2\/categories?post=6052"},{"taxonomy":"post_tag","embeddable":true,"href":"https:\/\/rideon.es\/renting-empresas\/wp-json\/wp\/v2\/tags?post=6052"}],"curies":[{"name":"wp","href":"https:\/\/api.w.org\/{rel}","templated":true}]}}