{"id":6014,"date":"2020-02-05T15:40:29","date_gmt":"2020-02-05T14:40:29","guid":{"rendered":"https:\/\/rideon.es\/?p=6014"},"modified":"2020-02-05T15:40:29","modified_gmt":"2020-02-05T14:40:29","slug":"evita-multas-y-restricciones-en-2020-alquiler-de-motos-en-barcelona","status":"publish","type":"post","link":"https:\/\/rideon.es\/renting-empresas\/evita-multas-y-restricciones-en-2020-alquiler-de-motos-en-barcelona\/","title":{"rendered":"Evita multas y restricciones en 2020: Alquiler de Motos en Barcelona"},"content":{"rendered":"<p>La capital catalana finalmente comenz\u00f3 a implementar las medidas y restricciones este 02 de enero de 2020 en las que busca generar un impacto positivo al medio ambiente, por ello, aqu\u00ed te conversamos sobre estas normativas y c\u00f3mo el <a href=\"https:\/\/rideon.es\/es\/barcelona\/\">alquiler de motos en Barcelona<\/a> puede ayudarte a prevenirlas.<\/p>\n<p>Enero ha llegado con todo y eso tambi\u00e9n incluye la puesta en marcha de la ordenanza de la <strong>Zona de Bajas Emisiones (ZBE)<\/strong> como medida necesaria y urgente a la reducci\u00f3n de contaminaci\u00f3n atmosf\u00e9rica que ha repercutido de forma directa en 500.000 muertes prematuras en Europa por cada a\u00f1o.<\/p>\n<p>Y aunque las medidas en s\u00ed son extensas, hablaremos sobre las que implica la movilizaci\u00f3n y c\u00f3mo el alquiler de motos puede ser la opci\u00f3n m\u00e1s recomendada para evitar atrasos, facilitar tu movimiento en la ciudad y no interrumpir tu ritmo de vida.<\/p>\n<p><strong>Restricciones en 2020 en Barcelona<\/strong><\/p>\n<p>Las normativas que entraron en vigencia desde enero en 2020 tienen grandes afectaciones en los conductores y propietarios de veh\u00edculos en la capital catalana, para as\u00ed regular la circulaci\u00f3n de veh\u00edculos contaminantes y velar por un aire limpio, un medio ambiente m\u00e1s protegido y una atm\u00f3sfera menos saturada.<\/p>\n<p>\u00bfD\u00f3nde aplican las normativas? Las restricciones engloban toda Barcelona, desde la ronda de Dalt hasta la ronda del Litoral, extendi\u00e9ndose la L\u2019Hospitalet de Llobregat, Sant Adri\u00e0 del Bes\u00f2s y zonas de Esplugues y Cornell\u00e0 de Llobregat, dejando por fuera los barrios de Vallvidrera, el Tibidabo i les Planes y la Zona Franca de Barcelona.<\/p>\n<p>Otro de los cambios es la nueva ITV que entrar\u00e1 en vigencia desde el 20 de mayo del presente a\u00f1o, en la que ahora, los fabricantes de veh\u00edculos deber\u00e1n brindar los datos t\u00e9cnicos necesarios para una inspecci\u00f3n adecuada en la que los autom\u00f3viles cumplen con los est\u00e1ndares necesarios para su circulaci\u00f3n.<\/p>\n<p>Y con la intenci\u00f3n de reducir la tasa de mortalidad por atropellos vehiculares, se ha establecido un nuevo l\u00edmite m\u00e1ximo de conducci\u00f3n que de 50 km\/h pasa a 30 km\/h.<\/p>\n<p>Esta reducci\u00f3n no solo se ha implementado en Barcelona sino en otras 19 ciudades espa\u00f1olas que, seg\u00fan un estudio realizado se ha determinado que la disminuci\u00f3n de muertes por atropellos bajar\u00eda hasta cinco veces si se llevaba el m\u00e1ximo de velocidad a 30 km\/h.<\/p>\n<p>Por \u00faltimo, las multas por incumplimiento de las normativas comenzar\u00e1n desde abril y pueden ir desde los 100 euros para veh\u00edculos ligeros sin etiqueta y 200 euros para cuando entren durante episodios contaminantes y tambi\u00e9n para los veh\u00edculos pesados.<\/p>\n<p>Las sanciones para los casos m\u00e1s graves e incumplimientos infractores pueden llegar has los 500 euros.<\/p>\n<p><a href=\"https:\/\/rideon.es\/es\/barcelona\/\"><strong>Alquiler de Motos en Barcelona<\/strong><\/a><\/p>\n<p>Para evitar ser multado y favorecer de igual forma tu movilidad, una de las opciones m\u00e1s seguras es el alquiler de motos en Barcelona con Ride On.<\/p>\n<p>De esta forma, podr\u00e1s movilizarte durante las horas del veto de la ZBE que va desde las 7h hasta las 20h en los d\u00edas laborables, desplaz\u00e1ndote con tranquilidad en los momentos de mayor actividad en la ciudad y evitando limitar tu agenda por las restricciones.<\/p>\n<p>Adem\u00e1s, nuestra flota cuenta con todas las certificaciones al d\u00eda, puedes optar por una moto, cambiarla cuando desees, rentarla por d\u00edas o por tiempos prolongados, en especial cuando sabemos que vamos a movilizarnos mucho en una semana de diligencias.<\/p>\n<p>Sin duda, <a href=\"https:\/\/rideon.es\/es\/barcelona\/\">el alquiler de motos en Barcelona<\/a> se vuelve en la opci\u00f3n m\u00e1s recomendable con la que puedes evitar restricciones de movilidad en el 2020, as\u00ed que si eres residente o visitante, es importante que conozcas que esta opci\u00f3n es v\u00e1lida y segura para ti, en la que no solo contar\u00e1s con veh\u00edculos que poseen papeles al d\u00eda sino tambi\u00e9n, que facilitar\u00e1n tus trayectos en la ciudad.<\/p>\n","protected":false},"excerpt":{"rendered":"<p>La capital catalana finalmente comenz\u00f3 a implementar las medidas y restricciones este 02 de enero de 2020 en las que busca generar un impacto positivo al medio ambiente, por ello, aqu\u00ed te conversamos sobre estas normativas y c\u00f3mo el alquiler de motos en Barcelona puede ayudarte a prevenirlas. Enero ha llegado con todo y eso<\/p>\n","protected":false},"author":2,"featured_media":6015,"comment_status":"open","ping_status":"open","sticky":false,"template":"","format":"standard","meta":{"inline_featured_image":false,"footnotes":""},"categories":[9,12],"tags":[67],"class_list":["post-6014","post","type-post","status-publish","format-standard","has-post-thumbnail","hentry","category-barcelona","category-blog","tag-alquiler-de-motos-en-barcelona"],"yoast_head":"<!-- This site is optimized with the Yoast SEO Premium plugin v18.7 (Yoast SEO v27.5) - https:\/\/yoast.com\/product\/yoast-seo-premium-wordpress\/ -->\n<title>Evita multas y restricciones en 2020: Alquiler de Motos en Barcelona - Alquiler de motos mensual y Renting para Empresas<\/title>\n<meta name=\"robots\" content=\"index, follow, max-snippet:-1, max-image-preview:large, max-video-preview:-1\" \/>\n<link rel=\"canonical\" href=\"https:\/\/rideon.es\/renting-empresas\/evita-multas-y-restricciones-en-2020-alquiler-de-motos-en-barcelona\/\" \/>\n<meta property=\"og:locale\" content=\"es_ES\" \/>\n<meta property=\"og:type\" content=\"article\" \/>\n<meta property=\"og:title\" content=\"Evita multas y restricciones en 2020: Alquiler de Motos en Barcelona\" \/>\n<meta property=\"og:description\" content=\"La capital catalana finalmente comenz\u00f3 a implementar las medidas y restricciones este 02 de enero de 2020 en las que busca generar un impacto positivo al medio ambiente, por ello, aqu\u00ed te conversamos sobre estas normativas y c\u00f3mo el alquiler de motos en Barcelona puede ayudarte a prevenirlas. Enero ha llegado con todo y eso\" \/>\n<meta property=\"og:url\" content=\"https:\/\/rideon.es\/renting-empresas\/evita-multas-y-restricciones-en-2020-alquiler-de-motos-en-barcelona\/\" \/>\n<meta property=\"og:site_name\" content=\"Alquiler de motos mensual y Renting para Empresas\" \/>\n<meta property=\"article:published_time\" content=\"2020-02-05T14:40:29+00:00\" \/>\n<meta property=\"og:image\" content=\"https:\/\/rideon.es\/renting-empresas\/wp-content\/uploads\/sites\/19\/2020\/02\/barcelona-3226639_1920.jpg\" \/>\n\t<meta property=\"og:image:width\" content=\"1920\" \/>\n\t<meta property=\"og:image:height\" content=\"974\" \/>\n\t<meta property=\"og:image:type\" content=\"image\/jpeg\" \/>\n<meta name=\"author\" content=\"Ride On\" \/>\n<meta name=\"twitter:card\" content=\"summary_large_image\" \/>\n<meta name=\"twitter:label1\" content=\"Escrito por\" \/>\n\t<meta name=\"twitter:data1\" content=\"Ride On\" \/>\n\t<meta name=\"twitter:label2\" content=\"Tiempo de lectura\" \/>\n\t<meta name=\"twitter:data2\" content=\"3 minutos\" \/>\n<script type=\"application\/ld+json\" class=\"yoast-schema-graph\">{\"@context\":\"https:\\\/\\\/schema.org\",\"@graph\":[{\"@type\":\"Article\",\"@id\":\"https:\\\/\\\/rideon.es\\\/renting-empresas\\\/evita-multas-y-restricciones-en-2020-alquiler-de-motos-en-barcelona\\\/#article\",\"isPartOf\":{\"@id\":\"https:\\\/\\\/rideon.es\\\/renting-empresas\\\/evita-multas-y-restricciones-en-2020-alquiler-de-motos-en-barcelona\\\/\"},\"author\":{\"name\":\"Ride On\",\"@id\":\"https:\\\/\\\/rideon.es\\\/renting-empresas\\\/#\\\/schema\\\/person\\\/48d6770e55c623d929bd20ce295611a7\"},\"headline\":\"Evita multas y restricciones en 2020: Alquiler de Motos en Barcelona\",\"datePublished\":\"2020-02-05T14:40:29+00:00\",\"mainEntityOfPage\":{\"@id\":\"https:\\\/\\\/rideon.es\\\/renting-empresas\\\/evita-multas-y-restricciones-en-2020-alquiler-de-motos-en-barcelona\\\/\"},\"wordCount\":668,\"commentCount\":0,\"publisher\":{\"@id\":\"https:\\\/\\\/rideon.es\\\/renting-empresas\\\/#organization\"},\"image\":{\"@id\":\"https:\\\/\\\/rideon.es\\\/renting-empresas\\\/evita-multas-y-restricciones-en-2020-alquiler-de-motos-en-barcelona\\\/#primaryimage\"},\"thumbnailUrl\":\"https:\\\/\\\/rideon.es\\\/renting-empresas\\\/wp-content\\\/uploads\\\/sites\\\/19\\\/2020\\\/02\\\/barcelona-3226639_1920.jpg\",\"keywords\":[\"Alquiler de Motos en Barcelona\"],\"articleSection\":[\"Barcelona\",\"Blog\"],\"inLanguage\":\"es\",\"potentialAction\":[{\"@type\":\"CommentAction\",\"name\":\"Comment\",\"target\":[\"https:\\\/\\\/rideon.es\\\/renting-empresas\\\/evita-multas-y-restricciones-en-2020-alquiler-de-motos-en-barcelona\\\/#respond\"]}]},{\"@type\":\"WebPage\",\"@id\":\"https:\\\/\\\/rideon.es\\\/renting-empresas\\\/evita-multas-y-restricciones-en-2020-alquiler-de-motos-en-barcelona\\\/\",\"url\":\"https:\\\/\\\/rideon.es\\\/renting-empresas\\\/evita-multas-y-restricciones-en-2020-alquiler-de-motos-en-barcelona\\\/\",\"name\":\"Evita multas y restricciones en 2020: Alquiler de Motos en Barcelona - Alquiler de motos mensual y Renting para Empresas\",\"isPartOf\":{\"@id\":\"https:\\\/\\\/rideon.es\\\/renting-empresas\\\/#website\"},\"primaryImageOfPage\":{\"@id\":\"https:\\\/\\\/rideon.es\\\/renting-empresas\\\/evita-multas-y-restricciones-en-2020-alquiler-de-motos-en-barcelona\\\/#primaryimage\"},\"image\":{\"@id\":\"https:\\\/\\\/rideon.es\\\/renting-empresas\\\/evita-multas-y-restricciones-en-2020-alquiler-de-motos-en-barcelona\\\/#primaryimage\"},\"thumbnailUrl\":\"https:\\\/\\\/rideon.es\\\/renting-empresas\\\/wp-content\\\/uploads\\\/sites\\\/19\\\/2020\\\/02\\\/barcelona-3226639_1920.jpg\",\"datePublished\":\"2020-02-05T14:40:29+00:00\",\"inLanguage\":\"es\",\"potentialAction\":[{\"@type\":\"ReadAction\",\"target\":[\"https:\\\/\\\/rideon.es\\\/renting-empresas\\\/evita-multas-y-restricciones-en-2020-alquiler-de-motos-en-barcelona\\\/\"]}]},{\"@type\":\"ImageObject\",\"inLanguage\":\"es\",\"@id\":\"https:\\\/\\\/rideon.es\\\/renting-empresas\\\/evita-multas-y-restricciones-en-2020-alquiler-de-motos-en-barcelona\\\/#primaryimage\",\"url\":\"https:\\\/\\\/rideon.es\\\/renting-empresas\\\/wp-content\\\/uploads\\\/sites\\\/19\\\/2020\\\/02\\\/barcelona-3226639_1920.jpg\",\"contentUrl\":\"https:\\\/\\\/rideon.es\\\/renting-empresas\\\/wp-content\\\/uploads\\\/sites\\\/19\\\/2020\\\/02\\\/barcelona-3226639_1920.jpg\",\"width\":1920,\"height\":974,\"caption\":\"Alquiler de Motos en Barcelona\"},{\"@type\":\"WebSite\",\"@id\":\"https:\\\/\\\/rideon.es\\\/renting-empresas\\\/#website\",\"url\":\"https:\\\/\\\/rideon.es\\\/renting-empresas\\\/\",\"name\":\"Alquiler de motos mensual y Renting para Empresas\",\"description\":\"Las motos m\u00e1s c\u00f3modas y seguras para disfrutar de tus vacaciones sobre ruedas. Alquiler de motos en Menorca, Mallorca, Barcelona y Valencia con Rideon.es\",\"publisher\":{\"@id\":\"https:\\\/\\\/rideon.es\\\/renting-empresas\\\/#organization\"},\"potentialAction\":[{\"@type\":\"SearchAction\",\"target\":{\"@type\":\"EntryPoint\",\"urlTemplate\":\"https:\\\/\\\/rideon.es\\\/renting-empresas\\\/?s={search_term_string}\"},\"query-input\":{\"@type\":\"PropertyValueSpecification\",\"valueRequired\":true,\"valueName\":\"search_term_string\"}}],\"inLanguage\":\"es\"},{\"@type\":\"Organization\",\"@id\":\"https:\\\/\\\/rideon.es\\\/renting-empresas\\\/#organization\",\"name\":\"Alquiler de motos mensual y Renting para Empresas\",\"url\":\"https:\\\/\\\/rideon.es\\\/renting-empresas\\\/\",\"logo\":{\"@type\":\"ImageObject\",\"inLanguage\":\"es\",\"@id\":\"https:\\\/\\\/rideon.es\\\/renting-empresas\\\/#\\\/schema\\\/logo\\\/image\\\/\",\"url\":\"https:\\\/\\\/rideon.es\\\/renting-empresas\\\/wp-content\\\/uploads\\\/sites\\\/19\\\/2020\\\/02\\\/rideon_logo-200x78-1.png\",\"contentUrl\":\"https:\\\/\\\/rideon.es\\\/renting-empresas\\\/wp-content\\\/uploads\\\/sites\\\/19\\\/2020\\\/02\\\/rideon_logo-200x78-1.png\",\"width\":200,\"height\":78,\"caption\":\"Alquiler de motos mensual y Renting para Empresas\"},\"image\":{\"@id\":\"https:\\\/\\\/rideon.es\\\/renting-empresas\\\/#\\\/schema\\\/logo\\\/image\\\/\"}},{\"@type\":\"Person\",\"@id\":\"https:\\\/\\\/rideon.es\\\/renting-empresas\\\/#\\\/schema\\\/person\\\/48d6770e55c623d929bd20ce295611a7\",\"name\":\"Ride On\",\"image\":{\"@type\":\"ImageObject\",\"inLanguage\":\"es\",\"@id\":\"https:\\\/\\\/secure.gravatar.com\\\/avatar\\\/785e72183089da6a00243c0f0e2d52db79b9983b602219afb07c868943086138?s=96&d=mm&r=g\",\"url\":\"https:\\\/\\\/secure.gravatar.com\\\/avatar\\\/785e72183089da6a00243c0f0e2d52db79b9983b602219afb07c868943086138?s=96&d=mm&r=g\",\"contentUrl\":\"https:\\\/\\\/secure.gravatar.com\\\/avatar\\\/785e72183089da6a00243c0f0e2d52db79b9983b602219afb07c868943086138?s=96&d=mm&r=g\",\"caption\":\"Ride On\"},\"url\":\"https:\\\/\\\/rideon.es\\\/renting-empresas\\\/author\\\/eduardoyauri\\\/\"}]}<\/script>\n<!-- \/ Yoast SEO Premium plugin. -->","yoast_head_json":{"title":"Evita multas y restricciones en 2020: Alquiler de Motos en Barcelona - Alquiler de motos mensual y Renting para Empresas","robots":{"index":"index","follow":"follow","max-snippet":"max-snippet:-1","max-image-preview":"max-image-preview:large","max-video-preview":"max-video-preview:-1"},"canonical":"https:\/\/rideon.es\/renting-empresas\/evita-multas-y-restricciones-en-2020-alquiler-de-motos-en-barcelona\/","og_locale":"es_ES","og_type":"article","og_title":"Evita multas y restricciones en 2020: Alquiler de Motos en Barcelona","og_description":"La capital catalana finalmente comenz\u00f3 a implementar las medidas y restricciones este 02 de enero de 2020 en las que busca generar un impacto positivo al medio ambiente, por ello, aqu\u00ed te conversamos sobre estas normativas y c\u00f3mo el alquiler de motos en Barcelona puede ayudarte a prevenirlas. Enero ha llegado con todo y eso","og_url":"https:\/\/rideon.es\/renting-empresas\/evita-multas-y-restricciones-en-2020-alquiler-de-motos-en-barcelona\/","og_site_name":"Alquiler de motos mensual y Renting para Empresas","article_published_time":"2020-02-05T14:40:29+00:00","og_image":[{"width":1920,"height":974,"url":"https:\/\/rideon.es\/renting-empresas\/wp-content\/uploads\/sites\/19\/2020\/02\/barcelona-3226639_1920.jpg","type":"image\/jpeg"}],"author":"Ride On","twitter_card":"summary_large_image","twitter_misc":{"Escrito por":"Ride On","Tiempo de lectura":"3 minutos"},"schema":{"@context":"https:\/\/schema.org","@graph":[{"@type":"Article","@id":"https:\/\/rideon.es\/renting-empresas\/evita-multas-y-restricciones-en-2020-alquiler-de-motos-en-barcelona\/#article","isPartOf":{"@id":"https:\/\/rideon.es\/renting-empresas\/evita-multas-y-restricciones-en-2020-alquiler-de-motos-en-barcelona\/"},"author":{"name":"Ride On","@id":"https:\/\/rideon.es\/renting-empresas\/#\/schema\/person\/48d6770e55c623d929bd20ce295611a7"},"headline":"Evita multas y restricciones en 2020: Alquiler de Motos en Barcelona","datePublished":"2020-02-05T14:40:29+00:00","mainEntityOfPage":{"@id":"https:\/\/rideon.es\/renting-empresas\/evita-multas-y-restricciones-en-2020-alquiler-de-motos-en-barcelona\/"},"wordCount":668,"commentCount":0,"publisher":{"@id":"https:\/\/rideon.es\/renting-empresas\/#organization"},"image":{"@id":"https:\/\/rideon.es\/renting-empresas\/evita-multas-y-restricciones-en-2020-alquiler-de-motos-en-barcelona\/#primaryimage"},"thumbnailUrl":"https:\/\/rideon.es\/renting-empresas\/wp-content\/uploads\/sites\/19\/2020\/02\/barcelona-3226639_1920.jpg","keywords":["Alquiler de Motos en Barcelona"],"articleSection":["Barcelona","Blog"],"inLanguage":"es","potentialAction":[{"@type":"CommentAction","name":"Comment","target":["https:\/\/rideon.es\/renting-empresas\/evita-multas-y-restricciones-en-2020-alquiler-de-motos-en-barcelona\/#respond"]}]},{"@type":"WebPage","@id":"https:\/\/rideon.es\/renting-empresas\/evita-multas-y-restricciones-en-2020-alquiler-de-motos-en-barcelona\/","url":"https:\/\/rideon.es\/renting-empresas\/evita-multas-y-restricciones-en-2020-alquiler-de-motos-en-barcelona\/","name":"Evita multas y restricciones en 2020: Alquiler de Motos en Barcelona - Alquiler de motos mensual y Renting para Empresas","isPartOf":{"@id":"https:\/\/rideon.es\/renting-empresas\/#website"},"primaryImageOfPage":{"@id":"https:\/\/rideon.es\/renting-empresas\/evita-multas-y-restricciones-en-2020-alquiler-de-motos-en-barcelona\/#primaryimage"},"image":{"@id":"https:\/\/rideon.es\/renting-empresas\/evita-multas-y-restricciones-en-2020-alquiler-de-motos-en-barcelona\/#primaryimage"},"thumbnailUrl":"https:\/\/rideon.es\/renting-empresas\/wp-content\/uploads\/sites\/19\/2020\/02\/barcelona-3226639_1920.jpg","datePublished":"2020-02-05T14:40:29+00:00","inLanguage":"es","potentialAction":[{"@type":"ReadAction","target":["https:\/\/rideon.es\/renting-empresas\/evita-multas-y-restricciones-en-2020-alquiler-de-motos-en-barcelona\/"]}]},{"@type":"ImageObject","inLanguage":"es","@id":"https:\/\/rideon.es\/renting-empresas\/evita-multas-y-restricciones-en-2020-alquiler-de-motos-en-barcelona\/#primaryimage","url":"https:\/\/rideon.es\/renting-empresas\/wp-content\/uploads\/sites\/19\/2020\/02\/barcelona-3226639_1920.jpg","contentUrl":"https:\/\/rideon.es\/renting-empresas\/wp-content\/uploads\/sites\/19\/2020\/02\/barcelona-3226639_1920.jpg","width":1920,"height":974,"caption":"Alquiler de Motos en Barcelona"},{"@type":"WebSite","@id":"https:\/\/rideon.es\/renting-empresas\/#website","url":"https:\/\/rideon.es\/renting-empresas\/","name":"Alquiler de motos mensual y Renting para Empresas","description":"Las motos m\u00e1s c\u00f3modas y seguras para disfrutar de tus vacaciones sobre ruedas. Alquiler de motos en Menorca, Mallorca, Barcelona y Valencia con Rideon.es","publisher":{"@id":"https:\/\/rideon.es\/renting-empresas\/#organization"},"potentialAction":[{"@type":"SearchAction","target":{"@type":"EntryPoint","urlTemplate":"https:\/\/rideon.es\/renting-empresas\/?s={search_term_string}"},"query-input":{"@type":"PropertyValueSpecification","valueRequired":true,"valueName":"search_term_string"}}],"inLanguage":"es"},{"@type":"Organization","@id":"https:\/\/rideon.es\/renting-empresas\/#organization","name":"Alquiler de motos mensual y Renting para Empresas","url":"https:\/\/rideon.es\/renting-empresas\/","logo":{"@type":"ImageObject","inLanguage":"es","@id":"https:\/\/rideon.es\/renting-empresas\/#\/schema\/logo\/image\/","url":"https:\/\/rideon.es\/renting-empresas\/wp-content\/uploads\/sites\/19\/2020\/02\/rideon_logo-200x78-1.png","contentUrl":"https:\/\/rideon.es\/renting-empresas\/wp-content\/uploads\/sites\/19\/2020\/02\/rideon_logo-200x78-1.png","width":200,"height":78,"caption":"Alquiler de motos mensual y Renting para Empresas"},"image":{"@id":"https:\/\/rideon.es\/renting-empresas\/#\/schema\/logo\/image\/"}},{"@type":"Person","@id":"https:\/\/rideon.es\/renting-empresas\/#\/schema\/person\/48d6770e55c623d929bd20ce295611a7","name":"Ride On","image":{"@type":"ImageObject","inLanguage":"es","@id":"https:\/\/secure.gravatar.com\/avatar\/785e72183089da6a00243c0f0e2d52db79b9983b602219afb07c868943086138?s=96&d=mm&r=g","url":"https:\/\/secure.gravatar.com\/avatar\/785e72183089da6a00243c0f0e2d52db79b9983b602219afb07c868943086138?s=96&d=mm&r=g","contentUrl":"https:\/\/secure.gravatar.com\/avatar\/785e72183089da6a00243c0f0e2d52db79b9983b602219afb07c868943086138?s=96&d=mm&r=g","caption":"Ride On"},"url":"https:\/\/rideon.es\/renting-empresas\/author\/eduardoyauri\/"}]}},"_links":{"self":[{"href":"https:\/\/rideon.es\/renting-empresas\/wp-json\/wp\/v2\/posts\/6014","targetHints":{"allow":["GET"]}}],"collection":[{"href":"https:\/\/rideon.es\/renting-empresas\/wp-json\/wp\/v2\/posts"}],"about":[{"href":"https:\/\/rideon.es\/renting-empresas\/wp-json\/wp\/v2\/types\/post"}],"author":[{"embeddable":true,"href":"https:\/\/rideon.es\/renting-empresas\/wp-json\/wp\/v2\/users\/2"}],"replies":[{"embeddable":true,"href":"https:\/\/rideon.es\/renting-empresas\/wp-json\/wp\/v2\/comments?post=6014"}],"version-history":[{"count":0,"href":"https:\/\/rideon.es\/renting-empresas\/wp-json\/wp\/v2\/posts\/6014\/revisions"}],"wp:featuredmedia":[{"embeddable":true,"href":"https:\/\/rideon.es\/renting-empresas\/wp-json\/wp\/v2\/media\/6015"}],"wp:attachment":[{"href":"https:\/\/rideon.es\/renting-empresas\/wp-json\/wp\/v2\/media?parent=6014"}],"wp:term":[{"taxonomy":"category","embeddable":true,"href":"https:\/\/rideon.es\/renting-empresas\/wp-json\/wp\/v2\/categories?post=6014"},{"taxonomy":"post_tag","embeddable":true,"href":"https:\/\/rideon.es\/renting-empresas\/wp-json\/wp\/v2\/tags?post=6014"}],"curies":[{"name":"wp","href":"https:\/\/api.w.org\/{rel}","templated":true}]}}