{"id":5993,"date":"2020-02-03T15:54:35","date_gmt":"2020-02-03T14:54:35","guid":{"rendered":"https:\/\/rideon.es\/?p=5993"},"modified":"2020-02-03T15:54:35","modified_gmt":"2020-02-03T14:54:35","slug":"alquiler-de-motos-en-menorca-renta-motos-electricas","status":"publish","type":"post","link":"https:\/\/rideon.es\/renting-empresas\/alquiler-de-motos-en-menorca-renta-motos-electricas\/","title":{"rendered":"Alquiler de motos en Menorca: Renta motos el\u00e9ctricas"},"content":{"rendered":"<p>Ya sea porque est\u00e1s de visita o porque vives en las Islas Baleares, contar con la opci\u00f3n de alquiler de motos en Menorca puede ser la soluci\u00f3n a un d\u00eda de paseo o incluso, una semana de muchas diligencias.<\/p>\n<p>Asimismo, para muchas personas, transitar en una moto es una opci\u00f3n divertida, fresca y libre que les permite agilidad, completa vista panor\u00e1mica, mayor disfrute del momento y cuando buscan gozar de todo el esplendor de un trayecto, se procura hacerlo con la elecci\u00f3n ecol\u00f3gica posible: Las motos el\u00e9ctricas.<\/p>\n<p>Es por eso que en <a href=\"https:\/\/rideon.es\/\">RideOn<\/a> hemos preparado este art\u00edculo sobre este tipo de motocicletas y por qu\u00e9 siempre ser\u00e1 tu mejor decisi\u00f3n, adem\u00e1s de que podr\u00e1s conocer los dem\u00e1s puntos en Espa\u00f1a donde puedes disfrutar de las grandes ventajas de alquilar motos con nosotros.<\/p>\n<p>Alquiler de motos en Menorca<\/p>\n<p>Nuestros servicios de alquiler de motos en Menorca abarca tambi\u00e9n otros espacios de las Islas Baleares, de Madrid y de Barcelona, convirti\u00e9ndonos por nuestra impecable atenci\u00f3n, en el referente principal sobre motos en Espa\u00f1a.<\/p>\n<p>Actualmente, contamos como una flota s\u00f3lida de motos que pueden ser utilizadas con extrema comodidad y confianza por aquellos motociclistas tradicionales y los m\u00e1s contempor\u00e1neos.<\/p>\n<p>Otra de las ventajas es la agilizaci\u00f3n de los procesos e incluso, contar con que llevemos la motocicleta a hasta tu ubicaci\u00f3n, independientemente donde te encuentres.<\/p>\n<p>Por estas y muchas otras cosas, entendemos lo importante que son las motos el\u00e9ctricas para el medioambiente, ya que no solo nos brindan la misma capacidad motora y agilidad en viajes, sino tambi\u00e9n evitan al 100% la emisi\u00f3n de gases contaminantes mientras disfrutas del trayecto.<\/p>\n<p>Motos el\u00e9ctricas<\/p>\n<p>Aunque se parecen much\u00edsimo a una motocicleta t\u00edpica, el modo de operaci\u00f3n es a base de una bater\u00eda el\u00e9ctrica, en lugar de un motor impulsado por gasolina.<\/p>\n<p>De hecho, en cuestiones de aspectos y potencia, son m\u00e1s grandes y potentes que una motocicleta tradicional, permitiendo que puedas viajar m\u00e1s lejos que un scooter cuando la bater\u00eda est\u00e1 completamente cargada.<\/p>\n<p>Ventajas ecol\u00f3gicas de las motos el\u00e9ctricas<\/p>\n<p>De igual forma que los veh\u00edculos el\u00e9ctricos, las motos el\u00e9ctricas poseen y ofrecen muchos beneficios sobre aquellos medios de transporte que funcionan con gasolina, m\u00e1s espec\u00edficamente en lo relacionado con la contaminaci\u00f3n del aire, la contaminaci\u00f3n ac\u00fastica, la fuente de combustible y el cambio clim\u00e1tico.<\/p>\n<ul>\n<li>No usa combustible sino electricidad, tampoco usan aceite y no emiten ninguno de los gases de escape que causan contaminaci\u00f3n del aire y el tan da\u00f1ino smog que se impregna en la ropa, cortinas de las casas y pulmones.<\/li>\n<li>No se libera di\u00f3xido de carbono (CO2) cuando se usan, por lo que operar una moto el\u00e9ctrica no suma da\u00f1os al cambio clim\u00e1tico.<\/li>\n<li>Puede cargarse durante las horas de menor actividad, aprovechando el exceso de energ\u00eda que generan las empresas de servicios p\u00fablicos en las noches, por lo que no requieren una nueva fuente de combustible.<\/li>\n<li>Casi siempre, una compra o alquiler de moto el\u00e9ctrica es m\u00e1s econ\u00f3mica que aquellos autom\u00f3viles o motocicletas tradicionales a base de gasolina, ya que los motores el\u00e9ctricos son m\u00e1s limpios que los que funcionan con gas y petr\u00f3leo.<\/li>\n<\/ul>\n<p>Adem\u00e1s de todas esas ventajas, es de importante menci\u00f3n comentar que como el estilo y tipo de aceleraci\u00f3n de una moto el\u00e9ctrica, es m\u00e1s silenciosa que una motocicleta que funciona con gasolina.<\/p>\n<p>En efecto, una de las consecuencias que otros conductores se\u00f1alan es que al ser completamente silenciosa, resulta dif\u00edcil por parte de otros conductores notar que un conductor de moto el\u00e9ctrica se encuentra en la carretera.<\/p>\n<p>Bater\u00edas de las motos el\u00e9ctricas<\/p>\n<p>Las bater\u00edas que utilizan este tipo de motocicletas est\u00e1n hechas de iones de litio, hidruro de n\u00edquel metal o \u00e1cido de plomo.<\/p>\n<p>Sin embargo, aquellas bater\u00edas de hidruro de n\u00edquel metal se est\u00e1n eliminando gradualmente del mercado, por lo que podr\u00e1s contar con las opciones de plomo \u00e1cido o de iones de litio.<\/p>\n<p>Sobre estos \u00faltimos, investigaciones realizadas por Alternative Energy eMagazine junto al departamento de investigaci\u00f3n de transporte de Elsevier, Ltd. Rese\u00f1aron que las bater\u00edas de iones de litio son mejores para el medio ambiente de varias maneras.<\/p>\n<p>Bater\u00eda de iones de litio<\/p>\n<p>A diferencia de las bater\u00edas de plomo \u00e1cido que necesitan m\u00e1s materia prima para fabricarse que una de iones de litio, el procesamiento del plomo crea m\u00e1s contaminaci\u00f3n.<\/p>\n<p>As\u00ed como cualquier bater\u00eda que se produce para autom\u00f3viles, el plomo siempre ser\u00e1 m\u00e1s t\u00f3xico para la salud humana. Por eso, es importante utilizar una bater\u00eda de f\u00e1cil reciclaje, recargable y para las motos el\u00e9ctricas, siempre es mejor contar con una bater\u00eda de iones de litio.<\/p>\n<p>Alcance de una moto el\u00e9ctrica<\/p>\n<p>Muchos conductores temen usar una moto el\u00e9ctrica por su desconocimiento en cuanto a alcance y forma de recargar la bater\u00eda.<\/p>\n<p>Pero al conocer que el alcance de una moto el\u00e9ctrica variar\u00e1 entre 40 millas (25 km) a 100 millas (65 km), dependiendo de si la bater\u00eda est\u00e1 completamente cargada, despejan sus dudas iniciales y escogen esta opci\u00f3n.<\/p>\n<p>Por eso, este tipo de motos se convierte en el elemento necesario para hacer largos recorridos de ida y vuelta o, realizar muchas tareas en el d\u00eda dentro de la ciudad.<\/p>\n<p>El tiempo de recarga de la bater\u00eda depende de su tama\u00f1o, pero en casi todos los casos, se puede dejar cargando completamente durante la noche.<\/p>\n<p>Afortunadamente para nuestro mercado, cada vez son m\u00e1s las personas que est\u00e1n optando por alquilar una moto el\u00e9ctrica por encima de una tradicional. Estas motos de la nueva era se han dise\u00f1ado m\u00e1s que para competir con las tradicionales a base de combustible, como una forma de obtener rendimientos de calidad sin impactar negativamente al ambiente.<\/p>\n<p>Y es as\u00ed, como la industria automotriz ecol\u00f3gica ha crecido a lo largo de los a\u00f1os, impresionando a todos los que alguna vez pensaron que no se pod\u00eda tener una opci\u00f3n sin gas ni petr\u00f3leo.<\/p>\n<p>Alquiler de motos en Barcelona<\/p>\n<p>Ya sea para alquiler de motos en Menorca o Barcelona, contar con la posibilidad de disfrutar tus propios recorridos, independientemente del kilometraje que consumas, es sin duda una gran oportunidad que no puedes desperdiciar.<\/p>\n<p>Y si est\u00e1s en este art\u00edculo porque ya est\u00e1s planificando rentar una moto en Barcelona o Menorca, o porque tienes planes de comentarle a alguien m\u00e1s, recuerda que ofrecemos motos completamente nuevas, adem\u00e1s de los cascos gratis durante el tiempo del alquiler.<\/p>\n<p>Tendr\u00e1s adicional la opci\u00f3n de seguridad y asistencia gratis, con entregas en toda la isla (en el caso de Menorca),<\/p>\n<p>Adem\u00e1s, sabemos que existen muchas personas que no tienen acceso a autobuses o veh\u00edculos personales\/compartidos, a pesar de tener que recorrer distancias demasiado largas para caminar o andar en bicicleta.<\/p>\n<p>Por eso, nuestro servicio de alquiler de motocicletas tambi\u00e9n es para todos aquellos que cuenten con la documentaci\u00f3n necesaria pero sin poseer un medio de transporte, y as\u00ed se pueden unir a los millones de personas que disfrutan andar en moto y que los anima hacer un viaje con una opci\u00f3n el\u00e9ctrica.<\/p>\n<p>En general, el alquiler de motos en Menorca lo puedes gestionar f\u00e1cilmente con nosotros y conocer sobre las motocicletas el\u00e9ctricas te brindar\u00e1 m\u00e1s informaci\u00f3n con la que puedas hacer mejores recorridos, consciente de que no est\u00e1s afectando al ambiente.<\/p>\n<p>Para m\u00e1s informaci\u00f3n sobre el alquiler de motos en Barcelona o Menorca, comun\u00edcate al <a href=\"tel:+6494461709\">971 57 69 58<\/a> o escr\u00edbenos a <a href=\"renting@rideon.es%20\">renting@rideon.es<\/a> \u00a1Te atenderemos justo al recibir tu inquietud!<\/p>\n","protected":false},"excerpt":{"rendered":"<p>Ya sea porque est\u00e1s de visita o porque vives en las Islas Baleares, contar con la opci\u00f3n de alquiler de motos en Menorca puede ser la soluci\u00f3n a un d\u00eda de paseo o incluso, una semana de muchas diligencias. Asimismo, para muchas personas, transitar en una moto es una opci\u00f3n divertida, fresca y libre que<\/p>\n","protected":false},"author":2,"featured_media":5994,"comment_status":"open","ping_status":"open","sticky":false,"template":"","format":"standard","meta":{"inline_featured_image":false,"footnotes":""},"categories":[14],"tags":[66],"class_list":["post-5993","post","type-post","status-publish","format-standard","has-post-thumbnail","hentry","category-menorca","tag-motos-electricas"],"yoast_head":"<!-- This site is optimized with the Yoast SEO Premium plugin v18.7 (Yoast SEO v27.5) - https:\/\/yoast.com\/product\/yoast-seo-premium-wordpress\/ -->\n<title>Alquiler de motos en Menorca: Renta motos el\u00e9ctricas - Alquiler de motos mensual y Renting para Empresas<\/title>\n<meta name=\"robots\" content=\"index, follow, max-snippet:-1, max-image-preview:large, max-video-preview:-1\" \/>\n<link rel=\"canonical\" href=\"https:\/\/rideon.es\/renting-empresas\/alquiler-de-motos-en-menorca-renta-motos-electricas\/\" \/>\n<meta property=\"og:locale\" content=\"es_ES\" \/>\n<meta property=\"og:type\" content=\"article\" \/>\n<meta property=\"og:title\" content=\"Alquiler de motos en Menorca: Renta motos el\u00e9ctricas\" \/>\n<meta property=\"og:description\" content=\"Ya sea porque est\u00e1s de visita o porque vives en las Islas Baleares, contar con la opci\u00f3n de alquiler de motos en Menorca puede ser la soluci\u00f3n a un d\u00eda de paseo o incluso, una semana de muchas diligencias. Asimismo, para muchas personas, transitar en una moto es una opci\u00f3n divertida, fresca y libre que\" \/>\n<meta property=\"og:url\" content=\"https:\/\/rideon.es\/renting-empresas\/alquiler-de-motos-en-menorca-renta-motos-electricas\/\" \/>\n<meta property=\"og:site_name\" content=\"Alquiler de motos mensual y Renting para Empresas\" \/>\n<meta property=\"article:published_time\" content=\"2020-02-03T14:54:35+00:00\" \/>\n<meta property=\"og:image\" content=\"https:\/\/rideon.es\/renting-empresas\/wp-content\/uploads\/sites\/19\/2020\/02\/spain-86898_1920.jpg\" \/>\n\t<meta property=\"og:image:width\" content=\"1920\" \/>\n\t<meta property=\"og:image:height\" content=\"985\" \/>\n\t<meta property=\"og:image:type\" content=\"image\/jpeg\" \/>\n<meta name=\"author\" content=\"Ride On\" \/>\n<meta name=\"twitter:card\" content=\"summary_large_image\" \/>\n<meta name=\"twitter:label1\" content=\"Escrito por\" \/>\n\t<meta name=\"twitter:data1\" content=\"Ride On\" \/>\n\t<meta name=\"twitter:label2\" content=\"Tiempo de lectura\" \/>\n\t<meta name=\"twitter:data2\" content=\"7 minutos\" \/>\n<script type=\"application\/ld+json\" class=\"yoast-schema-graph\">{\"@context\":\"https:\\\/\\\/schema.org\",\"@graph\":[{\"@type\":\"Article\",\"@id\":\"https:\\\/\\\/rideon.es\\\/renting-empresas\\\/alquiler-de-motos-en-menorca-renta-motos-electricas\\\/#article\",\"isPartOf\":{\"@id\":\"https:\\\/\\\/rideon.es\\\/renting-empresas\\\/alquiler-de-motos-en-menorca-renta-motos-electricas\\\/\"},\"author\":{\"name\":\"Ride On\",\"@id\":\"https:\\\/\\\/rideon.es\\\/renting-empresas\\\/#\\\/schema\\\/person\\\/48d6770e55c623d929bd20ce295611a7\"},\"headline\":\"Alquiler de motos en Menorca: Renta motos el\u00e9ctricas\",\"datePublished\":\"2020-02-03T14:54:35+00:00\",\"mainEntityOfPage\":{\"@id\":\"https:\\\/\\\/rideon.es\\\/renting-empresas\\\/alquiler-de-motos-en-menorca-renta-motos-electricas\\\/\"},\"wordCount\":1351,\"commentCount\":0,\"publisher\":{\"@id\":\"https:\\\/\\\/rideon.es\\\/renting-empresas\\\/#organization\"},\"image\":{\"@id\":\"https:\\\/\\\/rideon.es\\\/renting-empresas\\\/alquiler-de-motos-en-menorca-renta-motos-electricas\\\/#primaryimage\"},\"thumbnailUrl\":\"https:\\\/\\\/rideon.es\\\/renting-empresas\\\/wp-content\\\/uploads\\\/sites\\\/19\\\/2020\\\/02\\\/spain-86898_1920.jpg\",\"keywords\":[\"motos electricas\"],\"articleSection\":[\"Menorca\"],\"inLanguage\":\"es\",\"potentialAction\":[{\"@type\":\"CommentAction\",\"name\":\"Comment\",\"target\":[\"https:\\\/\\\/rideon.es\\\/renting-empresas\\\/alquiler-de-motos-en-menorca-renta-motos-electricas\\\/#respond\"]}]},{\"@type\":\"WebPage\",\"@id\":\"https:\\\/\\\/rideon.es\\\/renting-empresas\\\/alquiler-de-motos-en-menorca-renta-motos-electricas\\\/\",\"url\":\"https:\\\/\\\/rideon.es\\\/renting-empresas\\\/alquiler-de-motos-en-menorca-renta-motos-electricas\\\/\",\"name\":\"Alquiler de motos en Menorca: Renta motos el\u00e9ctricas - Alquiler de motos mensual y Renting para Empresas\",\"isPartOf\":{\"@id\":\"https:\\\/\\\/rideon.es\\\/renting-empresas\\\/#website\"},\"primaryImageOfPage\":{\"@id\":\"https:\\\/\\\/rideon.es\\\/renting-empresas\\\/alquiler-de-motos-en-menorca-renta-motos-electricas\\\/#primaryimage\"},\"image\":{\"@id\":\"https:\\\/\\\/rideon.es\\\/renting-empresas\\\/alquiler-de-motos-en-menorca-renta-motos-electricas\\\/#primaryimage\"},\"thumbnailUrl\":\"https:\\\/\\\/rideon.es\\\/renting-empresas\\\/wp-content\\\/uploads\\\/sites\\\/19\\\/2020\\\/02\\\/spain-86898_1920.jpg\",\"datePublished\":\"2020-02-03T14:54:35+00:00\",\"inLanguage\":\"es\",\"potentialAction\":[{\"@type\":\"ReadAction\",\"target\":[\"https:\\\/\\\/rideon.es\\\/renting-empresas\\\/alquiler-de-motos-en-menorca-renta-motos-electricas\\\/\"]}]},{\"@type\":\"ImageObject\",\"inLanguage\":\"es\",\"@id\":\"https:\\\/\\\/rideon.es\\\/renting-empresas\\\/alquiler-de-motos-en-menorca-renta-motos-electricas\\\/#primaryimage\",\"url\":\"https:\\\/\\\/rideon.es\\\/renting-empresas\\\/wp-content\\\/uploads\\\/sites\\\/19\\\/2020\\\/02\\\/spain-86898_1920.jpg\",\"contentUrl\":\"https:\\\/\\\/rideon.es\\\/renting-empresas\\\/wp-content\\\/uploads\\\/sites\\\/19\\\/2020\\\/02\\\/spain-86898_1920.jpg\",\"width\":1920,\"height\":985},{\"@type\":\"WebSite\",\"@id\":\"https:\\\/\\\/rideon.es\\\/renting-empresas\\\/#website\",\"url\":\"https:\\\/\\\/rideon.es\\\/renting-empresas\\\/\",\"name\":\"Alquiler de motos mensual y Renting para Empresas\",\"description\":\"Las motos m\u00e1s c\u00f3modas y seguras para disfrutar de tus vacaciones sobre ruedas. Alquiler de motos en Menorca, Mallorca, Barcelona y Valencia con Rideon.es\",\"publisher\":{\"@id\":\"https:\\\/\\\/rideon.es\\\/renting-empresas\\\/#organization\"},\"potentialAction\":[{\"@type\":\"SearchAction\",\"target\":{\"@type\":\"EntryPoint\",\"urlTemplate\":\"https:\\\/\\\/rideon.es\\\/renting-empresas\\\/?s={search_term_string}\"},\"query-input\":{\"@type\":\"PropertyValueSpecification\",\"valueRequired\":true,\"valueName\":\"search_term_string\"}}],\"inLanguage\":\"es\"},{\"@type\":\"Organization\",\"@id\":\"https:\\\/\\\/rideon.es\\\/renting-empresas\\\/#organization\",\"name\":\"Alquiler de motos mensual y Renting para Empresas\",\"url\":\"https:\\\/\\\/rideon.es\\\/renting-empresas\\\/\",\"logo\":{\"@type\":\"ImageObject\",\"inLanguage\":\"es\",\"@id\":\"https:\\\/\\\/rideon.es\\\/renting-empresas\\\/#\\\/schema\\\/logo\\\/image\\\/\",\"url\":\"https:\\\/\\\/rideon.es\\\/renting-empresas\\\/wp-content\\\/uploads\\\/sites\\\/19\\\/2020\\\/02\\\/rideon_logo-200x78-1.png\",\"contentUrl\":\"https:\\\/\\\/rideon.es\\\/renting-empresas\\\/wp-content\\\/uploads\\\/sites\\\/19\\\/2020\\\/02\\\/rideon_logo-200x78-1.png\",\"width\":200,\"height\":78,\"caption\":\"Alquiler de motos mensual y Renting para Empresas\"},\"image\":{\"@id\":\"https:\\\/\\\/rideon.es\\\/renting-empresas\\\/#\\\/schema\\\/logo\\\/image\\\/\"}},{\"@type\":\"Person\",\"@id\":\"https:\\\/\\\/rideon.es\\\/renting-empresas\\\/#\\\/schema\\\/person\\\/48d6770e55c623d929bd20ce295611a7\",\"name\":\"Ride On\",\"image\":{\"@type\":\"ImageObject\",\"inLanguage\":\"es\",\"@id\":\"https:\\\/\\\/secure.gravatar.com\\\/avatar\\\/785e72183089da6a00243c0f0e2d52db79b9983b602219afb07c868943086138?s=96&d=mm&r=g\",\"url\":\"https:\\\/\\\/secure.gravatar.com\\\/avatar\\\/785e72183089da6a00243c0f0e2d52db79b9983b602219afb07c868943086138?s=96&d=mm&r=g\",\"contentUrl\":\"https:\\\/\\\/secure.gravatar.com\\\/avatar\\\/785e72183089da6a00243c0f0e2d52db79b9983b602219afb07c868943086138?s=96&d=mm&r=g\",\"caption\":\"Ride On\"},\"url\":\"https:\\\/\\\/rideon.es\\\/renting-empresas\\\/author\\\/eduardoyauri\\\/\"}]}<\/script>\n<!-- \/ Yoast SEO Premium plugin. -->","yoast_head_json":{"title":"Alquiler de motos en Menorca: Renta motos el\u00e9ctricas - Alquiler de motos mensual y Renting para Empresas","robots":{"index":"index","follow":"follow","max-snippet":"max-snippet:-1","max-image-preview":"max-image-preview:large","max-video-preview":"max-video-preview:-1"},"canonical":"https:\/\/rideon.es\/renting-empresas\/alquiler-de-motos-en-menorca-renta-motos-electricas\/","og_locale":"es_ES","og_type":"article","og_title":"Alquiler de motos en Menorca: Renta motos el\u00e9ctricas","og_description":"Ya sea porque est\u00e1s de visita o porque vives en las Islas Baleares, contar con la opci\u00f3n de alquiler de motos en Menorca puede ser la soluci\u00f3n a un d\u00eda de paseo o incluso, una semana de muchas diligencias. Asimismo, para muchas personas, transitar en una moto es una opci\u00f3n divertida, fresca y libre que","og_url":"https:\/\/rideon.es\/renting-empresas\/alquiler-de-motos-en-menorca-renta-motos-electricas\/","og_site_name":"Alquiler de motos mensual y Renting para Empresas","article_published_time":"2020-02-03T14:54:35+00:00","og_image":[{"width":1920,"height":985,"url":"https:\/\/rideon.es\/renting-empresas\/wp-content\/uploads\/sites\/19\/2020\/02\/spain-86898_1920.jpg","type":"image\/jpeg"}],"author":"Ride On","twitter_card":"summary_large_image","twitter_misc":{"Escrito por":"Ride On","Tiempo de lectura":"7 minutos"},"schema":{"@context":"https:\/\/schema.org","@graph":[{"@type":"Article","@id":"https:\/\/rideon.es\/renting-empresas\/alquiler-de-motos-en-menorca-renta-motos-electricas\/#article","isPartOf":{"@id":"https:\/\/rideon.es\/renting-empresas\/alquiler-de-motos-en-menorca-renta-motos-electricas\/"},"author":{"name":"Ride On","@id":"https:\/\/rideon.es\/renting-empresas\/#\/schema\/person\/48d6770e55c623d929bd20ce295611a7"},"headline":"Alquiler de motos en Menorca: Renta motos el\u00e9ctricas","datePublished":"2020-02-03T14:54:35+00:00","mainEntityOfPage":{"@id":"https:\/\/rideon.es\/renting-empresas\/alquiler-de-motos-en-menorca-renta-motos-electricas\/"},"wordCount":1351,"commentCount":0,"publisher":{"@id":"https:\/\/rideon.es\/renting-empresas\/#organization"},"image":{"@id":"https:\/\/rideon.es\/renting-empresas\/alquiler-de-motos-en-menorca-renta-motos-electricas\/#primaryimage"},"thumbnailUrl":"https:\/\/rideon.es\/renting-empresas\/wp-content\/uploads\/sites\/19\/2020\/02\/spain-86898_1920.jpg","keywords":["motos electricas"],"articleSection":["Menorca"],"inLanguage":"es","potentialAction":[{"@type":"CommentAction","name":"Comment","target":["https:\/\/rideon.es\/renting-empresas\/alquiler-de-motos-en-menorca-renta-motos-electricas\/#respond"]}]},{"@type":"WebPage","@id":"https:\/\/rideon.es\/renting-empresas\/alquiler-de-motos-en-menorca-renta-motos-electricas\/","url":"https:\/\/rideon.es\/renting-empresas\/alquiler-de-motos-en-menorca-renta-motos-electricas\/","name":"Alquiler de motos en Menorca: Renta motos el\u00e9ctricas - Alquiler de motos mensual y Renting para Empresas","isPartOf":{"@id":"https:\/\/rideon.es\/renting-empresas\/#website"},"primaryImageOfPage":{"@id":"https:\/\/rideon.es\/renting-empresas\/alquiler-de-motos-en-menorca-renta-motos-electricas\/#primaryimage"},"image":{"@id":"https:\/\/rideon.es\/renting-empresas\/alquiler-de-motos-en-menorca-renta-motos-electricas\/#primaryimage"},"thumbnailUrl":"https:\/\/rideon.es\/renting-empresas\/wp-content\/uploads\/sites\/19\/2020\/02\/spain-86898_1920.jpg","datePublished":"2020-02-03T14:54:35+00:00","inLanguage":"es","potentialAction":[{"@type":"ReadAction","target":["https:\/\/rideon.es\/renting-empresas\/alquiler-de-motos-en-menorca-renta-motos-electricas\/"]}]},{"@type":"ImageObject","inLanguage":"es","@id":"https:\/\/rideon.es\/renting-empresas\/alquiler-de-motos-en-menorca-renta-motos-electricas\/#primaryimage","url":"https:\/\/rideon.es\/renting-empresas\/wp-content\/uploads\/sites\/19\/2020\/02\/spain-86898_1920.jpg","contentUrl":"https:\/\/rideon.es\/renting-empresas\/wp-content\/uploads\/sites\/19\/2020\/02\/spain-86898_1920.jpg","width":1920,"height":985},{"@type":"WebSite","@id":"https:\/\/rideon.es\/renting-empresas\/#website","url":"https:\/\/rideon.es\/renting-empresas\/","name":"Alquiler de motos mensual y Renting para Empresas","description":"Las motos m\u00e1s c\u00f3modas y seguras para disfrutar de tus vacaciones sobre ruedas. Alquiler de motos en Menorca, Mallorca, Barcelona y Valencia con Rideon.es","publisher":{"@id":"https:\/\/rideon.es\/renting-empresas\/#organization"},"potentialAction":[{"@type":"SearchAction","target":{"@type":"EntryPoint","urlTemplate":"https:\/\/rideon.es\/renting-empresas\/?s={search_term_string}"},"query-input":{"@type":"PropertyValueSpecification","valueRequired":true,"valueName":"search_term_string"}}],"inLanguage":"es"},{"@type":"Organization","@id":"https:\/\/rideon.es\/renting-empresas\/#organization","name":"Alquiler de motos mensual y Renting para Empresas","url":"https:\/\/rideon.es\/renting-empresas\/","logo":{"@type":"ImageObject","inLanguage":"es","@id":"https:\/\/rideon.es\/renting-empresas\/#\/schema\/logo\/image\/","url":"https:\/\/rideon.es\/renting-empresas\/wp-content\/uploads\/sites\/19\/2020\/02\/rideon_logo-200x78-1.png","contentUrl":"https:\/\/rideon.es\/renting-empresas\/wp-content\/uploads\/sites\/19\/2020\/02\/rideon_logo-200x78-1.png","width":200,"height":78,"caption":"Alquiler de motos mensual y Renting para Empresas"},"image":{"@id":"https:\/\/rideon.es\/renting-empresas\/#\/schema\/logo\/image\/"}},{"@type":"Person","@id":"https:\/\/rideon.es\/renting-empresas\/#\/schema\/person\/48d6770e55c623d929bd20ce295611a7","name":"Ride On","image":{"@type":"ImageObject","inLanguage":"es","@id":"https:\/\/secure.gravatar.com\/avatar\/785e72183089da6a00243c0f0e2d52db79b9983b602219afb07c868943086138?s=96&d=mm&r=g","url":"https:\/\/secure.gravatar.com\/avatar\/785e72183089da6a00243c0f0e2d52db79b9983b602219afb07c868943086138?s=96&d=mm&r=g","contentUrl":"https:\/\/secure.gravatar.com\/avatar\/785e72183089da6a00243c0f0e2d52db79b9983b602219afb07c868943086138?s=96&d=mm&r=g","caption":"Ride On"},"url":"https:\/\/rideon.es\/renting-empresas\/author\/eduardoyauri\/"}]}},"_links":{"self":[{"href":"https:\/\/rideon.es\/renting-empresas\/wp-json\/wp\/v2\/posts\/5993","targetHints":{"allow":["GET"]}}],"collection":[{"href":"https:\/\/rideon.es\/renting-empresas\/wp-json\/wp\/v2\/posts"}],"about":[{"href":"https:\/\/rideon.es\/renting-empresas\/wp-json\/wp\/v2\/types\/post"}],"author":[{"embeddable":true,"href":"https:\/\/rideon.es\/renting-empresas\/wp-json\/wp\/v2\/users\/2"}],"replies":[{"embeddable":true,"href":"https:\/\/rideon.es\/renting-empresas\/wp-json\/wp\/v2\/comments?post=5993"}],"version-history":[{"count":0,"href":"https:\/\/rideon.es\/renting-empresas\/wp-json\/wp\/v2\/posts\/5993\/revisions"}],"wp:featuredmedia":[{"embeddable":true,"href":"https:\/\/rideon.es\/renting-empresas\/wp-json\/wp\/v2\/media\/5994"}],"wp:attachment":[{"href":"https:\/\/rideon.es\/renting-empresas\/wp-json\/wp\/v2\/media?parent=5993"}],"wp:term":[{"taxonomy":"category","embeddable":true,"href":"https:\/\/rideon.es\/renting-empresas\/wp-json\/wp\/v2\/categories?post=5993"},{"taxonomy":"post_tag","embeddable":true,"href":"https:\/\/rideon.es\/renting-empresas\/wp-json\/wp\/v2\/tags?post=5993"}],"curies":[{"name":"wp","href":"https:\/\/api.w.org\/{rel}","templated":true}]}}