{"id":5845,"date":"2020-01-22T15:11:04","date_gmt":"2020-01-22T14:11:04","guid":{"rendered":"https:\/\/rideon.es\/?p=5845"},"modified":"2020-01-22T15:11:04","modified_gmt":"2020-01-22T14:11:04","slug":"mallorca-el-mejor-lugar-para-alquilar-tu-moto","status":"publish","type":"post","link":"https:\/\/rideon.es\/renting-empresas\/mallorca-el-mejor-lugar-para-alquilar-tu-moto\/","title":{"rendered":"Mallorca: El Mejor Lugar para Alquilar tu Moto"},"content":{"rendered":"<p>Mallorca es la isla m\u00e1s grande del archipi\u00e9lago de Balear. Tambi\u00e9n es la m\u00e1s grande y la segunda m\u00e1s poblada de Espa\u00f1a. Es conocida como <em>La isla de la calma, <\/em>debido a su tranquilidad, por esta raz\u00f3n es uno de los lugares m\u00e1s elegidos por los turistas para ir y pasar un rato diferente.<\/p>\n<p>Sabemos que es divertido ir a pasar un rato conociendo tierras nuevas. Sin embargo, a veces son muy costosos los alquileres de veh\u00edculos en las agencias y te exigen algunos requisitos tediosos para el alquiler. Ya no tendr\u00e1s que preocuparte por esas cosas porque en nuestra p\u00e1gina web <a href=\"https:\/\/rideon.es\/\">Ride On<\/a> podr\u00e1s encontrar los mejores alquileres de motos en Mallorca.<\/p>\n<h2>\u00bfC\u00f3mo alquilar una moto en Mallorca?<\/h2>\n<p>Esta isla lo tiene todo, mezcla incre\u00edbles paisajes desde playas hasta espacios amplios que son usados para la agricultura. Muchos de los lugares que podremos encontrar en Mallorca incluso contienen mucha historia romana, cristiana y \u00e1rabe, por lo que ser\u00e1 una gran opci\u00f3n para tus vacaciones.<\/p>\n<p>Ahora, quiz\u00e1 te est\u00e1s preguntando como poder ir tranquilamente de un lugar a otro sin la necesidad de gastar tanto dinero en transporte. La mejor opci\u00f3n es tener en cuenta el <strong>alquiler de motos <\/strong>donde podr\u00e1s encontrar una gran variedad de motocicletas y, tambi\u00e9n, disfrutar\u00e1s de los mejores precios.<\/p>\n<p>En RideOn tenemos dos opciones para ti, el <strong>alquiler de motos<\/strong> por d\u00edas o a largo plazo. Con la primera opci\u00f3n tienes la oportunidad de rentar, por d\u00eda, s\u00f3lo deber\u00e1s hacer la reserva para la fecha en que la necesitas y hora y \u00a1listo! Lo que resta es que la busques en uno de los puntos autorizados y podr\u00e1s usarla. Ahora, si te quedas por un tiempo mayor la opci\u00f3n de largo plazo ser\u00e1 la m\u00e1s indicada. Aqu\u00ed podr\u00e1s disfrutar de la moto por un tiempo mayor, s\u00f3lo dinos cu\u00e1ndo la necesitaras y selecciona la moto que m\u00e1s te guste, sin ning\u00fan tipo de cuotas adicionales y con seguro incluido.<\/p>\n<p>En RideOn queremos asegurarte un viaje seguro y tranquilo para que puedas disfrutar de tus vacaciones o nuestros servicios.<\/p>\n","protected":false},"excerpt":{"rendered":"<p>Mallorca es la isla m\u00e1s grande del archipi\u00e9lago de Balear. Tambi\u00e9n es la m\u00e1s grande y la segunda m\u00e1s poblada de Espa\u00f1a. Es conocida como La isla de la calma, debido a su tranquilidad, por esta raz\u00f3n es uno de los lugares m\u00e1s elegidos por los turistas para ir y pasar un rato diferente. Sabemos<\/p>\n","protected":false},"author":2,"featured_media":5846,"comment_status":"open","ping_status":"open","sticky":false,"template":"","format":"standard","meta":{"inline_featured_image":false,"footnotes":""},"categories":[11],"tags":[64,65],"class_list":["post-5845","post","type-post","status-publish","format-standard","has-post-thumbnail","hentry","category-mallorca","tag-alquiler-moto-mallorca","tag-alquileres-de-motos-en-mallorca"],"yoast_head":"<!-- This site is optimized with the Yoast SEO Premium plugin v18.7 (Yoast SEO v27.5) - https:\/\/yoast.com\/product\/yoast-seo-premium-wordpress\/ -->\n<title>Mallorca: El Mejor Lugar para Alquilar tu Moto<\/title>\n<meta name=\"description\" content=\"Ya no tendr\u00e1s que preocuparte por esas cosas porque en nuestra p\u00e1gina web Ride On podr\u00e1s encontrar los mejores alquileres de motos en Mallorca.\" \/>\n<meta name=\"robots\" content=\"index, follow, max-snippet:-1, max-image-preview:large, max-video-preview:-1\" \/>\n<link rel=\"canonical\" href=\"https:\/\/rideon.es\/renting-empresas\/mallorca-el-mejor-lugar-para-alquilar-tu-moto\/\" \/>\n<meta property=\"og:locale\" content=\"es_ES\" \/>\n<meta property=\"og:type\" content=\"article\" \/>\n<meta property=\"og:title\" content=\"Mallorca: El Mejor Lugar para Alquilar tu Moto\" \/>\n<meta property=\"og:description\" content=\"Ya no tendr\u00e1s que preocuparte por esas cosas porque en nuestra p\u00e1gina web Ride On podr\u00e1s encontrar los mejores alquileres de motos en Mallorca.\" \/>\n<meta property=\"og:url\" content=\"https:\/\/rideon.es\/renting-empresas\/mallorca-el-mejor-lugar-para-alquilar-tu-moto\/\" \/>\n<meta property=\"og:site_name\" content=\"Alquiler de motos mensual y Renting para Empresas\" \/>\n<meta property=\"article:published_time\" content=\"2020-01-22T14:11:04+00:00\" \/>\n<meta property=\"og:image\" content=\"https:\/\/rideon.es\/renting-empresas\/wp-content\/uploads\/sites\/19\/2020\/01\/mallorca-houses-1452189813ejk.jpg\" \/>\n\t<meta property=\"og:image:width\" content=\"1920\" \/>\n\t<meta property=\"og:image:height\" content=\"1280\" \/>\n\t<meta property=\"og:image:type\" content=\"image\/jpeg\" \/>\n<meta name=\"author\" content=\"Ride On\" \/>\n<meta name=\"twitter:card\" content=\"summary_large_image\" \/>\n<meta name=\"twitter:label1\" content=\"Escrito por\" \/>\n\t<meta name=\"twitter:data1\" content=\"Ride On\" \/>\n\t<meta name=\"twitter:label2\" content=\"Tiempo de lectura\" \/>\n\t<meta name=\"twitter:data2\" content=\"2 minutos\" \/>\n<script type=\"application\/ld+json\" class=\"yoast-schema-graph\">{\"@context\":\"https:\\\/\\\/schema.org\",\"@graph\":[{\"@type\":\"Article\",\"@id\":\"https:\\\/\\\/rideon.es\\\/renting-empresas\\\/mallorca-el-mejor-lugar-para-alquilar-tu-moto\\\/#article\",\"isPartOf\":{\"@id\":\"https:\\\/\\\/rideon.es\\\/renting-empresas\\\/mallorca-el-mejor-lugar-para-alquilar-tu-moto\\\/\"},\"author\":{\"name\":\"Ride On\",\"@id\":\"https:\\\/\\\/rideon.es\\\/renting-empresas\\\/#\\\/schema\\\/person\\\/48d6770e55c623d929bd20ce295611a7\"},\"headline\":\"Mallorca: El Mejor Lugar para Alquilar tu Moto\",\"datePublished\":\"2020-01-22T14:11:04+00:00\",\"mainEntityOfPage\":{\"@id\":\"https:\\\/\\\/rideon.es\\\/renting-empresas\\\/mallorca-el-mejor-lugar-para-alquilar-tu-moto\\\/\"},\"wordCount\":384,\"commentCount\":0,\"publisher\":{\"@id\":\"https:\\\/\\\/rideon.es\\\/renting-empresas\\\/#organization\"},\"image\":{\"@id\":\"https:\\\/\\\/rideon.es\\\/renting-empresas\\\/mallorca-el-mejor-lugar-para-alquilar-tu-moto\\\/#primaryimage\"},\"thumbnailUrl\":\"https:\\\/\\\/rideon.es\\\/renting-empresas\\\/wp-content\\\/uploads\\\/sites\\\/19\\\/2020\\\/01\\\/mallorca-houses-1452189813ejk.jpg\",\"keywords\":[\"alquiler moto Mallorca\",\"alquileres de motos en Mallorca\"],\"articleSection\":[\"Mallorca\"],\"inLanguage\":\"es\",\"potentialAction\":[{\"@type\":\"CommentAction\",\"name\":\"Comment\",\"target\":[\"https:\\\/\\\/rideon.es\\\/renting-empresas\\\/mallorca-el-mejor-lugar-para-alquilar-tu-moto\\\/#respond\"]}]},{\"@type\":\"WebPage\",\"@id\":\"https:\\\/\\\/rideon.es\\\/renting-empresas\\\/mallorca-el-mejor-lugar-para-alquilar-tu-moto\\\/\",\"url\":\"https:\\\/\\\/rideon.es\\\/renting-empresas\\\/mallorca-el-mejor-lugar-para-alquilar-tu-moto\\\/\",\"name\":\"Mallorca: El Mejor Lugar para Alquilar tu Moto\",\"isPartOf\":{\"@id\":\"https:\\\/\\\/rideon.es\\\/renting-empresas\\\/#website\"},\"primaryImageOfPage\":{\"@id\":\"https:\\\/\\\/rideon.es\\\/renting-empresas\\\/mallorca-el-mejor-lugar-para-alquilar-tu-moto\\\/#primaryimage\"},\"image\":{\"@id\":\"https:\\\/\\\/rideon.es\\\/renting-empresas\\\/mallorca-el-mejor-lugar-para-alquilar-tu-moto\\\/#primaryimage\"},\"thumbnailUrl\":\"https:\\\/\\\/rideon.es\\\/renting-empresas\\\/wp-content\\\/uploads\\\/sites\\\/19\\\/2020\\\/01\\\/mallorca-houses-1452189813ejk.jpg\",\"datePublished\":\"2020-01-22T14:11:04+00:00\",\"description\":\"Ya no tendr\u00e1s que preocuparte por esas cosas porque en nuestra p\u00e1gina web Ride On podr\u00e1s encontrar los mejores alquileres de motos en Mallorca.\",\"inLanguage\":\"es\",\"potentialAction\":[{\"@type\":\"ReadAction\",\"target\":[\"https:\\\/\\\/rideon.es\\\/renting-empresas\\\/mallorca-el-mejor-lugar-para-alquilar-tu-moto\\\/\"]}]},{\"@type\":\"ImageObject\",\"inLanguage\":\"es\",\"@id\":\"https:\\\/\\\/rideon.es\\\/renting-empresas\\\/mallorca-el-mejor-lugar-para-alquilar-tu-moto\\\/#primaryimage\",\"url\":\"https:\\\/\\\/rideon.es\\\/renting-empresas\\\/wp-content\\\/uploads\\\/sites\\\/19\\\/2020\\\/01\\\/mallorca-houses-1452189813ejk.jpg\",\"contentUrl\":\"https:\\\/\\\/rideon.es\\\/renting-empresas\\\/wp-content\\\/uploads\\\/sites\\\/19\\\/2020\\\/01\\\/mallorca-houses-1452189813ejk.jpg\",\"width\":1920,\"height\":1280},{\"@type\":\"WebSite\",\"@id\":\"https:\\\/\\\/rideon.es\\\/renting-empresas\\\/#website\",\"url\":\"https:\\\/\\\/rideon.es\\\/renting-empresas\\\/\",\"name\":\"Alquiler de motos mensual y Renting para Empresas\",\"description\":\"Las motos m\u00e1s c\u00f3modas y seguras para disfrutar de tus vacaciones sobre ruedas. Alquiler de motos en Menorca, Mallorca, Barcelona y Valencia con Rideon.es\",\"publisher\":{\"@id\":\"https:\\\/\\\/rideon.es\\\/renting-empresas\\\/#organization\"},\"potentialAction\":[{\"@type\":\"SearchAction\",\"target\":{\"@type\":\"EntryPoint\",\"urlTemplate\":\"https:\\\/\\\/rideon.es\\\/renting-empresas\\\/?s={search_term_string}\"},\"query-input\":{\"@type\":\"PropertyValueSpecification\",\"valueRequired\":true,\"valueName\":\"search_term_string\"}}],\"inLanguage\":\"es\"},{\"@type\":\"Organization\",\"@id\":\"https:\\\/\\\/rideon.es\\\/renting-empresas\\\/#organization\",\"name\":\"Alquiler de motos mensual y Renting para Empresas\",\"url\":\"https:\\\/\\\/rideon.es\\\/renting-empresas\\\/\",\"logo\":{\"@type\":\"ImageObject\",\"inLanguage\":\"es\",\"@id\":\"https:\\\/\\\/rideon.es\\\/renting-empresas\\\/#\\\/schema\\\/logo\\\/image\\\/\",\"url\":\"https:\\\/\\\/rideon.es\\\/renting-empresas\\\/wp-content\\\/uploads\\\/sites\\\/19\\\/2020\\\/02\\\/rideon_logo-200x78-1.png\",\"contentUrl\":\"https:\\\/\\\/rideon.es\\\/renting-empresas\\\/wp-content\\\/uploads\\\/sites\\\/19\\\/2020\\\/02\\\/rideon_logo-200x78-1.png\",\"width\":200,\"height\":78,\"caption\":\"Alquiler de motos mensual y Renting para Empresas\"},\"image\":{\"@id\":\"https:\\\/\\\/rideon.es\\\/renting-empresas\\\/#\\\/schema\\\/logo\\\/image\\\/\"}},{\"@type\":\"Person\",\"@id\":\"https:\\\/\\\/rideon.es\\\/renting-empresas\\\/#\\\/schema\\\/person\\\/48d6770e55c623d929bd20ce295611a7\",\"name\":\"Ride On\",\"image\":{\"@type\":\"ImageObject\",\"inLanguage\":\"es\",\"@id\":\"https:\\\/\\\/secure.gravatar.com\\\/avatar\\\/785e72183089da6a00243c0f0e2d52db79b9983b602219afb07c868943086138?s=96&d=mm&r=g\",\"url\":\"https:\\\/\\\/secure.gravatar.com\\\/avatar\\\/785e72183089da6a00243c0f0e2d52db79b9983b602219afb07c868943086138?s=96&d=mm&r=g\",\"contentUrl\":\"https:\\\/\\\/secure.gravatar.com\\\/avatar\\\/785e72183089da6a00243c0f0e2d52db79b9983b602219afb07c868943086138?s=96&d=mm&r=g\",\"caption\":\"Ride On\"},\"url\":\"https:\\\/\\\/rideon.es\\\/renting-empresas\\\/author\\\/eduardoyauri\\\/\"}]}<\/script>\n<!-- \/ Yoast SEO Premium plugin. -->","yoast_head_json":{"title":"Mallorca: El Mejor Lugar para Alquilar tu Moto","description":"Ya no tendr\u00e1s que preocuparte por esas cosas porque en nuestra p\u00e1gina web Ride On podr\u00e1s encontrar los mejores alquileres de motos en Mallorca.","robots":{"index":"index","follow":"follow","max-snippet":"max-snippet:-1","max-image-preview":"max-image-preview:large","max-video-preview":"max-video-preview:-1"},"canonical":"https:\/\/rideon.es\/renting-empresas\/mallorca-el-mejor-lugar-para-alquilar-tu-moto\/","og_locale":"es_ES","og_type":"article","og_title":"Mallorca: El Mejor Lugar para Alquilar tu Moto","og_description":"Ya no tendr\u00e1s que preocuparte por esas cosas porque en nuestra p\u00e1gina web Ride On podr\u00e1s encontrar los mejores alquileres de motos en Mallorca.","og_url":"https:\/\/rideon.es\/renting-empresas\/mallorca-el-mejor-lugar-para-alquilar-tu-moto\/","og_site_name":"Alquiler de motos mensual y Renting para Empresas","article_published_time":"2020-01-22T14:11:04+00:00","og_image":[{"width":1920,"height":1280,"url":"https:\/\/rideon.es\/renting-empresas\/wp-content\/uploads\/sites\/19\/2020\/01\/mallorca-houses-1452189813ejk.jpg","type":"image\/jpeg"}],"author":"Ride On","twitter_card":"summary_large_image","twitter_misc":{"Escrito por":"Ride On","Tiempo de lectura":"2 minutos"},"schema":{"@context":"https:\/\/schema.org","@graph":[{"@type":"Article","@id":"https:\/\/rideon.es\/renting-empresas\/mallorca-el-mejor-lugar-para-alquilar-tu-moto\/#article","isPartOf":{"@id":"https:\/\/rideon.es\/renting-empresas\/mallorca-el-mejor-lugar-para-alquilar-tu-moto\/"},"author":{"name":"Ride On","@id":"https:\/\/rideon.es\/renting-empresas\/#\/schema\/person\/48d6770e55c623d929bd20ce295611a7"},"headline":"Mallorca: El Mejor Lugar para Alquilar tu Moto","datePublished":"2020-01-22T14:11:04+00:00","mainEntityOfPage":{"@id":"https:\/\/rideon.es\/renting-empresas\/mallorca-el-mejor-lugar-para-alquilar-tu-moto\/"},"wordCount":384,"commentCount":0,"publisher":{"@id":"https:\/\/rideon.es\/renting-empresas\/#organization"},"image":{"@id":"https:\/\/rideon.es\/renting-empresas\/mallorca-el-mejor-lugar-para-alquilar-tu-moto\/#primaryimage"},"thumbnailUrl":"https:\/\/rideon.es\/renting-empresas\/wp-content\/uploads\/sites\/19\/2020\/01\/mallorca-houses-1452189813ejk.jpg","keywords":["alquiler moto Mallorca","alquileres de motos en Mallorca"],"articleSection":["Mallorca"],"inLanguage":"es","potentialAction":[{"@type":"CommentAction","name":"Comment","target":["https:\/\/rideon.es\/renting-empresas\/mallorca-el-mejor-lugar-para-alquilar-tu-moto\/#respond"]}]},{"@type":"WebPage","@id":"https:\/\/rideon.es\/renting-empresas\/mallorca-el-mejor-lugar-para-alquilar-tu-moto\/","url":"https:\/\/rideon.es\/renting-empresas\/mallorca-el-mejor-lugar-para-alquilar-tu-moto\/","name":"Mallorca: El Mejor Lugar para Alquilar tu Moto","isPartOf":{"@id":"https:\/\/rideon.es\/renting-empresas\/#website"},"primaryImageOfPage":{"@id":"https:\/\/rideon.es\/renting-empresas\/mallorca-el-mejor-lugar-para-alquilar-tu-moto\/#primaryimage"},"image":{"@id":"https:\/\/rideon.es\/renting-empresas\/mallorca-el-mejor-lugar-para-alquilar-tu-moto\/#primaryimage"},"thumbnailUrl":"https:\/\/rideon.es\/renting-empresas\/wp-content\/uploads\/sites\/19\/2020\/01\/mallorca-houses-1452189813ejk.jpg","datePublished":"2020-01-22T14:11:04+00:00","description":"Ya no tendr\u00e1s que preocuparte por esas cosas porque en nuestra p\u00e1gina web Ride On podr\u00e1s encontrar los mejores alquileres de motos en Mallorca.","inLanguage":"es","potentialAction":[{"@type":"ReadAction","target":["https:\/\/rideon.es\/renting-empresas\/mallorca-el-mejor-lugar-para-alquilar-tu-moto\/"]}]},{"@type":"ImageObject","inLanguage":"es","@id":"https:\/\/rideon.es\/renting-empresas\/mallorca-el-mejor-lugar-para-alquilar-tu-moto\/#primaryimage","url":"https:\/\/rideon.es\/renting-empresas\/wp-content\/uploads\/sites\/19\/2020\/01\/mallorca-houses-1452189813ejk.jpg","contentUrl":"https:\/\/rideon.es\/renting-empresas\/wp-content\/uploads\/sites\/19\/2020\/01\/mallorca-houses-1452189813ejk.jpg","width":1920,"height":1280},{"@type":"WebSite","@id":"https:\/\/rideon.es\/renting-empresas\/#website","url":"https:\/\/rideon.es\/renting-empresas\/","name":"Alquiler de motos mensual y Renting para Empresas","description":"Las motos m\u00e1s c\u00f3modas y seguras para disfrutar de tus vacaciones sobre ruedas. Alquiler de motos en Menorca, Mallorca, Barcelona y Valencia con Rideon.es","publisher":{"@id":"https:\/\/rideon.es\/renting-empresas\/#organization"},"potentialAction":[{"@type":"SearchAction","target":{"@type":"EntryPoint","urlTemplate":"https:\/\/rideon.es\/renting-empresas\/?s={search_term_string}"},"query-input":{"@type":"PropertyValueSpecification","valueRequired":true,"valueName":"search_term_string"}}],"inLanguage":"es"},{"@type":"Organization","@id":"https:\/\/rideon.es\/renting-empresas\/#organization","name":"Alquiler de motos mensual y Renting para Empresas","url":"https:\/\/rideon.es\/renting-empresas\/","logo":{"@type":"ImageObject","inLanguage":"es","@id":"https:\/\/rideon.es\/renting-empresas\/#\/schema\/logo\/image\/","url":"https:\/\/rideon.es\/renting-empresas\/wp-content\/uploads\/sites\/19\/2020\/02\/rideon_logo-200x78-1.png","contentUrl":"https:\/\/rideon.es\/renting-empresas\/wp-content\/uploads\/sites\/19\/2020\/02\/rideon_logo-200x78-1.png","width":200,"height":78,"caption":"Alquiler de motos mensual y Renting para Empresas"},"image":{"@id":"https:\/\/rideon.es\/renting-empresas\/#\/schema\/logo\/image\/"}},{"@type":"Person","@id":"https:\/\/rideon.es\/renting-empresas\/#\/schema\/person\/48d6770e55c623d929bd20ce295611a7","name":"Ride On","image":{"@type":"ImageObject","inLanguage":"es","@id":"https:\/\/secure.gravatar.com\/avatar\/785e72183089da6a00243c0f0e2d52db79b9983b602219afb07c868943086138?s=96&d=mm&r=g","url":"https:\/\/secure.gravatar.com\/avatar\/785e72183089da6a00243c0f0e2d52db79b9983b602219afb07c868943086138?s=96&d=mm&r=g","contentUrl":"https:\/\/secure.gravatar.com\/avatar\/785e72183089da6a00243c0f0e2d52db79b9983b602219afb07c868943086138?s=96&d=mm&r=g","caption":"Ride On"},"url":"https:\/\/rideon.es\/renting-empresas\/author\/eduardoyauri\/"}]}},"_links":{"self":[{"href":"https:\/\/rideon.es\/renting-empresas\/wp-json\/wp\/v2\/posts\/5845","targetHints":{"allow":["GET"]}}],"collection":[{"href":"https:\/\/rideon.es\/renting-empresas\/wp-json\/wp\/v2\/posts"}],"about":[{"href":"https:\/\/rideon.es\/renting-empresas\/wp-json\/wp\/v2\/types\/post"}],"author":[{"embeddable":true,"href":"https:\/\/rideon.es\/renting-empresas\/wp-json\/wp\/v2\/users\/2"}],"replies":[{"embeddable":true,"href":"https:\/\/rideon.es\/renting-empresas\/wp-json\/wp\/v2\/comments?post=5845"}],"version-history":[{"count":0,"href":"https:\/\/rideon.es\/renting-empresas\/wp-json\/wp\/v2\/posts\/5845\/revisions"}],"wp:featuredmedia":[{"embeddable":true,"href":"https:\/\/rideon.es\/renting-empresas\/wp-json\/wp\/v2\/media\/5846"}],"wp:attachment":[{"href":"https:\/\/rideon.es\/renting-empresas\/wp-json\/wp\/v2\/media?parent=5845"}],"wp:term":[{"taxonomy":"category","embeddable":true,"href":"https:\/\/rideon.es\/renting-empresas\/wp-json\/wp\/v2\/categories?post=5845"},{"taxonomy":"post_tag","embeddable":true,"href":"https:\/\/rideon.es\/renting-empresas\/wp-json\/wp\/v2\/tags?post=5845"}],"curies":[{"name":"wp","href":"https:\/\/api.w.org\/{rel}","templated":true}]}}