{"id":458,"date":"2016-10-10T09:41:52","date_gmt":"2016-10-10T09:41:52","guid":{"rendered":"https:\/\/rideon.es\/?p=458"},"modified":"2016-10-10T09:41:52","modified_gmt":"2016-10-10T09:41:52","slug":"la-catedral-de-palma-de-mallorca-y-los-patios-senoriales","status":"publish","type":"post","link":"https:\/\/rideon.es\/renting-empresas\/la-catedral-de-palma-de-mallorca-y-los-patios-senoriales\/","title":{"rendered":"La catedral de Palma de Mallorca y los patios se\u00f1oriales"},"content":{"rendered":"<p><b>La catedral de Palma de Mallorca<\/b><br \/>\n<span style=\"font-weight: 400\">Situaci\u00f3n: <\/span><a href=\"https:\/\/goo.gl\/maps\/oPthRx4d9AF2\"><span style=\"font-weight: 400\">https:\/\/goo.gl\/maps\/oPthRx4d9AF2<\/span><\/a><br \/>\n<span style=\"font-weight: 400\">Palma de Mallorca y su bah\u00eda se protegen una a la otra desde que la ciudad fue fundada por los romanos, el primer gran momento de esplendor de la capital de las Baleares le lleg\u00f3 con los \u00e1rabes que ampliaron su Medina Mayurqa, enjaezandola con jardines y laber\u00ednticas callejuelas que todav\u00eda hoy sobreviven. <\/span><br \/>\n<img decoding=\"async\" class=\"img-responsive\" src=\"http:\/\/www.rideonmotorent.com\/wp-content\/uploads\/2016\/09\/Palma-Mallorca.jpg\" alt=\"Catedral Mallorca\" width=\"100%\" \/><br \/>\n<span style=\"font-weight: 400\">Cuando el conquistador musulm\u00e1n Isam al-Khawlani se hizo con el control de la isla en el 903 la antigua ciudad romana de Palma se hallaba pr\u00e1cticamente abandonada y en ruinas. Los musulmanes la adaptaron a sus necesidades construyendo posadas, ba\u00f1os y mezquitas y aunque inicialmente respetaron en parte el antiguo trazado urbano, r\u00e1pidamente lo modificaron. Visita la isla de Mallorca con tu <\/span><a href=\"http:\/\/www.rideonmotorent.com\/\"><span style=\"font-weight: 400\">alquiler motos Mallorca<\/span><\/a><span style=\"font-weight: 400\"> RIdeon<\/span><br \/>\n<img decoding=\"async\" class=\"img-responsive\" src=\"http:\/\/www.rideonmotorent.com\/wp-content\/uploads\/2016\/09\/interior-catedral-palma.jpg\" alt=\"Interior Catedral Mallorca\" width=\"100%\" \/><br \/>\n<span style=\"font-weight: 400\">A la muerte de Jaime I que incorpor\u00f3 la isla al cristianismo y a la corona de Arag\u00f3n, Mallorca fu\u00e9 una corte independiente durante un per\u00edodo corto pero muy fruct\u00edfero, es entonces cuando se levanta la seu catedral frente a la antigua almudaina musulmana que pas\u00f3 a ser palacio real. La mole catedralicia parece elevarse sobre el mismo aire, la rugosa fachada se transforma en luz cuando se pasa el umbral en su interior.<\/span><br \/>\n<span style=\"font-weight: 400\">La impresionantes vidrieras atrapan el sol para darle rienda suelta en las naves que delimitan las poderosas columnas. Puede empezar la visita con el <\/span><a href=\"http:\/\/www.rideonmotorent.com\/alquiler-motos-mallorca\/\"><span style=\"font-weight: 400\">alquiler moto Mallorca<\/span><\/a><span style=\"font-weight: 400\"> en nuestra Oficina de Mallorca.<\/span><br \/>\nEn la capilla de la trinidad reposan los restos mortales de los dos grandes monarcas mallorquines, Jaime II y Jaime III. La catedral domina toda la ciudad y su entorno, a su lado emergen los barrios populares, las alamedas y jardines, las plazas y los palacios, qui\u00e9n mejor simboliza el car\u00e1cter de esta Palma aristocr\u00e1tica que se esconde de la vista del paseante inadvertido, se trata de los patios se\u00f1oriales.<br \/>\n&nbsp;<br \/>\n<b>Comer en el Restaurant \u2018Quadrat\u2019<\/b><br \/>\n<span style=\"font-weight: 400\">Situaci\u00f3n: <\/span><a href=\"https:\/\/goo.gl\/maps\/sQ3hMnoBofo\"><span style=\"font-weight: 400\">https:\/\/goo.gl\/maps\/sQ3hMnoBofo<\/span><\/a><br \/>\n<span style=\"font-weight: 400\">Contacto: <\/span><a href=\"http:\/\/www.hotelsantfrancesc.com\/es\/restaurante-quadrat-con-jardin-palma-de-mallorca-centro\"><span style=\"font-weight: 400\">Restaurant Quadrat <\/span><\/a><br \/>\n<span style=\"font-weight: 400\">En el restaurante Quadrat las propuestas del chef Simon Petutschnig son sencillas, delicadas, y preparadas de acuerdo con las normas que dicta la buena cocina de siempre. El restaurante est\u00e1 ubicado en las antiguas caballerizas de la casa-palacio y con acceso directo desde la Plaza de Sant Francesc. Nuestra cocina se inspira en la tradici\u00f3n culinaria Mediterr\u00e1nea, pero con un toque de modernidad. El centro de Mallorca no tiene casi aparcamiento, es perfecto para ser visitado con el <\/span><a href=\"http:\/\/www.rideonmotorent.com\/alquiler-motos-mallorca\/\"><span style=\"font-weight: 400\">aquiler moto Mallorca<\/span><\/a><span style=\"font-weight: 400\">.<\/span><br \/>\n<img decoding=\"async\" class=\"img-responsive\" src=\"http:\/\/www.rideonmotorent.com\/wp-content\/uploads\/2016\/09\/restaurant-quadrat-Mallorca.jpg\" alt=\"Restaurant la Quadra Mallorca\" width=\"100%\" \/><br \/>\nEl restaurante cuenta con una zona interior y la terraza del jard\u00edn exterior, donde poder disfrutar del buen clima de la isla de Palma de Mallorca. El chef, Simon Petutschnig, deleita con su cocina los paladares m\u00e1s exigentes con una cocina basada en productos locales y mediterr\u00e1neos.<br \/>\n<span style=\"font-weight: 400\">Con una experimentada y variada carrera con algunos chefs con estrella Michelin del mundo; Simon Petutschnig ha creado una carta \u00fanica, creativa y con toques asi\u00e1ticos. <\/span><br \/>\n&nbsp;<br \/>\n<b>Los patios se\u00f1oriales: Palau March<\/b><br \/>\n<span style=\"font-weight: 400\">Situaci\u00f3n: <\/span><a href=\"https:\/\/goo.gl\/maps\/f3VUkT9kBAD2\"><span style=\"font-weight: 400\">https:\/\/goo.gl\/maps\/f3VUkT9kBAD2<\/span><\/a><br \/>\n<span style=\"font-weight: 400\">Contacto: <\/span><a href=\"http:\/\/www.fundacionbmarch.es\/\"><span style=\"font-weight: 400\">http:\/\/www.fundacionbmarch.es\/<\/span><\/a><br \/>\nPor la tarde recorreremos el casco antiguo de Mallorca para visitar los patios se\u00f1oriales, la mayor parte de estas casonas y palacios suelen ser edificios con una estructura de tres plantas, grandes casonas que bien responden al dicho mallorqu\u00edn sa casa fa es senyor (la casa hace al se\u00f1or) en las que abundan las escalinatas, los grandes maceteros y los pozos, sin faltar las rejas a trav\u00e9s de las cuales podemos disfrutar de los silenciosos y acogedores patios.<br \/>\n<img decoding=\"async\" class=\"img-responsive\" src=\"http:\/\/www.rideonmotorent.com\/wp-content\/uploads\/2016\/09\/Palau-March.jpg\" alt=\"Palau March Mallorca\" width=\"100%\" \/><br \/>\n<span style=\"font-weight: 400\">Los patios se\u00f1oriales nacieron en los siglos g\u00f3ticos, cuando los estrechos callejones de la Palma de entonces obligaban a abrir espacios amplios y luminosos en el seno de las mansiones, en los siglos XVII y XVIII los patios pasaron a convertirse en el s\u00edmbolo de la arquitectura se\u00f1orial Mallorquina.<\/span><br \/>\n<span style=\"font-weight: 400\">El Palau can March alberga la colecci\u00f3n de arte y de libros de la Fundaci\u00f3n Bartolom\u00e9 March, se sit\u00faa en pleno centro hist\u00f3rico de Palma de Mallorca.<\/span><br \/>\n<span style=\"font-weight: 400\">Los fondos del museo, ubicado en el Palau March, se componen de una colecci\u00f3n de escultura contempor\u00e1nea, que aparece distribuida por los patios, en la que destacan obras de artistas como Rodin, Moore o Chillida. Tambi\u00e9n contiene una serie de 40 piezas escult\u00f3ricas de tem\u00e1tica religiosa hechas en madera policromada<\/span><br \/>\n&nbsp;<br \/>\n<span style=\"font-weight: 400\">Para m\u00e1s informaci\u00f3n visiten nuestro <\/span><a href=\"http:\/\/www.rideonmotorent.com\/mallorca\/\"><span style=\"font-weight: 400\">Blog de informaci\u00f3n Tur\u00edstica a Mallorca<\/span><\/a><span style=\"font-weight: 400\">, para reservas online de motos de alquiler Mallorca pueden visitar nuestra web <\/span><a href=\"http:\/\/www.rideonmotorent.com\/\"><span style=\"font-weight: 400\">www.rideonmotorent.com<\/span><\/a><br \/>\n&nbsp;<\/p>\n","protected":false},"excerpt":{"rendered":"<p>La catedral de Palma de Mallorca Situaci\u00f3n: https:\/\/goo.gl\/maps\/oPthRx4d9AF2 Palma de Mallorca y su bah\u00eda se protegen una a la otra desde que la ciudad fue fundada por los romanos, el primer gran momento de esplendor de la capital de las Baleares le lleg\u00f3 con los \u00e1rabes que ampliaron su Medina Mayurqa, enjaezandola con jardines y<\/p>\n","protected":false},"author":2,"featured_media":1597,"comment_status":"open","ping_status":"closed","sticky":false,"template":"","format":"standard","meta":{"inline_featured_image":false,"footnotes":""},"categories":[11],"tags":[],"class_list":["post-458","post","type-post","status-publish","format-standard","has-post-thumbnail","hentry","category-mallorca"],"yoast_head":"<!-- This site is optimized with the Yoast SEO Premium plugin v18.7 (Yoast SEO v27.5) - https:\/\/yoast.com\/product\/yoast-seo-premium-wordpress\/ -->\n<title>La catedral de Mallorca en Moto- Rideonmotorent<\/title>\n<meta name=\"description\" content=\"Descubre los rincones m\u00e1s especiales de la isla de Mallorca con tu alquiler de motos en Mallorca, visita la catedral o los patios se\u00f1oriales.\" \/>\n<meta name=\"robots\" content=\"index, follow, max-snippet:-1, max-image-preview:large, max-video-preview:-1\" \/>\n<link rel=\"canonical\" href=\"https:\/\/rideon.es\/renting-empresas\/la-catedral-de-palma-de-mallorca-y-los-patios-senoriales\/\" \/>\n<meta property=\"og:locale\" content=\"es_ES\" \/>\n<meta property=\"og:type\" content=\"article\" \/>\n<meta property=\"og:title\" content=\"La catedral de Palma de Mallorca y los patios se\u00f1oriales\" \/>\n<meta property=\"og:description\" content=\"Descubre los rincones m\u00e1s especiales de la isla de Mallorca con tu alquiler de motos en Mallorca, visita la catedral o los patios se\u00f1oriales.\" \/>\n<meta property=\"og:url\" content=\"https:\/\/rideon.es\/renting-empresas\/la-catedral-de-palma-de-mallorca-y-los-patios-senoriales\/\" \/>\n<meta property=\"og:site_name\" content=\"Alquiler de motos mensual y Renting para Empresas\" \/>\n<meta property=\"article:published_time\" content=\"2016-10-10T09:41:52+00:00\" \/>\n<meta name=\"author\" content=\"Ride On\" \/>\n<meta name=\"twitter:card\" content=\"summary_large_image\" \/>\n<meta name=\"twitter:label1\" content=\"Escrito por\" \/>\n\t<meta name=\"twitter:data1\" content=\"Ride On\" \/>\n\t<meta name=\"twitter:label2\" content=\"Tiempo de lectura\" \/>\n\t<meta name=\"twitter:data2\" content=\"4 minutos\" \/>\n<script type=\"application\/ld+json\" class=\"yoast-schema-graph\">{\"@context\":\"https:\\\/\\\/schema.org\",\"@graph\":[{\"@type\":\"Article\",\"@id\":\"https:\\\/\\\/rideon.es\\\/renting-empresas\\\/la-catedral-de-palma-de-mallorca-y-los-patios-senoriales\\\/#article\",\"isPartOf\":{\"@id\":\"https:\\\/\\\/rideon.es\\\/renting-empresas\\\/la-catedral-de-palma-de-mallorca-y-los-patios-senoriales\\\/\"},\"author\":{\"name\":\"Ride On\",\"@id\":\"https:\\\/\\\/rideon.es\\\/renting-empresas\\\/#\\\/schema\\\/person\\\/48d6770e55c623d929bd20ce295611a7\"},\"headline\":\"La catedral de Palma de Mallorca y los patios se\u00f1oriales\",\"datePublished\":\"2016-10-10T09:41:52+00:00\",\"mainEntityOfPage\":{\"@id\":\"https:\\\/\\\/rideon.es\\\/renting-empresas\\\/la-catedral-de-palma-de-mallorca-y-los-patios-senoriales\\\/\"},\"wordCount\":784,\"commentCount\":0,\"publisher\":{\"@id\":\"https:\\\/\\\/rideon.es\\\/renting-empresas\\\/#organization\"},\"image\":{\"@id\":\"https:\\\/\\\/rideon.es\\\/renting-empresas\\\/la-catedral-de-palma-de-mallorca-y-los-patios-senoriales\\\/#primaryimage\"},\"thumbnailUrl\":\"\",\"articleSection\":[\"Mallorca\"],\"inLanguage\":\"es\",\"potentialAction\":[{\"@type\":\"CommentAction\",\"name\":\"Comment\",\"target\":[\"https:\\\/\\\/rideon.es\\\/renting-empresas\\\/la-catedral-de-palma-de-mallorca-y-los-patios-senoriales\\\/#respond\"]}]},{\"@type\":\"WebPage\",\"@id\":\"https:\\\/\\\/rideon.es\\\/renting-empresas\\\/la-catedral-de-palma-de-mallorca-y-los-patios-senoriales\\\/\",\"url\":\"https:\\\/\\\/rideon.es\\\/renting-empresas\\\/la-catedral-de-palma-de-mallorca-y-los-patios-senoriales\\\/\",\"name\":\"La catedral de Mallorca en Moto- Rideonmotorent\",\"isPartOf\":{\"@id\":\"https:\\\/\\\/rideon.es\\\/renting-empresas\\\/#website\"},\"primaryImageOfPage\":{\"@id\":\"https:\\\/\\\/rideon.es\\\/renting-empresas\\\/la-catedral-de-palma-de-mallorca-y-los-patios-senoriales\\\/#primaryimage\"},\"image\":{\"@id\":\"https:\\\/\\\/rideon.es\\\/renting-empresas\\\/la-catedral-de-palma-de-mallorca-y-los-patios-senoriales\\\/#primaryimage\"},\"thumbnailUrl\":\"\",\"datePublished\":\"2016-10-10T09:41:52+00:00\",\"description\":\"Descubre los rincones m\u00e1s especiales de la isla de Mallorca con tu alquiler de motos en Mallorca, visita la catedral o los patios se\u00f1oriales.\",\"inLanguage\":\"es\",\"potentialAction\":[{\"@type\":\"ReadAction\",\"target\":[\"https:\\\/\\\/rideon.es\\\/renting-empresas\\\/la-catedral-de-palma-de-mallorca-y-los-patios-senoriales\\\/\"]}]},{\"@type\":\"ImageObject\",\"inLanguage\":\"es\",\"@id\":\"https:\\\/\\\/rideon.es\\\/renting-empresas\\\/la-catedral-de-palma-de-mallorca-y-los-patios-senoriales\\\/#primaryimage\",\"url\":\"\",\"contentUrl\":\"\"},{\"@type\":\"WebSite\",\"@id\":\"https:\\\/\\\/rideon.es\\\/renting-empresas\\\/#website\",\"url\":\"https:\\\/\\\/rideon.es\\\/renting-empresas\\\/\",\"name\":\"Alquiler de motos mensual y Renting para Empresas\",\"description\":\"Las motos m\u00e1s c\u00f3modas y seguras para disfrutar de tus vacaciones sobre ruedas. Alquiler de motos en Menorca, Mallorca, Barcelona y Valencia con Rideon.es\",\"publisher\":{\"@id\":\"https:\\\/\\\/rideon.es\\\/renting-empresas\\\/#organization\"},\"potentialAction\":[{\"@type\":\"SearchAction\",\"target\":{\"@type\":\"EntryPoint\",\"urlTemplate\":\"https:\\\/\\\/rideon.es\\\/renting-empresas\\\/?s={search_term_string}\"},\"query-input\":{\"@type\":\"PropertyValueSpecification\",\"valueRequired\":true,\"valueName\":\"search_term_string\"}}],\"inLanguage\":\"es\"},{\"@type\":\"Organization\",\"@id\":\"https:\\\/\\\/rideon.es\\\/renting-empresas\\\/#organization\",\"name\":\"Alquiler de motos mensual y Renting para Empresas\",\"url\":\"https:\\\/\\\/rideon.es\\\/renting-empresas\\\/\",\"logo\":{\"@type\":\"ImageObject\",\"inLanguage\":\"es\",\"@id\":\"https:\\\/\\\/rideon.es\\\/renting-empresas\\\/#\\\/schema\\\/logo\\\/image\\\/\",\"url\":\"https:\\\/\\\/rideon.es\\\/renting-empresas\\\/wp-content\\\/uploads\\\/sites\\\/19\\\/2020\\\/02\\\/rideon_logo-200x78-1.png\",\"contentUrl\":\"https:\\\/\\\/rideon.es\\\/renting-empresas\\\/wp-content\\\/uploads\\\/sites\\\/19\\\/2020\\\/02\\\/rideon_logo-200x78-1.png\",\"width\":200,\"height\":78,\"caption\":\"Alquiler de motos mensual y Renting para Empresas\"},\"image\":{\"@id\":\"https:\\\/\\\/rideon.es\\\/renting-empresas\\\/#\\\/schema\\\/logo\\\/image\\\/\"}},{\"@type\":\"Person\",\"@id\":\"https:\\\/\\\/rideon.es\\\/renting-empresas\\\/#\\\/schema\\\/person\\\/48d6770e55c623d929bd20ce295611a7\",\"name\":\"Ride On\",\"image\":{\"@type\":\"ImageObject\",\"inLanguage\":\"es\",\"@id\":\"https:\\\/\\\/secure.gravatar.com\\\/avatar\\\/785e72183089da6a00243c0f0e2d52db79b9983b602219afb07c868943086138?s=96&d=mm&r=g\",\"url\":\"https:\\\/\\\/secure.gravatar.com\\\/avatar\\\/785e72183089da6a00243c0f0e2d52db79b9983b602219afb07c868943086138?s=96&d=mm&r=g\",\"contentUrl\":\"https:\\\/\\\/secure.gravatar.com\\\/avatar\\\/785e72183089da6a00243c0f0e2d52db79b9983b602219afb07c868943086138?s=96&d=mm&r=g\",\"caption\":\"Ride On\"},\"url\":\"https:\\\/\\\/rideon.es\\\/renting-empresas\\\/author\\\/eduardoyauri\\\/\"}]}<\/script>\n<!-- \/ Yoast SEO Premium plugin. -->","yoast_head_json":{"title":"La catedral de Mallorca en Moto- Rideonmotorent","description":"Descubre los rincones m\u00e1s especiales de la isla de Mallorca con tu alquiler de motos en Mallorca, visita la catedral o los patios se\u00f1oriales.","robots":{"index":"index","follow":"follow","max-snippet":"max-snippet:-1","max-image-preview":"max-image-preview:large","max-video-preview":"max-video-preview:-1"},"canonical":"https:\/\/rideon.es\/renting-empresas\/la-catedral-de-palma-de-mallorca-y-los-patios-senoriales\/","og_locale":"es_ES","og_type":"article","og_title":"La catedral de Palma de Mallorca y los patios se\u00f1oriales","og_description":"Descubre los rincones m\u00e1s especiales de la isla de Mallorca con tu alquiler de motos en Mallorca, visita la catedral o los patios se\u00f1oriales.","og_url":"https:\/\/rideon.es\/renting-empresas\/la-catedral-de-palma-de-mallorca-y-los-patios-senoriales\/","og_site_name":"Alquiler de motos mensual y Renting para Empresas","article_published_time":"2016-10-10T09:41:52+00:00","author":"Ride On","twitter_card":"summary_large_image","twitter_misc":{"Escrito por":"Ride On","Tiempo de lectura":"4 minutos"},"schema":{"@context":"https:\/\/schema.org","@graph":[{"@type":"Article","@id":"https:\/\/rideon.es\/renting-empresas\/la-catedral-de-palma-de-mallorca-y-los-patios-senoriales\/#article","isPartOf":{"@id":"https:\/\/rideon.es\/renting-empresas\/la-catedral-de-palma-de-mallorca-y-los-patios-senoriales\/"},"author":{"name":"Ride On","@id":"https:\/\/rideon.es\/renting-empresas\/#\/schema\/person\/48d6770e55c623d929bd20ce295611a7"},"headline":"La catedral de Palma de Mallorca y los patios se\u00f1oriales","datePublished":"2016-10-10T09:41:52+00:00","mainEntityOfPage":{"@id":"https:\/\/rideon.es\/renting-empresas\/la-catedral-de-palma-de-mallorca-y-los-patios-senoriales\/"},"wordCount":784,"commentCount":0,"publisher":{"@id":"https:\/\/rideon.es\/renting-empresas\/#organization"},"image":{"@id":"https:\/\/rideon.es\/renting-empresas\/la-catedral-de-palma-de-mallorca-y-los-patios-senoriales\/#primaryimage"},"thumbnailUrl":"","articleSection":["Mallorca"],"inLanguage":"es","potentialAction":[{"@type":"CommentAction","name":"Comment","target":["https:\/\/rideon.es\/renting-empresas\/la-catedral-de-palma-de-mallorca-y-los-patios-senoriales\/#respond"]}]},{"@type":"WebPage","@id":"https:\/\/rideon.es\/renting-empresas\/la-catedral-de-palma-de-mallorca-y-los-patios-senoriales\/","url":"https:\/\/rideon.es\/renting-empresas\/la-catedral-de-palma-de-mallorca-y-los-patios-senoriales\/","name":"La catedral de Mallorca en Moto- Rideonmotorent","isPartOf":{"@id":"https:\/\/rideon.es\/renting-empresas\/#website"},"primaryImageOfPage":{"@id":"https:\/\/rideon.es\/renting-empresas\/la-catedral-de-palma-de-mallorca-y-los-patios-senoriales\/#primaryimage"},"image":{"@id":"https:\/\/rideon.es\/renting-empresas\/la-catedral-de-palma-de-mallorca-y-los-patios-senoriales\/#primaryimage"},"thumbnailUrl":"","datePublished":"2016-10-10T09:41:52+00:00","description":"Descubre los rincones m\u00e1s especiales de la isla de Mallorca con tu alquiler de motos en Mallorca, visita la catedral o los patios se\u00f1oriales.","inLanguage":"es","potentialAction":[{"@type":"ReadAction","target":["https:\/\/rideon.es\/renting-empresas\/la-catedral-de-palma-de-mallorca-y-los-patios-senoriales\/"]}]},{"@type":"ImageObject","inLanguage":"es","@id":"https:\/\/rideon.es\/renting-empresas\/la-catedral-de-palma-de-mallorca-y-los-patios-senoriales\/#primaryimage","url":"","contentUrl":""},{"@type":"WebSite","@id":"https:\/\/rideon.es\/renting-empresas\/#website","url":"https:\/\/rideon.es\/renting-empresas\/","name":"Alquiler de motos mensual y Renting para Empresas","description":"Las motos m\u00e1s c\u00f3modas y seguras para disfrutar de tus vacaciones sobre ruedas. Alquiler de motos en Menorca, Mallorca, Barcelona y Valencia con Rideon.es","publisher":{"@id":"https:\/\/rideon.es\/renting-empresas\/#organization"},"potentialAction":[{"@type":"SearchAction","target":{"@type":"EntryPoint","urlTemplate":"https:\/\/rideon.es\/renting-empresas\/?s={search_term_string}"},"query-input":{"@type":"PropertyValueSpecification","valueRequired":true,"valueName":"search_term_string"}}],"inLanguage":"es"},{"@type":"Organization","@id":"https:\/\/rideon.es\/renting-empresas\/#organization","name":"Alquiler de motos mensual y Renting para Empresas","url":"https:\/\/rideon.es\/renting-empresas\/","logo":{"@type":"ImageObject","inLanguage":"es","@id":"https:\/\/rideon.es\/renting-empresas\/#\/schema\/logo\/image\/","url":"https:\/\/rideon.es\/renting-empresas\/wp-content\/uploads\/sites\/19\/2020\/02\/rideon_logo-200x78-1.png","contentUrl":"https:\/\/rideon.es\/renting-empresas\/wp-content\/uploads\/sites\/19\/2020\/02\/rideon_logo-200x78-1.png","width":200,"height":78,"caption":"Alquiler de motos mensual y Renting para Empresas"},"image":{"@id":"https:\/\/rideon.es\/renting-empresas\/#\/schema\/logo\/image\/"}},{"@type":"Person","@id":"https:\/\/rideon.es\/renting-empresas\/#\/schema\/person\/48d6770e55c623d929bd20ce295611a7","name":"Ride On","image":{"@type":"ImageObject","inLanguage":"es","@id":"https:\/\/secure.gravatar.com\/avatar\/785e72183089da6a00243c0f0e2d52db79b9983b602219afb07c868943086138?s=96&d=mm&r=g","url":"https:\/\/secure.gravatar.com\/avatar\/785e72183089da6a00243c0f0e2d52db79b9983b602219afb07c868943086138?s=96&d=mm&r=g","contentUrl":"https:\/\/secure.gravatar.com\/avatar\/785e72183089da6a00243c0f0e2d52db79b9983b602219afb07c868943086138?s=96&d=mm&r=g","caption":"Ride On"},"url":"https:\/\/rideon.es\/renting-empresas\/author\/eduardoyauri\/"}]}},"_links":{"self":[{"href":"https:\/\/rideon.es\/renting-empresas\/wp-json\/wp\/v2\/posts\/458","targetHints":{"allow":["GET"]}}],"collection":[{"href":"https:\/\/rideon.es\/renting-empresas\/wp-json\/wp\/v2\/posts"}],"about":[{"href":"https:\/\/rideon.es\/renting-empresas\/wp-json\/wp\/v2\/types\/post"}],"author":[{"embeddable":true,"href":"https:\/\/rideon.es\/renting-empresas\/wp-json\/wp\/v2\/users\/2"}],"replies":[{"embeddable":true,"href":"https:\/\/rideon.es\/renting-empresas\/wp-json\/wp\/v2\/comments?post=458"}],"version-history":[{"count":0,"href":"https:\/\/rideon.es\/renting-empresas\/wp-json\/wp\/v2\/posts\/458\/revisions"}],"wp:featuredmedia":[{"embeddable":true,"href":"https:\/\/rideon.es\/renting-empresas\/wp-json\/"}],"wp:attachment":[{"href":"https:\/\/rideon.es\/renting-empresas\/wp-json\/wp\/v2\/media?parent=458"}],"wp:term":[{"taxonomy":"category","embeddable":true,"href":"https:\/\/rideon.es\/renting-empresas\/wp-json\/wp\/v2\/categories?post=458"},{"taxonomy":"post_tag","embeddable":true,"href":"https:\/\/rideon.es\/renting-empresas\/wp-json\/wp\/v2\/tags?post=458"}],"curies":[{"name":"wp","href":"https:\/\/api.w.org\/{rel}","templated":true}]}}