{"id":404,"date":"2016-10-06T15:30:25","date_gmt":"2016-10-06T15:30:25","guid":{"rendered":"https:\/\/rideon.es\/?p=404"},"modified":"2016-10-06T15:30:25","modified_gmt":"2016-10-06T15:30:25","slug":"descubre-barcelona-romana","status":"publish","type":"post","link":"https:\/\/rideon.es\/renting-empresas\/descubre-barcelona-romana\/","title":{"rendered":"Descubre la Barcelona Romana"},"content":{"rendered":"<p><b>V\u00eda Sepulcral Romana<\/b><br \/>\n<span style=\"font-weight: 400\">Situaci\u00f3n: <\/span><a href=\"https:\/\/goo.gl\/maps\/ZSrVQrMSakB2\"><span style=\"font-weight: 400\">https:\/\/goo.gl\/maps\/ZSrVQrMSakB2<\/span><\/a><br \/>\n<span style=\"font-weight: 400\">Contacto: <\/span><a href=\"http:\/\/museuhistoria.bcn.cat\/ca\/node\/8\"><span style=\"font-weight: 400\">http:\/\/museuhistoria.bcn.cat\/ca\/node\/8<\/span><\/a><br \/>\n<span style=\"font-weight: 400\">Bajo las piedras de la muralla medieval hay fundamentos visibles de la muralla romana que resguardaba la ciudad de Barcelona, es posible que muchos de los que creen conocer Barcelona desconozcan que en el coraz\u00f3n de ciutat vella hay un largo recorrido subterr\u00e1neo por los restos de lo que fue la Barcelona romana.  Visita la ciudad de Barcelona con tu <\/span><a href=\"http:\/\/www.rideonmotorent.com\/\"><span style=\"font-weight: 400\">alquiler motos Barcelona<\/span><\/a><span style=\"font-weight: 400\"> en Rideon Barcelona.<\/span><br \/>\n<img decoding=\"async\" class=\"img-responsive\" src=\"http:\/\/www.rideonmotorent.com\/wp-content\/uploads\/2016\/09\/via-sepulcral-Barcelona.jpg\" alt=\"Via Sepulcral Barcelona\" width=\"100%\" \/><br \/>\n<span style=\"font-weight: 400\">La plaza de la Villa de Madrid se urbaniz\u00f3 en los a\u00f1os 50, en el espacio que ocupaba el antiguo convento de Santa Teresa de las Carmelitas de Barcelona, \u200b\u200bdestruido por un incendio en 1936. <\/span><br \/>\n<span style=\"font-weight: 400\">Durante las obras qued\u00f3 al descubierto una antigua necr\u00f3polis romana que se incluy\u00f3 en un espacio ajardinado. Desde una pasarela elevada podemos ver un total de 70 tumbas fechadas entre los siglos II y III d.C. Se observa claramente c\u00f3mo los romanos constru\u00edan sus cementerios extramuros, junto a los caminos y en l\u00ednea, como en un cortejo que los acercara hacia el m\u00e1s all\u00e1. Los sepulcros en piedra de la necr\u00f3polis eran tambi\u00e9n del gusto de los ciudadanos de Barcelona. Descubre Barcelona de la forma m\u00e1s c\u00f3moda y r\u00e1pida con Rideon, tu <\/span><a href=\"http:\/\/www.rideonmotorent.com\/\"><span style=\"font-weight: 400\">alquiler motos Barcelona<\/span><\/a><span style=\"font-weight: 400\">.<\/span><br \/>\n&nbsp;<br \/>\n<b>Comer en Tast-LLer<\/b><br \/>\n<span style=\"font-weight: 400\">Situaci\u00f3n: <\/span><a href=\"https:\/\/goo.gl\/maps\/Ezdpuyc8FeD2\"><span style=\"font-weight: 400\">https:\/\/goo.gl\/maps\/Ezdpuyc8FeD2<\/span><\/a><br \/>\n<span style=\"font-weight: 400\">Contacto: <\/span><a href=\"http:\/\/www.tast-ller.com\/\"><span style=\"font-weight: 400\">http:\/\/www.tast-ller.com\/<\/span><\/a><br \/>\n<span style=\"font-weight: 400\">Tast-Ller apuesta por una cocina de mercado. En un ambiente diferente donde hacen sentir al cliente como si estuviese en casa, Tast-Ller tiene algo que seduce, una manera diferente de celebrar cualquier evento, algo intimo y muy muy personal, con las explicaciones de cada plato por parte del chef, lo convierten en una experiencia \u00fanica, muy agradable y cercana.<\/span><br \/>\n<img decoding=\"async\" class=\"img-responsive\" src=\"http:\/\/www.rideonmotorent.com\/wp-content\/uploads\/2016\/09\/restaurante-tast-ller.jpg\" alt=\"Restaurante Tast-Ller-Barcelona\" width=\"100%\" \/><br \/>\nEl nombre del restaurante Tast-Ller (degustar y taller) simboliza perfectamente el concepto que persigue el restaurante con un excelente men\u00fa degustaci\u00f3n, dependiendo eso s\u00ed, del g\u00e9nero del d\u00eda, el m\u00e1s  fresco, todo esto  encontrado en los mejores mercados Barcelona.<br \/>\n&nbsp;<br \/>\n<b>Catedral de Barcelona<\/b><br \/>\n<span style=\"font-weight: 400\">Situaci\u00f3n: <\/span><a href=\"https:\/\/goo.gl\/maps\/2bZXSHN1mqR2\"><span style=\"font-weight: 400\">https:\/\/goo.gl\/maps\/2bZXSHN1mqR2<\/span><\/a><br \/>\n<span style=\"font-weight: 400\">Contacto: <\/span><a href=\"http:\/\/www.catedralbcn.org\/\"><span style=\"font-weight: 400\">http:\/\/www.catedralbcn.org\/<\/span><\/a><br \/>\n<span style=\"font-weight: 400\">Por la tarde recomendamos coger el <\/span><a href=\"http:\/\/www.rideonmotorent.com\/\"><span style=\"font-weight: 400\">alquiler moto Barcelona<\/span><\/a><span style=\"font-weight: 400\"> y visitar el el barrio g\u00f3tico, es la expresi\u00f3n m\u00e1s arm\u00f3nica de la Barcelona medieval y renacentista, la catedral es el edificio m\u00e1s imponente del barrio G\u00f3tico, su interior recoge la luz tamizada, t\u00edpica de la adecuaci\u00f3n de este estilo al clima mediterr\u00e1neo. <\/span><br \/>\n<img decoding=\"async\" class=\"img-responsive\" src=\"https:\/\/rideon.es\/wp-content\/uploads\/2016\/11\/catedral-barcelona-2.jpg\" alt=\"Catedral Barcelona\" width=\"100%\" \/><br \/>\n&nbsp;<br \/>\n<span style=\"font-weight: 400\">La catedral actual se construy\u00f3 durante los siglos XIII a XV sobre la antigua catedral rom\u00e1nica, construida a su vez sobre una iglesia de la \u00e9poca visigoda a la que precedi\u00f3 una bas\u00edlica paleocristiana, cuyos restos pueden verse en el subsuelo, en el Museo de Historia de la Ciudad. La finalizaci\u00f3n de la imponente fachada en el mismo estilo, sin embargo, es mucho m\u00e1s moderna (siglo XIX). El edificio es Bien de Inter\u00e9s Cultural y, desde el 2 de noviembre de 1929, Monumento Hist\u00f3rico-Art\u00edstico Nacional.<\/span><br \/>\n<img decoding=\"async\" class=\"img-responsive\" src=\"http:\/\/www.rideonmotorent.com\/wp-content\/uploads\/2016\/09\/cripta-catedral-barcelona.jpg\" alt=\"Cripta Catedral Barcelona\" width=\"100%\" \/><br \/>\n<span style=\"font-weight: 400\">Bajo el altar hay una Cripta dedicada a Santa Eul\u00e0lia, una joven m\u00e0rtir de la \u00e9poca romana. A la cripta se accede por una escalinata abierta en la mitad del templo, construido entre los siglos XIII y XV.  Seg\u00fan creencia popular, los viernes daba mala suerte chocar dos o m\u00e1s llaves; cuando se ten\u00eda que cerrar la catedral, se anunciaba precisamente con el ruido que ocasionaba el choque de llaves, menos el viernes que se hac\u00eda sonar una campanilla y los monaguillos llevaban las llaves una en cada mano.  Visita Barcelona con tu <\/span><a href=\"http:\/\/www.rideonmotorent.com\/\"><span style=\"font-weight: 400\">alquiler motos Barcelona<\/span><\/a><span style=\"font-weight: 400\"> RIdeon<\/span><br \/>\n<span style=\"font-weight: 400\">Se dice que la muerte de los canonigo la anunciaba San Benito tres d\u00edas antes, con tres golpes de maza en la b\u00f3veda para que resonara en todo el templo y si se trataba del obispo hac\u00eda sonar la campana Tomasa, tambi\u00e9n tres veces.<\/span><br \/>\n<img decoding=\"async\" class=\"img-responsive\" src=\"http:\/\/www.rideonmotorent.com\/wp-content\/uploads\/2016\/09\/claustro-catedral-barcelona.jpg\" alt=\"Claustro catedral Barcelona\" width=\"100%\" \/><br \/>\n<span style=\"font-weight: 400\">El claustro de la catedral evoca un tiempo de silencio y de sosiego, vida monacal y recogimiento.<\/span><br \/>\n<span style=\"font-weight: 400\">Para m\u00e1s informaci\u00f3n visiten nuestro <\/span><a href=\"http:\/\/www.rideonmotorent.com\/mallorca\/\"><span style=\"font-weight: 400\">Blog de informaci\u00f3n Tur\u00edstica a Mallorca<\/span><\/a><span style=\"font-weight: 400\">, para reservas online de motos de alquiler Mallorca pueden visitar nuestra web <\/span><a href=\"http:\/\/www.rideonmotorent.com\/\"><span style=\"font-weight: 400\">www.rideonmotorent.com<\/span><\/a><br \/>\n&nbsp;<\/p>\n","protected":false},"excerpt":{"rendered":"<p>V\u00eda Sepulcral Romana Situaci\u00f3n: https:\/\/goo.gl\/maps\/ZSrVQrMSakB2 Contacto: http:\/\/museuhistoria.bcn.cat\/ca\/node\/8 Bajo las piedras de la muralla medieval hay fundamentos visibles de la muralla romana que resguardaba la ciudad de Barcelona, es posible que muchos de los que creen conocer Barcelona desconozcan que en el coraz\u00f3n de ciutat vella hay un largo recorrido subterr\u00e1neo por los restos de lo<\/p>\n","protected":false},"author":2,"featured_media":1510,"comment_status":"open","ping_status":"closed","sticky":false,"template":"","format":"standard","meta":{"inline_featured_image":false,"footnotes":""},"categories":[9],"tags":[],"class_list":["post-404","post","type-post","status-publish","format-standard","has-post-thumbnail","hentry","category-barcelona"],"yoast_head":"<!-- This site is optimized with the Yoast SEO Premium plugin v18.7 (Yoast SEO v27.5) - https:\/\/yoast.com\/product\/yoast-seo-premium-wordpress\/ -->\n<title>Descubre la Barcelona romana en Moto con Rideon<\/title>\n<meta name=\"description\" content=\"Descubre la Barcelona romana y G\u00f3tica en Moto, visita la v\u00eda sepulcral romana en la plaza vila madrid y descubre la catedral g\u00f3tica de Barcelona.\" \/>\n<meta name=\"robots\" content=\"index, follow, max-snippet:-1, max-image-preview:large, max-video-preview:-1\" \/>\n<link rel=\"canonical\" href=\"https:\/\/rideon.es\/renting-empresas\/descubre-barcelona-romana\/\" \/>\n<meta property=\"og:locale\" content=\"es_ES\" \/>\n<meta property=\"og:type\" content=\"article\" \/>\n<meta property=\"og:title\" content=\"Descubre la Barcelona Romana\" \/>\n<meta property=\"og:description\" content=\"Descubre la Barcelona romana y G\u00f3tica en Moto, visita la v\u00eda sepulcral romana en la plaza vila madrid y descubre la catedral g\u00f3tica de Barcelona.\" \/>\n<meta property=\"og:url\" content=\"https:\/\/rideon.es\/renting-empresas\/descubre-barcelona-romana\/\" \/>\n<meta property=\"og:site_name\" content=\"Alquiler de motos mensual y Renting para Empresas\" \/>\n<meta property=\"article:published_time\" content=\"2016-10-06T15:30:25+00:00\" \/>\n<meta name=\"author\" content=\"Ride On\" \/>\n<meta name=\"twitter:card\" content=\"summary_large_image\" \/>\n<meta name=\"twitter:label1\" content=\"Escrito por\" \/>\n\t<meta name=\"twitter:data1\" content=\"Ride On\" \/>\n\t<meta name=\"twitter:label2\" content=\"Tiempo de lectura\" \/>\n\t<meta name=\"twitter:data2\" content=\"4 minutos\" \/>\n<script type=\"application\/ld+json\" class=\"yoast-schema-graph\">{\"@context\":\"https:\\\/\\\/schema.org\",\"@graph\":[{\"@type\":\"Article\",\"@id\":\"https:\\\/\\\/rideon.es\\\/renting-empresas\\\/descubre-barcelona-romana\\\/#article\",\"isPartOf\":{\"@id\":\"https:\\\/\\\/rideon.es\\\/renting-empresas\\\/descubre-barcelona-romana\\\/\"},\"author\":{\"name\":\"Ride On\",\"@id\":\"https:\\\/\\\/rideon.es\\\/renting-empresas\\\/#\\\/schema\\\/person\\\/48d6770e55c623d929bd20ce295611a7\"},\"headline\":\"Descubre la Barcelona Romana\",\"datePublished\":\"2016-10-06T15:30:25+00:00\",\"mainEntityOfPage\":{\"@id\":\"https:\\\/\\\/rideon.es\\\/renting-empresas\\\/descubre-barcelona-romana\\\/\"},\"wordCount\":716,\"commentCount\":0,\"publisher\":{\"@id\":\"https:\\\/\\\/rideon.es\\\/renting-empresas\\\/#organization\"},\"image\":{\"@id\":\"https:\\\/\\\/rideon.es\\\/renting-empresas\\\/descubre-barcelona-romana\\\/#primaryimage\"},\"thumbnailUrl\":\"\",\"articleSection\":[\"Barcelona\"],\"inLanguage\":\"es\",\"potentialAction\":[{\"@type\":\"CommentAction\",\"name\":\"Comment\",\"target\":[\"https:\\\/\\\/rideon.es\\\/renting-empresas\\\/descubre-barcelona-romana\\\/#respond\"]}]},{\"@type\":\"WebPage\",\"@id\":\"https:\\\/\\\/rideon.es\\\/renting-empresas\\\/descubre-barcelona-romana\\\/\",\"url\":\"https:\\\/\\\/rideon.es\\\/renting-empresas\\\/descubre-barcelona-romana\\\/\",\"name\":\"Descubre la Barcelona romana en Moto con Rideon\",\"isPartOf\":{\"@id\":\"https:\\\/\\\/rideon.es\\\/renting-empresas\\\/#website\"},\"primaryImageOfPage\":{\"@id\":\"https:\\\/\\\/rideon.es\\\/renting-empresas\\\/descubre-barcelona-romana\\\/#primaryimage\"},\"image\":{\"@id\":\"https:\\\/\\\/rideon.es\\\/renting-empresas\\\/descubre-barcelona-romana\\\/#primaryimage\"},\"thumbnailUrl\":\"\",\"datePublished\":\"2016-10-06T15:30:25+00:00\",\"description\":\"Descubre la Barcelona romana y G\u00f3tica en Moto, visita la v\u00eda sepulcral romana en la plaza vila madrid y descubre la catedral g\u00f3tica de Barcelona.\",\"inLanguage\":\"es\",\"potentialAction\":[{\"@type\":\"ReadAction\",\"target\":[\"https:\\\/\\\/rideon.es\\\/renting-empresas\\\/descubre-barcelona-romana\\\/\"]}]},{\"@type\":\"ImageObject\",\"inLanguage\":\"es\",\"@id\":\"https:\\\/\\\/rideon.es\\\/renting-empresas\\\/descubre-barcelona-romana\\\/#primaryimage\",\"url\":\"\",\"contentUrl\":\"\"},{\"@type\":\"WebSite\",\"@id\":\"https:\\\/\\\/rideon.es\\\/renting-empresas\\\/#website\",\"url\":\"https:\\\/\\\/rideon.es\\\/renting-empresas\\\/\",\"name\":\"Alquiler de motos mensual y Renting para Empresas\",\"description\":\"Las motos m\u00e1s c\u00f3modas y seguras para disfrutar de tus vacaciones sobre ruedas. Alquiler de motos en Menorca, Mallorca, Barcelona y Valencia con Rideon.es\",\"publisher\":{\"@id\":\"https:\\\/\\\/rideon.es\\\/renting-empresas\\\/#organization\"},\"potentialAction\":[{\"@type\":\"SearchAction\",\"target\":{\"@type\":\"EntryPoint\",\"urlTemplate\":\"https:\\\/\\\/rideon.es\\\/renting-empresas\\\/?s={search_term_string}\"},\"query-input\":{\"@type\":\"PropertyValueSpecification\",\"valueRequired\":true,\"valueName\":\"search_term_string\"}}],\"inLanguage\":\"es\"},{\"@type\":\"Organization\",\"@id\":\"https:\\\/\\\/rideon.es\\\/renting-empresas\\\/#organization\",\"name\":\"Alquiler de motos mensual y Renting para Empresas\",\"url\":\"https:\\\/\\\/rideon.es\\\/renting-empresas\\\/\",\"logo\":{\"@type\":\"ImageObject\",\"inLanguage\":\"es\",\"@id\":\"https:\\\/\\\/rideon.es\\\/renting-empresas\\\/#\\\/schema\\\/logo\\\/image\\\/\",\"url\":\"https:\\\/\\\/rideon.es\\\/renting-empresas\\\/wp-content\\\/uploads\\\/sites\\\/19\\\/2020\\\/02\\\/rideon_logo-200x78-1.png\",\"contentUrl\":\"https:\\\/\\\/rideon.es\\\/renting-empresas\\\/wp-content\\\/uploads\\\/sites\\\/19\\\/2020\\\/02\\\/rideon_logo-200x78-1.png\",\"width\":200,\"height\":78,\"caption\":\"Alquiler de motos mensual y Renting para Empresas\"},\"image\":{\"@id\":\"https:\\\/\\\/rideon.es\\\/renting-empresas\\\/#\\\/schema\\\/logo\\\/image\\\/\"}},{\"@type\":\"Person\",\"@id\":\"https:\\\/\\\/rideon.es\\\/renting-empresas\\\/#\\\/schema\\\/person\\\/48d6770e55c623d929bd20ce295611a7\",\"name\":\"Ride On\",\"image\":{\"@type\":\"ImageObject\",\"inLanguage\":\"es\",\"@id\":\"https:\\\/\\\/secure.gravatar.com\\\/avatar\\\/785e72183089da6a00243c0f0e2d52db79b9983b602219afb07c868943086138?s=96&d=mm&r=g\",\"url\":\"https:\\\/\\\/secure.gravatar.com\\\/avatar\\\/785e72183089da6a00243c0f0e2d52db79b9983b602219afb07c868943086138?s=96&d=mm&r=g\",\"contentUrl\":\"https:\\\/\\\/secure.gravatar.com\\\/avatar\\\/785e72183089da6a00243c0f0e2d52db79b9983b602219afb07c868943086138?s=96&d=mm&r=g\",\"caption\":\"Ride On\"},\"url\":\"https:\\\/\\\/rideon.es\\\/renting-empresas\\\/author\\\/eduardoyauri\\\/\"}]}<\/script>\n<!-- \/ Yoast SEO Premium plugin. -->","yoast_head_json":{"title":"Descubre la Barcelona romana en Moto con Rideon","description":"Descubre la Barcelona romana y G\u00f3tica en Moto, visita la v\u00eda sepulcral romana en la plaza vila madrid y descubre la catedral g\u00f3tica de Barcelona.","robots":{"index":"index","follow":"follow","max-snippet":"max-snippet:-1","max-image-preview":"max-image-preview:large","max-video-preview":"max-video-preview:-1"},"canonical":"https:\/\/rideon.es\/renting-empresas\/descubre-barcelona-romana\/","og_locale":"es_ES","og_type":"article","og_title":"Descubre la Barcelona Romana","og_description":"Descubre la Barcelona romana y G\u00f3tica en Moto, visita la v\u00eda sepulcral romana en la plaza vila madrid y descubre la catedral g\u00f3tica de Barcelona.","og_url":"https:\/\/rideon.es\/renting-empresas\/descubre-barcelona-romana\/","og_site_name":"Alquiler de motos mensual y Renting para Empresas","article_published_time":"2016-10-06T15:30:25+00:00","author":"Ride On","twitter_card":"summary_large_image","twitter_misc":{"Escrito por":"Ride On","Tiempo de lectura":"4 minutos"},"schema":{"@context":"https:\/\/schema.org","@graph":[{"@type":"Article","@id":"https:\/\/rideon.es\/renting-empresas\/descubre-barcelona-romana\/#article","isPartOf":{"@id":"https:\/\/rideon.es\/renting-empresas\/descubre-barcelona-romana\/"},"author":{"name":"Ride On","@id":"https:\/\/rideon.es\/renting-empresas\/#\/schema\/person\/48d6770e55c623d929bd20ce295611a7"},"headline":"Descubre la Barcelona Romana","datePublished":"2016-10-06T15:30:25+00:00","mainEntityOfPage":{"@id":"https:\/\/rideon.es\/renting-empresas\/descubre-barcelona-romana\/"},"wordCount":716,"commentCount":0,"publisher":{"@id":"https:\/\/rideon.es\/renting-empresas\/#organization"},"image":{"@id":"https:\/\/rideon.es\/renting-empresas\/descubre-barcelona-romana\/#primaryimage"},"thumbnailUrl":"","articleSection":["Barcelona"],"inLanguage":"es","potentialAction":[{"@type":"CommentAction","name":"Comment","target":["https:\/\/rideon.es\/renting-empresas\/descubre-barcelona-romana\/#respond"]}]},{"@type":"WebPage","@id":"https:\/\/rideon.es\/renting-empresas\/descubre-barcelona-romana\/","url":"https:\/\/rideon.es\/renting-empresas\/descubre-barcelona-romana\/","name":"Descubre la Barcelona romana en Moto con Rideon","isPartOf":{"@id":"https:\/\/rideon.es\/renting-empresas\/#website"},"primaryImageOfPage":{"@id":"https:\/\/rideon.es\/renting-empresas\/descubre-barcelona-romana\/#primaryimage"},"image":{"@id":"https:\/\/rideon.es\/renting-empresas\/descubre-barcelona-romana\/#primaryimage"},"thumbnailUrl":"","datePublished":"2016-10-06T15:30:25+00:00","description":"Descubre la Barcelona romana y G\u00f3tica en Moto, visita la v\u00eda sepulcral romana en la plaza vila madrid y descubre la catedral g\u00f3tica de Barcelona.","inLanguage":"es","potentialAction":[{"@type":"ReadAction","target":["https:\/\/rideon.es\/renting-empresas\/descubre-barcelona-romana\/"]}]},{"@type":"ImageObject","inLanguage":"es","@id":"https:\/\/rideon.es\/renting-empresas\/descubre-barcelona-romana\/#primaryimage","url":"","contentUrl":""},{"@type":"WebSite","@id":"https:\/\/rideon.es\/renting-empresas\/#website","url":"https:\/\/rideon.es\/renting-empresas\/","name":"Alquiler de motos mensual y Renting para Empresas","description":"Las motos m\u00e1s c\u00f3modas y seguras para disfrutar de tus vacaciones sobre ruedas. Alquiler de motos en Menorca, Mallorca, Barcelona y Valencia con Rideon.es","publisher":{"@id":"https:\/\/rideon.es\/renting-empresas\/#organization"},"potentialAction":[{"@type":"SearchAction","target":{"@type":"EntryPoint","urlTemplate":"https:\/\/rideon.es\/renting-empresas\/?s={search_term_string}"},"query-input":{"@type":"PropertyValueSpecification","valueRequired":true,"valueName":"search_term_string"}}],"inLanguage":"es"},{"@type":"Organization","@id":"https:\/\/rideon.es\/renting-empresas\/#organization","name":"Alquiler de motos mensual y Renting para Empresas","url":"https:\/\/rideon.es\/renting-empresas\/","logo":{"@type":"ImageObject","inLanguage":"es","@id":"https:\/\/rideon.es\/renting-empresas\/#\/schema\/logo\/image\/","url":"https:\/\/rideon.es\/renting-empresas\/wp-content\/uploads\/sites\/19\/2020\/02\/rideon_logo-200x78-1.png","contentUrl":"https:\/\/rideon.es\/renting-empresas\/wp-content\/uploads\/sites\/19\/2020\/02\/rideon_logo-200x78-1.png","width":200,"height":78,"caption":"Alquiler de motos mensual y Renting para Empresas"},"image":{"@id":"https:\/\/rideon.es\/renting-empresas\/#\/schema\/logo\/image\/"}},{"@type":"Person","@id":"https:\/\/rideon.es\/renting-empresas\/#\/schema\/person\/48d6770e55c623d929bd20ce295611a7","name":"Ride On","image":{"@type":"ImageObject","inLanguage":"es","@id":"https:\/\/secure.gravatar.com\/avatar\/785e72183089da6a00243c0f0e2d52db79b9983b602219afb07c868943086138?s=96&d=mm&r=g","url":"https:\/\/secure.gravatar.com\/avatar\/785e72183089da6a00243c0f0e2d52db79b9983b602219afb07c868943086138?s=96&d=mm&r=g","contentUrl":"https:\/\/secure.gravatar.com\/avatar\/785e72183089da6a00243c0f0e2d52db79b9983b602219afb07c868943086138?s=96&d=mm&r=g","caption":"Ride On"},"url":"https:\/\/rideon.es\/renting-empresas\/author\/eduardoyauri\/"}]}},"_links":{"self":[{"href":"https:\/\/rideon.es\/renting-empresas\/wp-json\/wp\/v2\/posts\/404","targetHints":{"allow":["GET"]}}],"collection":[{"href":"https:\/\/rideon.es\/renting-empresas\/wp-json\/wp\/v2\/posts"}],"about":[{"href":"https:\/\/rideon.es\/renting-empresas\/wp-json\/wp\/v2\/types\/post"}],"author":[{"embeddable":true,"href":"https:\/\/rideon.es\/renting-empresas\/wp-json\/wp\/v2\/users\/2"}],"replies":[{"embeddable":true,"href":"https:\/\/rideon.es\/renting-empresas\/wp-json\/wp\/v2\/comments?post=404"}],"version-history":[{"count":0,"href":"https:\/\/rideon.es\/renting-empresas\/wp-json\/wp\/v2\/posts\/404\/revisions"}],"wp:featuredmedia":[{"embeddable":true,"href":"https:\/\/rideon.es\/renting-empresas\/wp-json\/"}],"wp:attachment":[{"href":"https:\/\/rideon.es\/renting-empresas\/wp-json\/wp\/v2\/media?parent=404"}],"wp:term":[{"taxonomy":"category","embeddable":true,"href":"https:\/\/rideon.es\/renting-empresas\/wp-json\/wp\/v2\/categories?post=404"},{"taxonomy":"post_tag","embeddable":true,"href":"https:\/\/rideon.es\/renting-empresas\/wp-json\/wp\/v2\/tags?post=404"}],"curies":[{"name":"wp","href":"https:\/\/api.w.org\/{rel}","templated":true}]}}