{"id":3275,"date":"2018-09-12T10:20:57","date_gmt":"2018-09-12T10:20:57","guid":{"rendered":"https:\/\/rideon.es\/?p=3275"},"modified":"2018-09-12T10:20:57","modified_gmt":"2018-09-12T10:20:57","slug":"mejores-bares-de-copas-de-menorca","status":"publish","type":"post","link":"https:\/\/rideon.es\/renting-empresas\/mejores-bares-de-copas-de-menorca\/","title":{"rendered":"Mejores bares de copas de Menorca"},"content":{"rendered":"<h2><span style=\"font-weight: 400\">Algunas propuestas para vivir la noche de Ma\u00f3<\/span><\/h2>\n<p><span style=\"font-weight: 400\">Te proponemos algunos de los locales de moda del Puerto de Ma\u00f3 y alrededores para que disfrutes a tope de la noche de la capital menorquina. Si est\u00e1s disfrutando de unas vacaciones en <\/span><a href=\"https:\/\/rideon.es\/es\/alquiler-moto-menorca\/\"><span style=\"font-weight: 400\">moto en Menorca<\/span><\/a><span style=\"font-weight: 400\"> estas sugerencias pueden ayudarte a no \u00a0perderte en las noches de verano mahonesas.<\/span><br \/>\n<span style=\"font-weight: 400\">Desde mayo hasta septiembre, esta zona del puerto bulle de actividad y de buen ambiente y la mayor\u00eda de sus locales ofrecen buena m\u00fasica, ambientes variados, terrazas con vistas e incluso una interesante oferta de tapas, pinchos, cosas para picar y platos para compartir.<\/span><br \/>\n<span style=\"font-weight: 400\">Son muchos los locales de ocio nocturno que dan lo mejor de s\u00ed mismos durante los meses de verano y aunque no los incluimos todos, esperamos que estas propuestas sean de tu agrado.<\/span><\/p>\n<h2><span style=\"font-weight: 400\">Akelarre Jazz<\/span><\/h2>\n<p><img fetchpriority=\"high\" decoding=\"async\" class=\"img-responsive aligncenter\" src=\"https:\/\/rideon.es\/wp-content\/uploads\/2018\/09\/akelarre-jazz-alquiler-moto-menorca.png\" alt=\"Akelarre Bar Alquiler moto Menorca\" width=\"800\" height=\"459\" \/><br \/>\n<span style=\"font-weight: 400\">Uno de los locales de copas m\u00e1s emblem\u00e1ticos de Ma\u00f3, con m\u00fasica en directo y restaurante en el que se sirven platos originales de cocina menorquina e internacional, con una amplia carta de tapas y pinchos para comer algo en un ambiente \u00fanico. El local adem\u00e1s es una antigua f\u00e1brica de maderas que conserva parte de la est\u00e9tica industrial del siglo pasado. Descubre con Ride On <\/span><a href=\"https:\/\/rideon.es\/es\/alquiler-moto-menorca\/\"><span style=\"font-weight: 400\">alquiler moto Menorca<\/span><\/a><span style=\"font-weight: 400\"> los sitios m\u00e1s incre\u00edbles de la isla.<\/span><\/p>\n<h2><span style=\"font-weight: 400\">Bar Gallery<\/span><\/h2>\n<p><img decoding=\"async\" class=\"img-responsive aligncenter\" src=\"https:\/\/rideon.es\/wp-content\/uploads\/2018\/09\/bar-gallery-alquiler-moto-menorca.png\" alt=\"Bar Sa Falua Alquiler moto Menorca\" width=\"800\" height=\"422\" \/><br \/>\n<span style=\"font-weight: 400\">Aqu\u00ed, adem\u00e1s de buena m\u00fasica, buen ambiente y buenas propuestas gastron\u00f3micas se<\/span><br \/>\n<span style=\"font-weight: 400\">puede disfrutar de exposiciones de artistas locales con obras realmente creativas.<\/span><\/p>\n<h2><span style=\"font-weight: 400\">Bar Sa Falua <\/span><\/h2>\n<p><img decoding=\"async\" class=\"img-responsive aligncenter\" src=\"https:\/\/rideon.es\/wp-content\/uploads\/2018\/09\/bar-sa-falua-alquiler-moto-menorca.png\" alt=\"Bar Gallery Alquiler moto Menorca\" width=\"800\" height=\"438\" \/><br \/>\n<span style=\"font-weight: 400\">Destaca por su extensa carta de c\u00f3cteles y copas entre las que incluyen mezclas propias inolvidables y en su mayor\u00eda basadas en la legendaria Gin Xoriguer.<\/span><\/p>\n<h2><span style=\"font-weight: 400\">Mambo Bar<\/span><\/h2>\n<p><span style=\"font-weight: 400\">Con excelentes vistas al puerto de Mah\u00f3n, el sitio perfecto donde tomarse una copa y escuchar buena m\u00fasica. Adem\u00e1s, del Mambo Bar, si buscas algo de m\u00e1s marcha, no dejes de visitar las discotecas y pubs Texas, en el Moll de Llevant, Sa Proa, Salsa y Sambuka en el Moll de Ponent y Miralls, H2O y Ama-gi en la Costa d\u2019es General.<\/span><\/p>\n<p><span style=\"font-weight: 400\">En el Moll de Llevant encontrar\u00e1s tambi\u00e9n numerosos locales con terraza ideales para tomar una copa tranquilamente.<\/span><br \/>\n<span style=\"font-weight: 400\">M\u00e1s informaci\u00f3n en nuestras tiendas<\/span><span style=\"font-weight: 400\">\u00a0o en nuestra web <\/span><a href=\"https:\/\/rideon.es\"><span style=\"font-weight: 400\">www.rideon.es<\/span><\/a><\/p>\n","protected":false},"excerpt":{"rendered":"<p>Algunas propuestas para vivir la noche de Ma\u00f3 Te proponemos algunos de los locales de moda del Puerto de Ma\u00f3 y alrededores para que disfrutes a tope de la noche de la capital menorquina. Si est\u00e1s disfrutando de unas vacaciones en moto en Menorca estas sugerencias pueden ayudarte a no \u00a0perderte en las noches de<\/p>\n","protected":false},"author":2,"featured_media":5127,"comment_status":"open","ping_status":"closed","sticky":false,"template":"","format":"standard","meta":{"inline_featured_image":false,"footnotes":""},"categories":[59,56,14],"tags":[],"class_list":["post-3275","post","type-post","status-publish","format-standard","has-post-thumbnail","hentry","category-festividades","category-lugar-interes","category-menorca"],"yoast_head":"<!-- This site is optimized with the Yoast SEO Premium plugin v18.7 (Yoast SEO v27.5) - https:\/\/yoast.com\/product\/yoast-seo-premium-wordpress\/ -->\n<title>Mejores bares de copas de Menorca - Alquiler de motos mensual y Renting para Empresas<\/title>\n<meta name=\"description\" content=\"Una selecci\u00f3n de bares, pubs y discotecas m\u00e1s de moda en Ma\u00f3 para que disfrutes al m\u00e1ximo de tus vacaciones en moto en Menorca.\" \/>\n<meta name=\"robots\" content=\"index, follow, max-snippet:-1, max-image-preview:large, max-video-preview:-1\" \/>\n<link rel=\"canonical\" href=\"https:\/\/rideon.es\/renting-empresas\/mejores-bares-de-copas-de-menorca\/\" \/>\n<meta property=\"og:locale\" content=\"es_ES\" \/>\n<meta property=\"og:type\" content=\"article\" \/>\n<meta property=\"og:title\" content=\"Mejores bares de copas de Menorca\" \/>\n<meta property=\"og:description\" content=\"Una selecci\u00f3n de bares, pubs y discotecas m\u00e1s de moda en Ma\u00f3 para que disfrutes al m\u00e1ximo de tus vacaciones en moto en Menorca.\" \/>\n<meta property=\"og:url\" content=\"https:\/\/rideon.es\/renting-empresas\/mejores-bares-de-copas-de-menorca\/\" \/>\n<meta property=\"og:site_name\" content=\"Alquiler de motos mensual y Renting para Empresas\" \/>\n<meta property=\"article:published_time\" content=\"2018-09-12T10:20:57+00:00\" \/>\n<meta property=\"og:image\" content=\"https:\/\/rideon.es\/renting-empresas\/wp-content\/uploads\/sites\/19\/2018\/09\/bar-sa-falua-alquiler-moto-menorca-1.png\" \/>\n\t<meta property=\"og:image:width\" content=\"1085\" \/>\n\t<meta property=\"og:image:height\" content=\"594\" \/>\n\t<meta property=\"og:image:type\" content=\"image\/png\" \/>\n<meta name=\"author\" content=\"Ride On\" \/>\n<meta name=\"twitter:card\" content=\"summary_large_image\" \/>\n<meta name=\"twitter:label1\" content=\"Escrito por\" \/>\n\t<meta name=\"twitter:data1\" content=\"Ride On\" \/>\n\t<meta name=\"twitter:label2\" content=\"Tiempo de lectura\" \/>\n\t<meta name=\"twitter:data2\" content=\"2 minutos\" \/>\n<script type=\"application\/ld+json\" class=\"yoast-schema-graph\">{\"@context\":\"https:\\\/\\\/schema.org\",\"@graph\":[{\"@type\":\"Article\",\"@id\":\"https:\\\/\\\/rideon.es\\\/renting-empresas\\\/mejores-bares-de-copas-de-menorca\\\/#article\",\"isPartOf\":{\"@id\":\"https:\\\/\\\/rideon.es\\\/renting-empresas\\\/mejores-bares-de-copas-de-menorca\\\/\"},\"author\":{\"name\":\"Ride On\",\"@id\":\"https:\\\/\\\/rideon.es\\\/renting-empresas\\\/#\\\/schema\\\/person\\\/48d6770e55c623d929bd20ce295611a7\"},\"headline\":\"Mejores bares de copas de Menorca\",\"datePublished\":\"2018-09-12T10:20:57+00:00\",\"mainEntityOfPage\":{\"@id\":\"https:\\\/\\\/rideon.es\\\/renting-empresas\\\/mejores-bares-de-copas-de-menorca\\\/\"},\"wordCount\":391,\"commentCount\":0,\"publisher\":{\"@id\":\"https:\\\/\\\/rideon.es\\\/renting-empresas\\\/#organization\"},\"image\":{\"@id\":\"https:\\\/\\\/rideon.es\\\/renting-empresas\\\/mejores-bares-de-copas-de-menorca\\\/#primaryimage\"},\"thumbnailUrl\":\"https:\\\/\\\/rideon.es\\\/renting-empresas\\\/wp-content\\\/uploads\\\/sites\\\/19\\\/2018\\\/09\\\/bar-sa-falua-alquiler-moto-menorca-1.png\",\"articleSection\":[\"Festividades\",\"Lugares de inter\u00e9s\",\"Menorca\"],\"inLanguage\":\"es\",\"potentialAction\":[{\"@type\":\"CommentAction\",\"name\":\"Comment\",\"target\":[\"https:\\\/\\\/rideon.es\\\/renting-empresas\\\/mejores-bares-de-copas-de-menorca\\\/#respond\"]}]},{\"@type\":\"WebPage\",\"@id\":\"https:\\\/\\\/rideon.es\\\/renting-empresas\\\/mejores-bares-de-copas-de-menorca\\\/\",\"url\":\"https:\\\/\\\/rideon.es\\\/renting-empresas\\\/mejores-bares-de-copas-de-menorca\\\/\",\"name\":\"Mejores bares de copas de Menorca - Alquiler de motos mensual y Renting para Empresas\",\"isPartOf\":{\"@id\":\"https:\\\/\\\/rideon.es\\\/renting-empresas\\\/#website\"},\"primaryImageOfPage\":{\"@id\":\"https:\\\/\\\/rideon.es\\\/renting-empresas\\\/mejores-bares-de-copas-de-menorca\\\/#primaryimage\"},\"image\":{\"@id\":\"https:\\\/\\\/rideon.es\\\/renting-empresas\\\/mejores-bares-de-copas-de-menorca\\\/#primaryimage\"},\"thumbnailUrl\":\"https:\\\/\\\/rideon.es\\\/renting-empresas\\\/wp-content\\\/uploads\\\/sites\\\/19\\\/2018\\\/09\\\/bar-sa-falua-alquiler-moto-menorca-1.png\",\"datePublished\":\"2018-09-12T10:20:57+00:00\",\"description\":\"Una selecci\u00f3n de bares, pubs y discotecas m\u00e1s de moda en Ma\u00f3 para que disfrutes al m\u00e1ximo de tus vacaciones en moto en Menorca.\",\"inLanguage\":\"es\",\"potentialAction\":[{\"@type\":\"ReadAction\",\"target\":[\"https:\\\/\\\/rideon.es\\\/renting-empresas\\\/mejores-bares-de-copas-de-menorca\\\/\"]}]},{\"@type\":\"ImageObject\",\"inLanguage\":\"es\",\"@id\":\"https:\\\/\\\/rideon.es\\\/renting-empresas\\\/mejores-bares-de-copas-de-menorca\\\/#primaryimage\",\"url\":\"https:\\\/\\\/rideon.es\\\/renting-empresas\\\/wp-content\\\/uploads\\\/sites\\\/19\\\/2018\\\/09\\\/bar-sa-falua-alquiler-moto-menorca-1.png\",\"contentUrl\":\"https:\\\/\\\/rideon.es\\\/renting-empresas\\\/wp-content\\\/uploads\\\/sites\\\/19\\\/2018\\\/09\\\/bar-sa-falua-alquiler-moto-menorca-1.png\",\"width\":1085,\"height\":594},{\"@type\":\"WebSite\",\"@id\":\"https:\\\/\\\/rideon.es\\\/renting-empresas\\\/#website\",\"url\":\"https:\\\/\\\/rideon.es\\\/renting-empresas\\\/\",\"name\":\"Alquiler de motos mensual y Renting para Empresas\",\"description\":\"Las motos m\u00e1s c\u00f3modas y seguras para disfrutar de tus vacaciones sobre ruedas. Alquiler de motos en Menorca, Mallorca, Barcelona y Valencia con Rideon.es\",\"publisher\":{\"@id\":\"https:\\\/\\\/rideon.es\\\/renting-empresas\\\/#organization\"},\"potentialAction\":[{\"@type\":\"SearchAction\",\"target\":{\"@type\":\"EntryPoint\",\"urlTemplate\":\"https:\\\/\\\/rideon.es\\\/renting-empresas\\\/?s={search_term_string}\"},\"query-input\":{\"@type\":\"PropertyValueSpecification\",\"valueRequired\":true,\"valueName\":\"search_term_string\"}}],\"inLanguage\":\"es\"},{\"@type\":\"Organization\",\"@id\":\"https:\\\/\\\/rideon.es\\\/renting-empresas\\\/#organization\",\"name\":\"Alquiler de motos mensual y Renting para Empresas\",\"url\":\"https:\\\/\\\/rideon.es\\\/renting-empresas\\\/\",\"logo\":{\"@type\":\"ImageObject\",\"inLanguage\":\"es\",\"@id\":\"https:\\\/\\\/rideon.es\\\/renting-empresas\\\/#\\\/schema\\\/logo\\\/image\\\/\",\"url\":\"https:\\\/\\\/rideon.es\\\/renting-empresas\\\/wp-content\\\/uploads\\\/sites\\\/19\\\/2020\\\/02\\\/rideon_logo-200x78-1.png\",\"contentUrl\":\"https:\\\/\\\/rideon.es\\\/renting-empresas\\\/wp-content\\\/uploads\\\/sites\\\/19\\\/2020\\\/02\\\/rideon_logo-200x78-1.png\",\"width\":200,\"height\":78,\"caption\":\"Alquiler de motos mensual y Renting para Empresas\"},\"image\":{\"@id\":\"https:\\\/\\\/rideon.es\\\/renting-empresas\\\/#\\\/schema\\\/logo\\\/image\\\/\"}},{\"@type\":\"Person\",\"@id\":\"https:\\\/\\\/rideon.es\\\/renting-empresas\\\/#\\\/schema\\\/person\\\/48d6770e55c623d929bd20ce295611a7\",\"name\":\"Ride On\",\"image\":{\"@type\":\"ImageObject\",\"inLanguage\":\"es\",\"@id\":\"https:\\\/\\\/secure.gravatar.com\\\/avatar\\\/785e72183089da6a00243c0f0e2d52db79b9983b602219afb07c868943086138?s=96&d=mm&r=g\",\"url\":\"https:\\\/\\\/secure.gravatar.com\\\/avatar\\\/785e72183089da6a00243c0f0e2d52db79b9983b602219afb07c868943086138?s=96&d=mm&r=g\",\"contentUrl\":\"https:\\\/\\\/secure.gravatar.com\\\/avatar\\\/785e72183089da6a00243c0f0e2d52db79b9983b602219afb07c868943086138?s=96&d=mm&r=g\",\"caption\":\"Ride On\"},\"url\":\"https:\\\/\\\/rideon.es\\\/renting-empresas\\\/author\\\/eduardoyauri\\\/\"}]}<\/script>\n<!-- \/ Yoast SEO Premium plugin. -->","yoast_head_json":{"title":"Mejores bares de copas de Menorca - Alquiler de motos mensual y Renting para Empresas","description":"Una selecci\u00f3n de bares, pubs y discotecas m\u00e1s de moda en Ma\u00f3 para que disfrutes al m\u00e1ximo de tus vacaciones en moto en Menorca.","robots":{"index":"index","follow":"follow","max-snippet":"max-snippet:-1","max-image-preview":"max-image-preview:large","max-video-preview":"max-video-preview:-1"},"canonical":"https:\/\/rideon.es\/renting-empresas\/mejores-bares-de-copas-de-menorca\/","og_locale":"es_ES","og_type":"article","og_title":"Mejores bares de copas de Menorca","og_description":"Una selecci\u00f3n de bares, pubs y discotecas m\u00e1s de moda en Ma\u00f3 para que disfrutes al m\u00e1ximo de tus vacaciones en moto en Menorca.","og_url":"https:\/\/rideon.es\/renting-empresas\/mejores-bares-de-copas-de-menorca\/","og_site_name":"Alquiler de motos mensual y Renting para Empresas","article_published_time":"2018-09-12T10:20:57+00:00","og_image":[{"width":1085,"height":594,"url":"https:\/\/rideon.es\/renting-empresas\/wp-content\/uploads\/sites\/19\/2018\/09\/bar-sa-falua-alquiler-moto-menorca-1.png","type":"image\/png"}],"author":"Ride On","twitter_card":"summary_large_image","twitter_misc":{"Escrito por":"Ride On","Tiempo de lectura":"2 minutos"},"schema":{"@context":"https:\/\/schema.org","@graph":[{"@type":"Article","@id":"https:\/\/rideon.es\/renting-empresas\/mejores-bares-de-copas-de-menorca\/#article","isPartOf":{"@id":"https:\/\/rideon.es\/renting-empresas\/mejores-bares-de-copas-de-menorca\/"},"author":{"name":"Ride On","@id":"https:\/\/rideon.es\/renting-empresas\/#\/schema\/person\/48d6770e55c623d929bd20ce295611a7"},"headline":"Mejores bares de copas de Menorca","datePublished":"2018-09-12T10:20:57+00:00","mainEntityOfPage":{"@id":"https:\/\/rideon.es\/renting-empresas\/mejores-bares-de-copas-de-menorca\/"},"wordCount":391,"commentCount":0,"publisher":{"@id":"https:\/\/rideon.es\/renting-empresas\/#organization"},"image":{"@id":"https:\/\/rideon.es\/renting-empresas\/mejores-bares-de-copas-de-menorca\/#primaryimage"},"thumbnailUrl":"https:\/\/rideon.es\/renting-empresas\/wp-content\/uploads\/sites\/19\/2018\/09\/bar-sa-falua-alquiler-moto-menorca-1.png","articleSection":["Festividades","Lugares de inter\u00e9s","Menorca"],"inLanguage":"es","potentialAction":[{"@type":"CommentAction","name":"Comment","target":["https:\/\/rideon.es\/renting-empresas\/mejores-bares-de-copas-de-menorca\/#respond"]}]},{"@type":"WebPage","@id":"https:\/\/rideon.es\/renting-empresas\/mejores-bares-de-copas-de-menorca\/","url":"https:\/\/rideon.es\/renting-empresas\/mejores-bares-de-copas-de-menorca\/","name":"Mejores bares de copas de Menorca - Alquiler de motos mensual y Renting para Empresas","isPartOf":{"@id":"https:\/\/rideon.es\/renting-empresas\/#website"},"primaryImageOfPage":{"@id":"https:\/\/rideon.es\/renting-empresas\/mejores-bares-de-copas-de-menorca\/#primaryimage"},"image":{"@id":"https:\/\/rideon.es\/renting-empresas\/mejores-bares-de-copas-de-menorca\/#primaryimage"},"thumbnailUrl":"https:\/\/rideon.es\/renting-empresas\/wp-content\/uploads\/sites\/19\/2018\/09\/bar-sa-falua-alquiler-moto-menorca-1.png","datePublished":"2018-09-12T10:20:57+00:00","description":"Una selecci\u00f3n de bares, pubs y discotecas m\u00e1s de moda en Ma\u00f3 para que disfrutes al m\u00e1ximo de tus vacaciones en moto en Menorca.","inLanguage":"es","potentialAction":[{"@type":"ReadAction","target":["https:\/\/rideon.es\/renting-empresas\/mejores-bares-de-copas-de-menorca\/"]}]},{"@type":"ImageObject","inLanguage":"es","@id":"https:\/\/rideon.es\/renting-empresas\/mejores-bares-de-copas-de-menorca\/#primaryimage","url":"https:\/\/rideon.es\/renting-empresas\/wp-content\/uploads\/sites\/19\/2018\/09\/bar-sa-falua-alquiler-moto-menorca-1.png","contentUrl":"https:\/\/rideon.es\/renting-empresas\/wp-content\/uploads\/sites\/19\/2018\/09\/bar-sa-falua-alquiler-moto-menorca-1.png","width":1085,"height":594},{"@type":"WebSite","@id":"https:\/\/rideon.es\/renting-empresas\/#website","url":"https:\/\/rideon.es\/renting-empresas\/","name":"Alquiler de motos mensual y Renting para Empresas","description":"Las motos m\u00e1s c\u00f3modas y seguras para disfrutar de tus vacaciones sobre ruedas. Alquiler de motos en Menorca, Mallorca, Barcelona y Valencia con Rideon.es","publisher":{"@id":"https:\/\/rideon.es\/renting-empresas\/#organization"},"potentialAction":[{"@type":"SearchAction","target":{"@type":"EntryPoint","urlTemplate":"https:\/\/rideon.es\/renting-empresas\/?s={search_term_string}"},"query-input":{"@type":"PropertyValueSpecification","valueRequired":true,"valueName":"search_term_string"}}],"inLanguage":"es"},{"@type":"Organization","@id":"https:\/\/rideon.es\/renting-empresas\/#organization","name":"Alquiler de motos mensual y Renting para Empresas","url":"https:\/\/rideon.es\/renting-empresas\/","logo":{"@type":"ImageObject","inLanguage":"es","@id":"https:\/\/rideon.es\/renting-empresas\/#\/schema\/logo\/image\/","url":"https:\/\/rideon.es\/renting-empresas\/wp-content\/uploads\/sites\/19\/2020\/02\/rideon_logo-200x78-1.png","contentUrl":"https:\/\/rideon.es\/renting-empresas\/wp-content\/uploads\/sites\/19\/2020\/02\/rideon_logo-200x78-1.png","width":200,"height":78,"caption":"Alquiler de motos mensual y Renting para Empresas"},"image":{"@id":"https:\/\/rideon.es\/renting-empresas\/#\/schema\/logo\/image\/"}},{"@type":"Person","@id":"https:\/\/rideon.es\/renting-empresas\/#\/schema\/person\/48d6770e55c623d929bd20ce295611a7","name":"Ride On","image":{"@type":"ImageObject","inLanguage":"es","@id":"https:\/\/secure.gravatar.com\/avatar\/785e72183089da6a00243c0f0e2d52db79b9983b602219afb07c868943086138?s=96&d=mm&r=g","url":"https:\/\/secure.gravatar.com\/avatar\/785e72183089da6a00243c0f0e2d52db79b9983b602219afb07c868943086138?s=96&d=mm&r=g","contentUrl":"https:\/\/secure.gravatar.com\/avatar\/785e72183089da6a00243c0f0e2d52db79b9983b602219afb07c868943086138?s=96&d=mm&r=g","caption":"Ride On"},"url":"https:\/\/rideon.es\/renting-empresas\/author\/eduardoyauri\/"}]}},"_links":{"self":[{"href":"https:\/\/rideon.es\/renting-empresas\/wp-json\/wp\/v2\/posts\/3275","targetHints":{"allow":["GET"]}}],"collection":[{"href":"https:\/\/rideon.es\/renting-empresas\/wp-json\/wp\/v2\/posts"}],"about":[{"href":"https:\/\/rideon.es\/renting-empresas\/wp-json\/wp\/v2\/types\/post"}],"author":[{"embeddable":true,"href":"https:\/\/rideon.es\/renting-empresas\/wp-json\/wp\/v2\/users\/2"}],"replies":[{"embeddable":true,"href":"https:\/\/rideon.es\/renting-empresas\/wp-json\/wp\/v2\/comments?post=3275"}],"version-history":[{"count":0,"href":"https:\/\/rideon.es\/renting-empresas\/wp-json\/wp\/v2\/posts\/3275\/revisions"}],"wp:featuredmedia":[{"embeddable":true,"href":"https:\/\/rideon.es\/renting-empresas\/wp-json\/wp\/v2\/media\/5127"}],"wp:attachment":[{"href":"https:\/\/rideon.es\/renting-empresas\/wp-json\/wp\/v2\/media?parent=3275"}],"wp:term":[{"taxonomy":"category","embeddable":true,"href":"https:\/\/rideon.es\/renting-empresas\/wp-json\/wp\/v2\/categories?post=3275"},{"taxonomy":"post_tag","embeddable":true,"href":"https:\/\/rideon.es\/renting-empresas\/wp-json\/wp\/v2\/tags?post=3275"}],"curies":[{"name":"wp","href":"https:\/\/api.w.org\/{rel}","templated":true}]}}