{"id":3264,"date":"2018-09-03T14:43:52","date_gmt":"2018-09-03T14:43:52","guid":{"rendered":"https:\/\/rideon.es\/?p=3264"},"modified":"2018-09-03T14:43:52","modified_gmt":"2018-09-03T14:43:52","slug":"ruta-palma-andrach-banalbufar","status":"publish","type":"post","link":"https:\/\/rideon.es\/renting-empresas\/ruta-palma-andrach-banalbufar\/","title":{"rendered":"Ruta Palma-Andrach-Ba\u00f1albufar"},"content":{"rendered":"<p><span style=\"font-weight: 400\">Desde Ride On Mallorca presentamos una ruta fant\u00e1stica para disfrutar del <\/span><a href=\"https:\/\/rideon.es\/es\/alquiler-moto-mallorca\/\"><span style=\"font-weight: 400\">alquiler de un scooter en Mallorca<\/span><\/a><span style=\"font-weight: 400\">, salimos de la oficina de alquiler de motos en Mallorca y damos una vuelta de d\u00eda entero (115 Km). Pasaremos por algunos de los pueblos y sitios m\u00e1s maravillosos de la Isla. La ruta puede hacerse en 3 horas aproximadamente pero es recomendable hacer una parada para comer en el puerto de Andratx y degustar los mejores mariscos y pescados de la isla.<\/span><\/p>\n<p>&nbsp;<\/p>\n<h2><span style=\"font-weight: 400\">Salida de Palma<\/span><\/h2>\n<p><span style=\"font-weight: 400\">Saldremos de la oficina de alquiler de motos de <\/span><a href=\"https:\/\/rideon.es\/oficinas\/\"><span style=\"font-weight: 400\">Ride On en el centro de Palma<\/span><\/a><span style=\"font-weight: 400\">, toda la ruta se ha planificado para evitar autopistas y recorrer los pueblos disfrutando de las peque\u00f1as carreteras que unen a estos fant\u00e1sticos sitios.<\/span><br \/>\n<img fetchpriority=\"high\" decoding=\"async\" class=\"img-responsive aligncenter\" src=\"https:\/\/rideon.es\/wp-content\/uploads\/2018\/09\/magaluf-alquiler-moto-mallorca.png\" alt=\"Ruta por Mallorca Magaluf alquiler moto Mallorca\" width=\"800\" height=\"589\" \/><\/p>\n<p><span style=\"font-weight: 400\">La primera parada la haremos en Magaluf, es el centro tur\u00edstico del municipio de Calvi\u00e0, famoso por sus impresionantes playas de arena fina, claras aguas y numerosos hoteles y restaurantes para hacer un buen desayuno. A 5 minutos de Magaluf est\u00e1 Santa Pon\u00e7a, con varios campos de golf y playas muy famosas.<\/span><\/p>\n<h2><span style=\"font-weight: 400\">Port de Andratx<\/span><\/h2>\n<p><img decoding=\"async\" class=\"img-responsive aligncenter\" src=\"https:\/\/rideon.es\/wp-content\/uploads\/2018\/09\/puerto-andratx-alquiler-moto-mallorca.png\" alt=\"Ruta por Mallorca Port Andratx alquiler moto Mallorca\" width=\"800\" height=\"556\" \/><\/p>\n<p><span style=\"font-weight: 400\">Port de Andratx es un puerto natural lleno de acantilados, su historia est\u00e1 marcada por la pesca, un refugio perfecto para los barcos de los pescadores gracias a las profundidades de la bah\u00eda. Actualmente es uno de los puertos deportivos m\u00e1s conocidos de Mallorca con la visita cada a\u00f1o de grandes y prestigiosos yates.<\/span><br \/>\n<span style=\"font-weight: 400\">Port de Andratx tiene peque\u00f1as edificaciones que lo hacen encantador de visitar, adem\u00e1s es un sitio tranquilo y con muy buenos restaurantes para degustar pescados y mariscos frescos de la isla.<\/span><\/p>\n<p><span style=\"font-weight: 400\">Volviendo a la ruta pasaremos por el pueblo de Andratx hacia el interior de la isla, bonito pasear por el casco antiguo, destaca su iglesia parroquial del siglo XVIII y el castillo de Son Mas. Si la visita se realiza en mi\u00e9rcoles tambi\u00e9n se podr\u00e1 visitar el animado mercado de productos locales.<\/span><br \/>\n<img decoding=\"async\" class=\"img-responsive aligncenter\" src=\"https:\/\/rideon.es\/wp-content\/uploads\/2018\/09\/Estallencs-alquiler-moto-mallorca.png\" alt=\"Ruta por Mallorca Estellencs alquiler moto Mallorca\" width=\"800\" height=\"406\" \/><\/p>\n<p><span style=\"font-weight: 400\">La ruta contin\u00faa por Estellencs, peque\u00f1o pueblo lleno de interesantes elementos arquitect\u00f3nicos con calles estrechas y con mucha pendiente, vale la pena si se dispone de tiempo visitar la cala, disfrutar de un rato de tranquilidad y del mar.<\/span><\/p>\n<h2><span style=\"font-weight: 400\">Banyalbufar<\/span><\/h2>\n<p><img loading=\"lazy\" decoding=\"async\" class=\"img-responsive aligncenter\" src=\"https:\/\/rideon.es\/wp-content\/uploads\/2018\/09\/benyalbufar-alquiler-moto-mallorca.png\" alt=\"Ruta por Mallorca Benyalbufar alquiler moto Mallorca\" width=\"801\" height=\"540\" \/><br \/>\n<span style=\"font-weight: 400\">Banyalbufar es parecido a Estellencs, pueblo peque\u00f1o y pintoresco con calles peque\u00f1\u00edsimas, empedradas y todas abiertas al mar. Tambi\u00e9n encontraremos el conjunto medieval de Clastra de Sa Baronia, formado por un hermoso claustro y una torre de defensa del Siglo XVII.<\/span><\/p>\n<p><span style=\"font-weight: 400\">Saliendo de Banyabulfar es recomendable visitar el Port de Canonge, Peque\u00f1\u00edsima aldea de pescadores que hoy en d\u00eda se ha convertido en zona de veraneo. Tambi\u00e9n es recomendable si se dispone de tiempo pasar por la \u201cGranja\u201d cerca de Esporles de regreso a <\/span><a href=\"https:\/\/rideon.es\/es\/alquiler-moto-mallorca\/\"><span style=\"font-weight: 400\">Ride On Mallorca<\/span><\/a><span style=\"font-weight: 400\">, sitio para descubrir la Mallorca m\u00e1s agr\u00edcola y tradicional.<\/span><\/p>\n","protected":false},"excerpt":{"rendered":"<p>Desde Ride On Mallorca presentamos una ruta fant\u00e1stica para disfrutar del alquiler de un scooter en Mallorca, salimos de la oficina de alquiler de motos en Mallorca y damos una vuelta de d\u00eda entero (115 Km). Pasaremos por algunos de los pueblos y sitios m\u00e1s maravillosos de la Isla. La ruta puede hacerse en 3<\/p>\n","protected":false},"author":2,"featured_media":5143,"comment_status":"open","ping_status":"closed","sticky":false,"template":"","format":"standard","meta":{"inline_featured_image":false,"footnotes":""},"categories":[56,11],"tags":[],"class_list":["post-3264","post","type-post","status-publish","format-standard","has-post-thumbnail","hentry","category-lugar-interes","category-mallorca"],"yoast_head":"<!-- This site is optimized with the Yoast SEO Premium plugin v18.7 (Yoast SEO v27.5) - https:\/\/yoast.com\/product\/yoast-seo-premium-wordpress\/ -->\n<title>Ruta Palma-Andrach-Ba\u00f1albufar - Alquiler de motos mensual y Renting para Empresas<\/title>\n<meta name=\"robots\" content=\"index, follow, max-snippet:-1, max-image-preview:large, max-video-preview:-1\" \/>\n<link rel=\"canonical\" href=\"https:\/\/rideon.es\/renting-empresas\/ruta-palma-andrach-banalbufar\/\" \/>\n<meta property=\"og:locale\" content=\"es_ES\" \/>\n<meta property=\"og:type\" content=\"article\" \/>\n<meta property=\"og:title\" content=\"Ruta Palma-Andrach-Ba\u00f1albufar\" \/>\n<meta property=\"og:description\" content=\"Desde Ride On Mallorca presentamos una ruta fant\u00e1stica para disfrutar del alquiler de un scooter en Mallorca, salimos de la oficina de alquiler de motos en Mallorca y damos una vuelta de d\u00eda entero (115 Km). Pasaremos por algunos de los pueblos y sitios m\u00e1s maravillosos de la Isla. La ruta puede hacerse en 3\" \/>\n<meta property=\"og:url\" content=\"https:\/\/rideon.es\/renting-empresas\/ruta-palma-andrach-banalbufar\/\" \/>\n<meta property=\"og:site_name\" content=\"Alquiler de motos mensual y Renting para Empresas\" \/>\n<meta property=\"article:published_time\" content=\"2018-09-03T14:43:52+00:00\" \/>\n<meta property=\"og:image\" content=\"https:\/\/rideon.es\/renting-empresas\/wp-content\/uploads\/sites\/19\/2018\/09\/puerto-andratx-alquiler-moto-mallorca-1.png\" \/>\n\t<meta property=\"og:image:width\" content=\"1047\" \/>\n\t<meta property=\"og:image:height\" content=\"728\" \/>\n\t<meta property=\"og:image:type\" content=\"image\/png\" \/>\n<meta name=\"author\" content=\"Ride On\" \/>\n<meta name=\"twitter:card\" content=\"summary_large_image\" \/>\n<meta name=\"twitter:label1\" content=\"Escrito por\" \/>\n\t<meta name=\"twitter:data1\" content=\"Ride On\" \/>\n\t<meta name=\"twitter:label2\" content=\"Tiempo de lectura\" \/>\n\t<meta name=\"twitter:data2\" content=\"2 minutos\" \/>\n<script type=\"application\/ld+json\" class=\"yoast-schema-graph\">{\"@context\":\"https:\\\/\\\/schema.org\",\"@graph\":[{\"@type\":\"Article\",\"@id\":\"https:\\\/\\\/rideon.es\\\/renting-empresas\\\/ruta-palma-andrach-banalbufar\\\/#article\",\"isPartOf\":{\"@id\":\"https:\\\/\\\/rideon.es\\\/renting-empresas\\\/ruta-palma-andrach-banalbufar\\\/\"},\"author\":{\"name\":\"Ride On\",\"@id\":\"https:\\\/\\\/rideon.es\\\/renting-empresas\\\/#\\\/schema\\\/person\\\/48d6770e55c623d929bd20ce295611a7\"},\"headline\":\"Ruta Palma-Andrach-Ba\u00f1albufar\",\"datePublished\":\"2018-09-03T14:43:52+00:00\",\"mainEntityOfPage\":{\"@id\":\"https:\\\/\\\/rideon.es\\\/renting-empresas\\\/ruta-palma-andrach-banalbufar\\\/\"},\"wordCount\":477,\"commentCount\":0,\"publisher\":{\"@id\":\"https:\\\/\\\/rideon.es\\\/renting-empresas\\\/#organization\"},\"image\":{\"@id\":\"https:\\\/\\\/rideon.es\\\/renting-empresas\\\/ruta-palma-andrach-banalbufar\\\/#primaryimage\"},\"thumbnailUrl\":\"https:\\\/\\\/rideon.es\\\/renting-empresas\\\/wp-content\\\/uploads\\\/sites\\\/19\\\/2018\\\/09\\\/puerto-andratx-alquiler-moto-mallorca-1.png\",\"articleSection\":[\"Lugares de inter\u00e9s\",\"Mallorca\"],\"inLanguage\":\"es\",\"potentialAction\":[{\"@type\":\"CommentAction\",\"name\":\"Comment\",\"target\":[\"https:\\\/\\\/rideon.es\\\/renting-empresas\\\/ruta-palma-andrach-banalbufar\\\/#respond\"]}]},{\"@type\":\"WebPage\",\"@id\":\"https:\\\/\\\/rideon.es\\\/renting-empresas\\\/ruta-palma-andrach-banalbufar\\\/\",\"url\":\"https:\\\/\\\/rideon.es\\\/renting-empresas\\\/ruta-palma-andrach-banalbufar\\\/\",\"name\":\"Ruta Palma-Andrach-Ba\u00f1albufar - Alquiler de motos mensual y Renting para Empresas\",\"isPartOf\":{\"@id\":\"https:\\\/\\\/rideon.es\\\/renting-empresas\\\/#website\"},\"primaryImageOfPage\":{\"@id\":\"https:\\\/\\\/rideon.es\\\/renting-empresas\\\/ruta-palma-andrach-banalbufar\\\/#primaryimage\"},\"image\":{\"@id\":\"https:\\\/\\\/rideon.es\\\/renting-empresas\\\/ruta-palma-andrach-banalbufar\\\/#primaryimage\"},\"thumbnailUrl\":\"https:\\\/\\\/rideon.es\\\/renting-empresas\\\/wp-content\\\/uploads\\\/sites\\\/19\\\/2018\\\/09\\\/puerto-andratx-alquiler-moto-mallorca-1.png\",\"datePublished\":\"2018-09-03T14:43:52+00:00\",\"inLanguage\":\"es\",\"potentialAction\":[{\"@type\":\"ReadAction\",\"target\":[\"https:\\\/\\\/rideon.es\\\/renting-empresas\\\/ruta-palma-andrach-banalbufar\\\/\"]}]},{\"@type\":\"ImageObject\",\"inLanguage\":\"es\",\"@id\":\"https:\\\/\\\/rideon.es\\\/renting-empresas\\\/ruta-palma-andrach-banalbufar\\\/#primaryimage\",\"url\":\"https:\\\/\\\/rideon.es\\\/renting-empresas\\\/wp-content\\\/uploads\\\/sites\\\/19\\\/2018\\\/09\\\/puerto-andratx-alquiler-moto-mallorca-1.png\",\"contentUrl\":\"https:\\\/\\\/rideon.es\\\/renting-empresas\\\/wp-content\\\/uploads\\\/sites\\\/19\\\/2018\\\/09\\\/puerto-andratx-alquiler-moto-mallorca-1.png\",\"width\":1047,\"height\":728},{\"@type\":\"WebSite\",\"@id\":\"https:\\\/\\\/rideon.es\\\/renting-empresas\\\/#website\",\"url\":\"https:\\\/\\\/rideon.es\\\/renting-empresas\\\/\",\"name\":\"Alquiler de motos mensual y Renting para Empresas\",\"description\":\"Las motos m\u00e1s c\u00f3modas y seguras para disfrutar de tus vacaciones sobre ruedas. Alquiler de motos en Menorca, Mallorca, Barcelona y Valencia con Rideon.es\",\"publisher\":{\"@id\":\"https:\\\/\\\/rideon.es\\\/renting-empresas\\\/#organization\"},\"potentialAction\":[{\"@type\":\"SearchAction\",\"target\":{\"@type\":\"EntryPoint\",\"urlTemplate\":\"https:\\\/\\\/rideon.es\\\/renting-empresas\\\/?s={search_term_string}\"},\"query-input\":{\"@type\":\"PropertyValueSpecification\",\"valueRequired\":true,\"valueName\":\"search_term_string\"}}],\"inLanguage\":\"es\"},{\"@type\":\"Organization\",\"@id\":\"https:\\\/\\\/rideon.es\\\/renting-empresas\\\/#organization\",\"name\":\"Alquiler de motos mensual y Renting para Empresas\",\"url\":\"https:\\\/\\\/rideon.es\\\/renting-empresas\\\/\",\"logo\":{\"@type\":\"ImageObject\",\"inLanguage\":\"es\",\"@id\":\"https:\\\/\\\/rideon.es\\\/renting-empresas\\\/#\\\/schema\\\/logo\\\/image\\\/\",\"url\":\"https:\\\/\\\/rideon.es\\\/renting-empresas\\\/wp-content\\\/uploads\\\/sites\\\/19\\\/2020\\\/02\\\/rideon_logo-200x78-1.png\",\"contentUrl\":\"https:\\\/\\\/rideon.es\\\/renting-empresas\\\/wp-content\\\/uploads\\\/sites\\\/19\\\/2020\\\/02\\\/rideon_logo-200x78-1.png\",\"width\":200,\"height\":78,\"caption\":\"Alquiler de motos mensual y Renting para Empresas\"},\"image\":{\"@id\":\"https:\\\/\\\/rideon.es\\\/renting-empresas\\\/#\\\/schema\\\/logo\\\/image\\\/\"}},{\"@type\":\"Person\",\"@id\":\"https:\\\/\\\/rideon.es\\\/renting-empresas\\\/#\\\/schema\\\/person\\\/48d6770e55c623d929bd20ce295611a7\",\"name\":\"Ride On\",\"image\":{\"@type\":\"ImageObject\",\"inLanguage\":\"es\",\"@id\":\"https:\\\/\\\/secure.gravatar.com\\\/avatar\\\/785e72183089da6a00243c0f0e2d52db79b9983b602219afb07c868943086138?s=96&d=mm&r=g\",\"url\":\"https:\\\/\\\/secure.gravatar.com\\\/avatar\\\/785e72183089da6a00243c0f0e2d52db79b9983b602219afb07c868943086138?s=96&d=mm&r=g\",\"contentUrl\":\"https:\\\/\\\/secure.gravatar.com\\\/avatar\\\/785e72183089da6a00243c0f0e2d52db79b9983b602219afb07c868943086138?s=96&d=mm&r=g\",\"caption\":\"Ride On\"},\"url\":\"https:\\\/\\\/rideon.es\\\/renting-empresas\\\/author\\\/eduardoyauri\\\/\"}]}<\/script>\n<!-- \/ Yoast SEO Premium plugin. -->","yoast_head_json":{"title":"Ruta Palma-Andrach-Ba\u00f1albufar - Alquiler de motos mensual y Renting para Empresas","robots":{"index":"index","follow":"follow","max-snippet":"max-snippet:-1","max-image-preview":"max-image-preview:large","max-video-preview":"max-video-preview:-1"},"canonical":"https:\/\/rideon.es\/renting-empresas\/ruta-palma-andrach-banalbufar\/","og_locale":"es_ES","og_type":"article","og_title":"Ruta Palma-Andrach-Ba\u00f1albufar","og_description":"Desde Ride On Mallorca presentamos una ruta fant\u00e1stica para disfrutar del alquiler de un scooter en Mallorca, salimos de la oficina de alquiler de motos en Mallorca y damos una vuelta de d\u00eda entero (115 Km). Pasaremos por algunos de los pueblos y sitios m\u00e1s maravillosos de la Isla. La ruta puede hacerse en 3","og_url":"https:\/\/rideon.es\/renting-empresas\/ruta-palma-andrach-banalbufar\/","og_site_name":"Alquiler de motos mensual y Renting para Empresas","article_published_time":"2018-09-03T14:43:52+00:00","og_image":[{"width":1047,"height":728,"url":"https:\/\/rideon.es\/renting-empresas\/wp-content\/uploads\/sites\/19\/2018\/09\/puerto-andratx-alquiler-moto-mallorca-1.png","type":"image\/png"}],"author":"Ride On","twitter_card":"summary_large_image","twitter_misc":{"Escrito por":"Ride On","Tiempo de lectura":"2 minutos"},"schema":{"@context":"https:\/\/schema.org","@graph":[{"@type":"Article","@id":"https:\/\/rideon.es\/renting-empresas\/ruta-palma-andrach-banalbufar\/#article","isPartOf":{"@id":"https:\/\/rideon.es\/renting-empresas\/ruta-palma-andrach-banalbufar\/"},"author":{"name":"Ride On","@id":"https:\/\/rideon.es\/renting-empresas\/#\/schema\/person\/48d6770e55c623d929bd20ce295611a7"},"headline":"Ruta Palma-Andrach-Ba\u00f1albufar","datePublished":"2018-09-03T14:43:52+00:00","mainEntityOfPage":{"@id":"https:\/\/rideon.es\/renting-empresas\/ruta-palma-andrach-banalbufar\/"},"wordCount":477,"commentCount":0,"publisher":{"@id":"https:\/\/rideon.es\/renting-empresas\/#organization"},"image":{"@id":"https:\/\/rideon.es\/renting-empresas\/ruta-palma-andrach-banalbufar\/#primaryimage"},"thumbnailUrl":"https:\/\/rideon.es\/renting-empresas\/wp-content\/uploads\/sites\/19\/2018\/09\/puerto-andratx-alquiler-moto-mallorca-1.png","articleSection":["Lugares de inter\u00e9s","Mallorca"],"inLanguage":"es","potentialAction":[{"@type":"CommentAction","name":"Comment","target":["https:\/\/rideon.es\/renting-empresas\/ruta-palma-andrach-banalbufar\/#respond"]}]},{"@type":"WebPage","@id":"https:\/\/rideon.es\/renting-empresas\/ruta-palma-andrach-banalbufar\/","url":"https:\/\/rideon.es\/renting-empresas\/ruta-palma-andrach-banalbufar\/","name":"Ruta Palma-Andrach-Ba\u00f1albufar - Alquiler de motos mensual y Renting para Empresas","isPartOf":{"@id":"https:\/\/rideon.es\/renting-empresas\/#website"},"primaryImageOfPage":{"@id":"https:\/\/rideon.es\/renting-empresas\/ruta-palma-andrach-banalbufar\/#primaryimage"},"image":{"@id":"https:\/\/rideon.es\/renting-empresas\/ruta-palma-andrach-banalbufar\/#primaryimage"},"thumbnailUrl":"https:\/\/rideon.es\/renting-empresas\/wp-content\/uploads\/sites\/19\/2018\/09\/puerto-andratx-alquiler-moto-mallorca-1.png","datePublished":"2018-09-03T14:43:52+00:00","inLanguage":"es","potentialAction":[{"@type":"ReadAction","target":["https:\/\/rideon.es\/renting-empresas\/ruta-palma-andrach-banalbufar\/"]}]},{"@type":"ImageObject","inLanguage":"es","@id":"https:\/\/rideon.es\/renting-empresas\/ruta-palma-andrach-banalbufar\/#primaryimage","url":"https:\/\/rideon.es\/renting-empresas\/wp-content\/uploads\/sites\/19\/2018\/09\/puerto-andratx-alquiler-moto-mallorca-1.png","contentUrl":"https:\/\/rideon.es\/renting-empresas\/wp-content\/uploads\/sites\/19\/2018\/09\/puerto-andratx-alquiler-moto-mallorca-1.png","width":1047,"height":728},{"@type":"WebSite","@id":"https:\/\/rideon.es\/renting-empresas\/#website","url":"https:\/\/rideon.es\/renting-empresas\/","name":"Alquiler de motos mensual y Renting para Empresas","description":"Las motos m\u00e1s c\u00f3modas y seguras para disfrutar de tus vacaciones sobre ruedas. Alquiler de motos en Menorca, Mallorca, Barcelona y Valencia con Rideon.es","publisher":{"@id":"https:\/\/rideon.es\/renting-empresas\/#organization"},"potentialAction":[{"@type":"SearchAction","target":{"@type":"EntryPoint","urlTemplate":"https:\/\/rideon.es\/renting-empresas\/?s={search_term_string}"},"query-input":{"@type":"PropertyValueSpecification","valueRequired":true,"valueName":"search_term_string"}}],"inLanguage":"es"},{"@type":"Organization","@id":"https:\/\/rideon.es\/renting-empresas\/#organization","name":"Alquiler de motos mensual y Renting para Empresas","url":"https:\/\/rideon.es\/renting-empresas\/","logo":{"@type":"ImageObject","inLanguage":"es","@id":"https:\/\/rideon.es\/renting-empresas\/#\/schema\/logo\/image\/","url":"https:\/\/rideon.es\/renting-empresas\/wp-content\/uploads\/sites\/19\/2020\/02\/rideon_logo-200x78-1.png","contentUrl":"https:\/\/rideon.es\/renting-empresas\/wp-content\/uploads\/sites\/19\/2020\/02\/rideon_logo-200x78-1.png","width":200,"height":78,"caption":"Alquiler de motos mensual y Renting para Empresas"},"image":{"@id":"https:\/\/rideon.es\/renting-empresas\/#\/schema\/logo\/image\/"}},{"@type":"Person","@id":"https:\/\/rideon.es\/renting-empresas\/#\/schema\/person\/48d6770e55c623d929bd20ce295611a7","name":"Ride On","image":{"@type":"ImageObject","inLanguage":"es","@id":"https:\/\/secure.gravatar.com\/avatar\/785e72183089da6a00243c0f0e2d52db79b9983b602219afb07c868943086138?s=96&d=mm&r=g","url":"https:\/\/secure.gravatar.com\/avatar\/785e72183089da6a00243c0f0e2d52db79b9983b602219afb07c868943086138?s=96&d=mm&r=g","contentUrl":"https:\/\/secure.gravatar.com\/avatar\/785e72183089da6a00243c0f0e2d52db79b9983b602219afb07c868943086138?s=96&d=mm&r=g","caption":"Ride On"},"url":"https:\/\/rideon.es\/renting-empresas\/author\/eduardoyauri\/"}]}},"_links":{"self":[{"href":"https:\/\/rideon.es\/renting-empresas\/wp-json\/wp\/v2\/posts\/3264","targetHints":{"allow":["GET"]}}],"collection":[{"href":"https:\/\/rideon.es\/renting-empresas\/wp-json\/wp\/v2\/posts"}],"about":[{"href":"https:\/\/rideon.es\/renting-empresas\/wp-json\/wp\/v2\/types\/post"}],"author":[{"embeddable":true,"href":"https:\/\/rideon.es\/renting-empresas\/wp-json\/wp\/v2\/users\/2"}],"replies":[{"embeddable":true,"href":"https:\/\/rideon.es\/renting-empresas\/wp-json\/wp\/v2\/comments?post=3264"}],"version-history":[{"count":0,"href":"https:\/\/rideon.es\/renting-empresas\/wp-json\/wp\/v2\/posts\/3264\/revisions"}],"wp:featuredmedia":[{"embeddable":true,"href":"https:\/\/rideon.es\/renting-empresas\/wp-json\/wp\/v2\/media\/5143"}],"wp:attachment":[{"href":"https:\/\/rideon.es\/renting-empresas\/wp-json\/wp\/v2\/media?parent=3264"}],"wp:term":[{"taxonomy":"category","embeddable":true,"href":"https:\/\/rideon.es\/renting-empresas\/wp-json\/wp\/v2\/categories?post=3264"},{"taxonomy":"post_tag","embeddable":true,"href":"https:\/\/rideon.es\/renting-empresas\/wp-json\/wp\/v2\/tags?post=3264"}],"curies":[{"name":"wp","href":"https:\/\/api.w.org\/{rel}","templated":true}]}}