{"id":3260,"date":"2018-08-27T14:29:21","date_gmt":"2018-08-27T14:29:21","guid":{"rendered":"https:\/\/rideon.es\/?p=3260"},"modified":"2018-08-27T14:29:21","modified_gmt":"2018-08-27T14:29:21","slug":"las-mejores-playas-de-valencia","status":"publish","type":"post","link":"https:\/\/rideon.es\/renting-empresas\/las-mejores-playas-de-valencia\/","title":{"rendered":"Las mejores playas de Valencia"},"content":{"rendered":"<p><span style=\"font-weight: 400\">El buen clima que acoge Valencia lo hace un punto perfecto para disfrutar de las playas y del sol de Espa\u00f1a. Sus 25 kil\u00f3metros de playas ofrecen multitud de playas, todas de f\u00e1cil acceso, de aguas transparentes y con todos los servicios necesarios para disfrutar de un d\u00eda de playa.<\/span><\/p>\n<h2><span style=\"font-weight: 400\">Playa de L\u2019Arbre del Gos<\/span><\/h2>\n<p><img fetchpriority=\"high\" decoding=\"async\" class=\"img-responsive aligncenter\" src=\"https:\/\/rideon.es\/wp-content\/uploads\/2018\/08\/platja-abre-gros-alquiler-moto-valencia.png\" alt=\"Playa de l'arbre Gros Alquiler moto Valencia\" width=\"799\" height=\"508\" \/><br \/>\n<span style=\"font-weight: 400\">Playa cercana al parque natural de la Albufera, empieza a partir de la segunda escollera del paseo mar\u00edtimo hasta la creu del Saler. Tiene m\u00e1s de dos kil\u00f3metros y medio de largo y es relativamente nueva, ya que est\u00e1 abierta desde el 2007 al turismo.<\/span><\/p>\n<p><span style=\"font-weight: 400\">Es posible al acceso mediante el carril bici o por el paseo mar\u00edtimo, dispone de todos los servicios como Wc p\u00fablico, torres de vigilancia, duchas y aparcamiento para el <\/span><span style=\"font-weight: 400\">alquiler de una moto en Valencia<\/span><span style=\"font-weight: 400\">.<\/span><\/p>\n<h2><span style=\"font-weight: 400\">Playa del saler y L\u2019albufera<\/span><\/h2>\n<p><img decoding=\"async\" class=\"img-responsive aligncenter\" src=\"https:\/\/rideon.es\/wp-content\/uploads\/2018\/08\/playa-del-saler-alquiler-moto-valencia.png\" alt=\"Playa del saler Alquiler moto Valencia\" width=\"801\" height=\"539\" \/><\/p>\n<p><span style=\"font-weight: 400\">La playa del Saler est\u00e1 situada en un entorno privilegiado dentro del parque natural de l&#8217;Albufera, Es un \u00e1rea de gran valor ecol\u00f3gico donde se pueden ver especies \u00fanicas de aves acu\u00e1ticas y una gran variedad de especies vegetales aut\u00f3ctonas.<\/span><\/p>\n<p><span style=\"font-weight: 400\">Muy cerca se encuentra la playa de Albufereta donde es posible alquilar un ruta en barco. La navegaci\u00f3n se lleva a cabo mediante unas embarcaciones t\u00edpicas llamadas \u201calbuferencs\u201d, estas embarcaciones est\u00e1n capitaneadas por patrones que conocen todos los rincones e hist\u00f3ricas del lugar. Disfruta con Ride On <\/span><a href=\"https:\/\/rideon.es\/valencia\/\"><span style=\"font-weight: 400\">alquiler moto valencia<\/span><\/a><span style=\"font-weight: 400\"> de las mejores playas.<\/span><br \/>\n<img decoding=\"async\" class=\"img-responsive aligncenter\" src=\"https:\/\/rideon.es\/wp-content\/uploads\/2018\/08\/plato-all-i-pebre-alquiler-moto-valencia.png\" alt=\"All i Pebre Alquiler moto Valencia\" width=\"800\" height=\"586\" \/><\/p>\n<p><span style=\"font-weight: 400\">Tambi\u00e9n son muy conocidos los campos de cultivo de arroz que hay en la zona. En el pueblo cercano de El Palmar se inspiraron numerosas obras de Blasco Ib\u00e1\u00f1ez, adem\u00e1s en los restaurantes de la zona se pueden degustar fant\u00e1sticos platos de arroz t\u00edpicos de Valencia, algunos no muy conocidos pero riqu\u00edsimos como el \u201call i pebre\u201d, elaborado a partir de anguilas que se pescan en el lago.<\/span><\/p>\n<h2><span style=\"font-weight: 400\">Playa de El Perellonet \/ Recati<\/span><\/h2>\n<p><img loading=\"lazy\" decoding=\"async\" class=\"img-responsive aligncenter\" src=\"https:\/\/rideon.es\/wp-content\/uploads\/2018\/08\/playa-perellonet-recati-alquiler-motos-valencia.png\" alt=\"Playa El Perellonet Alquiler moto Valencia\" width=\"800\" height=\"501\" \/><br \/>\n<span style=\"font-weight: 400\">Es la playa m\u00e1s al sur de Valencia. Dispone de todos los servicios a pedir para disfrutar de un d\u00eda perfecto de playa en la zona residencial cercana a la playa. Tras de ella se podr\u00e1 disfrutar de una vasta extensi\u00f3n de cultivos de arroz. Esta playa perfecta para disfrutar de los deportes acu\u00e1ticos tiene una longitud de 3 kil\u00f3metros de largo y casi 70 metros de anchura, lo que hace dif\u00edcil que se abarrote de gente. El perellonet est\u00e1 limitada por las \u201cgolas\u201d del Perellonet y del Perell\u00f3. Ya puede<\/span><span style=\"font-weight: 400\"> alquilar tu moto en Valencia<\/span><span style=\"font-weight: 400\"> en Ride On.<\/span><\/p>\n<h2><span style=\"font-weight: 400\">Playa de la Garrofera<\/span><\/h2>\n<p><img loading=\"lazy\" decoding=\"async\" class=\"img-responsive aligncenter\" src=\"https:\/\/rideon.es\/wp-content\/uploads\/2018\/08\/playa-garrofera-alquiler-moto-valencia.png\" alt=\"Playa sa Garrofera Alquiler moto Valencia\" width=\"800\" height=\"458\" \/><br \/>\n<span style=\"font-weight: 400\">Se encuentra en el dunar adaptado en 2007, se sit\u00faa en el hotel Sidi y tiene una longitud de 1,5 kil\u00f3metros y casi 40 metros de ancho. Es una playa parecida a del Saler ya que est\u00e1 a su continuaci\u00f3n y se junta en el sur con la Gola de Puchol. Es una playa bien comunicada y con grandes aparcamientos, destaca por las dunas y su vegetaci\u00f3n aut\u00f3ctona, es una playa sobretodo tranquila. Al estar lejana a las zonas m\u00e1s concurridas de Valencia se permite de forma no oficial el nudismo. <\/span><br \/>\n<span style=\"font-weight: 400\">Es una playa poco transitada con diversidad de p\u00fablicos, desde familias que residen en las torres edificadas del bosque o personas que quieren apartarse de las muchedumbres de algunas de las playas de Valencia.<\/span><\/p>\n","protected":false},"excerpt":{"rendered":"<p>El buen clima que acoge Valencia lo hace un punto perfecto para disfrutar de las playas y del sol de Espa\u00f1a. Sus 25 kil\u00f3metros de playas ofrecen multitud de playas, todas de f\u00e1cil acceso, de aguas transparentes y con todos los servicios necesarios para disfrutar de un d\u00eda de playa. Playa de L\u2019Arbre del Gos<\/p>\n","protected":false},"author":2,"featured_media":5135,"comment_status":"open","ping_status":"closed","sticky":false,"template":"","format":"standard","meta":{"inline_featured_image":false,"footnotes":""},"categories":[52,60],"tags":[],"class_list":["post-3260","post","type-post","status-publish","format-standard","has-post-thumbnail","hentry","category-playas","category-valencia"],"yoast_head":"<!-- This site is optimized with the Yoast SEO Premium plugin v18.7 (Yoast SEO v27.5) - https:\/\/yoast.com\/product\/yoast-seo-premium-wordpress\/ -->\n<title>Las mejores playas de Valencia - Alquiler de motos mensual y Renting para Empresas<\/title>\n<meta name=\"description\" content=\"Descubre las mejores Playas de arena fina y deslumbrante sol cerca de Valencia con nuestro servicio de alquiler de motos Ride On.\" \/>\n<meta name=\"robots\" content=\"index, follow, max-snippet:-1, max-image-preview:large, max-video-preview:-1\" \/>\n<link rel=\"canonical\" href=\"https:\/\/rideon.es\/renting-empresas\/las-mejores-playas-de-valencia\/\" \/>\n<meta property=\"og:locale\" content=\"es_ES\" \/>\n<meta property=\"og:type\" content=\"article\" \/>\n<meta property=\"og:title\" content=\"Las mejores playas de Valencia\" \/>\n<meta property=\"og:description\" content=\"Descubre las mejores Playas de arena fina y deslumbrante sol cerca de Valencia con nuestro servicio de alquiler de motos Ride On.\" \/>\n<meta property=\"og:url\" content=\"https:\/\/rideon.es\/renting-empresas\/las-mejores-playas-de-valencia\/\" \/>\n<meta property=\"og:site_name\" content=\"Alquiler de motos mensual y Renting para Empresas\" \/>\n<meta property=\"article:published_time\" content=\"2018-08-27T14:29:21+00:00\" \/>\n<meta property=\"og:image\" content=\"https:\/\/rideon.es\/renting-empresas\/wp-content\/uploads\/sites\/19\/2018\/09\/playa-del-saler-alquiler-moto-valencia.png\" \/>\n\t<meta property=\"og:image:width\" content=\"1214\" \/>\n\t<meta property=\"og:image:height\" content=\"817\" \/>\n\t<meta property=\"og:image:type\" content=\"image\/png\" \/>\n<meta name=\"author\" content=\"Ride On\" \/>\n<meta name=\"twitter:card\" content=\"summary_large_image\" \/>\n<meta name=\"twitter:label1\" content=\"Escrito por\" \/>\n\t<meta name=\"twitter:data1\" content=\"Ride On\" \/>\n\t<meta name=\"twitter:label2\" content=\"Tiempo de lectura\" \/>\n\t<meta name=\"twitter:data2\" content=\"3 minutos\" \/>\n<script type=\"application\/ld+json\" class=\"yoast-schema-graph\">{\"@context\":\"https:\\\/\\\/schema.org\",\"@graph\":[{\"@type\":\"Article\",\"@id\":\"https:\\\/\\\/rideon.es\\\/renting-empresas\\\/las-mejores-playas-de-valencia\\\/#article\",\"isPartOf\":{\"@id\":\"https:\\\/\\\/rideon.es\\\/renting-empresas\\\/las-mejores-playas-de-valencia\\\/\"},\"author\":{\"name\":\"Ride On\",\"@id\":\"https:\\\/\\\/rideon.es\\\/renting-empresas\\\/#\\\/schema\\\/person\\\/48d6770e55c623d929bd20ce295611a7\"},\"headline\":\"Las mejores playas de Valencia\",\"datePublished\":\"2018-08-27T14:29:21+00:00\",\"mainEntityOfPage\":{\"@id\":\"https:\\\/\\\/rideon.es\\\/renting-empresas\\\/las-mejores-playas-de-valencia\\\/\"},\"wordCount\":571,\"commentCount\":0,\"publisher\":{\"@id\":\"https:\\\/\\\/rideon.es\\\/renting-empresas\\\/#organization\"},\"image\":{\"@id\":\"https:\\\/\\\/rideon.es\\\/renting-empresas\\\/las-mejores-playas-de-valencia\\\/#primaryimage\"},\"thumbnailUrl\":\"https:\\\/\\\/rideon.es\\\/renting-empresas\\\/wp-content\\\/uploads\\\/sites\\\/19\\\/2018\\\/09\\\/playa-del-saler-alquiler-moto-valencia.png\",\"articleSection\":[\"Playas\",\"Valencia\"],\"inLanguage\":\"es\",\"potentialAction\":[{\"@type\":\"CommentAction\",\"name\":\"Comment\",\"target\":[\"https:\\\/\\\/rideon.es\\\/renting-empresas\\\/las-mejores-playas-de-valencia\\\/#respond\"]}]},{\"@type\":\"WebPage\",\"@id\":\"https:\\\/\\\/rideon.es\\\/renting-empresas\\\/las-mejores-playas-de-valencia\\\/\",\"url\":\"https:\\\/\\\/rideon.es\\\/renting-empresas\\\/las-mejores-playas-de-valencia\\\/\",\"name\":\"Las mejores playas de Valencia - Alquiler de motos mensual y Renting para Empresas\",\"isPartOf\":{\"@id\":\"https:\\\/\\\/rideon.es\\\/renting-empresas\\\/#website\"},\"primaryImageOfPage\":{\"@id\":\"https:\\\/\\\/rideon.es\\\/renting-empresas\\\/las-mejores-playas-de-valencia\\\/#primaryimage\"},\"image\":{\"@id\":\"https:\\\/\\\/rideon.es\\\/renting-empresas\\\/las-mejores-playas-de-valencia\\\/#primaryimage\"},\"thumbnailUrl\":\"https:\\\/\\\/rideon.es\\\/renting-empresas\\\/wp-content\\\/uploads\\\/sites\\\/19\\\/2018\\\/09\\\/playa-del-saler-alquiler-moto-valencia.png\",\"datePublished\":\"2018-08-27T14:29:21+00:00\",\"description\":\"Descubre las mejores Playas de arena fina y deslumbrante sol cerca de Valencia con nuestro servicio de alquiler de motos Ride On.\",\"inLanguage\":\"es\",\"potentialAction\":[{\"@type\":\"ReadAction\",\"target\":[\"https:\\\/\\\/rideon.es\\\/renting-empresas\\\/las-mejores-playas-de-valencia\\\/\"]}]},{\"@type\":\"ImageObject\",\"inLanguage\":\"es\",\"@id\":\"https:\\\/\\\/rideon.es\\\/renting-empresas\\\/las-mejores-playas-de-valencia\\\/#primaryimage\",\"url\":\"https:\\\/\\\/rideon.es\\\/renting-empresas\\\/wp-content\\\/uploads\\\/sites\\\/19\\\/2018\\\/09\\\/playa-del-saler-alquiler-moto-valencia.png\",\"contentUrl\":\"https:\\\/\\\/rideon.es\\\/renting-empresas\\\/wp-content\\\/uploads\\\/sites\\\/19\\\/2018\\\/09\\\/playa-del-saler-alquiler-moto-valencia.png\",\"width\":1214,\"height\":817},{\"@type\":\"WebSite\",\"@id\":\"https:\\\/\\\/rideon.es\\\/renting-empresas\\\/#website\",\"url\":\"https:\\\/\\\/rideon.es\\\/renting-empresas\\\/\",\"name\":\"Alquiler de motos mensual y Renting para Empresas\",\"description\":\"Las motos m\u00e1s c\u00f3modas y seguras para disfrutar de tus vacaciones sobre ruedas. Alquiler de motos en Menorca, Mallorca, Barcelona y Valencia con Rideon.es\",\"publisher\":{\"@id\":\"https:\\\/\\\/rideon.es\\\/renting-empresas\\\/#organization\"},\"potentialAction\":[{\"@type\":\"SearchAction\",\"target\":{\"@type\":\"EntryPoint\",\"urlTemplate\":\"https:\\\/\\\/rideon.es\\\/renting-empresas\\\/?s={search_term_string}\"},\"query-input\":{\"@type\":\"PropertyValueSpecification\",\"valueRequired\":true,\"valueName\":\"search_term_string\"}}],\"inLanguage\":\"es\"},{\"@type\":\"Organization\",\"@id\":\"https:\\\/\\\/rideon.es\\\/renting-empresas\\\/#organization\",\"name\":\"Alquiler de motos mensual y Renting para Empresas\",\"url\":\"https:\\\/\\\/rideon.es\\\/renting-empresas\\\/\",\"logo\":{\"@type\":\"ImageObject\",\"inLanguage\":\"es\",\"@id\":\"https:\\\/\\\/rideon.es\\\/renting-empresas\\\/#\\\/schema\\\/logo\\\/image\\\/\",\"url\":\"https:\\\/\\\/rideon.es\\\/renting-empresas\\\/wp-content\\\/uploads\\\/sites\\\/19\\\/2020\\\/02\\\/rideon_logo-200x78-1.png\",\"contentUrl\":\"https:\\\/\\\/rideon.es\\\/renting-empresas\\\/wp-content\\\/uploads\\\/sites\\\/19\\\/2020\\\/02\\\/rideon_logo-200x78-1.png\",\"width\":200,\"height\":78,\"caption\":\"Alquiler de motos mensual y Renting para Empresas\"},\"image\":{\"@id\":\"https:\\\/\\\/rideon.es\\\/renting-empresas\\\/#\\\/schema\\\/logo\\\/image\\\/\"}},{\"@type\":\"Person\",\"@id\":\"https:\\\/\\\/rideon.es\\\/renting-empresas\\\/#\\\/schema\\\/person\\\/48d6770e55c623d929bd20ce295611a7\",\"name\":\"Ride On\",\"image\":{\"@type\":\"ImageObject\",\"inLanguage\":\"es\",\"@id\":\"https:\\\/\\\/secure.gravatar.com\\\/avatar\\\/785e72183089da6a00243c0f0e2d52db79b9983b602219afb07c868943086138?s=96&d=mm&r=g\",\"url\":\"https:\\\/\\\/secure.gravatar.com\\\/avatar\\\/785e72183089da6a00243c0f0e2d52db79b9983b602219afb07c868943086138?s=96&d=mm&r=g\",\"contentUrl\":\"https:\\\/\\\/secure.gravatar.com\\\/avatar\\\/785e72183089da6a00243c0f0e2d52db79b9983b602219afb07c868943086138?s=96&d=mm&r=g\",\"caption\":\"Ride On\"},\"url\":\"https:\\\/\\\/rideon.es\\\/renting-empresas\\\/author\\\/eduardoyauri\\\/\"}]}<\/script>\n<!-- \/ Yoast SEO Premium plugin. -->","yoast_head_json":{"title":"Las mejores playas de Valencia - Alquiler de motos mensual y Renting para Empresas","description":"Descubre las mejores Playas de arena fina y deslumbrante sol cerca de Valencia con nuestro servicio de alquiler de motos Ride On.","robots":{"index":"index","follow":"follow","max-snippet":"max-snippet:-1","max-image-preview":"max-image-preview:large","max-video-preview":"max-video-preview:-1"},"canonical":"https:\/\/rideon.es\/renting-empresas\/las-mejores-playas-de-valencia\/","og_locale":"es_ES","og_type":"article","og_title":"Las mejores playas de Valencia","og_description":"Descubre las mejores Playas de arena fina y deslumbrante sol cerca de Valencia con nuestro servicio de alquiler de motos Ride On.","og_url":"https:\/\/rideon.es\/renting-empresas\/las-mejores-playas-de-valencia\/","og_site_name":"Alquiler de motos mensual y Renting para Empresas","article_published_time":"2018-08-27T14:29:21+00:00","og_image":[{"width":1214,"height":817,"url":"https:\/\/rideon.es\/renting-empresas\/wp-content\/uploads\/sites\/19\/2018\/09\/playa-del-saler-alquiler-moto-valencia.png","type":"image\/png"}],"author":"Ride On","twitter_card":"summary_large_image","twitter_misc":{"Escrito por":"Ride On","Tiempo de lectura":"3 minutos"},"schema":{"@context":"https:\/\/schema.org","@graph":[{"@type":"Article","@id":"https:\/\/rideon.es\/renting-empresas\/las-mejores-playas-de-valencia\/#article","isPartOf":{"@id":"https:\/\/rideon.es\/renting-empresas\/las-mejores-playas-de-valencia\/"},"author":{"name":"Ride On","@id":"https:\/\/rideon.es\/renting-empresas\/#\/schema\/person\/48d6770e55c623d929bd20ce295611a7"},"headline":"Las mejores playas de Valencia","datePublished":"2018-08-27T14:29:21+00:00","mainEntityOfPage":{"@id":"https:\/\/rideon.es\/renting-empresas\/las-mejores-playas-de-valencia\/"},"wordCount":571,"commentCount":0,"publisher":{"@id":"https:\/\/rideon.es\/renting-empresas\/#organization"},"image":{"@id":"https:\/\/rideon.es\/renting-empresas\/las-mejores-playas-de-valencia\/#primaryimage"},"thumbnailUrl":"https:\/\/rideon.es\/renting-empresas\/wp-content\/uploads\/sites\/19\/2018\/09\/playa-del-saler-alquiler-moto-valencia.png","articleSection":["Playas","Valencia"],"inLanguage":"es","potentialAction":[{"@type":"CommentAction","name":"Comment","target":["https:\/\/rideon.es\/renting-empresas\/las-mejores-playas-de-valencia\/#respond"]}]},{"@type":"WebPage","@id":"https:\/\/rideon.es\/renting-empresas\/las-mejores-playas-de-valencia\/","url":"https:\/\/rideon.es\/renting-empresas\/las-mejores-playas-de-valencia\/","name":"Las mejores playas de Valencia - Alquiler de motos mensual y Renting para Empresas","isPartOf":{"@id":"https:\/\/rideon.es\/renting-empresas\/#website"},"primaryImageOfPage":{"@id":"https:\/\/rideon.es\/renting-empresas\/las-mejores-playas-de-valencia\/#primaryimage"},"image":{"@id":"https:\/\/rideon.es\/renting-empresas\/las-mejores-playas-de-valencia\/#primaryimage"},"thumbnailUrl":"https:\/\/rideon.es\/renting-empresas\/wp-content\/uploads\/sites\/19\/2018\/09\/playa-del-saler-alquiler-moto-valencia.png","datePublished":"2018-08-27T14:29:21+00:00","description":"Descubre las mejores Playas de arena fina y deslumbrante sol cerca de Valencia con nuestro servicio de alquiler de motos Ride On.","inLanguage":"es","potentialAction":[{"@type":"ReadAction","target":["https:\/\/rideon.es\/renting-empresas\/las-mejores-playas-de-valencia\/"]}]},{"@type":"ImageObject","inLanguage":"es","@id":"https:\/\/rideon.es\/renting-empresas\/las-mejores-playas-de-valencia\/#primaryimage","url":"https:\/\/rideon.es\/renting-empresas\/wp-content\/uploads\/sites\/19\/2018\/09\/playa-del-saler-alquiler-moto-valencia.png","contentUrl":"https:\/\/rideon.es\/renting-empresas\/wp-content\/uploads\/sites\/19\/2018\/09\/playa-del-saler-alquiler-moto-valencia.png","width":1214,"height":817},{"@type":"WebSite","@id":"https:\/\/rideon.es\/renting-empresas\/#website","url":"https:\/\/rideon.es\/renting-empresas\/","name":"Alquiler de motos mensual y Renting para Empresas","description":"Las motos m\u00e1s c\u00f3modas y seguras para disfrutar de tus vacaciones sobre ruedas. Alquiler de motos en Menorca, Mallorca, Barcelona y Valencia con Rideon.es","publisher":{"@id":"https:\/\/rideon.es\/renting-empresas\/#organization"},"potentialAction":[{"@type":"SearchAction","target":{"@type":"EntryPoint","urlTemplate":"https:\/\/rideon.es\/renting-empresas\/?s={search_term_string}"},"query-input":{"@type":"PropertyValueSpecification","valueRequired":true,"valueName":"search_term_string"}}],"inLanguage":"es"},{"@type":"Organization","@id":"https:\/\/rideon.es\/renting-empresas\/#organization","name":"Alquiler de motos mensual y Renting para Empresas","url":"https:\/\/rideon.es\/renting-empresas\/","logo":{"@type":"ImageObject","inLanguage":"es","@id":"https:\/\/rideon.es\/renting-empresas\/#\/schema\/logo\/image\/","url":"https:\/\/rideon.es\/renting-empresas\/wp-content\/uploads\/sites\/19\/2020\/02\/rideon_logo-200x78-1.png","contentUrl":"https:\/\/rideon.es\/renting-empresas\/wp-content\/uploads\/sites\/19\/2020\/02\/rideon_logo-200x78-1.png","width":200,"height":78,"caption":"Alquiler de motos mensual y Renting para Empresas"},"image":{"@id":"https:\/\/rideon.es\/renting-empresas\/#\/schema\/logo\/image\/"}},{"@type":"Person","@id":"https:\/\/rideon.es\/renting-empresas\/#\/schema\/person\/48d6770e55c623d929bd20ce295611a7","name":"Ride On","image":{"@type":"ImageObject","inLanguage":"es","@id":"https:\/\/secure.gravatar.com\/avatar\/785e72183089da6a00243c0f0e2d52db79b9983b602219afb07c868943086138?s=96&d=mm&r=g","url":"https:\/\/secure.gravatar.com\/avatar\/785e72183089da6a00243c0f0e2d52db79b9983b602219afb07c868943086138?s=96&d=mm&r=g","contentUrl":"https:\/\/secure.gravatar.com\/avatar\/785e72183089da6a00243c0f0e2d52db79b9983b602219afb07c868943086138?s=96&d=mm&r=g","caption":"Ride On"},"url":"https:\/\/rideon.es\/renting-empresas\/author\/eduardoyauri\/"}]}},"_links":{"self":[{"href":"https:\/\/rideon.es\/renting-empresas\/wp-json\/wp\/v2\/posts\/3260","targetHints":{"allow":["GET"]}}],"collection":[{"href":"https:\/\/rideon.es\/renting-empresas\/wp-json\/wp\/v2\/posts"}],"about":[{"href":"https:\/\/rideon.es\/renting-empresas\/wp-json\/wp\/v2\/types\/post"}],"author":[{"embeddable":true,"href":"https:\/\/rideon.es\/renting-empresas\/wp-json\/wp\/v2\/users\/2"}],"replies":[{"embeddable":true,"href":"https:\/\/rideon.es\/renting-empresas\/wp-json\/wp\/v2\/comments?post=3260"}],"version-history":[{"count":0,"href":"https:\/\/rideon.es\/renting-empresas\/wp-json\/wp\/v2\/posts\/3260\/revisions"}],"wp:featuredmedia":[{"embeddable":true,"href":"https:\/\/rideon.es\/renting-empresas\/wp-json\/wp\/v2\/media\/5135"}],"wp:attachment":[{"href":"https:\/\/rideon.es\/renting-empresas\/wp-json\/wp\/v2\/media?parent=3260"}],"wp:term":[{"taxonomy":"category","embeddable":true,"href":"https:\/\/rideon.es\/renting-empresas\/wp-json\/wp\/v2\/categories?post=3260"},{"taxonomy":"post_tag","embeddable":true,"href":"https:\/\/rideon.es\/renting-empresas\/wp-json\/wp\/v2\/tags?post=3260"}],"curies":[{"name":"wp","href":"https:\/\/api.w.org\/{rel}","templated":true}]}}