{"id":3247,"date":"2018-08-21T10:45:58","date_gmt":"2018-08-21T10:45:58","guid":{"rendered":"https:\/\/rideon.es\/?p=3247"},"modified":"2018-08-21T10:45:58","modified_gmt":"2018-08-21T10:45:58","slug":"probamos-la-bmw-c-evolution-en-mallorca","status":"publish","type":"post","link":"https:\/\/rideon.es\/renting-empresas\/probamos-la-bmw-c-evolution-en-mallorca\/","title":{"rendered":"Probamos la BMW C Evolution en Mallorca"},"content":{"rendered":"<p><span style=\"font-weight: 400\">La movilidad el\u00e9ctrica es ya un hecho y se ha generado un mercado cada vez m\u00e1s normalizado. Scooters como la BMW C Evolution, uno de los primeros con versi\u00f3n 100% el\u00e9ctrica llamen cada vez menos la atenci\u00f3n cuando los vemos circular por las ciudades.<\/span><\/p>\n<p><span style=\"font-weight: 400\">Sin embargo, la revoluci\u00f3n el\u00e9ctrica sigue teniendo dos handicaps como son el precio y la autonom\u00eda de las motos. Para este segundo aspecto BMW ha creado esta nueva versi\u00f3n de la C evolution long range, que seg\u00fan el fabricante es capaz de realizar hasta 160 Km sin repostar. Desde <\/span><a href=\"https:\/\/rideon.es\/es\/alquiler-moto-mallorca\/\"><span style=\"font-weight: 400\">Ride On Mallorca<\/span><\/a><span style=\"font-weight: 400\"> la probamos y te explicamos nuestras impresiones para el <\/span><span style=\"font-weight: 400\">alquiler de una moto en Mallorca<\/span><br \/>\n<img fetchpriority=\"high\" decoding=\"async\" class=\"img-responsive aligncenter\" src=\"https:\/\/rideon.es\/wp-content\/uploads\/2018\/08\/BMW-c-evolution-delante.png\" alt=\"BMW C evolution alquiler moto Mallorca\" width=\"800\" height=\"439\" \/><\/p>\n<p><span style=\"font-weight: 400\">La BMW C hereda las bater\u00edas del BMW i3, con la versi\u00f3n Long range se incrementa un 60% la autonom\u00eda de la moto respecto las versiones corrientes de la C evolution, ampliando as\u00ed el radio de acci\u00f3n de los usuarios que podr\u00edan alejarse del centro de la ciudad sin tanto apuro, perfecto para los clientes de turismo de <\/span><a href=\"https:\/\/rideon.es\"><span style=\"font-weight: 400\">Ride On<\/span><\/a><span style=\"font-weight: 400\"> con ganas de descubrir playas y pasar sus vacaciones alquilando una moto en <\/span><a href=\"https:\/\/rideon.es\/es\/alquiler-motos-barcelona\/\"><span style=\"font-weight: 400\">Barcelona<\/span><\/a><span style=\"font-weight: 400\">, <\/span><a href=\"https:\/\/rideon.es\/es\/alquiler-moto-mallorca\/\"><span style=\"font-weight: 400\">Mallorca<\/span><\/a><span style=\"font-weight: 400\">, \u00a0<\/span><a href=\"https:\/\/rideon.es\/es\/alquiler-moto-menorca\/\"><span style=\"font-weight: 400\">Menorca<\/span><\/a><span style=\"font-weight: 400\"> o <\/span><span style=\"font-weight: 400\">Valencia<\/span><span style=\"font-weight: 400\">.<\/span><\/p>\n<p><span style=\"font-weight: 400\">La potencia de la C evolution es de 26 CV, lo que ofrece unas aceleraciones verdaderamente \u00f3ptimas, as\u00ed mismo, la velocidad m\u00e1xima limitada electr\u00f3nicamente llega a los 129 Km\/h, esto supone que solo conductores con el carn\u00e9 A o A2 podr\u00edan<\/span><span style=\"font-weight: 400\"> alquilar esta versi\u00f3n de moto<\/span><span style=\"font-weight: 400\">.<\/span><br \/>\n<img decoding=\"async\" class=\"img-responsive aligncenter\" src=\"https:\/\/rideon.es\/wp-content\/uploads\/2018\/08\/bmw-c-evolution-lateral.png\" alt=\"BMW C evolution lateral alquiler moto Mallorca\" width=\"799\" height=\"473\" \/><\/p>\n<p><span style=\"font-weight: 400\">En el \u00faltimo reestyling de 2017 solo se ha modificado el dise\u00f1o de la zona de bater\u00edas, las dimensiones generales y los frontales y posteriores se mantienen igual que desde el lanzamiento de este maxiscooter el\u00e9ctrico en 2014.<\/span><\/p>\n<p><span style=\"font-weight: 400\">La BMC equipa un sistema de frenos y amortiguaci\u00f3n que trabajan con una alta eficacia, adem\u00e1s, la instantaneidad de su aceleraci\u00f3n impacta pudiendo realizar un 0 a 50 Km\/h en tan solo 2,8 segundos. La sensaci\u00f3n en conducci\u00f3n es de disponer en todo momento del par y permite configurar la conducci\u00f3n con 4 modos, dynamic, road, Ecopro y Sail. En los tres primeros modos se configuran con la ayuda del freno motor que aprovecha las deceleraciones para recargar la bater\u00eda.<\/span><br \/>\n<img decoding=\"async\" class=\"img-responsive aligncenter\" src=\"https:\/\/rideon.es\/wp-content\/uploads\/2018\/08\/bmw-c-evolution-detras.png\" alt=\"BMW C evolution detr\u00e1s alquiler moto Mallorca\" width=\"800\" height=\"457\" \/><\/p>\n<p><span style=\"font-weight: 400\">Como puntos a mejorar pensamos que se deber\u00eda optimizar el tiempo de carga, aumentar la capacidad de carga para objetos y cascos, mejorar la accesibilidad al veh\u00edculo y en general disminuir el peso del veh\u00edculo. Pero podr\u00eda ser una buena opci\u00f3n para el alquiler de un scooter urbano con algunas prestaciones para atreverse a salir un poco m\u00e1s de la ciudad.<\/span><\/p>\n","protected":false},"excerpt":{"rendered":"<p>La movilidad el\u00e9ctrica es ya un hecho y se ha generado un mercado cada vez m\u00e1s normalizado. Scooters como la BMW C Evolution, uno de los primeros con versi\u00f3n 100% el\u00e9ctrica llamen cada vez menos la atenci\u00f3n cuando los vemos circular por las ciudades. Sin embargo, la revoluci\u00f3n el\u00e9ctrica sigue teniendo dos handicaps como son<\/p>\n","protected":false},"author":2,"featured_media":5139,"comment_status":"open","ping_status":"closed","sticky":false,"template":"","format":"standard","meta":{"inline_featured_image":false,"footnotes":""},"categories":[49,11],"tags":[],"class_list":["post-3247","post","type-post","status-publish","format-standard","has-post-thumbnail","hentry","category-consejos","category-mallorca"],"yoast_head":"<!-- This site is optimized with the Yoast SEO Premium plugin v18.7 (Yoast SEO v27.5) - https:\/\/yoast.com\/product\/yoast-seo-premium-wordpress\/ -->\n<title>Probamos la BMW C Evolution en Mallorca - Alquiler de motos mensual y Renting para Empresas<\/title>\n<meta name=\"description\" content=\"Desde Ride On pensamos que el futuro del alquiler de scooters en las ciudades es el\u00e9ctrico, probamos la nueva BMW C Evolution en nuestra oficina de Mallorca\" \/>\n<meta name=\"robots\" content=\"index, follow, max-snippet:-1, max-image-preview:large, max-video-preview:-1\" \/>\n<link rel=\"canonical\" href=\"https:\/\/rideon.es\/renting-empresas\/probamos-la-bmw-c-evolution-en-mallorca\/\" \/>\n<meta property=\"og:locale\" content=\"es_ES\" \/>\n<meta property=\"og:type\" content=\"article\" \/>\n<meta property=\"og:title\" content=\"Probamos la BMW C Evolution en Mallorca\" \/>\n<meta property=\"og:description\" content=\"Desde Ride On pensamos que el futuro del alquiler de scooters en las ciudades es el\u00e9ctrico, probamos la nueva BMW C Evolution en nuestra oficina de Mallorca\" \/>\n<meta property=\"og:url\" content=\"https:\/\/rideon.es\/renting-empresas\/probamos-la-bmw-c-evolution-en-mallorca\/\" \/>\n<meta property=\"og:site_name\" content=\"Alquiler de motos mensual y Renting para Empresas\" \/>\n<meta property=\"article:published_time\" content=\"2018-08-21T10:45:58+00:00\" \/>\n<meta property=\"og:image\" content=\"https:\/\/rideon.es\/renting-empresas\/wp-content\/uploads\/sites\/19\/2018\/09\/BMW-c-evolution-delante.png\" \/>\n\t<meta property=\"og:image:width\" content=\"1137\" \/>\n\t<meta property=\"og:image:height\" content=\"624\" \/>\n\t<meta property=\"og:image:type\" content=\"image\/png\" \/>\n<meta name=\"author\" content=\"Ride On\" \/>\n<meta name=\"twitter:card\" content=\"summary_large_image\" \/>\n<meta name=\"twitter:label1\" content=\"Escrito por\" \/>\n\t<meta name=\"twitter:data1\" content=\"Ride On\" \/>\n\t<meta name=\"twitter:label2\" content=\"Tiempo de lectura\" \/>\n\t<meta name=\"twitter:data2\" content=\"2 minutos\" \/>\n<script type=\"application\/ld+json\" class=\"yoast-schema-graph\">{\"@context\":\"https:\\\/\\\/schema.org\",\"@graph\":[{\"@type\":\"Article\",\"@id\":\"https:\\\/\\\/rideon.es\\\/renting-empresas\\\/probamos-la-bmw-c-evolution-en-mallorca\\\/#article\",\"isPartOf\":{\"@id\":\"https:\\\/\\\/rideon.es\\\/renting-empresas\\\/probamos-la-bmw-c-evolution-en-mallorca\\\/\"},\"author\":{\"name\":\"Ride On\",\"@id\":\"https:\\\/\\\/rideon.es\\\/renting-empresas\\\/#\\\/schema\\\/person\\\/48d6770e55c623d929bd20ce295611a7\"},\"headline\":\"Probamos la BMW C Evolution en Mallorca\",\"datePublished\":\"2018-08-21T10:45:58+00:00\",\"mainEntityOfPage\":{\"@id\":\"https:\\\/\\\/rideon.es\\\/renting-empresas\\\/probamos-la-bmw-c-evolution-en-mallorca\\\/\"},\"wordCount\":447,\"commentCount\":0,\"publisher\":{\"@id\":\"https:\\\/\\\/rideon.es\\\/renting-empresas\\\/#organization\"},\"image\":{\"@id\":\"https:\\\/\\\/rideon.es\\\/renting-empresas\\\/probamos-la-bmw-c-evolution-en-mallorca\\\/#primaryimage\"},\"thumbnailUrl\":\"https:\\\/\\\/rideon.es\\\/renting-empresas\\\/wp-content\\\/uploads\\\/sites\\\/19\\\/2018\\\/09\\\/BMW-c-evolution-delante.png\",\"articleSection\":[\"Consejos\",\"Mallorca\"],\"inLanguage\":\"es\",\"potentialAction\":[{\"@type\":\"CommentAction\",\"name\":\"Comment\",\"target\":[\"https:\\\/\\\/rideon.es\\\/renting-empresas\\\/probamos-la-bmw-c-evolution-en-mallorca\\\/#respond\"]}]},{\"@type\":\"WebPage\",\"@id\":\"https:\\\/\\\/rideon.es\\\/renting-empresas\\\/probamos-la-bmw-c-evolution-en-mallorca\\\/\",\"url\":\"https:\\\/\\\/rideon.es\\\/renting-empresas\\\/probamos-la-bmw-c-evolution-en-mallorca\\\/\",\"name\":\"Probamos la BMW C Evolution en Mallorca - Alquiler de motos mensual y Renting para Empresas\",\"isPartOf\":{\"@id\":\"https:\\\/\\\/rideon.es\\\/renting-empresas\\\/#website\"},\"primaryImageOfPage\":{\"@id\":\"https:\\\/\\\/rideon.es\\\/renting-empresas\\\/probamos-la-bmw-c-evolution-en-mallorca\\\/#primaryimage\"},\"image\":{\"@id\":\"https:\\\/\\\/rideon.es\\\/renting-empresas\\\/probamos-la-bmw-c-evolution-en-mallorca\\\/#primaryimage\"},\"thumbnailUrl\":\"https:\\\/\\\/rideon.es\\\/renting-empresas\\\/wp-content\\\/uploads\\\/sites\\\/19\\\/2018\\\/09\\\/BMW-c-evolution-delante.png\",\"datePublished\":\"2018-08-21T10:45:58+00:00\",\"description\":\"Desde Ride On pensamos que el futuro del alquiler de scooters en las ciudades es el\u00e9ctrico, probamos la nueva BMW C Evolution en nuestra oficina de Mallorca\",\"inLanguage\":\"es\",\"potentialAction\":[{\"@type\":\"ReadAction\",\"target\":[\"https:\\\/\\\/rideon.es\\\/renting-empresas\\\/probamos-la-bmw-c-evolution-en-mallorca\\\/\"]}]},{\"@type\":\"ImageObject\",\"inLanguage\":\"es\",\"@id\":\"https:\\\/\\\/rideon.es\\\/renting-empresas\\\/probamos-la-bmw-c-evolution-en-mallorca\\\/#primaryimage\",\"url\":\"https:\\\/\\\/rideon.es\\\/renting-empresas\\\/wp-content\\\/uploads\\\/sites\\\/19\\\/2018\\\/09\\\/BMW-c-evolution-delante.png\",\"contentUrl\":\"https:\\\/\\\/rideon.es\\\/renting-empresas\\\/wp-content\\\/uploads\\\/sites\\\/19\\\/2018\\\/09\\\/BMW-c-evolution-delante.png\",\"width\":1137,\"height\":624},{\"@type\":\"WebSite\",\"@id\":\"https:\\\/\\\/rideon.es\\\/renting-empresas\\\/#website\",\"url\":\"https:\\\/\\\/rideon.es\\\/renting-empresas\\\/\",\"name\":\"Alquiler de motos mensual y Renting para Empresas\",\"description\":\"Las motos m\u00e1s c\u00f3modas y seguras para disfrutar de tus vacaciones sobre ruedas. Alquiler de motos en Menorca, Mallorca, Barcelona y Valencia con Rideon.es\",\"publisher\":{\"@id\":\"https:\\\/\\\/rideon.es\\\/renting-empresas\\\/#organization\"},\"potentialAction\":[{\"@type\":\"SearchAction\",\"target\":{\"@type\":\"EntryPoint\",\"urlTemplate\":\"https:\\\/\\\/rideon.es\\\/renting-empresas\\\/?s={search_term_string}\"},\"query-input\":{\"@type\":\"PropertyValueSpecification\",\"valueRequired\":true,\"valueName\":\"search_term_string\"}}],\"inLanguage\":\"es\"},{\"@type\":\"Organization\",\"@id\":\"https:\\\/\\\/rideon.es\\\/renting-empresas\\\/#organization\",\"name\":\"Alquiler de motos mensual y Renting para Empresas\",\"url\":\"https:\\\/\\\/rideon.es\\\/renting-empresas\\\/\",\"logo\":{\"@type\":\"ImageObject\",\"inLanguage\":\"es\",\"@id\":\"https:\\\/\\\/rideon.es\\\/renting-empresas\\\/#\\\/schema\\\/logo\\\/image\\\/\",\"url\":\"https:\\\/\\\/rideon.es\\\/renting-empresas\\\/wp-content\\\/uploads\\\/sites\\\/19\\\/2020\\\/02\\\/rideon_logo-200x78-1.png\",\"contentUrl\":\"https:\\\/\\\/rideon.es\\\/renting-empresas\\\/wp-content\\\/uploads\\\/sites\\\/19\\\/2020\\\/02\\\/rideon_logo-200x78-1.png\",\"width\":200,\"height\":78,\"caption\":\"Alquiler de motos mensual y Renting para Empresas\"},\"image\":{\"@id\":\"https:\\\/\\\/rideon.es\\\/renting-empresas\\\/#\\\/schema\\\/logo\\\/image\\\/\"}},{\"@type\":\"Person\",\"@id\":\"https:\\\/\\\/rideon.es\\\/renting-empresas\\\/#\\\/schema\\\/person\\\/48d6770e55c623d929bd20ce295611a7\",\"name\":\"Ride On\",\"image\":{\"@type\":\"ImageObject\",\"inLanguage\":\"es\",\"@id\":\"https:\\\/\\\/secure.gravatar.com\\\/avatar\\\/785e72183089da6a00243c0f0e2d52db79b9983b602219afb07c868943086138?s=96&d=mm&r=g\",\"url\":\"https:\\\/\\\/secure.gravatar.com\\\/avatar\\\/785e72183089da6a00243c0f0e2d52db79b9983b602219afb07c868943086138?s=96&d=mm&r=g\",\"contentUrl\":\"https:\\\/\\\/secure.gravatar.com\\\/avatar\\\/785e72183089da6a00243c0f0e2d52db79b9983b602219afb07c868943086138?s=96&d=mm&r=g\",\"caption\":\"Ride On\"},\"url\":\"https:\\\/\\\/rideon.es\\\/renting-empresas\\\/author\\\/eduardoyauri\\\/\"}]}<\/script>\n<!-- \/ Yoast SEO Premium plugin. -->","yoast_head_json":{"title":"Probamos la BMW C Evolution en Mallorca - Alquiler de motos mensual y Renting para Empresas","description":"Desde Ride On pensamos que el futuro del alquiler de scooters en las ciudades es el\u00e9ctrico, probamos la nueva BMW C Evolution en nuestra oficina de Mallorca","robots":{"index":"index","follow":"follow","max-snippet":"max-snippet:-1","max-image-preview":"max-image-preview:large","max-video-preview":"max-video-preview:-1"},"canonical":"https:\/\/rideon.es\/renting-empresas\/probamos-la-bmw-c-evolution-en-mallorca\/","og_locale":"es_ES","og_type":"article","og_title":"Probamos la BMW C Evolution en Mallorca","og_description":"Desde Ride On pensamos que el futuro del alquiler de scooters en las ciudades es el\u00e9ctrico, probamos la nueva BMW C Evolution en nuestra oficina de Mallorca","og_url":"https:\/\/rideon.es\/renting-empresas\/probamos-la-bmw-c-evolution-en-mallorca\/","og_site_name":"Alquiler de motos mensual y Renting para Empresas","article_published_time":"2018-08-21T10:45:58+00:00","og_image":[{"width":1137,"height":624,"url":"https:\/\/rideon.es\/renting-empresas\/wp-content\/uploads\/sites\/19\/2018\/09\/BMW-c-evolution-delante.png","type":"image\/png"}],"author":"Ride On","twitter_card":"summary_large_image","twitter_misc":{"Escrito por":"Ride On","Tiempo de lectura":"2 minutos"},"schema":{"@context":"https:\/\/schema.org","@graph":[{"@type":"Article","@id":"https:\/\/rideon.es\/renting-empresas\/probamos-la-bmw-c-evolution-en-mallorca\/#article","isPartOf":{"@id":"https:\/\/rideon.es\/renting-empresas\/probamos-la-bmw-c-evolution-en-mallorca\/"},"author":{"name":"Ride On","@id":"https:\/\/rideon.es\/renting-empresas\/#\/schema\/person\/48d6770e55c623d929bd20ce295611a7"},"headline":"Probamos la BMW C Evolution en Mallorca","datePublished":"2018-08-21T10:45:58+00:00","mainEntityOfPage":{"@id":"https:\/\/rideon.es\/renting-empresas\/probamos-la-bmw-c-evolution-en-mallorca\/"},"wordCount":447,"commentCount":0,"publisher":{"@id":"https:\/\/rideon.es\/renting-empresas\/#organization"},"image":{"@id":"https:\/\/rideon.es\/renting-empresas\/probamos-la-bmw-c-evolution-en-mallorca\/#primaryimage"},"thumbnailUrl":"https:\/\/rideon.es\/renting-empresas\/wp-content\/uploads\/sites\/19\/2018\/09\/BMW-c-evolution-delante.png","articleSection":["Consejos","Mallorca"],"inLanguage":"es","potentialAction":[{"@type":"CommentAction","name":"Comment","target":["https:\/\/rideon.es\/renting-empresas\/probamos-la-bmw-c-evolution-en-mallorca\/#respond"]}]},{"@type":"WebPage","@id":"https:\/\/rideon.es\/renting-empresas\/probamos-la-bmw-c-evolution-en-mallorca\/","url":"https:\/\/rideon.es\/renting-empresas\/probamos-la-bmw-c-evolution-en-mallorca\/","name":"Probamos la BMW C Evolution en Mallorca - Alquiler de motos mensual y Renting para Empresas","isPartOf":{"@id":"https:\/\/rideon.es\/renting-empresas\/#website"},"primaryImageOfPage":{"@id":"https:\/\/rideon.es\/renting-empresas\/probamos-la-bmw-c-evolution-en-mallorca\/#primaryimage"},"image":{"@id":"https:\/\/rideon.es\/renting-empresas\/probamos-la-bmw-c-evolution-en-mallorca\/#primaryimage"},"thumbnailUrl":"https:\/\/rideon.es\/renting-empresas\/wp-content\/uploads\/sites\/19\/2018\/09\/BMW-c-evolution-delante.png","datePublished":"2018-08-21T10:45:58+00:00","description":"Desde Ride On pensamos que el futuro del alquiler de scooters en las ciudades es el\u00e9ctrico, probamos la nueva BMW C Evolution en nuestra oficina de Mallorca","inLanguage":"es","potentialAction":[{"@type":"ReadAction","target":["https:\/\/rideon.es\/renting-empresas\/probamos-la-bmw-c-evolution-en-mallorca\/"]}]},{"@type":"ImageObject","inLanguage":"es","@id":"https:\/\/rideon.es\/renting-empresas\/probamos-la-bmw-c-evolution-en-mallorca\/#primaryimage","url":"https:\/\/rideon.es\/renting-empresas\/wp-content\/uploads\/sites\/19\/2018\/09\/BMW-c-evolution-delante.png","contentUrl":"https:\/\/rideon.es\/renting-empresas\/wp-content\/uploads\/sites\/19\/2018\/09\/BMW-c-evolution-delante.png","width":1137,"height":624},{"@type":"WebSite","@id":"https:\/\/rideon.es\/renting-empresas\/#website","url":"https:\/\/rideon.es\/renting-empresas\/","name":"Alquiler de motos mensual y Renting para Empresas","description":"Las motos m\u00e1s c\u00f3modas y seguras para disfrutar de tus vacaciones sobre ruedas. Alquiler de motos en Menorca, Mallorca, Barcelona y Valencia con Rideon.es","publisher":{"@id":"https:\/\/rideon.es\/renting-empresas\/#organization"},"potentialAction":[{"@type":"SearchAction","target":{"@type":"EntryPoint","urlTemplate":"https:\/\/rideon.es\/renting-empresas\/?s={search_term_string}"},"query-input":{"@type":"PropertyValueSpecification","valueRequired":true,"valueName":"search_term_string"}}],"inLanguage":"es"},{"@type":"Organization","@id":"https:\/\/rideon.es\/renting-empresas\/#organization","name":"Alquiler de motos mensual y Renting para Empresas","url":"https:\/\/rideon.es\/renting-empresas\/","logo":{"@type":"ImageObject","inLanguage":"es","@id":"https:\/\/rideon.es\/renting-empresas\/#\/schema\/logo\/image\/","url":"https:\/\/rideon.es\/renting-empresas\/wp-content\/uploads\/sites\/19\/2020\/02\/rideon_logo-200x78-1.png","contentUrl":"https:\/\/rideon.es\/renting-empresas\/wp-content\/uploads\/sites\/19\/2020\/02\/rideon_logo-200x78-1.png","width":200,"height":78,"caption":"Alquiler de motos mensual y Renting para Empresas"},"image":{"@id":"https:\/\/rideon.es\/renting-empresas\/#\/schema\/logo\/image\/"}},{"@type":"Person","@id":"https:\/\/rideon.es\/renting-empresas\/#\/schema\/person\/48d6770e55c623d929bd20ce295611a7","name":"Ride On","image":{"@type":"ImageObject","inLanguage":"es","@id":"https:\/\/secure.gravatar.com\/avatar\/785e72183089da6a00243c0f0e2d52db79b9983b602219afb07c868943086138?s=96&d=mm&r=g","url":"https:\/\/secure.gravatar.com\/avatar\/785e72183089da6a00243c0f0e2d52db79b9983b602219afb07c868943086138?s=96&d=mm&r=g","contentUrl":"https:\/\/secure.gravatar.com\/avatar\/785e72183089da6a00243c0f0e2d52db79b9983b602219afb07c868943086138?s=96&d=mm&r=g","caption":"Ride On"},"url":"https:\/\/rideon.es\/renting-empresas\/author\/eduardoyauri\/"}]}},"_links":{"self":[{"href":"https:\/\/rideon.es\/renting-empresas\/wp-json\/wp\/v2\/posts\/3247","targetHints":{"allow":["GET"]}}],"collection":[{"href":"https:\/\/rideon.es\/renting-empresas\/wp-json\/wp\/v2\/posts"}],"about":[{"href":"https:\/\/rideon.es\/renting-empresas\/wp-json\/wp\/v2\/types\/post"}],"author":[{"embeddable":true,"href":"https:\/\/rideon.es\/renting-empresas\/wp-json\/wp\/v2\/users\/2"}],"replies":[{"embeddable":true,"href":"https:\/\/rideon.es\/renting-empresas\/wp-json\/wp\/v2\/comments?post=3247"}],"version-history":[{"count":0,"href":"https:\/\/rideon.es\/renting-empresas\/wp-json\/wp\/v2\/posts\/3247\/revisions"}],"wp:featuredmedia":[{"embeddable":true,"href":"https:\/\/rideon.es\/renting-empresas\/wp-json\/wp\/v2\/media\/5139"}],"wp:attachment":[{"href":"https:\/\/rideon.es\/renting-empresas\/wp-json\/wp\/v2\/media?parent=3247"}],"wp:term":[{"taxonomy":"category","embeddable":true,"href":"https:\/\/rideon.es\/renting-empresas\/wp-json\/wp\/v2\/categories?post=3247"},{"taxonomy":"post_tag","embeddable":true,"href":"https:\/\/rideon.es\/renting-empresas\/wp-json\/wp\/v2\/tags?post=3247"}],"curies":[{"name":"wp","href":"https:\/\/api.w.org\/{rel}","templated":true}]}}