{"id":3228,"date":"2018-08-09T09:22:23","date_gmt":"2018-08-09T09:22:23","guid":{"rendered":"https:\/\/rideon.es\/?p=3228"},"modified":"2018-08-09T09:22:23","modified_gmt":"2018-08-09T09:22:23","slug":"ruta-palma-deia-soller-en-moto-de-alquiler","status":"publish","type":"post","link":"https:\/\/rideon.es\/renting-empresas\/ruta-palma-deia-soller-en-moto-de-alquiler\/","title":{"rendered":"Ruta Palma-Deia-soller en moto de alquiler"},"content":{"rendered":"<p><span style=\"font-weight: 400\">En <\/span><span style=\"font-weight: 400\">Ride On<\/span><span style=\"font-weight: 400\"> disfrutamos descubriendo los mejores rincones de Mallorca sobre dos ruedas, para ello hemos dise\u00f1ado esta ruta para visitar los mejores sitios con el <\/span><a href=\"https:\/\/rideon.es\/es\/alquiler-moto-mallorca\/\"><span style=\"font-weight: 400\">alquiler de una moto en Mallorca<\/span><\/a><span style=\"font-weight: 400\">.<\/span><br \/>\n<img fetchpriority=\"high\" decoding=\"async\" class=\" wp-image-3219 aligncenter\" src=\"https:\/\/rideon.es\/wp-content\/uploads\/2018\/08\/Rideon-Mallorca-300x206.png\" alt=\"Rideon Mallorca\" width=\"801\" height=\"550\" \/><\/p>\n<h1><span style=\"font-weight: 400\">Ruta scooter norte. De Palma a S\u00f3ller<\/span><\/h1>\n<p><span style=\"font-weight: 400\">La ruta scooter norte tiene una duraci\u00f3n de todo el d\u00eda, con una distancia recorrida de 72 Km saliendo de la <\/span><span style=\"font-weight: 400\">oficina de alquiler de motos en Mallorca<\/span><span style=\"font-weight: 400\"> de Ride On en el centro de Palma, pasando por Valldemossa a 20 Km del inicio, Dei\u00e0 y llegando finalmente a S\u00f3ller donde disfrutar de una rica comida. La vuelta se puede realizar a la inversa o directo a la oficina de <\/span><span style=\"font-weight: 400\">Ride On en Palma<\/span><span style=\"font-weight: 400\"> por la MA-11.<\/span><\/p>\n<h2><span style=\"font-weight: 400\">Salida oficina Ride On Mallorca a Valldemossa<\/span><\/h2>\n<p><img decoding=\"async\" class=\" wp-image-3227 aligncenter\" src=\"https:\/\/rideon.es\/wp-content\/uploads\/2018\/08\/RideOn-Mallorca-300x181.png\" alt=\"Rideon alquiler moto Mallorca\" width=\"801\" height=\"483\" \/><br \/>\n<span style=\"font-weight: 400\">Salimos de la oficina de Mallorca de Ride On con nuestra <\/span><a href=\"https:\/\/rideon.es\/flota\/\"><span style=\"font-weight: 400\">scooter de alquiler<\/span><\/a><span style=\"font-weight: 400\"> y nos dirigimos por las calles de Palma en busca de la carretera MA-10. Es una carretera de doble sentido tranquila que pasa por pueblos encantadores del interior de Mallorca, f\u00e1cil de circular con un scooter, bien asfaltada y con buen arc\u00e9n.<\/span><br \/>\n<img decoding=\"async\" class=\" wp-image-3226 aligncenter\" src=\"https:\/\/rideon.es\/wp-content\/uploads\/2018\/08\/MA-10-alquler-moto-Mallorca-300x170.png\" alt=\"Oficina RideOn Mallorca\" width=\"801\" height=\"454\" \/><br \/>\n<span style=\"font-weight: 400\">En unos 20 minutos se puede llegar a Valldemossa, un frondoso valle de la serra de Tramuntana cubierto de una impresionante vegetaci\u00f3n. Es un pueblo famoso por su <\/span><a href=\"https:\/\/rideon.es\/museo-chopin-sestaca\/\"><span style=\"font-weight: 400\">estancia en la Cartuja (1838-1839) de Federico Chopin<\/span><\/a><span style=\"font-weight: 400\"> y George Sand.<\/span><br \/>\n<span style=\"font-weight: 400\">Desde cualquier parte del pueblo se puede ver el campanario de la Cartuja, con sus azulejos verdes que envuelven la superficie de la fachada. En el per\u00edmetro del pueblo se han dispuesto aparcamiento donde poder aparcar las motos ya que la mayor parte del pueblo es solo peatonal. <\/span><br \/>\n<span style=\"font-weight: 400\">Es muy recomendable la visita a la Cartuja, donde se podr\u00e1n ver frescos de Miguel Bayen, cu\u00f1ado de Goya. El claustro es actualmente donde se celebra el \u201cFestival Chopin\u201d donde artistas de renombre mundial interpretan obras del autor cada verano.<\/span><\/p>\n<p><span style=\"font-weight: 400\">Tambi\u00e9n en Valldemossa se podr\u00e1 visitar el Centro de Cultura Costa Nord, creado por el actor Michael Douglas.<\/span><\/p>\n<h2><span style=\"font-weight: 400\">De Valldemossa a Dei\u00e0<\/span><\/h2>\n<p><img loading=\"lazy\" decoding=\"async\" class=\" wp-image-3224 aligncenter\" src=\"https:\/\/rideon.es\/wp-content\/uploads\/2018\/08\/valldemossa-deya-300x171.png\" alt=\"rent scooter mallorca \" width=\"800\" height=\"456\" \/><br \/>\n<span style=\"font-weight: 400\">Continuaremos por la misma Ma-10 hasta Dei\u00e0, un fant\u00e1stico tramo de carretera bordeando la costa norte de Mallorca, disfrutando de unas fant\u00e1sticas curvas y vistas al mar. Dei\u00e0 es una poblaci\u00f3n que no supera los 600 habitantes, aparcar en coche es realmente complicado, pero no ser\u00e1 un problema con el <\/span><a href=\"https:\/\/rideon.es\/es\/alquiler-moto-mallorca\/\"><span style=\"font-weight: 400\">scooter de Ride On Mallorca<\/span><\/a><span style=\"font-weight: 400\">. <\/span><br \/>\n<img loading=\"lazy\" decoding=\"async\" class=\" wp-image-3223 aligncenter\" src=\"https:\/\/rideon.es\/wp-content\/uploads\/2018\/08\/deia-alquiler-scooter-mallorca-300x205.png\" alt=\"ruta Palma-deia-soller alquiler moto mallorca\" width=\"801\" height=\"547\" \/><br \/>\n<span style=\"font-weight: 400\">El escritor ingl\u00e9s Robert Graves escogi\u00f3 Dei\u00e0 como su lugar de residencia, hoy en d\u00eda es un destino frecuentado por artistas y pintores. Muy recomendable visitar la cala de Dei\u00e0, aguas cristalinas que invitan al ba\u00f1o a\u00fan siendo una cala de rocas.<\/span><\/p>\n<h2><span style=\"font-weight: 400\">De Dei\u00e0 a S\u00f3ller<\/span><\/h2>\n<p><span style=\"font-weight: 400\">A 12 Km de Dei\u00e0 se encuentra S\u00f3ller, pueblo situado en un valle lleno de naranjos, emergen sus casas se\u00f1oriales y palacios construidos por los emigrantes de la isla que volvieron con fortunas de Francia. <\/span><br \/>\n<span style=\"font-weight: 400\">Permite la visita a la iglesia parroquial construida en el siglo XV, el museo de las ciencias naturales o el jard\u00edn bot\u00e1nico. Hay numerosos restaurantes donde disfrutar de una perfecta comida mediterr\u00e1nea.<\/span><br \/>\n<img loading=\"lazy\" decoding=\"async\" class=\" wp-image-3221 aligncenter\" src=\"https:\/\/rideon.es\/wp-content\/uploads\/2018\/08\/soller-alquiler-moto-mallorca-300x211.png\" alt=\"RUta en moto por palma\" width=\"800\" height=\"563\" \/><br \/>\n<span style=\"font-weight: 400\">Tambi\u00e9n se puede recorrer el valle hasta el puerto con el <\/span><a href=\"https:\/\/rideon.es\/bellver-y-el-ferrocarril-de-soller\"><span style=\"font-weight: 400\">tranv\u00eda de S\u00f3ller <\/span><\/a><span style=\"font-weight: 400\">que transcurre a lo largo de 4 Km, es el \u00fanico puerto de la serra de tramuntana, su paseo mar\u00edtimo invita a tomar algo en sus terrazas durante la tarde. <\/span><br \/>\n<img loading=\"lazy\" decoding=\"async\" class=\" wp-image-3220 aligncenter\" src=\"https:\/\/rideon.es\/wp-content\/uploads\/2018\/08\/tranvia-soller-alquiler-moto-menorca-300x193.png\" alt=\"Descubre Mallorca en Moto\" width=\"801\" height=\"515\" \/><br \/>\n<span style=\"font-weight: 400\">El regreso a la oficina de <\/span><a href=\"https:\/\/rideon.es\/es\/alquiler-moto-mallorca\/\"><span style=\"font-weight: 400\">RideOn de Palma de Mallorca<\/span><\/a><span style=\"font-weight: 400\"> se puede realizar por la M-11A. Carretera en buen estado perfecta para un trayecto en moto de unos 30 minutos.<\/span><br \/>\n<img loading=\"lazy\" decoding=\"async\" class=\" wp-image-3222 aligncenter\" src=\"https:\/\/rideon.es\/wp-content\/uploads\/2018\/08\/aoller-palma-alquiler-moto-mallorca-300x139.png\" alt=\"Mallorca en moto\" width=\"801\" height=\"371\" \/><\/p>\n","protected":false},"excerpt":{"rendered":"<p>En Ride On disfrutamos descubriendo los mejores rincones de Mallorca sobre dos ruedas, para ello hemos dise\u00f1ado esta ruta para visitar los mejores sitios con el alquiler de una moto en Mallorca. Ruta scooter norte. De Palma a S\u00f3ller La ruta scooter norte tiene una duraci\u00f3n de todo el d\u00eda, con una distancia recorrida de<\/p>\n","protected":false},"author":2,"featured_media":3673,"comment_status":"open","ping_status":"closed","sticky":false,"template":"","format":"standard","meta":{"inline_featured_image":false,"footnotes":""},"categories":[56,11],"tags":[],"class_list":["post-3228","post","type-post","status-publish","format-standard","has-post-thumbnail","hentry","category-lugar-interes","category-mallorca"],"yoast_head":"<!-- This site is optimized with the Yoast SEO Premium plugin v18.7 (Yoast SEO v27.5) - https:\/\/yoast.com\/product\/yoast-seo-premium-wordpress\/ -->\n<title>Ruta Palma-Deia-soller en moto de alquiler - Rideon.es<\/title>\n<meta name=\"robots\" content=\"index, follow, max-snippet:-1, max-image-preview:large, max-video-preview:-1\" \/>\n<link rel=\"canonical\" href=\"https:\/\/rideon.es\/renting-empresas\/ruta-palma-deia-soller-en-moto-de-alquiler\/\" \/>\n<meta property=\"og:locale\" content=\"es_ES\" \/>\n<meta property=\"og:type\" content=\"article\" \/>\n<meta property=\"og:title\" content=\"Ruta Palma-Deia-soller en moto de alquiler\" \/>\n<meta property=\"og:description\" content=\"En Ride On disfrutamos descubriendo los mejores rincones de Mallorca sobre dos ruedas, para ello hemos dise\u00f1ado esta ruta para visitar los mejores sitios con el alquiler de una moto en Mallorca. Ruta scooter norte. De Palma a S\u00f3ller La ruta scooter norte tiene una duraci\u00f3n de todo el d\u00eda, con una distancia recorrida de\" \/>\n<meta property=\"og:url\" content=\"https:\/\/rideon.es\/renting-empresas\/ruta-palma-deia-soller-en-moto-de-alquiler\/\" \/>\n<meta property=\"og:site_name\" content=\"Alquiler de motos mensual y Renting para Empresas\" \/>\n<meta property=\"article:published_time\" content=\"2018-08-09T09:22:23+00:00\" \/>\n<meta property=\"og:image\" content=\"https:\/\/rideon.es\/renting-empresas\/wp-content\/uploads\/sites\/19\/2019\/09\/ride-on-scooter-rental-menorca-allpageheader.jpg\" \/>\n\t<meta property=\"og:image:width\" content=\"1920\" \/>\n\t<meta property=\"og:image:height\" content=\"428\" \/>\n\t<meta property=\"og:image:type\" content=\"image\/jpeg\" \/>\n<meta name=\"author\" content=\"Ride On\" \/>\n<meta name=\"twitter:card\" content=\"summary_large_image\" \/>\n<meta name=\"twitter:label1\" content=\"Escrito por\" \/>\n\t<meta name=\"twitter:data1\" content=\"Ride On\" \/>\n\t<meta name=\"twitter:label2\" content=\"Tiempo de lectura\" \/>\n\t<meta name=\"twitter:data2\" content=\"3 minutos\" \/>\n<script type=\"application\/ld+json\" class=\"yoast-schema-graph\">{\"@context\":\"https:\\\/\\\/schema.org\",\"@graph\":[{\"@type\":\"Article\",\"@id\":\"https:\\\/\\\/rideon.es\\\/renting-empresas\\\/ruta-palma-deia-soller-en-moto-de-alquiler\\\/#article\",\"isPartOf\":{\"@id\":\"https:\\\/\\\/rideon.es\\\/renting-empresas\\\/ruta-palma-deia-soller-en-moto-de-alquiler\\\/\"},\"author\":{\"name\":\"Ride On\",\"@id\":\"https:\\\/\\\/rideon.es\\\/renting-empresas\\\/#\\\/schema\\\/person\\\/48d6770e55c623d929bd20ce295611a7\"},\"headline\":\"Ruta Palma-Deia-soller en moto de alquiler\",\"datePublished\":\"2018-08-09T09:22:23+00:00\",\"mainEntityOfPage\":{\"@id\":\"https:\\\/\\\/rideon.es\\\/renting-empresas\\\/ruta-palma-deia-soller-en-moto-de-alquiler\\\/\"},\"wordCount\":600,\"commentCount\":0,\"publisher\":{\"@id\":\"https:\\\/\\\/rideon.es\\\/renting-empresas\\\/#organization\"},\"image\":{\"@id\":\"https:\\\/\\\/rideon.es\\\/renting-empresas\\\/ruta-palma-deia-soller-en-moto-de-alquiler\\\/#primaryimage\"},\"thumbnailUrl\":\"https:\\\/\\\/rideon.es\\\/renting-empresas\\\/wp-content\\\/uploads\\\/sites\\\/19\\\/2019\\\/09\\\/ride-on-scooter-rental-menorca-allpageheader.jpg\",\"articleSection\":[\"Lugares de inter\u00e9s\",\"Mallorca\"],\"inLanguage\":\"es\",\"potentialAction\":[{\"@type\":\"CommentAction\",\"name\":\"Comment\",\"target\":[\"https:\\\/\\\/rideon.es\\\/renting-empresas\\\/ruta-palma-deia-soller-en-moto-de-alquiler\\\/#respond\"]}]},{\"@type\":\"WebPage\",\"@id\":\"https:\\\/\\\/rideon.es\\\/renting-empresas\\\/ruta-palma-deia-soller-en-moto-de-alquiler\\\/\",\"url\":\"https:\\\/\\\/rideon.es\\\/renting-empresas\\\/ruta-palma-deia-soller-en-moto-de-alquiler\\\/\",\"name\":\"Ruta Palma-Deia-soller en moto de alquiler - Rideon.es\",\"isPartOf\":{\"@id\":\"https:\\\/\\\/rideon.es\\\/renting-empresas\\\/#website\"},\"primaryImageOfPage\":{\"@id\":\"https:\\\/\\\/rideon.es\\\/renting-empresas\\\/ruta-palma-deia-soller-en-moto-de-alquiler\\\/#primaryimage\"},\"image\":{\"@id\":\"https:\\\/\\\/rideon.es\\\/renting-empresas\\\/ruta-palma-deia-soller-en-moto-de-alquiler\\\/#primaryimage\"},\"thumbnailUrl\":\"https:\\\/\\\/rideon.es\\\/renting-empresas\\\/wp-content\\\/uploads\\\/sites\\\/19\\\/2019\\\/09\\\/ride-on-scooter-rental-menorca-allpageheader.jpg\",\"datePublished\":\"2018-08-09T09:22:23+00:00\",\"inLanguage\":\"es\",\"potentialAction\":[{\"@type\":\"ReadAction\",\"target\":[\"https:\\\/\\\/rideon.es\\\/renting-empresas\\\/ruta-palma-deia-soller-en-moto-de-alquiler\\\/\"]}]},{\"@type\":\"ImageObject\",\"inLanguage\":\"es\",\"@id\":\"https:\\\/\\\/rideon.es\\\/renting-empresas\\\/ruta-palma-deia-soller-en-moto-de-alquiler\\\/#primaryimage\",\"url\":\"https:\\\/\\\/rideon.es\\\/renting-empresas\\\/wp-content\\\/uploads\\\/sites\\\/19\\\/2019\\\/09\\\/ride-on-scooter-rental-menorca-allpageheader.jpg\",\"contentUrl\":\"https:\\\/\\\/rideon.es\\\/renting-empresas\\\/wp-content\\\/uploads\\\/sites\\\/19\\\/2019\\\/09\\\/ride-on-scooter-rental-menorca-allpageheader.jpg\",\"width\":1920,\"height\":428},{\"@type\":\"WebSite\",\"@id\":\"https:\\\/\\\/rideon.es\\\/renting-empresas\\\/#website\",\"url\":\"https:\\\/\\\/rideon.es\\\/renting-empresas\\\/\",\"name\":\"Alquiler de motos mensual y Renting para Empresas\",\"description\":\"Las motos m\u00e1s c\u00f3modas y seguras para disfrutar de tus vacaciones sobre ruedas. Alquiler de motos en Menorca, Mallorca, Barcelona y Valencia con Rideon.es\",\"publisher\":{\"@id\":\"https:\\\/\\\/rideon.es\\\/renting-empresas\\\/#organization\"},\"potentialAction\":[{\"@type\":\"SearchAction\",\"target\":{\"@type\":\"EntryPoint\",\"urlTemplate\":\"https:\\\/\\\/rideon.es\\\/renting-empresas\\\/?s={search_term_string}\"},\"query-input\":{\"@type\":\"PropertyValueSpecification\",\"valueRequired\":true,\"valueName\":\"search_term_string\"}}],\"inLanguage\":\"es\"},{\"@type\":\"Organization\",\"@id\":\"https:\\\/\\\/rideon.es\\\/renting-empresas\\\/#organization\",\"name\":\"Alquiler de motos mensual y Renting para Empresas\",\"url\":\"https:\\\/\\\/rideon.es\\\/renting-empresas\\\/\",\"logo\":{\"@type\":\"ImageObject\",\"inLanguage\":\"es\",\"@id\":\"https:\\\/\\\/rideon.es\\\/renting-empresas\\\/#\\\/schema\\\/logo\\\/image\\\/\",\"url\":\"https:\\\/\\\/rideon.es\\\/renting-empresas\\\/wp-content\\\/uploads\\\/sites\\\/19\\\/2020\\\/02\\\/rideon_logo-200x78-1.png\",\"contentUrl\":\"https:\\\/\\\/rideon.es\\\/renting-empresas\\\/wp-content\\\/uploads\\\/sites\\\/19\\\/2020\\\/02\\\/rideon_logo-200x78-1.png\",\"width\":200,\"height\":78,\"caption\":\"Alquiler de motos mensual y Renting para Empresas\"},\"image\":{\"@id\":\"https:\\\/\\\/rideon.es\\\/renting-empresas\\\/#\\\/schema\\\/logo\\\/image\\\/\"}},{\"@type\":\"Person\",\"@id\":\"https:\\\/\\\/rideon.es\\\/renting-empresas\\\/#\\\/schema\\\/person\\\/48d6770e55c623d929bd20ce295611a7\",\"name\":\"Ride On\",\"image\":{\"@type\":\"ImageObject\",\"inLanguage\":\"es\",\"@id\":\"https:\\\/\\\/secure.gravatar.com\\\/avatar\\\/785e72183089da6a00243c0f0e2d52db79b9983b602219afb07c868943086138?s=96&d=mm&r=g\",\"url\":\"https:\\\/\\\/secure.gravatar.com\\\/avatar\\\/785e72183089da6a00243c0f0e2d52db79b9983b602219afb07c868943086138?s=96&d=mm&r=g\",\"contentUrl\":\"https:\\\/\\\/secure.gravatar.com\\\/avatar\\\/785e72183089da6a00243c0f0e2d52db79b9983b602219afb07c868943086138?s=96&d=mm&r=g\",\"caption\":\"Ride On\"},\"url\":\"https:\\\/\\\/rideon.es\\\/renting-empresas\\\/author\\\/eduardoyauri\\\/\"}]}<\/script>\n<!-- \/ Yoast SEO Premium plugin. -->","yoast_head_json":{"title":"Ruta Palma-Deia-soller en moto de alquiler - Rideon.es","robots":{"index":"index","follow":"follow","max-snippet":"max-snippet:-1","max-image-preview":"max-image-preview:large","max-video-preview":"max-video-preview:-1"},"canonical":"https:\/\/rideon.es\/renting-empresas\/ruta-palma-deia-soller-en-moto-de-alquiler\/","og_locale":"es_ES","og_type":"article","og_title":"Ruta Palma-Deia-soller en moto de alquiler","og_description":"En Ride On disfrutamos descubriendo los mejores rincones de Mallorca sobre dos ruedas, para ello hemos dise\u00f1ado esta ruta para visitar los mejores sitios con el alquiler de una moto en Mallorca. Ruta scooter norte. De Palma a S\u00f3ller La ruta scooter norte tiene una duraci\u00f3n de todo el d\u00eda, con una distancia recorrida de","og_url":"https:\/\/rideon.es\/renting-empresas\/ruta-palma-deia-soller-en-moto-de-alquiler\/","og_site_name":"Alquiler de motos mensual y Renting para Empresas","article_published_time":"2018-08-09T09:22:23+00:00","og_image":[{"width":1920,"height":428,"url":"https:\/\/rideon.es\/renting-empresas\/wp-content\/uploads\/sites\/19\/2019\/09\/ride-on-scooter-rental-menorca-allpageheader.jpg","type":"image\/jpeg"}],"author":"Ride On","twitter_card":"summary_large_image","twitter_misc":{"Escrito por":"Ride On","Tiempo de lectura":"3 minutos"},"schema":{"@context":"https:\/\/schema.org","@graph":[{"@type":"Article","@id":"https:\/\/rideon.es\/renting-empresas\/ruta-palma-deia-soller-en-moto-de-alquiler\/#article","isPartOf":{"@id":"https:\/\/rideon.es\/renting-empresas\/ruta-palma-deia-soller-en-moto-de-alquiler\/"},"author":{"name":"Ride On","@id":"https:\/\/rideon.es\/renting-empresas\/#\/schema\/person\/48d6770e55c623d929bd20ce295611a7"},"headline":"Ruta Palma-Deia-soller en moto de alquiler","datePublished":"2018-08-09T09:22:23+00:00","mainEntityOfPage":{"@id":"https:\/\/rideon.es\/renting-empresas\/ruta-palma-deia-soller-en-moto-de-alquiler\/"},"wordCount":600,"commentCount":0,"publisher":{"@id":"https:\/\/rideon.es\/renting-empresas\/#organization"},"image":{"@id":"https:\/\/rideon.es\/renting-empresas\/ruta-palma-deia-soller-en-moto-de-alquiler\/#primaryimage"},"thumbnailUrl":"https:\/\/rideon.es\/renting-empresas\/wp-content\/uploads\/sites\/19\/2019\/09\/ride-on-scooter-rental-menorca-allpageheader.jpg","articleSection":["Lugares de inter\u00e9s","Mallorca"],"inLanguage":"es","potentialAction":[{"@type":"CommentAction","name":"Comment","target":["https:\/\/rideon.es\/renting-empresas\/ruta-palma-deia-soller-en-moto-de-alquiler\/#respond"]}]},{"@type":"WebPage","@id":"https:\/\/rideon.es\/renting-empresas\/ruta-palma-deia-soller-en-moto-de-alquiler\/","url":"https:\/\/rideon.es\/renting-empresas\/ruta-palma-deia-soller-en-moto-de-alquiler\/","name":"Ruta Palma-Deia-soller en moto de alquiler - Rideon.es","isPartOf":{"@id":"https:\/\/rideon.es\/renting-empresas\/#website"},"primaryImageOfPage":{"@id":"https:\/\/rideon.es\/renting-empresas\/ruta-palma-deia-soller-en-moto-de-alquiler\/#primaryimage"},"image":{"@id":"https:\/\/rideon.es\/renting-empresas\/ruta-palma-deia-soller-en-moto-de-alquiler\/#primaryimage"},"thumbnailUrl":"https:\/\/rideon.es\/renting-empresas\/wp-content\/uploads\/sites\/19\/2019\/09\/ride-on-scooter-rental-menorca-allpageheader.jpg","datePublished":"2018-08-09T09:22:23+00:00","inLanguage":"es","potentialAction":[{"@type":"ReadAction","target":["https:\/\/rideon.es\/renting-empresas\/ruta-palma-deia-soller-en-moto-de-alquiler\/"]}]},{"@type":"ImageObject","inLanguage":"es","@id":"https:\/\/rideon.es\/renting-empresas\/ruta-palma-deia-soller-en-moto-de-alquiler\/#primaryimage","url":"https:\/\/rideon.es\/renting-empresas\/wp-content\/uploads\/sites\/19\/2019\/09\/ride-on-scooter-rental-menorca-allpageheader.jpg","contentUrl":"https:\/\/rideon.es\/renting-empresas\/wp-content\/uploads\/sites\/19\/2019\/09\/ride-on-scooter-rental-menorca-allpageheader.jpg","width":1920,"height":428},{"@type":"WebSite","@id":"https:\/\/rideon.es\/renting-empresas\/#website","url":"https:\/\/rideon.es\/renting-empresas\/","name":"Alquiler de motos mensual y Renting para Empresas","description":"Las motos m\u00e1s c\u00f3modas y seguras para disfrutar de tus vacaciones sobre ruedas. Alquiler de motos en Menorca, Mallorca, Barcelona y Valencia con Rideon.es","publisher":{"@id":"https:\/\/rideon.es\/renting-empresas\/#organization"},"potentialAction":[{"@type":"SearchAction","target":{"@type":"EntryPoint","urlTemplate":"https:\/\/rideon.es\/renting-empresas\/?s={search_term_string}"},"query-input":{"@type":"PropertyValueSpecification","valueRequired":true,"valueName":"search_term_string"}}],"inLanguage":"es"},{"@type":"Organization","@id":"https:\/\/rideon.es\/renting-empresas\/#organization","name":"Alquiler de motos mensual y Renting para Empresas","url":"https:\/\/rideon.es\/renting-empresas\/","logo":{"@type":"ImageObject","inLanguage":"es","@id":"https:\/\/rideon.es\/renting-empresas\/#\/schema\/logo\/image\/","url":"https:\/\/rideon.es\/renting-empresas\/wp-content\/uploads\/sites\/19\/2020\/02\/rideon_logo-200x78-1.png","contentUrl":"https:\/\/rideon.es\/renting-empresas\/wp-content\/uploads\/sites\/19\/2020\/02\/rideon_logo-200x78-1.png","width":200,"height":78,"caption":"Alquiler de motos mensual y Renting para Empresas"},"image":{"@id":"https:\/\/rideon.es\/renting-empresas\/#\/schema\/logo\/image\/"}},{"@type":"Person","@id":"https:\/\/rideon.es\/renting-empresas\/#\/schema\/person\/48d6770e55c623d929bd20ce295611a7","name":"Ride On","image":{"@type":"ImageObject","inLanguage":"es","@id":"https:\/\/secure.gravatar.com\/avatar\/785e72183089da6a00243c0f0e2d52db79b9983b602219afb07c868943086138?s=96&d=mm&r=g","url":"https:\/\/secure.gravatar.com\/avatar\/785e72183089da6a00243c0f0e2d52db79b9983b602219afb07c868943086138?s=96&d=mm&r=g","contentUrl":"https:\/\/secure.gravatar.com\/avatar\/785e72183089da6a00243c0f0e2d52db79b9983b602219afb07c868943086138?s=96&d=mm&r=g","caption":"Ride On"},"url":"https:\/\/rideon.es\/renting-empresas\/author\/eduardoyauri\/"}]}},"_links":{"self":[{"href":"https:\/\/rideon.es\/renting-empresas\/wp-json\/wp\/v2\/posts\/3228","targetHints":{"allow":["GET"]}}],"collection":[{"href":"https:\/\/rideon.es\/renting-empresas\/wp-json\/wp\/v2\/posts"}],"about":[{"href":"https:\/\/rideon.es\/renting-empresas\/wp-json\/wp\/v2\/types\/post"}],"author":[{"embeddable":true,"href":"https:\/\/rideon.es\/renting-empresas\/wp-json\/wp\/v2\/users\/2"}],"replies":[{"embeddable":true,"href":"https:\/\/rideon.es\/renting-empresas\/wp-json\/wp\/v2\/comments?post=3228"}],"version-history":[{"count":0,"href":"https:\/\/rideon.es\/renting-empresas\/wp-json\/wp\/v2\/posts\/3228\/revisions"}],"wp:featuredmedia":[{"embeddable":true,"href":"https:\/\/rideon.es\/renting-empresas\/wp-json\/wp\/v2\/media\/3673"}],"wp:attachment":[{"href":"https:\/\/rideon.es\/renting-empresas\/wp-json\/wp\/v2\/media?parent=3228"}],"wp:term":[{"taxonomy":"category","embeddable":true,"href":"https:\/\/rideon.es\/renting-empresas\/wp-json\/wp\/v2\/categories?post=3228"},{"taxonomy":"post_tag","embeddable":true,"href":"https:\/\/rideon.es\/renting-empresas\/wp-json\/wp\/v2\/tags?post=3228"}],"curies":[{"name":"wp","href":"https:\/\/api.w.org\/{rel}","templated":true}]}}