{"id":3195,"date":"2018-08-06T14:36:37","date_gmt":"2018-08-06T14:36:37","guid":{"rendered":"https:\/\/rideon.es\/?p=3195"},"modified":"2018-08-06T14:36:37","modified_gmt":"2018-08-06T14:36:37","slug":"maletas-alquiler-de-moto-menorca","status":"publish","type":"post","link":"https:\/\/rideon.es\/renting-empresas\/maletas-alquiler-de-moto-menorca\/","title":{"rendered":"C\u00f3mo llevar las maletas en tu alquiler de moto Menorca"},"content":{"rendered":"<h1><span style=\"font-weight: 400\">\u00bfC\u00f3mo llevar las maletas con un alquiler de Moto?<\/span><\/h1>\n<p><span style=\"font-weight: 400\">\u00bfC\u00f3mo llevar las maletas con un alquiler de moto?, es una pregunta que muchos de los usuarios de Ride On, <\/span><a href=\"https:\/\/rideon.es\/es\/alquiler-moto-menorca\/\"><span style=\"font-weight: 400\">alquiler de motos en Menorca<\/span><\/a><span style=\"font-weight: 400\">, se hacen antes de alquilar un ciclomotor o moto para sus vacaciones.<\/span><br \/>\n<img fetchpriority=\"high\" decoding=\"async\" class=\"img-responsive aligncenter\" src=\"https:\/\/rideon.es\/wp-content\/uploads\/2017\/05\/Rideon-servicio-maletas.png\" alt=\"Servicio maletas Alquiler moto Menorca\" width=\"800\" height=\"480\" \/><\/p>\n<p><span style=\"font-weight: 400\">El servicio RidePort-On de Ride On es la respuesta a esta pregunta, un servicio \u00a0que esta empresa destinada al alquiler de motos para el turismo nacida en Menorca planea lanzar en breve en el resto de ciudades donde hace m\u00e1s de dos a\u00f1os opera como <\/span><a href=\"https:\/\/rideon.es\/es\/alquiler-motos-barcelona\/\"><span style=\"font-weight: 400\">Barcelona<\/span><\/a><span style=\"font-weight: 400\">, <\/span><a href=\"https:\/\/rideon.es\/es\/alquiler-moto-mallorca\/\"><span style=\"font-weight: 400\">Mallorca<\/span><\/a><span style=\"font-weight: 400\">, <\/span><a href=\"https:\/\/rideon.es\/es\/alquiler-scooter-madrid\/\"><span style=\"font-weight: 400\">Madrid<\/span><\/a><span style=\"font-weight: 400\">, <\/span><span style=\"font-weight: 400\">Valencia<\/span><span style=\"font-weight: 400\"> o <\/span><span style=\"font-weight: 400\">M\u00e1laga<\/span><span style=\"font-weight: 400\">.<\/span><\/p>\n<p>&nbsp;<\/p>\n<p><span style=\"font-weight: 400\">RidePort-On es la soluci\u00f3n para evitar el \u201cmaleting\u201d, circular con un ciclomotor por la ciudad llevando una maleta -que lleva ruedas- rodando a su lado, tirada por el pasajero trasero. Son numerosas las grabaciones que circulan por las redes sociales, la \u00faltima en Twitter con dos turistas en scooter por Menorca.<\/span><\/p>\n<p><span style=\"font-weight: 400\">El director general de Ride On, Francisco Juliano, tiene claro los principios de seguridad y calidad en el servicio que ofrece a sus clientes, para ello resume este servicio en 3 puntos.<\/span><\/p>\n<p style=\"padding-left: 40px\"><span style=\"font-weight: 400\">RidePort-On es \u201cBe cool\u201d, los clientes deben olvidarse de inc\u00f3modos autobuses o de los caros servicios de transfers y taxis. Ride On se encarga de recogerlos y de llevarlos a la oficina situada a 3 minutos del aeropuerto de Menorca.<\/span><\/p>\n<p style=\"padding-left: 40px\"><span style=\"font-weight: 400\">\u201cBe Rider\u201d, nada m\u00e1s entregar la moto, los clientes ya se pueden olvidar del equipaje, Ride On se encarga de entregarlo en el hotel donde se alojan. <\/span><\/p>\n<p style=\"padding-left: 40px\"><span style=\"font-weight: 400\">\u201cBe Free\u201d, a partir del momento que se entrega la moto para los clientes s\u00f3lo existe una cosa, disfrutar de Menorca y de unas fant\u00e1sticas vacaciones en moto.<\/span><\/p>\n<p style=\"padding-left: 40px\"><span style=\"font-weight: 400\">RidePort-On contempla adem\u00e1s, la devoluci\u00f3n del equipaje y el transporte de los clientes otra vez al aeropuerto de Menorca una vez finalizados los d\u00edas de alquiler. Con este servicio quiere que el alquiler de motos en las ciudades tur\u00edsticas sea m\u00e1s f\u00e1cil, m\u00e1s c\u00f3modo y sobretodo m\u00e1s seguro para todos.<\/span><\/p>\n<p><span style=\"font-weight: 400\">Para m\u00e1s informaci\u00f3n del servicio visitar <\/span><a href=\"https:\/\/rideon.es\/servicio-rideport-on\"><span style=\"font-weight: 400\">www.rideon.es\/servicio-rideport-on<\/span><\/a><span style=\"font-weight: 400\"> o contactar con <\/span><a href=\"https:\/\/rideon.es\/es\/contacto\/\"><span style=\"font-weight: 400\">www.rideon.es<\/span><\/a><\/p>\n","protected":false},"excerpt":{"rendered":"<p>\u00bfC\u00f3mo llevar las maletas con un alquiler de Moto? \u00bfC\u00f3mo llevar las maletas con un alquiler de moto?, es una pregunta que muchos de los usuarios de Ride On, alquiler de motos en Menorca, se hacen antes de alquilar un ciclomotor o moto para sus vacaciones. El servicio RidePort-On de Ride On es la respuesta<\/p>\n","protected":false},"author":2,"featured_media":5159,"comment_status":"open","ping_status":"closed","sticky":false,"template":"","format":"standard","meta":{"inline_featured_image":false,"footnotes":""},"categories":[49,14],"tags":[],"class_list":["post-3195","post","type-post","status-publish","format-standard","has-post-thumbnail","hentry","category-consejos","category-menorca"],"yoast_head":"<!-- This site is optimized with the Yoast SEO Premium plugin v18.7 (Yoast SEO v27.5) - https:\/\/yoast.com\/product\/yoast-seo-premium-wordpress\/ -->\n<title>C\u00f3mo llevar las maletas en tu alquiler de moto Menorca - Alquiler de motos mensual y Renting para Empresas<\/title>\n<meta name=\"description\" content=\"Con el servicio RidePort-On no te preocupes por las maletas, no ocupamos de llevarlas a tu hotel para que disfrutes de tus vacaciones en moto.\" \/>\n<meta name=\"robots\" content=\"index, follow, max-snippet:-1, max-image-preview:large, max-video-preview:-1\" \/>\n<link rel=\"canonical\" href=\"https:\/\/rideon.es\/renting-empresas\/maletas-alquiler-de-moto-menorca\/\" \/>\n<meta property=\"og:locale\" content=\"es_ES\" \/>\n<meta property=\"og:type\" content=\"article\" \/>\n<meta property=\"og:title\" content=\"C\u00f3mo llevar las maletas en tu alquiler de moto Menorca\" \/>\n<meta property=\"og:description\" content=\"Con el servicio RidePort-On no te preocupes por las maletas, no ocupamos de llevarlas a tu hotel para que disfrutes de tus vacaciones en moto.\" \/>\n<meta property=\"og:url\" content=\"https:\/\/rideon.es\/renting-empresas\/maletas-alquiler-de-moto-menorca\/\" \/>\n<meta property=\"og:site_name\" content=\"Alquiler de motos mensual y Renting para Empresas\" \/>\n<meta property=\"article:published_time\" content=\"2018-08-06T14:36:37+00:00\" \/>\n<meta property=\"og:image\" content=\"https:\/\/rideon.es\/renting-empresas\/wp-content\/uploads\/sites\/19\/2018\/08\/Rideon-servicio-maletas.png\" \/>\n\t<meta property=\"og:image:width\" content=\"2500\" \/>\n\t<meta property=\"og:image:height\" content=\"1500\" \/>\n\t<meta property=\"og:image:type\" content=\"image\/png\" \/>\n<meta name=\"author\" content=\"Ride On\" \/>\n<meta name=\"twitter:card\" content=\"summary_large_image\" \/>\n<meta name=\"twitter:label1\" content=\"Escrito por\" \/>\n\t<meta name=\"twitter:data1\" content=\"Ride On\" \/>\n\t<meta name=\"twitter:label2\" content=\"Tiempo de lectura\" \/>\n\t<meta name=\"twitter:data2\" content=\"2 minutos\" \/>\n<script type=\"application\/ld+json\" class=\"yoast-schema-graph\">{\"@context\":\"https:\\\/\\\/schema.org\",\"@graph\":[{\"@type\":\"Article\",\"@id\":\"https:\\\/\\\/rideon.es\\\/renting-empresas\\\/maletas-alquiler-de-moto-menorca\\\/#article\",\"isPartOf\":{\"@id\":\"https:\\\/\\\/rideon.es\\\/renting-empresas\\\/maletas-alquiler-de-moto-menorca\\\/\"},\"author\":{\"name\":\"Ride On\",\"@id\":\"https:\\\/\\\/rideon.es\\\/renting-empresas\\\/#\\\/schema\\\/person\\\/48d6770e55c623d929bd20ce295611a7\"},\"headline\":\"C\u00f3mo llevar las maletas en tu alquiler de moto Menorca\",\"datePublished\":\"2018-08-06T14:36:37+00:00\",\"mainEntityOfPage\":{\"@id\":\"https:\\\/\\\/rideon.es\\\/renting-empresas\\\/maletas-alquiler-de-moto-menorca\\\/\"},\"wordCount\":372,\"commentCount\":0,\"publisher\":{\"@id\":\"https:\\\/\\\/rideon.es\\\/renting-empresas\\\/#organization\"},\"image\":{\"@id\":\"https:\\\/\\\/rideon.es\\\/renting-empresas\\\/maletas-alquiler-de-moto-menorca\\\/#primaryimage\"},\"thumbnailUrl\":\"https:\\\/\\\/rideon.es\\\/renting-empresas\\\/wp-content\\\/uploads\\\/sites\\\/19\\\/2018\\\/08\\\/Rideon-servicio-maletas.png\",\"articleSection\":[\"Consejos\",\"Menorca\"],\"inLanguage\":\"es\",\"potentialAction\":[{\"@type\":\"CommentAction\",\"name\":\"Comment\",\"target\":[\"https:\\\/\\\/rideon.es\\\/renting-empresas\\\/maletas-alquiler-de-moto-menorca\\\/#respond\"]}]},{\"@type\":\"WebPage\",\"@id\":\"https:\\\/\\\/rideon.es\\\/renting-empresas\\\/maletas-alquiler-de-moto-menorca\\\/\",\"url\":\"https:\\\/\\\/rideon.es\\\/renting-empresas\\\/maletas-alquiler-de-moto-menorca\\\/\",\"name\":\"C\u00f3mo llevar las maletas en tu alquiler de moto Menorca - Alquiler de motos mensual y Renting para Empresas\",\"isPartOf\":{\"@id\":\"https:\\\/\\\/rideon.es\\\/renting-empresas\\\/#website\"},\"primaryImageOfPage\":{\"@id\":\"https:\\\/\\\/rideon.es\\\/renting-empresas\\\/maletas-alquiler-de-moto-menorca\\\/#primaryimage\"},\"image\":{\"@id\":\"https:\\\/\\\/rideon.es\\\/renting-empresas\\\/maletas-alquiler-de-moto-menorca\\\/#primaryimage\"},\"thumbnailUrl\":\"https:\\\/\\\/rideon.es\\\/renting-empresas\\\/wp-content\\\/uploads\\\/sites\\\/19\\\/2018\\\/08\\\/Rideon-servicio-maletas.png\",\"datePublished\":\"2018-08-06T14:36:37+00:00\",\"description\":\"Con el servicio RidePort-On no te preocupes por las maletas, no ocupamos de llevarlas a tu hotel para que disfrutes de tus vacaciones en moto.\",\"inLanguage\":\"es\",\"potentialAction\":[{\"@type\":\"ReadAction\",\"target\":[\"https:\\\/\\\/rideon.es\\\/renting-empresas\\\/maletas-alquiler-de-moto-menorca\\\/\"]}]},{\"@type\":\"ImageObject\",\"inLanguage\":\"es\",\"@id\":\"https:\\\/\\\/rideon.es\\\/renting-empresas\\\/maletas-alquiler-de-moto-menorca\\\/#primaryimage\",\"url\":\"https:\\\/\\\/rideon.es\\\/renting-empresas\\\/wp-content\\\/uploads\\\/sites\\\/19\\\/2018\\\/08\\\/Rideon-servicio-maletas.png\",\"contentUrl\":\"https:\\\/\\\/rideon.es\\\/renting-empresas\\\/wp-content\\\/uploads\\\/sites\\\/19\\\/2018\\\/08\\\/Rideon-servicio-maletas.png\",\"width\":2500,\"height\":1500},{\"@type\":\"WebSite\",\"@id\":\"https:\\\/\\\/rideon.es\\\/renting-empresas\\\/#website\",\"url\":\"https:\\\/\\\/rideon.es\\\/renting-empresas\\\/\",\"name\":\"Alquiler de motos mensual y Renting para Empresas\",\"description\":\"Las motos m\u00e1s c\u00f3modas y seguras para disfrutar de tus vacaciones sobre ruedas. Alquiler de motos en Menorca, Mallorca, Barcelona y Valencia con Rideon.es\",\"publisher\":{\"@id\":\"https:\\\/\\\/rideon.es\\\/renting-empresas\\\/#organization\"},\"potentialAction\":[{\"@type\":\"SearchAction\",\"target\":{\"@type\":\"EntryPoint\",\"urlTemplate\":\"https:\\\/\\\/rideon.es\\\/renting-empresas\\\/?s={search_term_string}\"},\"query-input\":{\"@type\":\"PropertyValueSpecification\",\"valueRequired\":true,\"valueName\":\"search_term_string\"}}],\"inLanguage\":\"es\"},{\"@type\":\"Organization\",\"@id\":\"https:\\\/\\\/rideon.es\\\/renting-empresas\\\/#organization\",\"name\":\"Alquiler de motos mensual y Renting para Empresas\",\"url\":\"https:\\\/\\\/rideon.es\\\/renting-empresas\\\/\",\"logo\":{\"@type\":\"ImageObject\",\"inLanguage\":\"es\",\"@id\":\"https:\\\/\\\/rideon.es\\\/renting-empresas\\\/#\\\/schema\\\/logo\\\/image\\\/\",\"url\":\"https:\\\/\\\/rideon.es\\\/renting-empresas\\\/wp-content\\\/uploads\\\/sites\\\/19\\\/2020\\\/02\\\/rideon_logo-200x78-1.png\",\"contentUrl\":\"https:\\\/\\\/rideon.es\\\/renting-empresas\\\/wp-content\\\/uploads\\\/sites\\\/19\\\/2020\\\/02\\\/rideon_logo-200x78-1.png\",\"width\":200,\"height\":78,\"caption\":\"Alquiler de motos mensual y Renting para Empresas\"},\"image\":{\"@id\":\"https:\\\/\\\/rideon.es\\\/renting-empresas\\\/#\\\/schema\\\/logo\\\/image\\\/\"}},{\"@type\":\"Person\",\"@id\":\"https:\\\/\\\/rideon.es\\\/renting-empresas\\\/#\\\/schema\\\/person\\\/48d6770e55c623d929bd20ce295611a7\",\"name\":\"Ride On\",\"image\":{\"@type\":\"ImageObject\",\"inLanguage\":\"es\",\"@id\":\"https:\\\/\\\/secure.gravatar.com\\\/avatar\\\/785e72183089da6a00243c0f0e2d52db79b9983b602219afb07c868943086138?s=96&d=mm&r=g\",\"url\":\"https:\\\/\\\/secure.gravatar.com\\\/avatar\\\/785e72183089da6a00243c0f0e2d52db79b9983b602219afb07c868943086138?s=96&d=mm&r=g\",\"contentUrl\":\"https:\\\/\\\/secure.gravatar.com\\\/avatar\\\/785e72183089da6a00243c0f0e2d52db79b9983b602219afb07c868943086138?s=96&d=mm&r=g\",\"caption\":\"Ride On\"},\"url\":\"https:\\\/\\\/rideon.es\\\/renting-empresas\\\/author\\\/eduardoyauri\\\/\"}]}<\/script>\n<!-- \/ Yoast SEO Premium plugin. -->","yoast_head_json":{"title":"C\u00f3mo llevar las maletas en tu alquiler de moto Menorca - Alquiler de motos mensual y Renting para Empresas","description":"Con el servicio RidePort-On no te preocupes por las maletas, no ocupamos de llevarlas a tu hotel para que disfrutes de tus vacaciones en moto.","robots":{"index":"index","follow":"follow","max-snippet":"max-snippet:-1","max-image-preview":"max-image-preview:large","max-video-preview":"max-video-preview:-1"},"canonical":"https:\/\/rideon.es\/renting-empresas\/maletas-alquiler-de-moto-menorca\/","og_locale":"es_ES","og_type":"article","og_title":"C\u00f3mo llevar las maletas en tu alquiler de moto Menorca","og_description":"Con el servicio RidePort-On no te preocupes por las maletas, no ocupamos de llevarlas a tu hotel para que disfrutes de tus vacaciones en moto.","og_url":"https:\/\/rideon.es\/renting-empresas\/maletas-alquiler-de-moto-menorca\/","og_site_name":"Alquiler de motos mensual y Renting para Empresas","article_published_time":"2018-08-06T14:36:37+00:00","og_image":[{"width":2500,"height":1500,"url":"https:\/\/rideon.es\/renting-empresas\/wp-content\/uploads\/sites\/19\/2018\/08\/Rideon-servicio-maletas.png","type":"image\/png"}],"author":"Ride On","twitter_card":"summary_large_image","twitter_misc":{"Escrito por":"Ride On","Tiempo de lectura":"2 minutos"},"schema":{"@context":"https:\/\/schema.org","@graph":[{"@type":"Article","@id":"https:\/\/rideon.es\/renting-empresas\/maletas-alquiler-de-moto-menorca\/#article","isPartOf":{"@id":"https:\/\/rideon.es\/renting-empresas\/maletas-alquiler-de-moto-menorca\/"},"author":{"name":"Ride On","@id":"https:\/\/rideon.es\/renting-empresas\/#\/schema\/person\/48d6770e55c623d929bd20ce295611a7"},"headline":"C\u00f3mo llevar las maletas en tu alquiler de moto Menorca","datePublished":"2018-08-06T14:36:37+00:00","mainEntityOfPage":{"@id":"https:\/\/rideon.es\/renting-empresas\/maletas-alquiler-de-moto-menorca\/"},"wordCount":372,"commentCount":0,"publisher":{"@id":"https:\/\/rideon.es\/renting-empresas\/#organization"},"image":{"@id":"https:\/\/rideon.es\/renting-empresas\/maletas-alquiler-de-moto-menorca\/#primaryimage"},"thumbnailUrl":"https:\/\/rideon.es\/renting-empresas\/wp-content\/uploads\/sites\/19\/2018\/08\/Rideon-servicio-maletas.png","articleSection":["Consejos","Menorca"],"inLanguage":"es","potentialAction":[{"@type":"CommentAction","name":"Comment","target":["https:\/\/rideon.es\/renting-empresas\/maletas-alquiler-de-moto-menorca\/#respond"]}]},{"@type":"WebPage","@id":"https:\/\/rideon.es\/renting-empresas\/maletas-alquiler-de-moto-menorca\/","url":"https:\/\/rideon.es\/renting-empresas\/maletas-alquiler-de-moto-menorca\/","name":"C\u00f3mo llevar las maletas en tu alquiler de moto Menorca - Alquiler de motos mensual y Renting para Empresas","isPartOf":{"@id":"https:\/\/rideon.es\/renting-empresas\/#website"},"primaryImageOfPage":{"@id":"https:\/\/rideon.es\/renting-empresas\/maletas-alquiler-de-moto-menorca\/#primaryimage"},"image":{"@id":"https:\/\/rideon.es\/renting-empresas\/maletas-alquiler-de-moto-menorca\/#primaryimage"},"thumbnailUrl":"https:\/\/rideon.es\/renting-empresas\/wp-content\/uploads\/sites\/19\/2018\/08\/Rideon-servicio-maletas.png","datePublished":"2018-08-06T14:36:37+00:00","description":"Con el servicio RidePort-On no te preocupes por las maletas, no ocupamos de llevarlas a tu hotel para que disfrutes de tus vacaciones en moto.","inLanguage":"es","potentialAction":[{"@type":"ReadAction","target":["https:\/\/rideon.es\/renting-empresas\/maletas-alquiler-de-moto-menorca\/"]}]},{"@type":"ImageObject","inLanguage":"es","@id":"https:\/\/rideon.es\/renting-empresas\/maletas-alquiler-de-moto-menorca\/#primaryimage","url":"https:\/\/rideon.es\/renting-empresas\/wp-content\/uploads\/sites\/19\/2018\/08\/Rideon-servicio-maletas.png","contentUrl":"https:\/\/rideon.es\/renting-empresas\/wp-content\/uploads\/sites\/19\/2018\/08\/Rideon-servicio-maletas.png","width":2500,"height":1500},{"@type":"WebSite","@id":"https:\/\/rideon.es\/renting-empresas\/#website","url":"https:\/\/rideon.es\/renting-empresas\/","name":"Alquiler de motos mensual y Renting para Empresas","description":"Las motos m\u00e1s c\u00f3modas y seguras para disfrutar de tus vacaciones sobre ruedas. Alquiler de motos en Menorca, Mallorca, Barcelona y Valencia con Rideon.es","publisher":{"@id":"https:\/\/rideon.es\/renting-empresas\/#organization"},"potentialAction":[{"@type":"SearchAction","target":{"@type":"EntryPoint","urlTemplate":"https:\/\/rideon.es\/renting-empresas\/?s={search_term_string}"},"query-input":{"@type":"PropertyValueSpecification","valueRequired":true,"valueName":"search_term_string"}}],"inLanguage":"es"},{"@type":"Organization","@id":"https:\/\/rideon.es\/renting-empresas\/#organization","name":"Alquiler de motos mensual y Renting para Empresas","url":"https:\/\/rideon.es\/renting-empresas\/","logo":{"@type":"ImageObject","inLanguage":"es","@id":"https:\/\/rideon.es\/renting-empresas\/#\/schema\/logo\/image\/","url":"https:\/\/rideon.es\/renting-empresas\/wp-content\/uploads\/sites\/19\/2020\/02\/rideon_logo-200x78-1.png","contentUrl":"https:\/\/rideon.es\/renting-empresas\/wp-content\/uploads\/sites\/19\/2020\/02\/rideon_logo-200x78-1.png","width":200,"height":78,"caption":"Alquiler de motos mensual y Renting para Empresas"},"image":{"@id":"https:\/\/rideon.es\/renting-empresas\/#\/schema\/logo\/image\/"}},{"@type":"Person","@id":"https:\/\/rideon.es\/renting-empresas\/#\/schema\/person\/48d6770e55c623d929bd20ce295611a7","name":"Ride On","image":{"@type":"ImageObject","inLanguage":"es","@id":"https:\/\/secure.gravatar.com\/avatar\/785e72183089da6a00243c0f0e2d52db79b9983b602219afb07c868943086138?s=96&d=mm&r=g","url":"https:\/\/secure.gravatar.com\/avatar\/785e72183089da6a00243c0f0e2d52db79b9983b602219afb07c868943086138?s=96&d=mm&r=g","contentUrl":"https:\/\/secure.gravatar.com\/avatar\/785e72183089da6a00243c0f0e2d52db79b9983b602219afb07c868943086138?s=96&d=mm&r=g","caption":"Ride On"},"url":"https:\/\/rideon.es\/renting-empresas\/author\/eduardoyauri\/"}]}},"_links":{"self":[{"href":"https:\/\/rideon.es\/renting-empresas\/wp-json\/wp\/v2\/posts\/3195","targetHints":{"allow":["GET"]}}],"collection":[{"href":"https:\/\/rideon.es\/renting-empresas\/wp-json\/wp\/v2\/posts"}],"about":[{"href":"https:\/\/rideon.es\/renting-empresas\/wp-json\/wp\/v2\/types\/post"}],"author":[{"embeddable":true,"href":"https:\/\/rideon.es\/renting-empresas\/wp-json\/wp\/v2\/users\/2"}],"replies":[{"embeddable":true,"href":"https:\/\/rideon.es\/renting-empresas\/wp-json\/wp\/v2\/comments?post=3195"}],"version-history":[{"count":0,"href":"https:\/\/rideon.es\/renting-empresas\/wp-json\/wp\/v2\/posts\/3195\/revisions"}],"wp:featuredmedia":[{"embeddable":true,"href":"https:\/\/rideon.es\/renting-empresas\/wp-json\/wp\/v2\/media\/5159"}],"wp:attachment":[{"href":"https:\/\/rideon.es\/renting-empresas\/wp-json\/wp\/v2\/media?parent=3195"}],"wp:term":[{"taxonomy":"category","embeddable":true,"href":"https:\/\/rideon.es\/renting-empresas\/wp-json\/wp\/v2\/categories?post=3195"},{"taxonomy":"post_tag","embeddable":true,"href":"https:\/\/rideon.es\/renting-empresas\/wp-json\/wp\/v2\/tags?post=3195"}],"curies":[{"name":"wp","href":"https:\/\/api.w.org\/{rel}","templated":true}]}}