{"id":3171,"date":"2018-07-23T10:11:28","date_gmt":"2018-07-23T10:11:28","guid":{"rendered":"https:\/\/rideon.es\/?p=3171"},"modified":"2018-07-23T10:11:28","modified_gmt":"2018-07-23T10:11:28","slug":"guia-de-compras-por-menorca","status":"publish","type":"post","link":"https:\/\/rideon.es\/renting-empresas\/guia-de-compras-por-menorca\/","title":{"rendered":"Guia de compras por Menorca"},"content":{"rendered":"<p><span style=\"font-weight: 400\">Si est\u00e1s disfrutando de unas vacaciones en moto en Menorca quiz\u00e1 te interese saber que existe una gran variedad de productos y artesan\u00edas \u00fanicas y originales que vas a poder adquirir en la red de peque\u00f1os comercios y f\u00e1bricas de la Isla. Ciutadella y Ma\u00f3 son sin duda los centros comerciales de Menorca, pero tambi\u00e9n encontrar\u00e1s talleres artesanos y productores en el resto de pueblos de la isla. Visita nuestra oficina de Ride On <\/span><a href=\"https:\/\/rideon.es\/es\/alquiler-moto-menorca\/\"><span style=\"font-weight: 400\">alquiler moto menorca<\/span><\/a><span style=\"font-weight: 400\">.<\/span><\/p>\n<p><span style=\"font-weight: 400\">Calzado: Es una de las actividades m\u00e1s reconocidas internacionalmente y las marcas m\u00e1s representativas de la Isla se suben a las pasarelas de las principales capitales de la moda como Par\u00eds, Mil\u00e1n, Londres o Nueva York. En Menorca encontrar\u00e1s dise\u00f1os exclusivos en zapatos de gran calidad, con pieles seleccionadas.<\/span><br \/>\n<img fetchpriority=\"high\" decoding=\"async\" class=\" wp-image-3152 aligncenter\" src=\"https:\/\/rideon.es\/wp-content\/uploads\/2018\/07\/avarques-alquiler-moto-menorca.jpg\" alt=\"avarques alquiler moto menorca\" width=\"800\" height=\"446\" \/><\/p>\n<p><span style=\"font-weight: 400\">Avarques: Dentro de este interesante sector del calzado, no se puede obviar la tradicional sandalia menorquina, la \u201cavarca\u201d, c\u00f3moda, resistente, sencilla y original. Un calzado que nunca pasa de moda.<\/span><\/p>\n<p><span style=\"font-weight: 400\">Bisuter\u00eda: En la Isla conviven bisuteros artesanos y empresas que elaboran piezas cl\u00e1sicas de forma totalmente artesanal con otras que apuestan por la diversidad y las \u00faltimas tendencias. Colecciones muy creativas que destacan por sus cuidados dise\u00f1os. Alquila un scooter con nuestro servicio de <\/span><a href=\"https:\/\/rideon.es\/es\/alquiler-moto-menorca\/\"><span style=\"font-weight: 400\">alquiler de scooters en Menorca<\/span><\/a><\/p>\n<p><img decoding=\"async\" class=\" wp-image-3152 aligncenter\" src=\"https:\/\/rideon.es\/wp-content\/uploads\/2018\/07\/queso-mahon-alqiuler-moto-menorca.png\" alt=\"Queso Menorca alquiler moto menorca\" width=\"798\" height=\"504\" \/><br \/>\n<span style=\"font-weight: 400\">Queso: El queso de leche de vaca con Denominaci\u00f3n de Origen Mah\u00f3n-Menorca, tiene un caracter\u00edstico sabor, intenso y persistente, y se elabora siguiendo un proceso tradicional con cientos de a\u00f1os. En funci\u00f3n de su fase de maduraci\u00f3n, hay tres variedades: Tierno (20 d\u00edas), semicurado (2 meses) y curado (con 6 meses). Recorre Menorca en moto y siente la libertad en todos tus movimientos con Ride On <\/span><span style=\"font-weight: 400\">alquiler de motos en Menorca<\/span><span style=\"font-weight: 400\">.<\/span><\/p>\n<p><span style=\"font-weight: 400\">Embutidos: Tambi\u00e9n mantienen sus procesos de producci\u00f3n pr\u00e1cticamente invariables a pesar del paso del tiempo. La sobrassada es el producto c\u00e1rnico m\u00e1s famoso de Menorca. Dulces: los pasteleros de la Isla producen una larga lista de pastas y dulces en la que se aprecian influencias de las culturas \u00e1rabe, catalana, brit\u00e1nica y francesa, entre otras. La ensa\u00efmada de Menorca es \u00fanica.<\/span><br \/>\n<img decoding=\"async\" class=\" wp-image-3152 aligncenter\" src=\"https:\/\/rideon.es\/wp-content\/uploads\/2018\/07\/gin-soriguer-alquiler-moto-menorca.png\" alt=\"Gin alquiler moto menorca\" width=\"801\" height=\"546\" \/><\/p>\n<p><span style=\"font-weight: 400\">Gin: Si en algo se nota que la la isla estuvo bajo dominaci\u00f3n de la Corona Brit\u00e1nica durante casi un siglo es en tradiciones como la elaboraci\u00f3n de su ginebra. Una bebida, elaborada a\u00fan hoy en d\u00eda de forma casi totalmente artesanal.<\/span><\/p>\n<p><span style=\"font-weight: 400\">Vino de la Tierra: Un vino con Denominaci\u00f3n de Origen protegida y el sabor caracter\u00edstico que producen los peque\u00f1os vi\u00f1edos de Menorca.<\/span><\/p>\n<p><span style=\"font-weight: 400\">Para m\u00e1s informaci\u00f3n visiten nuestra secci\u00f3n de Menorca en nuestro blog<\/span><span style=\"font-weight: 400\">, para reservas online de motos de alquiler en Menorca pueden visitar nuestra web <\/span><a href=\"https:\/\/rideon.es\/menorca\/\"><span style=\"font-weight: 400\">www.rideon.es<\/span><\/a><span style=\"font-weight: 400\"> \u00a0<\/span><\/p>\n","protected":false},"excerpt":{"rendered":"<p>Si est\u00e1s disfrutando de unas vacaciones en moto en Menorca quiz\u00e1 te interese saber que existe una gran variedad de productos y artesan\u00edas \u00fanicas y originales que vas a poder adquirir en la red de peque\u00f1os comercios y f\u00e1bricas de la Isla. Ciutadella y Ma\u00f3 son sin duda los centros comerciales de Menorca, pero tambi\u00e9n<\/p>\n","protected":false},"author":2,"featured_media":5151,"comment_status":"open","ping_status":"closed","sticky":false,"template":"","format":"standard","meta":{"inline_featured_image":false,"footnotes":""},"categories":[58,56,14],"tags":[],"class_list":["post-3171","post","type-post","status-publish","format-standard","has-post-thumbnail","hentry","category-gastronomia","category-lugar-interes","category-menorca"],"yoast_head":"<!-- This site is optimized with the Yoast SEO Premium plugin v18.7 (Yoast SEO v27.5) - https:\/\/yoast.com\/product\/yoast-seo-premium-wordpress\/ -->\n<title>Guia de compras por Menorca - Alquiler de motos mensual y Renting para Empresas<\/title>\n<meta name=\"description\" content=\"Los productos que debes tener en cuenta en tus compras por Menorca. Una gu\u00eda para ayudarte a elegir tus compras en tus vacaciones en moto en Menorca\" \/>\n<meta name=\"robots\" content=\"index, follow, max-snippet:-1, max-image-preview:large, max-video-preview:-1\" \/>\n<link rel=\"canonical\" href=\"https:\/\/rideon.es\/renting-empresas\/guia-de-compras-por-menorca\/\" \/>\n<meta property=\"og:locale\" content=\"es_ES\" \/>\n<meta property=\"og:type\" content=\"article\" \/>\n<meta property=\"og:title\" content=\"Guia de compras por Menorca\" \/>\n<meta property=\"og:description\" content=\"Los productos que debes tener en cuenta en tus compras por Menorca. Una gu\u00eda para ayudarte a elegir tus compras en tus vacaciones en moto en Menorca\" \/>\n<meta property=\"og:url\" content=\"https:\/\/rideon.es\/renting-empresas\/guia-de-compras-por-menorca\/\" \/>\n<meta property=\"og:site_name\" content=\"Alquiler de motos mensual y Renting para Empresas\" \/>\n<meta property=\"article:published_time\" content=\"2018-07-23T10:11:28+00:00\" \/>\n<meta property=\"og:image\" content=\"https:\/\/rideon.es\/renting-empresas\/wp-content\/uploads\/sites\/19\/2018\/08\/avarques-alquiler-moto-menorca.jpg\" \/>\n\t<meta property=\"og:image:width\" content=\"1165\" \/>\n\t<meta property=\"og:image:height\" content=\"650\" \/>\n\t<meta property=\"og:image:type\" content=\"image\/jpeg\" \/>\n<meta name=\"author\" content=\"Ride On\" \/>\n<meta name=\"twitter:card\" content=\"summary_large_image\" \/>\n<meta name=\"twitter:label1\" content=\"Escrito por\" \/>\n\t<meta name=\"twitter:data1\" content=\"Ride On\" \/>\n\t<meta name=\"twitter:label2\" content=\"Tiempo de lectura\" \/>\n\t<meta name=\"twitter:data2\" content=\"2 minutos\" \/>\n<script type=\"application\/ld+json\" class=\"yoast-schema-graph\">{\"@context\":\"https:\\\/\\\/schema.org\",\"@graph\":[{\"@type\":\"Article\",\"@id\":\"https:\\\/\\\/rideon.es\\\/renting-empresas\\\/guia-de-compras-por-menorca\\\/#article\",\"isPartOf\":{\"@id\":\"https:\\\/\\\/rideon.es\\\/renting-empresas\\\/guia-de-compras-por-menorca\\\/\"},\"author\":{\"name\":\"Ride On\",\"@id\":\"https:\\\/\\\/rideon.es\\\/renting-empresas\\\/#\\\/schema\\\/person\\\/48d6770e55c623d929bd20ce295611a7\"},\"headline\":\"Guia de compras por Menorca\",\"datePublished\":\"2018-07-23T10:11:28+00:00\",\"mainEntityOfPage\":{\"@id\":\"https:\\\/\\\/rideon.es\\\/renting-empresas\\\/guia-de-compras-por-menorca\\\/\"},\"wordCount\":472,\"commentCount\":0,\"publisher\":{\"@id\":\"https:\\\/\\\/rideon.es\\\/renting-empresas\\\/#organization\"},\"image\":{\"@id\":\"https:\\\/\\\/rideon.es\\\/renting-empresas\\\/guia-de-compras-por-menorca\\\/#primaryimage\"},\"thumbnailUrl\":\"https:\\\/\\\/rideon.es\\\/renting-empresas\\\/wp-content\\\/uploads\\\/sites\\\/19\\\/2018\\\/08\\\/avarques-alquiler-moto-menorca.jpg\",\"articleSection\":[\"Gastronom\u00eda\",\"Lugares de inter\u00e9s\",\"Menorca\"],\"inLanguage\":\"es\",\"potentialAction\":[{\"@type\":\"CommentAction\",\"name\":\"Comment\",\"target\":[\"https:\\\/\\\/rideon.es\\\/renting-empresas\\\/guia-de-compras-por-menorca\\\/#respond\"]}]},{\"@type\":\"WebPage\",\"@id\":\"https:\\\/\\\/rideon.es\\\/renting-empresas\\\/guia-de-compras-por-menorca\\\/\",\"url\":\"https:\\\/\\\/rideon.es\\\/renting-empresas\\\/guia-de-compras-por-menorca\\\/\",\"name\":\"Guia de compras por Menorca - Alquiler de motos mensual y Renting para Empresas\",\"isPartOf\":{\"@id\":\"https:\\\/\\\/rideon.es\\\/renting-empresas\\\/#website\"},\"primaryImageOfPage\":{\"@id\":\"https:\\\/\\\/rideon.es\\\/renting-empresas\\\/guia-de-compras-por-menorca\\\/#primaryimage\"},\"image\":{\"@id\":\"https:\\\/\\\/rideon.es\\\/renting-empresas\\\/guia-de-compras-por-menorca\\\/#primaryimage\"},\"thumbnailUrl\":\"https:\\\/\\\/rideon.es\\\/renting-empresas\\\/wp-content\\\/uploads\\\/sites\\\/19\\\/2018\\\/08\\\/avarques-alquiler-moto-menorca.jpg\",\"datePublished\":\"2018-07-23T10:11:28+00:00\",\"description\":\"Los productos que debes tener en cuenta en tus compras por Menorca. Una gu\u00eda para ayudarte a elegir tus compras en tus vacaciones en moto en Menorca\",\"inLanguage\":\"es\",\"potentialAction\":[{\"@type\":\"ReadAction\",\"target\":[\"https:\\\/\\\/rideon.es\\\/renting-empresas\\\/guia-de-compras-por-menorca\\\/\"]}]},{\"@type\":\"ImageObject\",\"inLanguage\":\"es\",\"@id\":\"https:\\\/\\\/rideon.es\\\/renting-empresas\\\/guia-de-compras-por-menorca\\\/#primaryimage\",\"url\":\"https:\\\/\\\/rideon.es\\\/renting-empresas\\\/wp-content\\\/uploads\\\/sites\\\/19\\\/2018\\\/08\\\/avarques-alquiler-moto-menorca.jpg\",\"contentUrl\":\"https:\\\/\\\/rideon.es\\\/renting-empresas\\\/wp-content\\\/uploads\\\/sites\\\/19\\\/2018\\\/08\\\/avarques-alquiler-moto-menorca.jpg\",\"width\":1165,\"height\":650},{\"@type\":\"WebSite\",\"@id\":\"https:\\\/\\\/rideon.es\\\/renting-empresas\\\/#website\",\"url\":\"https:\\\/\\\/rideon.es\\\/renting-empresas\\\/\",\"name\":\"Alquiler de motos mensual y Renting para Empresas\",\"description\":\"Las motos m\u00e1s c\u00f3modas y seguras para disfrutar de tus vacaciones sobre ruedas. Alquiler de motos en Menorca, Mallorca, Barcelona y Valencia con Rideon.es\",\"publisher\":{\"@id\":\"https:\\\/\\\/rideon.es\\\/renting-empresas\\\/#organization\"},\"potentialAction\":[{\"@type\":\"SearchAction\",\"target\":{\"@type\":\"EntryPoint\",\"urlTemplate\":\"https:\\\/\\\/rideon.es\\\/renting-empresas\\\/?s={search_term_string}\"},\"query-input\":{\"@type\":\"PropertyValueSpecification\",\"valueRequired\":true,\"valueName\":\"search_term_string\"}}],\"inLanguage\":\"es\"},{\"@type\":\"Organization\",\"@id\":\"https:\\\/\\\/rideon.es\\\/renting-empresas\\\/#organization\",\"name\":\"Alquiler de motos mensual y Renting para Empresas\",\"url\":\"https:\\\/\\\/rideon.es\\\/renting-empresas\\\/\",\"logo\":{\"@type\":\"ImageObject\",\"inLanguage\":\"es\",\"@id\":\"https:\\\/\\\/rideon.es\\\/renting-empresas\\\/#\\\/schema\\\/logo\\\/image\\\/\",\"url\":\"https:\\\/\\\/rideon.es\\\/renting-empresas\\\/wp-content\\\/uploads\\\/sites\\\/19\\\/2020\\\/02\\\/rideon_logo-200x78-1.png\",\"contentUrl\":\"https:\\\/\\\/rideon.es\\\/renting-empresas\\\/wp-content\\\/uploads\\\/sites\\\/19\\\/2020\\\/02\\\/rideon_logo-200x78-1.png\",\"width\":200,\"height\":78,\"caption\":\"Alquiler de motos mensual y Renting para Empresas\"},\"image\":{\"@id\":\"https:\\\/\\\/rideon.es\\\/renting-empresas\\\/#\\\/schema\\\/logo\\\/image\\\/\"}},{\"@type\":\"Person\",\"@id\":\"https:\\\/\\\/rideon.es\\\/renting-empresas\\\/#\\\/schema\\\/person\\\/48d6770e55c623d929bd20ce295611a7\",\"name\":\"Ride On\",\"image\":{\"@type\":\"ImageObject\",\"inLanguage\":\"es\",\"@id\":\"https:\\\/\\\/secure.gravatar.com\\\/avatar\\\/785e72183089da6a00243c0f0e2d52db79b9983b602219afb07c868943086138?s=96&d=mm&r=g\",\"url\":\"https:\\\/\\\/secure.gravatar.com\\\/avatar\\\/785e72183089da6a00243c0f0e2d52db79b9983b602219afb07c868943086138?s=96&d=mm&r=g\",\"contentUrl\":\"https:\\\/\\\/secure.gravatar.com\\\/avatar\\\/785e72183089da6a00243c0f0e2d52db79b9983b602219afb07c868943086138?s=96&d=mm&r=g\",\"caption\":\"Ride On\"},\"url\":\"https:\\\/\\\/rideon.es\\\/renting-empresas\\\/author\\\/eduardoyauri\\\/\"}]}<\/script>\n<!-- \/ Yoast SEO Premium plugin. -->","yoast_head_json":{"title":"Guia de compras por Menorca - Alquiler de motos mensual y Renting para Empresas","description":"Los productos que debes tener en cuenta en tus compras por Menorca. Una gu\u00eda para ayudarte a elegir tus compras en tus vacaciones en moto en Menorca","robots":{"index":"index","follow":"follow","max-snippet":"max-snippet:-1","max-image-preview":"max-image-preview:large","max-video-preview":"max-video-preview:-1"},"canonical":"https:\/\/rideon.es\/renting-empresas\/guia-de-compras-por-menorca\/","og_locale":"es_ES","og_type":"article","og_title":"Guia de compras por Menorca","og_description":"Los productos que debes tener en cuenta en tus compras por Menorca. Una gu\u00eda para ayudarte a elegir tus compras en tus vacaciones en moto en Menorca","og_url":"https:\/\/rideon.es\/renting-empresas\/guia-de-compras-por-menorca\/","og_site_name":"Alquiler de motos mensual y Renting para Empresas","article_published_time":"2018-07-23T10:11:28+00:00","og_image":[{"width":1165,"height":650,"url":"https:\/\/rideon.es\/renting-empresas\/wp-content\/uploads\/sites\/19\/2018\/08\/avarques-alquiler-moto-menorca.jpg","type":"image\/jpeg"}],"author":"Ride On","twitter_card":"summary_large_image","twitter_misc":{"Escrito por":"Ride On","Tiempo de lectura":"2 minutos"},"schema":{"@context":"https:\/\/schema.org","@graph":[{"@type":"Article","@id":"https:\/\/rideon.es\/renting-empresas\/guia-de-compras-por-menorca\/#article","isPartOf":{"@id":"https:\/\/rideon.es\/renting-empresas\/guia-de-compras-por-menorca\/"},"author":{"name":"Ride On","@id":"https:\/\/rideon.es\/renting-empresas\/#\/schema\/person\/48d6770e55c623d929bd20ce295611a7"},"headline":"Guia de compras por Menorca","datePublished":"2018-07-23T10:11:28+00:00","mainEntityOfPage":{"@id":"https:\/\/rideon.es\/renting-empresas\/guia-de-compras-por-menorca\/"},"wordCount":472,"commentCount":0,"publisher":{"@id":"https:\/\/rideon.es\/renting-empresas\/#organization"},"image":{"@id":"https:\/\/rideon.es\/renting-empresas\/guia-de-compras-por-menorca\/#primaryimage"},"thumbnailUrl":"https:\/\/rideon.es\/renting-empresas\/wp-content\/uploads\/sites\/19\/2018\/08\/avarques-alquiler-moto-menorca.jpg","articleSection":["Gastronom\u00eda","Lugares de inter\u00e9s","Menorca"],"inLanguage":"es","potentialAction":[{"@type":"CommentAction","name":"Comment","target":["https:\/\/rideon.es\/renting-empresas\/guia-de-compras-por-menorca\/#respond"]}]},{"@type":"WebPage","@id":"https:\/\/rideon.es\/renting-empresas\/guia-de-compras-por-menorca\/","url":"https:\/\/rideon.es\/renting-empresas\/guia-de-compras-por-menorca\/","name":"Guia de compras por Menorca - Alquiler de motos mensual y Renting para Empresas","isPartOf":{"@id":"https:\/\/rideon.es\/renting-empresas\/#website"},"primaryImageOfPage":{"@id":"https:\/\/rideon.es\/renting-empresas\/guia-de-compras-por-menorca\/#primaryimage"},"image":{"@id":"https:\/\/rideon.es\/renting-empresas\/guia-de-compras-por-menorca\/#primaryimage"},"thumbnailUrl":"https:\/\/rideon.es\/renting-empresas\/wp-content\/uploads\/sites\/19\/2018\/08\/avarques-alquiler-moto-menorca.jpg","datePublished":"2018-07-23T10:11:28+00:00","description":"Los productos que debes tener en cuenta en tus compras por Menorca. Una gu\u00eda para ayudarte a elegir tus compras en tus vacaciones en moto en Menorca","inLanguage":"es","potentialAction":[{"@type":"ReadAction","target":["https:\/\/rideon.es\/renting-empresas\/guia-de-compras-por-menorca\/"]}]},{"@type":"ImageObject","inLanguage":"es","@id":"https:\/\/rideon.es\/renting-empresas\/guia-de-compras-por-menorca\/#primaryimage","url":"https:\/\/rideon.es\/renting-empresas\/wp-content\/uploads\/sites\/19\/2018\/08\/avarques-alquiler-moto-menorca.jpg","contentUrl":"https:\/\/rideon.es\/renting-empresas\/wp-content\/uploads\/sites\/19\/2018\/08\/avarques-alquiler-moto-menorca.jpg","width":1165,"height":650},{"@type":"WebSite","@id":"https:\/\/rideon.es\/renting-empresas\/#website","url":"https:\/\/rideon.es\/renting-empresas\/","name":"Alquiler de motos mensual y Renting para Empresas","description":"Las motos m\u00e1s c\u00f3modas y seguras para disfrutar de tus vacaciones sobre ruedas. Alquiler de motos en Menorca, Mallorca, Barcelona y Valencia con Rideon.es","publisher":{"@id":"https:\/\/rideon.es\/renting-empresas\/#organization"},"potentialAction":[{"@type":"SearchAction","target":{"@type":"EntryPoint","urlTemplate":"https:\/\/rideon.es\/renting-empresas\/?s={search_term_string}"},"query-input":{"@type":"PropertyValueSpecification","valueRequired":true,"valueName":"search_term_string"}}],"inLanguage":"es"},{"@type":"Organization","@id":"https:\/\/rideon.es\/renting-empresas\/#organization","name":"Alquiler de motos mensual y Renting para Empresas","url":"https:\/\/rideon.es\/renting-empresas\/","logo":{"@type":"ImageObject","inLanguage":"es","@id":"https:\/\/rideon.es\/renting-empresas\/#\/schema\/logo\/image\/","url":"https:\/\/rideon.es\/renting-empresas\/wp-content\/uploads\/sites\/19\/2020\/02\/rideon_logo-200x78-1.png","contentUrl":"https:\/\/rideon.es\/renting-empresas\/wp-content\/uploads\/sites\/19\/2020\/02\/rideon_logo-200x78-1.png","width":200,"height":78,"caption":"Alquiler de motos mensual y Renting para Empresas"},"image":{"@id":"https:\/\/rideon.es\/renting-empresas\/#\/schema\/logo\/image\/"}},{"@type":"Person","@id":"https:\/\/rideon.es\/renting-empresas\/#\/schema\/person\/48d6770e55c623d929bd20ce295611a7","name":"Ride On","image":{"@type":"ImageObject","inLanguage":"es","@id":"https:\/\/secure.gravatar.com\/avatar\/785e72183089da6a00243c0f0e2d52db79b9983b602219afb07c868943086138?s=96&d=mm&r=g","url":"https:\/\/secure.gravatar.com\/avatar\/785e72183089da6a00243c0f0e2d52db79b9983b602219afb07c868943086138?s=96&d=mm&r=g","contentUrl":"https:\/\/secure.gravatar.com\/avatar\/785e72183089da6a00243c0f0e2d52db79b9983b602219afb07c868943086138?s=96&d=mm&r=g","caption":"Ride On"},"url":"https:\/\/rideon.es\/renting-empresas\/author\/eduardoyauri\/"}]}},"_links":{"self":[{"href":"https:\/\/rideon.es\/renting-empresas\/wp-json\/wp\/v2\/posts\/3171","targetHints":{"allow":["GET"]}}],"collection":[{"href":"https:\/\/rideon.es\/renting-empresas\/wp-json\/wp\/v2\/posts"}],"about":[{"href":"https:\/\/rideon.es\/renting-empresas\/wp-json\/wp\/v2\/types\/post"}],"author":[{"embeddable":true,"href":"https:\/\/rideon.es\/renting-empresas\/wp-json\/wp\/v2\/users\/2"}],"replies":[{"embeddable":true,"href":"https:\/\/rideon.es\/renting-empresas\/wp-json\/wp\/v2\/comments?post=3171"}],"version-history":[{"count":0,"href":"https:\/\/rideon.es\/renting-empresas\/wp-json\/wp\/v2\/posts\/3171\/revisions"}],"wp:featuredmedia":[{"embeddable":true,"href":"https:\/\/rideon.es\/renting-empresas\/wp-json\/wp\/v2\/media\/5151"}],"wp:attachment":[{"href":"https:\/\/rideon.es\/renting-empresas\/wp-json\/wp\/v2\/media?parent=3171"}],"wp:term":[{"taxonomy":"category","embeddable":true,"href":"https:\/\/rideon.es\/renting-empresas\/wp-json\/wp\/v2\/categories?post=3171"},{"taxonomy":"post_tag","embeddable":true,"href":"https:\/\/rideon.es\/renting-empresas\/wp-json\/wp\/v2\/tags?post=3171"}],"curies":[{"name":"wp","href":"https:\/\/api.w.org\/{rel}","templated":true}]}}