{"id":3151,"date":"2018-07-11T13:58:17","date_gmt":"2018-07-11T13:58:17","guid":{"rendered":"https:\/\/rideon.es\/?p=3151"},"modified":"2018-07-11T13:58:17","modified_gmt":"2018-07-11T13:58:17","slug":"5-mejores-museos-de-mallorca","status":"publish","type":"post","link":"https:\/\/rideon.es\/renting-empresas\/5-mejores-museos-de-mallorca\/","title":{"rendered":"5 Mejores Museos de Mallorca"},"content":{"rendered":"<p>Desde Ride On Mallorca esperamos que disfruten de sus vacaciones en Mallorca y descubran los mejores museos de la isla.<br \/>\n<span style=\"font-weight: 400\">Top 5<\/span><\/p>\n<ol>\n<li style=\"font-weight: 400\"><span style=\"font-weight: 400\">Museo de la catedral <\/span><\/li>\n<li style=\"font-weight: 400\"><span style=\"font-weight: 400\">Museo de arte espa\u00f1ol contempor\u00e1neo, fundaci\u00f3n JUan March <\/span><\/li>\n<li style=\"font-weight: 400\"><span style=\"font-weight: 400\">Palacio March, museo <\/span><\/li>\n<li style=\"font-weight: 400\"><span style=\"font-weight: 400\">Museo de Arte moderno y contempor\u00e1neo Es Baluard <\/span><\/li>\n<li style=\"font-weight: 400\"><span style=\"font-weight: 400\">Museo de Mallorca<\/span><\/li>\n<\/ol>\n<h2><span style=\"font-weight: 400\">Museo de la catedral<\/span><\/h2>\n<p><span style=\"font-weight: 400\">Situaci\u00f3n: <\/span><a href=\"https:\/\/goo.gl\/maps\/r1HbxuiYJBy\"><span style=\"font-weight: 400\">https:\/\/goo.gl\/maps\/r1HbxuiYJBy<\/span><\/a><span style=\"font-weight: 400\"> \u00a0<\/span><br \/>\n<strong>Descripci\u00f3n: \u00a0<\/strong><br \/>\n<span style=\"font-weight: 400\">La catedral de Mallorca ubicada en el centro hist\u00f3rico de la ciudad de Palma es un s\u00edmbolo de la ciudad y uno de los monumentos m\u00e1s reconocidos del g\u00f3tico mallorqu\u00edn. Esta catedral est\u00e1 considerada un punto caliente de la \u00e9poca medieval mediterr\u00e1nea. Siendo tambi\u00e9n patrimonio hist\u00f3rico Espa\u00f1ol calificado como bienes de inter\u00e9s cultural. Ride On <\/span><a href=\"https:\/\/rideon.es\/es\/alquiler-moto-mallorca\/\"><span style=\"font-weight: 400\">alquiler motos Mallorca<\/span><\/a><br \/>\n<span style=\"font-weight: 400\">Toda la catedral ocupa un espacio de 6.600 metros cuadrados con 121 metros de longitud y 40 de ancho teniendo un aforo aproximado de 18.000 personas. Es una de las catedrales g\u00f3ticas m\u00e1s altas en comparaci\u00f3n con la catedral de Mil\u00e1n, catedral de Colonia y la de Beauveais. <\/span><br \/>\n<img fetchpriority=\"high\" decoding=\"async\" class=\" wp-image-3152 aligncenter\" src=\"https:\/\/rideon.es\/wp-content\/uploads\/2018\/07\/CatedralMallorca1-300x225.jpg\" alt=\"\" width=\"800\" height=\"600\" \/><br \/>\n<span style=\"font-weight: 400\">El espl\u00e9ndido museo de la catedral de Mallorca har\u00e1 que retornes al pasado m\u00e1s remoto mostrando obras hist\u00f3ricas del siglo XII y XIV. El museo est\u00e1 formado por tres espacios en los cuales podremos encontrar: <\/span><\/p>\n<ol>\n<li style=\"font-weight: 400\"><span style=\"font-weight: 400\">La antigua sacrist\u00eda \u201cdels vermells\u201d, en la cual podremos encontrar el altar del rey Jaume I, en madera y plata de mediados del siglo XII. Tambi\u00e9n podremos encontrar La pareja de Rimmonin una obra en plata del siglo XIV procedente de la Sinagoga de crucer\u00eda ubicada en Sicilia. Entre muchas otras obras, nos gustar\u00eda destacar el Retrato de San Sebasti\u00e1n patr\u00f3n de la ciudad de Palma. <\/span><\/li>\n<li style=\"font-weight: 400\"><span style=\"font-weight: 400\">La sala g\u00f3tica, en esta sala podremos observar el sepulcro de Gil Sancho Mu\u00f1oz, sucesor de Benedicto XII, el Papa Luna, que renunci\u00f3 a su pontificado y fue nombrado obispo de Mallorca d\u2019entre una variedad notable de piezas de la \u00e9poca. <\/span><\/li>\n<li style=\"font-weight: 400\"><span style=\"font-weight: 400\">La sala Barroca, podremos encontrar el Relicario de la Vera Cruz, del siglo XV. Tambi\u00e9n podremos encontrar la escultura de san Vicente Ferrer realizada en plata en 1596.<\/span><\/li>\n<\/ol>\n<p><span style=\"font-weight: 400\">Muchas otras obras se encuentran en las diversas salas mencionas a parte de las nombradas representando la historia antigua de Mallorca y la ciudad de Palma.<\/span><\/p>\n<h2><span style=\"font-weight: 400\">Museo de arte espa\u00f1ol contempor\u00e1neo, fundaci\u00f3n Juan March <\/span><\/h2>\n<p><span style=\"font-weight: 400\">Situaci\u00f3n: <\/span><a href=\"https:\/\/goo.gl\/maps\/ZfLixHj7hsH2\"><span style=\"font-weight: 400\">https:\/\/goo.gl\/maps\/ZfLixHj7hsH2<\/span><\/a><br \/>\n<span style=\"font-weight: 400\">El museo ubicado en palma muestra las obras de artistas espa\u00f1oles del siglo XX como Pablo Picasso, Joan Mir\u00f3, Juan Gris o Salvador Dal\u00ed dando espacio a generaciones m\u00e1s recientes. <\/span><br \/>\n<span style=\"font-weight: 400\">El museo cuenta con salas de exposiciones en las cuales podremos encontrar las \u00faltimas creaciones de los artistas actuales, viendo de ese modo una comparativa de la evoluci\u00f3n del arte. <\/span><br \/>\n<span style=\"font-weight: 400\">Situado en un edificio del siglo XVII el espacio transmite su valor hist\u00f3rico y arquitect\u00f3nico en vuelto de obras de un amplio abanico de etapas art\u00edsticas. <\/span><\/p>\n<p><span style=\"font-weight: 400\">Este museo apoya un programa educativo que va dirigido a escolares, universidades, familias, grupos diversos incluyendo visitas guiadas y talleres interactivos. <\/span><br \/>\n<img decoding=\"async\" class=\" wp-image-3153 aligncenter\" src=\"https:\/\/rideon.es\/wp-content\/uploads\/2018\/07\/MuseuArtMallorca1-300x174.png\" alt=\"\" width=\"800\" height=\"464\" \/><br \/>\n<span style=\"font-weight: 400\">La fundaci\u00f3n ofrece una hist\u00f3ria de la m\u00fasica de c\u00e1mara desde la Edad Media hasta finales del siglo XX, organizado conciertos matinales y recitales educativos para j\u00f3venes. Principalmente se promociona la m\u00fasica espa\u00f1ola contempor\u00e1nea mediante encargos, estrenos de obras y conciertos homenajes a m\u00fasicos. El museo dispone con m\u00e1s de 165.000 documentos relacionados con la m\u00fasica guardados en una biblioteca abierta para investigadores. Visita Mallorca con nuestro <\/span><a href=\"https:\/\/rideon.es\/es\/alquiler-moto-mallorca\/\"><span style=\"font-weight: 400\">servicio de alquiler de motos en Mallorca<\/span><\/a><span style=\"font-weight: 400\"> con Ride On<\/span><br \/>\n<span style=\"font-weight: 400\">Un a vez realizada la visita podremos encontrar una tienda en la que se pueden adquirir cat\u00e1logos, libros, obras gr\u00e1ficas, tarjetas postales\u2026 <\/span><br \/>\n<span style=\"font-weight: 400\">Este museo presenta una nueva edici\u00f3n, remodelada y con una ampliaci\u00f3n de las obras expuestas en \u00e9l. La informaci\u00f3n de dichas obras y otros textos que encontremos en en el museo estar\u00e1n disponibles en catal\u00e1n, castellano, ingl\u00e9s y alem\u00e1n.<\/span><\/p>\n<h2>Palacio March, museo<\/h2>\n<p><span style=\"font-weight: 400\">Situaci\u00f3n: <\/span><a href=\"https:\/\/goo.gl\/maps\/yoFfDw28Sxq\"><span style=\"font-weight: 400\">https:\/\/goo.gl\/maps\/yoFfDw28Sxq<\/span><\/a><br \/>\n<strong>Descripci\u00f3n: <\/strong><br \/>\n<span style=\"font-weight: 400\">El palacio March fue levantado en los a\u00f1os 1939 y 1945 en el cual intervinieron los artistas y profesionales de la \u00e9poca. El financiero y promotor Juan March Ordinas, decidi\u00f3 adquirir el solar por estar en un punto privilegiado del centro hist\u00f3rico, envuelto de monumentos hist\u00f3ricos. \u00a0\u00a0<\/span><br \/>\n<span style=\"font-weight: 400\">El museo cuenta con exposiciones temporales y muestra de forma permanente la colecci\u00f3n contempor\u00e1nea que Bartolom\u00e9 March pose\u00eda, mostrando algunas obras de Henry Moore, Chillida, Rodin, Berrocal, Alfaro\u2026<\/span><br \/>\n<span style=\"font-weight: 400\">Tambi\u00e9n podemos encontrar de forma permanente el Bel\u00e9n napolitano del siglo XVII que tradicionalmente se pod\u00eda ir a visitar por navidad. <\/span><br \/>\n<img decoding=\"async\" class=\" wp-image-3154 aligncenter\" src=\"https:\/\/rideon.es\/wp-content\/uploads\/2018\/07\/PalacioMarch1-300x225.png\" alt=\"\" width=\"800\" height=\"600\" \/><br \/>\n<span style=\"font-weight: 400\">El recorrido por los distintos espacios del museo te permitir\u00e1 conocer una buena parte del palacio y observar las pinturas murales realizadas por Josep Maria Sert ( Barcelona, 1874 &#8211; 1945) que decora la b\u00f3veda de la escalera principal de la sala de m\u00fasica. <\/span><br \/>\n<span style=\"font-weight: 400\">El palacio March contiene un auditorio donde se realizan conciertos de orquestas de c\u00e1mara y de m\u00fasica contempor\u00e1nea. El la planta baja del edificio hallaremos una cafeter\u00eda que ocupa la mayor parte del espacio inferior. El palacio dispone de una biblioteca con m\u00e1s de dos mil manuscritos y setenta mil vol\u00famenes \u00a0\u00a0de libros y otras publicaciones. <\/span><span style=\"font-weight: 400\">En el palacio predomina el lenguaje hist\u00f3rico, con similitudes a palacios barrocos mallorquines e italianos. La calidad de los materiales que han sido utilizados y la riqueza y variedad de las decoraciones espl\u00e9ndidas de la mano del arquitecto Gabriel Alomar Esteve, director de las obras. Todo el conjunto del palacio, tanto exterior como interior, exalta hermoso patio de honor. Es necesario mencionar la terraza-jard\u00edn, la cual muestra un mirador sobre el coraz\u00f3n de la ciudad.\u00a0\u00a0<\/span><\/p>\n<h2><span style=\"font-weight: 400\">Museo de Arte moderno y contempor\u00e1neo Es Baluard <\/span><\/h2>\n<p><span style=\"font-weight: 400\">Situaci\u00f3n: <\/span><a href=\"https:\/\/goo.gl\/maps\/qiTkfKhDXZ22\"><span style=\"font-weight: 400\">https:\/\/goo.gl\/maps\/qiTkfKhDXZ22<\/span><\/a><br \/>\n<span style=\"font-weight: 400\">El museo de arte moderno y contempor\u00e1neo Es Baluard es uno de los museos m\u00e1s destacados del estado espa\u00f1ol en su g\u00e9nero, situado en Palma i inaugurado en 2004. <\/span><br \/>\n<span style=\"font-weight: 400\">Este museo contiene m\u00e1s de 500 obras de arte moderno y contempor\u00e1neo de artistas mallorquines i de referencia internacional. Es Baluard es un espacio donde se realizan programas de exposiciones, actividades y ciclos educativos, adem\u00e1s de contener un laboratorio para la realizaci\u00f3n pr\u00e1cticas creativas. <\/span><br \/>\n<span style=\"font-weight: 400\">El objetivo del museo es centrarse en las funciones que dan sentido a la palabra museo. Es decir, conservar, documentar y promover el patrimonio vinculado a las colecciones que dicho lugar. <\/span><br \/>\n<span style=\"font-weight: 400\">El museo intenta expresarse m\u00e1s all\u00e1 de su marco arquitect\u00f3nico proponiendo alternativas a nuevos modelos de expansi\u00f3n de la cultura mediante el debate intelectual a trav\u00e9s de m\u00e9todos colaborativos. <\/span><br \/>\n<img loading=\"lazy\" decoding=\"async\" class=\" wp-image-3155 aligncenter\" src=\"https:\/\/rideon.es\/wp-content\/uploads\/2018\/07\/ArteModernoMallorca1-300x169.png\" alt=\"\" width=\"800\" height=\"451\" \/><br \/>\n<span style=\"font-weight: 400\">La colecci\u00f3n de Es Baluard Museo de Arte contempor\u00e1neo de Palma incluye obras datadas entre finales del siglo XIX y la actualidad, poniendo estas obras en relaci\u00f3n con las de otros contextos art\u00edsticos nacionales o internacionales. Siendo as\u00ed un lugar de gran peso patrimonial de la instituci\u00f3n.<\/span><br \/>\n<span style=\"font-weight: 400\">Podremos contemplar obras de grandes nombres del mundo art\u00edstico como: Joaquim Mir, Santiago Rusi\u00f1ol, Antoni Gelabert, Picasso, Joan Mir\u00f3, Fernand L\u00e9ger, Eduard Munch, Ren\u00e9 Magritte, etc.<\/span><\/p>\n<h2><span style=\"font-weight: 400\">Museo de Mallorca <\/span><\/h2>\n<p><span style=\"font-weight: 400\">Situaci\u00f3n: <a href=\"https:\/\/goo.gl\/maps\/45TxcndBtDv\">https:\/\/goo.gl\/maps\/45TxcndBtDv<\/a><\/span><br \/>\n<span style=\"font-weight: 400\">El museo de mallorca, museo estatal, con la gesti\u00f3n transferida al Govern de les Illes Balears y con dependencia de la Consejer\u00eda de Educaci\u00f3n, cultura y Universidades. <\/span><br \/>\n<span style=\"font-weight: 400\">Fue creado el 2 de noviembre de 1961 partiendo de las colecciones del antiguo museo provincial de bellas artes, colecci\u00f3n Marroig, proveniente de las colecciones arqueol\u00f3gicas de titularidad del estado. <\/span><br \/>\n<span style=\"font-weight: 400\">Desde el inicio los fondos del museo han incrementado de manera notable, dividi\u00e9ndolo en diferentes secciones: arqueolog\u00eda, etnograf\u00eda, bellas artes y artes decorativas e industriales. <\/span><br \/>\n<span style=\"font-weight: 400\">El museo de Mallorca pretende satisfacer las necesidades investigadoras, educativas y l\u00fadicas de los distintos usuarios que asisten. Tambi\u00e9n es un lugar donde actualmente se siguen realizando estudios sobre la historia del arte y de la cultura de la isla de Mallorca.<\/span><br \/>\n<img loading=\"lazy\" decoding=\"async\" class=\" wp-image-3156 aligncenter\" src=\"https:\/\/rideon.es\/wp-content\/uploads\/2018\/07\/MuseoMallorca1-300x169.png\" alt=\"\" width=\"800\" height=\"451\" \/><br \/>\n<span style=\"font-weight: 400\">El objetivo del museo de Mallorca es conservar para investigar y difundir el conjunto de objetos artististicos para poder mostrar el pasado de la isla. <\/span><br \/>\n<span style=\"font-weight: 400\">Actualmente el museo contiene piezas que van del siglo XIII al siglo XV mostr\u00e1ndonos algunas obras de Francesc Comes y Joan Rosat, pintores g\u00f3ticos, Pere Terrencs y Baltasar Buria, hispanoflamencos y obras del artista renacentista Mateu L\u00f3pez. \u00a0<\/span><br \/>\n<span style=\"font-weight: 400\">Este museo conserva desde figuras talay\u00f3ticas hasta cer\u00e1mica \u00e1rabe. Acogiendo una colecci\u00f3n de armas, adornos y s\u00edmbolos espirituales de los antepasados pobladores de la isla. <\/span><\/p>\n","protected":false},"excerpt":{"rendered":"<p>Desde Ride On Mallorca esperamos que disfruten de sus vacaciones en Mallorca y descubran los mejores museos de la isla. Top 5 Museo de la catedral Museo de arte espa\u00f1ol contempor\u00e1neo, fundaci\u00f3n JUan March Palacio March, museo Museo de Arte moderno y contempor\u00e1neo Es Baluard Museo de Mallorca Museo de la catedral Situaci\u00f3n: https:\/\/goo.gl\/maps\/r1HbxuiYJBy \u00a0<\/p>\n","protected":false},"author":2,"featured_media":5163,"comment_status":"open","ping_status":"closed","sticky":false,"template":"","format":"standard","meta":{"inline_featured_image":false,"footnotes":""},"categories":[56,11],"tags":[],"class_list":["post-3151","post","type-post","status-publish","format-standard","has-post-thumbnail","hentry","category-lugar-interes","category-mallorca"],"yoast_head":"<!-- This site is optimized with the Yoast SEO Premium plugin v18.7 (Yoast SEO v27.5) - https:\/\/yoast.com\/product\/yoast-seo-premium-wordpress\/ -->\n<title>5 Mejores Museos de Mallorca - Alquiler de motos mensual y Renting para Empresas<\/title>\n<meta name=\"description\" content=\"Desde Ride On alquiler moto Mallorca esperamos que disfruten de sus vacaciones en Mallorca y descubran los mejores museos de la isla.\" \/>\n<meta name=\"robots\" content=\"index, follow, max-snippet:-1, max-image-preview:large, max-video-preview:-1\" \/>\n<link rel=\"canonical\" href=\"https:\/\/rideon.es\/renting-empresas\/5-mejores-museos-de-mallorca\/\" \/>\n<meta property=\"og:locale\" content=\"es_ES\" \/>\n<meta property=\"og:type\" content=\"article\" \/>\n<meta property=\"og:title\" content=\"5 Mejores Museos de Mallorca\" \/>\n<meta property=\"og:description\" content=\"Desde Ride On alquiler moto Mallorca esperamos que disfruten de sus vacaciones en Mallorca y descubran los mejores museos de la isla.\" \/>\n<meta property=\"og:url\" content=\"https:\/\/rideon.es\/renting-empresas\/5-mejores-museos-de-mallorca\/\" \/>\n<meta property=\"og:site_name\" content=\"Alquiler de motos mensual y Renting para Empresas\" \/>\n<meta property=\"article:published_time\" content=\"2018-07-11T13:58:17+00:00\" \/>\n<meta property=\"og:image\" content=\"https:\/\/rideon.es\/renting-empresas\/wp-content\/uploads\/sites\/19\/2018\/07\/CatedralMallorca1-300x225-1.jpg\" \/>\n\t<meta property=\"og:image:width\" content=\"1600\" \/>\n\t<meta property=\"og:image:height\" content=\"1200\" \/>\n\t<meta property=\"og:image:type\" content=\"image\/jpeg\" \/>\n<meta name=\"author\" content=\"Ride On\" \/>\n<meta name=\"twitter:card\" content=\"summary_large_image\" \/>\n<meta name=\"twitter:label1\" content=\"Escrito por\" \/>\n\t<meta name=\"twitter:data1\" content=\"Ride On\" \/>\n\t<meta name=\"twitter:label2\" content=\"Tiempo de lectura\" \/>\n\t<meta name=\"twitter:data2\" content=\"7 minutos\" \/>\n<script type=\"application\/ld+json\" class=\"yoast-schema-graph\">{\"@context\":\"https:\\\/\\\/schema.org\",\"@graph\":[{\"@type\":\"Article\",\"@id\":\"https:\\\/\\\/rideon.es\\\/renting-empresas\\\/5-mejores-museos-de-mallorca\\\/#article\",\"isPartOf\":{\"@id\":\"https:\\\/\\\/rideon.es\\\/renting-empresas\\\/5-mejores-museos-de-mallorca\\\/\"},\"author\":{\"name\":\"Ride On\",\"@id\":\"https:\\\/\\\/rideon.es\\\/renting-empresas\\\/#\\\/schema\\\/person\\\/48d6770e55c623d929bd20ce295611a7\"},\"headline\":\"5 Mejores Museos de Mallorca\",\"datePublished\":\"2018-07-11T13:58:17+00:00\",\"mainEntityOfPage\":{\"@id\":\"https:\\\/\\\/rideon.es\\\/renting-empresas\\\/5-mejores-museos-de-mallorca\\\/\"},\"wordCount\":1459,\"commentCount\":0,\"publisher\":{\"@id\":\"https:\\\/\\\/rideon.es\\\/renting-empresas\\\/#organization\"},\"image\":{\"@id\":\"https:\\\/\\\/rideon.es\\\/renting-empresas\\\/5-mejores-museos-de-mallorca\\\/#primaryimage\"},\"thumbnailUrl\":\"https:\\\/\\\/rideon.es\\\/renting-empresas\\\/wp-content\\\/uploads\\\/sites\\\/19\\\/2018\\\/07\\\/CatedralMallorca1-300x225-1.jpg\",\"articleSection\":[\"Lugares de inter\u00e9s\",\"Mallorca\"],\"inLanguage\":\"es\",\"potentialAction\":[{\"@type\":\"CommentAction\",\"name\":\"Comment\",\"target\":[\"https:\\\/\\\/rideon.es\\\/renting-empresas\\\/5-mejores-museos-de-mallorca\\\/#respond\"]}]},{\"@type\":\"WebPage\",\"@id\":\"https:\\\/\\\/rideon.es\\\/renting-empresas\\\/5-mejores-museos-de-mallorca\\\/\",\"url\":\"https:\\\/\\\/rideon.es\\\/renting-empresas\\\/5-mejores-museos-de-mallorca\\\/\",\"name\":\"5 Mejores Museos de Mallorca - Alquiler de motos mensual y Renting para Empresas\",\"isPartOf\":{\"@id\":\"https:\\\/\\\/rideon.es\\\/renting-empresas\\\/#website\"},\"primaryImageOfPage\":{\"@id\":\"https:\\\/\\\/rideon.es\\\/renting-empresas\\\/5-mejores-museos-de-mallorca\\\/#primaryimage\"},\"image\":{\"@id\":\"https:\\\/\\\/rideon.es\\\/renting-empresas\\\/5-mejores-museos-de-mallorca\\\/#primaryimage\"},\"thumbnailUrl\":\"https:\\\/\\\/rideon.es\\\/renting-empresas\\\/wp-content\\\/uploads\\\/sites\\\/19\\\/2018\\\/07\\\/CatedralMallorca1-300x225-1.jpg\",\"datePublished\":\"2018-07-11T13:58:17+00:00\",\"description\":\"Desde Ride On alquiler moto Mallorca esperamos que disfruten de sus vacaciones en Mallorca y descubran los mejores museos de la isla.\",\"inLanguage\":\"es\",\"potentialAction\":[{\"@type\":\"ReadAction\",\"target\":[\"https:\\\/\\\/rideon.es\\\/renting-empresas\\\/5-mejores-museos-de-mallorca\\\/\"]}]},{\"@type\":\"ImageObject\",\"inLanguage\":\"es\",\"@id\":\"https:\\\/\\\/rideon.es\\\/renting-empresas\\\/5-mejores-museos-de-mallorca\\\/#primaryimage\",\"url\":\"https:\\\/\\\/rideon.es\\\/renting-empresas\\\/wp-content\\\/uploads\\\/sites\\\/19\\\/2018\\\/07\\\/CatedralMallorca1-300x225-1.jpg\",\"contentUrl\":\"https:\\\/\\\/rideon.es\\\/renting-empresas\\\/wp-content\\\/uploads\\\/sites\\\/19\\\/2018\\\/07\\\/CatedralMallorca1-300x225-1.jpg\",\"width\":1600,\"height\":1200},{\"@type\":\"WebSite\",\"@id\":\"https:\\\/\\\/rideon.es\\\/renting-empresas\\\/#website\",\"url\":\"https:\\\/\\\/rideon.es\\\/renting-empresas\\\/\",\"name\":\"Alquiler de motos mensual y Renting para Empresas\",\"description\":\"Las motos m\u00e1s c\u00f3modas y seguras para disfrutar de tus vacaciones sobre ruedas. Alquiler de motos en Menorca, Mallorca, Barcelona y Valencia con Rideon.es\",\"publisher\":{\"@id\":\"https:\\\/\\\/rideon.es\\\/renting-empresas\\\/#organization\"},\"potentialAction\":[{\"@type\":\"SearchAction\",\"target\":{\"@type\":\"EntryPoint\",\"urlTemplate\":\"https:\\\/\\\/rideon.es\\\/renting-empresas\\\/?s={search_term_string}\"},\"query-input\":{\"@type\":\"PropertyValueSpecification\",\"valueRequired\":true,\"valueName\":\"search_term_string\"}}],\"inLanguage\":\"es\"},{\"@type\":\"Organization\",\"@id\":\"https:\\\/\\\/rideon.es\\\/renting-empresas\\\/#organization\",\"name\":\"Alquiler de motos mensual y Renting para Empresas\",\"url\":\"https:\\\/\\\/rideon.es\\\/renting-empresas\\\/\",\"logo\":{\"@type\":\"ImageObject\",\"inLanguage\":\"es\",\"@id\":\"https:\\\/\\\/rideon.es\\\/renting-empresas\\\/#\\\/schema\\\/logo\\\/image\\\/\",\"url\":\"https:\\\/\\\/rideon.es\\\/renting-empresas\\\/wp-content\\\/uploads\\\/sites\\\/19\\\/2020\\\/02\\\/rideon_logo-200x78-1.png\",\"contentUrl\":\"https:\\\/\\\/rideon.es\\\/renting-empresas\\\/wp-content\\\/uploads\\\/sites\\\/19\\\/2020\\\/02\\\/rideon_logo-200x78-1.png\",\"width\":200,\"height\":78,\"caption\":\"Alquiler de motos mensual y Renting para Empresas\"},\"image\":{\"@id\":\"https:\\\/\\\/rideon.es\\\/renting-empresas\\\/#\\\/schema\\\/logo\\\/image\\\/\"}},{\"@type\":\"Person\",\"@id\":\"https:\\\/\\\/rideon.es\\\/renting-empresas\\\/#\\\/schema\\\/person\\\/48d6770e55c623d929bd20ce295611a7\",\"name\":\"Ride On\",\"image\":{\"@type\":\"ImageObject\",\"inLanguage\":\"es\",\"@id\":\"https:\\\/\\\/secure.gravatar.com\\\/avatar\\\/785e72183089da6a00243c0f0e2d52db79b9983b602219afb07c868943086138?s=96&d=mm&r=g\",\"url\":\"https:\\\/\\\/secure.gravatar.com\\\/avatar\\\/785e72183089da6a00243c0f0e2d52db79b9983b602219afb07c868943086138?s=96&d=mm&r=g\",\"contentUrl\":\"https:\\\/\\\/secure.gravatar.com\\\/avatar\\\/785e72183089da6a00243c0f0e2d52db79b9983b602219afb07c868943086138?s=96&d=mm&r=g\",\"caption\":\"Ride On\"},\"url\":\"https:\\\/\\\/rideon.es\\\/renting-empresas\\\/author\\\/eduardoyauri\\\/\"}]}<\/script>\n<!-- \/ Yoast SEO Premium plugin. -->","yoast_head_json":{"title":"5 Mejores Museos de Mallorca - Alquiler de motos mensual y Renting para Empresas","description":"Desde Ride On alquiler moto Mallorca esperamos que disfruten de sus vacaciones en Mallorca y descubran los mejores museos de la isla.","robots":{"index":"index","follow":"follow","max-snippet":"max-snippet:-1","max-image-preview":"max-image-preview:large","max-video-preview":"max-video-preview:-1"},"canonical":"https:\/\/rideon.es\/renting-empresas\/5-mejores-museos-de-mallorca\/","og_locale":"es_ES","og_type":"article","og_title":"5 Mejores Museos de Mallorca","og_description":"Desde Ride On alquiler moto Mallorca esperamos que disfruten de sus vacaciones en Mallorca y descubran los mejores museos de la isla.","og_url":"https:\/\/rideon.es\/renting-empresas\/5-mejores-museos-de-mallorca\/","og_site_name":"Alquiler de motos mensual y Renting para Empresas","article_published_time":"2018-07-11T13:58:17+00:00","og_image":[{"width":1600,"height":1200,"url":"https:\/\/rideon.es\/renting-empresas\/wp-content\/uploads\/sites\/19\/2018\/07\/CatedralMallorca1-300x225-1.jpg","type":"image\/jpeg"}],"author":"Ride On","twitter_card":"summary_large_image","twitter_misc":{"Escrito por":"Ride On","Tiempo de lectura":"7 minutos"},"schema":{"@context":"https:\/\/schema.org","@graph":[{"@type":"Article","@id":"https:\/\/rideon.es\/renting-empresas\/5-mejores-museos-de-mallorca\/#article","isPartOf":{"@id":"https:\/\/rideon.es\/renting-empresas\/5-mejores-museos-de-mallorca\/"},"author":{"name":"Ride On","@id":"https:\/\/rideon.es\/renting-empresas\/#\/schema\/person\/48d6770e55c623d929bd20ce295611a7"},"headline":"5 Mejores Museos de Mallorca","datePublished":"2018-07-11T13:58:17+00:00","mainEntityOfPage":{"@id":"https:\/\/rideon.es\/renting-empresas\/5-mejores-museos-de-mallorca\/"},"wordCount":1459,"commentCount":0,"publisher":{"@id":"https:\/\/rideon.es\/renting-empresas\/#organization"},"image":{"@id":"https:\/\/rideon.es\/renting-empresas\/5-mejores-museos-de-mallorca\/#primaryimage"},"thumbnailUrl":"https:\/\/rideon.es\/renting-empresas\/wp-content\/uploads\/sites\/19\/2018\/07\/CatedralMallorca1-300x225-1.jpg","articleSection":["Lugares de inter\u00e9s","Mallorca"],"inLanguage":"es","potentialAction":[{"@type":"CommentAction","name":"Comment","target":["https:\/\/rideon.es\/renting-empresas\/5-mejores-museos-de-mallorca\/#respond"]}]},{"@type":"WebPage","@id":"https:\/\/rideon.es\/renting-empresas\/5-mejores-museos-de-mallorca\/","url":"https:\/\/rideon.es\/renting-empresas\/5-mejores-museos-de-mallorca\/","name":"5 Mejores Museos de Mallorca - Alquiler de motos mensual y Renting para Empresas","isPartOf":{"@id":"https:\/\/rideon.es\/renting-empresas\/#website"},"primaryImageOfPage":{"@id":"https:\/\/rideon.es\/renting-empresas\/5-mejores-museos-de-mallorca\/#primaryimage"},"image":{"@id":"https:\/\/rideon.es\/renting-empresas\/5-mejores-museos-de-mallorca\/#primaryimage"},"thumbnailUrl":"https:\/\/rideon.es\/renting-empresas\/wp-content\/uploads\/sites\/19\/2018\/07\/CatedralMallorca1-300x225-1.jpg","datePublished":"2018-07-11T13:58:17+00:00","description":"Desde Ride On alquiler moto Mallorca esperamos que disfruten de sus vacaciones en Mallorca y descubran los mejores museos de la isla.","inLanguage":"es","potentialAction":[{"@type":"ReadAction","target":["https:\/\/rideon.es\/renting-empresas\/5-mejores-museos-de-mallorca\/"]}]},{"@type":"ImageObject","inLanguage":"es","@id":"https:\/\/rideon.es\/renting-empresas\/5-mejores-museos-de-mallorca\/#primaryimage","url":"https:\/\/rideon.es\/renting-empresas\/wp-content\/uploads\/sites\/19\/2018\/07\/CatedralMallorca1-300x225-1.jpg","contentUrl":"https:\/\/rideon.es\/renting-empresas\/wp-content\/uploads\/sites\/19\/2018\/07\/CatedralMallorca1-300x225-1.jpg","width":1600,"height":1200},{"@type":"WebSite","@id":"https:\/\/rideon.es\/renting-empresas\/#website","url":"https:\/\/rideon.es\/renting-empresas\/","name":"Alquiler de motos mensual y Renting para Empresas","description":"Las motos m\u00e1s c\u00f3modas y seguras para disfrutar de tus vacaciones sobre ruedas. Alquiler de motos en Menorca, Mallorca, Barcelona y Valencia con Rideon.es","publisher":{"@id":"https:\/\/rideon.es\/renting-empresas\/#organization"},"potentialAction":[{"@type":"SearchAction","target":{"@type":"EntryPoint","urlTemplate":"https:\/\/rideon.es\/renting-empresas\/?s={search_term_string}"},"query-input":{"@type":"PropertyValueSpecification","valueRequired":true,"valueName":"search_term_string"}}],"inLanguage":"es"},{"@type":"Organization","@id":"https:\/\/rideon.es\/renting-empresas\/#organization","name":"Alquiler de motos mensual y Renting para Empresas","url":"https:\/\/rideon.es\/renting-empresas\/","logo":{"@type":"ImageObject","inLanguage":"es","@id":"https:\/\/rideon.es\/renting-empresas\/#\/schema\/logo\/image\/","url":"https:\/\/rideon.es\/renting-empresas\/wp-content\/uploads\/sites\/19\/2020\/02\/rideon_logo-200x78-1.png","contentUrl":"https:\/\/rideon.es\/renting-empresas\/wp-content\/uploads\/sites\/19\/2020\/02\/rideon_logo-200x78-1.png","width":200,"height":78,"caption":"Alquiler de motos mensual y Renting para Empresas"},"image":{"@id":"https:\/\/rideon.es\/renting-empresas\/#\/schema\/logo\/image\/"}},{"@type":"Person","@id":"https:\/\/rideon.es\/renting-empresas\/#\/schema\/person\/48d6770e55c623d929bd20ce295611a7","name":"Ride On","image":{"@type":"ImageObject","inLanguage":"es","@id":"https:\/\/secure.gravatar.com\/avatar\/785e72183089da6a00243c0f0e2d52db79b9983b602219afb07c868943086138?s=96&d=mm&r=g","url":"https:\/\/secure.gravatar.com\/avatar\/785e72183089da6a00243c0f0e2d52db79b9983b602219afb07c868943086138?s=96&d=mm&r=g","contentUrl":"https:\/\/secure.gravatar.com\/avatar\/785e72183089da6a00243c0f0e2d52db79b9983b602219afb07c868943086138?s=96&d=mm&r=g","caption":"Ride On"},"url":"https:\/\/rideon.es\/renting-empresas\/author\/eduardoyauri\/"}]}},"_links":{"self":[{"href":"https:\/\/rideon.es\/renting-empresas\/wp-json\/wp\/v2\/posts\/3151","targetHints":{"allow":["GET"]}}],"collection":[{"href":"https:\/\/rideon.es\/renting-empresas\/wp-json\/wp\/v2\/posts"}],"about":[{"href":"https:\/\/rideon.es\/renting-empresas\/wp-json\/wp\/v2\/types\/post"}],"author":[{"embeddable":true,"href":"https:\/\/rideon.es\/renting-empresas\/wp-json\/wp\/v2\/users\/2"}],"replies":[{"embeddable":true,"href":"https:\/\/rideon.es\/renting-empresas\/wp-json\/wp\/v2\/comments?post=3151"}],"version-history":[{"count":0,"href":"https:\/\/rideon.es\/renting-empresas\/wp-json\/wp\/v2\/posts\/3151\/revisions"}],"wp:featuredmedia":[{"embeddable":true,"href":"https:\/\/rideon.es\/renting-empresas\/wp-json\/wp\/v2\/media\/5163"}],"wp:attachment":[{"href":"https:\/\/rideon.es\/renting-empresas\/wp-json\/wp\/v2\/media?parent=3151"}],"wp:term":[{"taxonomy":"category","embeddable":true,"href":"https:\/\/rideon.es\/renting-empresas\/wp-json\/wp\/v2\/categories?post=3151"},{"taxonomy":"post_tag","embeddable":true,"href":"https:\/\/rideon.es\/renting-empresas\/wp-json\/wp\/v2\/tags?post=3151"}],"curies":[{"name":"wp","href":"https:\/\/api.w.org\/{rel}","templated":true}]}}