{"id":3148,"date":"2018-07-05T14:17:45","date_gmt":"2018-07-05T14:17:45","guid":{"rendered":"https:\/\/rideon.es\/?p=3148"},"modified":"2018-07-05T14:17:45","modified_gmt":"2018-07-05T14:17:45","slug":"peugeot-tweet-125-por-barcelona","status":"publish","type":"post","link":"https:\/\/rideon.es\/renting-empresas\/peugeot-tweet-125-por-barcelona\/","title":{"rendered":"Peugeot Tweet 125 por Barcelona"},"content":{"rendered":"<p><span style=\"font-weight: 400\">La <\/span><a href=\"https:\/\/rideon.es\/peugeot-tweet-125\/\"><span style=\"font-weight: 400\">Peugeot Tweet 125cc<\/span><\/a><span style=\"font-weight: 400\"> es una moto ideal para moverse por ciudad, est\u00e1 equipada con un sencillo motor pero con una suave respuesta y con buenas prestaciones. Al tener un tama\u00f1o compacto permite la conducci\u00f3n entre la circulaci\u00f3n y por lo tanto moverse por las calles de forma muy eficaz. <\/span><br \/>\n<span style=\"font-weight: 400\">Por su precio de alquiler es una de las opciones m\u00e1s econ\u00f3micas de alquiler y con una alta relaci\u00f3n calidad precio. <\/span><br \/>\n<img fetchpriority=\"high\" decoding=\"async\" class=\" wp-image-4988 aligncenter\" src=\"https:\/\/rideon.es\/renting-empresas\/wp-content\/uploads\/sites\/19\/2018\/07\/Peugeot-Tweet-125cc-296x300.jpg\" alt=\"\" width=\"548\" height=\"556\" srcset=\"https:\/\/rideon.es\/renting-empresas\/wp-content\/uploads\/sites\/19\/2018\/07\/Peugeot-Tweet-125cc-296x300.jpg 296w, https:\/\/rideon.es\/renting-empresas\/wp-content\/uploads\/sites\/19\/2018\/07\/Peugeot-Tweet-125cc-1010x1024.jpg 1010w, https:\/\/rideon.es\/renting-empresas\/wp-content\/uploads\/sites\/19\/2018\/07\/Peugeot-Tweet-125cc-768x779.jpg 768w, https:\/\/rideon.es\/renting-empresas\/wp-content\/uploads\/sites\/19\/2018\/07\/Peugeot-Tweet-125cc-1515x1536.jpg 1515w, https:\/\/rideon.es\/renting-empresas\/wp-content\/uploads\/sites\/19\/2018\/07\/Peugeot-Tweet-125cc-2020x2048.jpg 2020w\" sizes=\"(max-width: 548px) 100vw, 548px\" \/><\/p>\n<p><span style=\"font-weight: 400\">La Tweet se sit\u00faa un poco por debajo de otro scooter top ventas de Peugeot, la Belville, otro de los modelos de rueda alta compartiendo muchas de las ideas de dise\u00f1o y concepci\u00f3n. El Tweet es un scooter elegante y moderno, con unas l\u00edneas redondeadas que le dan al dise\u00f1o una forma agradable.<\/span><\/p>\n<p><span style=\"font-weight: 400\">La b\u00fasqueda del minimalismo en los detalles, manteniendo algunas de las se\u00f1as de identidad propias de la marca francesa, con algunos elementos que recuerdan al dise\u00f1o de los coches de la marca del le\u00f3n, como por ejemplo la rejilla en el frontal delantero, la luces de posici\u00f3n y los intermitentes.<\/span><br \/>\n<img decoding=\"async\" class=\"img-responsive aligncenter\" src=\"https:\/\/rideon.es\/wp-content\/uploads\/2018\/07\/conduccion-peugeot-tweet.png\" alt=\"Alquiler Peugeot Tweet Barcelona\" width=\"801\" height=\"472\" \/><\/p>\n<p><span style=\"font-weight: 400\">Los acabados tambi\u00e9n est\u00e1n en consonancia de los productos de la marca gala, de buena calidad a\u00fan siendo un modelo de bajo coste. la guantera frontal delantera posee cerradura y un cortacorriente debajo del asiento. La instrumentaci\u00f3n del manillar es sencilla pero muy clara y f\u00e1cil de entender, perfecto si el usuario no ha <\/span><span style=\"font-weight: 400\">alquilado nunca antes un scooter<\/span><span style=\"font-weight: 400\">.<\/span><\/p>\n<p><span style=\"font-weight: 400\">El asiento es muy confortable y al ser doble altura permite apoyarse bien para coger una postura erguida durante la conducci\u00f3n. Los brazos quedan en buena postura en relaci\u00f3n con las botoneras. <\/span><br \/>\n<img decoding=\"async\" class=\"img-responsive aligncenter\" src=\"https:\/\/rideon.es\/wp-content\/uploads\/2018\/07\/peugeot-tweet-conduccion-barcelona.png\" alt=\"Alquiler Peugeot Tweet Barcelona\" width=\"801\" height=\"509\" \/><\/p>\n<p><span style=\"font-weight: 400\">El maletero de la Tweet permite guardar un casco tipo Jet, esto que podr\u00eda ser un inconveniente si el conductor tiene un casco integral Ride On <\/span><a href=\"https:\/\/rideon.es\/barcelona\/\"><span style=\"font-weight: 400\">alquiler de motos en Barcelona<\/span><\/a><span style=\"font-weight: 400\"> lo soluciona con un ba\u00fal trasero para albergar el casco o en el caso de llevar un jet para colocar m\u00e1s objetos.<\/span><\/p>\n<p><span style=\"font-weight: 400\">La ligereza de la Tweet 125 cc la hace ser perfecta para el <\/span><a href=\"https:\/\/rideon.es\/es\/alquiler-motos-barcelona\/\"><span style=\"font-weight: 400\">alquiler de un moto por Barcelona<\/span><\/a><span style=\"font-weight: 400\">, sobretodo en las maniobras en parado, tambi\u00e9n subir y bajar la moto del caballete, que apenas requiere esfuerzo para moverla. Adem\u00e1s, los usuarios que no sepan hacer uso del caballete central tienen la opci\u00f3n de estacionar el scooter con la pata de cabra lateral.<\/span><\/p>\n","protected":false},"excerpt":{"rendered":"<p>La Peugeot Tweet 125cc es una moto ideal para moverse por ciudad, est\u00e1 equipada con un sencillo motor pero con una suave respuesta y con buenas prestaciones. Al tener un tama\u00f1o compacto permite la conducci\u00f3n entre la circulaci\u00f3n y por lo tanto moverse por las calles de forma muy eficaz. Por su precio de alquiler<\/p>\n","protected":false},"author":2,"featured_media":5171,"comment_status":"open","ping_status":"closed","sticky":false,"template":"","format":"standard","meta":{"inline_featured_image":false,"footnotes":""},"categories":[9],"tags":[],"class_list":["post-3148","post","type-post","status-publish","format-standard","has-post-thumbnail","hentry","category-barcelona"],"yoast_head":"<!-- This site is optimized with the Yoast SEO Premium plugin v18.7 (Yoast SEO v27.5) - https:\/\/yoast.com\/product\/yoast-seo-premium-wordpress\/ -->\n<title>Peugeot Tweet 125 por Barcelona - Alquiler de motos mensual y Renting para Empresas<\/title>\n<meta name=\"description\" content=\"La Peugeot Tweet es una moto ideal para moverse por ciudad, est\u00e1 equipada con un sencillo motor pero con una suave respuesta y con buenas prestaciones. Al tener un tama\u00f1o compacto permite la conducci\u00f3n entre la circulaci\u00f3n y por lo tanto moverse por las calles de forma muy eficaz.\" \/>\n<meta name=\"robots\" content=\"index, follow, max-snippet:-1, max-image-preview:large, max-video-preview:-1\" \/>\n<link rel=\"canonical\" href=\"https:\/\/rideon.es\/renting-empresas\/peugeot-tweet-125-por-barcelona\/\" \/>\n<meta property=\"og:locale\" content=\"es_ES\" \/>\n<meta property=\"og:type\" content=\"article\" \/>\n<meta property=\"og:title\" content=\"Peugeot Tweet 125 por Barcelona\" \/>\n<meta property=\"og:description\" content=\"La Peugeot Tweet es una moto ideal para moverse por ciudad, est\u00e1 equipada con un sencillo motor pero con una suave respuesta y con buenas prestaciones. Al tener un tama\u00f1o compacto permite la conducci\u00f3n entre la circulaci\u00f3n y por lo tanto moverse por las calles de forma muy eficaz.\" \/>\n<meta property=\"og:url\" content=\"https:\/\/rideon.es\/renting-empresas\/peugeot-tweet-125-por-barcelona\/\" \/>\n<meta property=\"og:site_name\" content=\"Alquiler de motos mensual y Renting para Empresas\" \/>\n<meta property=\"article:published_time\" content=\"2018-07-05T14:17:45+00:00\" \/>\n<meta property=\"og:image\" content=\"https:\/\/rideon.es\/renting-empresas\/wp-content\/uploads\/sites\/19\/2018\/07\/Peugeot-Tweet-125cc-1-scaled.jpg\" \/>\n\t<meta property=\"og:image:width\" content=\"2525\" \/>\n\t<meta property=\"og:image:height\" content=\"2560\" \/>\n\t<meta property=\"og:image:type\" content=\"image\/jpeg\" \/>\n<meta name=\"author\" content=\"Ride On\" \/>\n<meta name=\"twitter:card\" content=\"summary_large_image\" \/>\n<meta name=\"twitter:label1\" content=\"Escrito por\" \/>\n\t<meta name=\"twitter:data1\" content=\"Ride On\" \/>\n\t<meta name=\"twitter:label2\" content=\"Tiempo de lectura\" \/>\n\t<meta name=\"twitter:data2\" content=\"2 minutos\" \/>\n<script type=\"application\/ld+json\" class=\"yoast-schema-graph\">{\"@context\":\"https:\\\/\\\/schema.org\",\"@graph\":[{\"@type\":\"Article\",\"@id\":\"https:\\\/\\\/rideon.es\\\/renting-empresas\\\/peugeot-tweet-125-por-barcelona\\\/#article\",\"isPartOf\":{\"@id\":\"https:\\\/\\\/rideon.es\\\/renting-empresas\\\/peugeot-tweet-125-por-barcelona\\\/\"},\"author\":{\"name\":\"Ride On\",\"@id\":\"https:\\\/\\\/rideon.es\\\/renting-empresas\\\/#\\\/schema\\\/person\\\/48d6770e55c623d929bd20ce295611a7\"},\"headline\":\"Peugeot Tweet 125 por Barcelona\",\"datePublished\":\"2018-07-05T14:17:45+00:00\",\"mainEntityOfPage\":{\"@id\":\"https:\\\/\\\/rideon.es\\\/renting-empresas\\\/peugeot-tweet-125-por-barcelona\\\/\"},\"wordCount\":413,\"commentCount\":0,\"publisher\":{\"@id\":\"https:\\\/\\\/rideon.es\\\/renting-empresas\\\/#organization\"},\"image\":{\"@id\":\"https:\\\/\\\/rideon.es\\\/renting-empresas\\\/peugeot-tweet-125-por-barcelona\\\/#primaryimage\"},\"thumbnailUrl\":\"https:\\\/\\\/rideon.es\\\/renting-empresas\\\/wp-content\\\/uploads\\\/sites\\\/19\\\/2018\\\/07\\\/Peugeot-Tweet-125cc-1-scaled.jpg\",\"articleSection\":[\"Barcelona\"],\"inLanguage\":\"es\",\"potentialAction\":[{\"@type\":\"CommentAction\",\"name\":\"Comment\",\"target\":[\"https:\\\/\\\/rideon.es\\\/renting-empresas\\\/peugeot-tweet-125-por-barcelona\\\/#respond\"]}]},{\"@type\":\"WebPage\",\"@id\":\"https:\\\/\\\/rideon.es\\\/renting-empresas\\\/peugeot-tweet-125-por-barcelona\\\/\",\"url\":\"https:\\\/\\\/rideon.es\\\/renting-empresas\\\/peugeot-tweet-125-por-barcelona\\\/\",\"name\":\"Peugeot Tweet 125 por Barcelona - Alquiler de motos mensual y Renting para Empresas\",\"isPartOf\":{\"@id\":\"https:\\\/\\\/rideon.es\\\/renting-empresas\\\/#website\"},\"primaryImageOfPage\":{\"@id\":\"https:\\\/\\\/rideon.es\\\/renting-empresas\\\/peugeot-tweet-125-por-barcelona\\\/#primaryimage\"},\"image\":{\"@id\":\"https:\\\/\\\/rideon.es\\\/renting-empresas\\\/peugeot-tweet-125-por-barcelona\\\/#primaryimage\"},\"thumbnailUrl\":\"https:\\\/\\\/rideon.es\\\/renting-empresas\\\/wp-content\\\/uploads\\\/sites\\\/19\\\/2018\\\/07\\\/Peugeot-Tweet-125cc-1-scaled.jpg\",\"datePublished\":\"2018-07-05T14:17:45+00:00\",\"description\":\"La Peugeot Tweet es una moto ideal para moverse por ciudad, est\u00e1 equipada con un sencillo motor pero con una suave respuesta y con buenas prestaciones. Al tener un tama\u00f1o compacto permite la conducci\u00f3n entre la circulaci\u00f3n y por lo tanto moverse por las calles de forma muy eficaz.\",\"inLanguage\":\"es\",\"potentialAction\":[{\"@type\":\"ReadAction\",\"target\":[\"https:\\\/\\\/rideon.es\\\/renting-empresas\\\/peugeot-tweet-125-por-barcelona\\\/\"]}]},{\"@type\":\"ImageObject\",\"inLanguage\":\"es\",\"@id\":\"https:\\\/\\\/rideon.es\\\/renting-empresas\\\/peugeot-tweet-125-por-barcelona\\\/#primaryimage\",\"url\":\"https:\\\/\\\/rideon.es\\\/renting-empresas\\\/wp-content\\\/uploads\\\/sites\\\/19\\\/2018\\\/07\\\/Peugeot-Tweet-125cc-1-scaled.jpg\",\"contentUrl\":\"https:\\\/\\\/rideon.es\\\/renting-empresas\\\/wp-content\\\/uploads\\\/sites\\\/19\\\/2018\\\/07\\\/Peugeot-Tweet-125cc-1-scaled.jpg\",\"width\":2525,\"height\":2560},{\"@type\":\"WebSite\",\"@id\":\"https:\\\/\\\/rideon.es\\\/renting-empresas\\\/#website\",\"url\":\"https:\\\/\\\/rideon.es\\\/renting-empresas\\\/\",\"name\":\"Alquiler de motos mensual y Renting para Empresas\",\"description\":\"Las motos m\u00e1s c\u00f3modas y seguras para disfrutar de tus vacaciones sobre ruedas. Alquiler de motos en Menorca, Mallorca, Barcelona y Valencia con Rideon.es\",\"publisher\":{\"@id\":\"https:\\\/\\\/rideon.es\\\/renting-empresas\\\/#organization\"},\"potentialAction\":[{\"@type\":\"SearchAction\",\"target\":{\"@type\":\"EntryPoint\",\"urlTemplate\":\"https:\\\/\\\/rideon.es\\\/renting-empresas\\\/?s={search_term_string}\"},\"query-input\":{\"@type\":\"PropertyValueSpecification\",\"valueRequired\":true,\"valueName\":\"search_term_string\"}}],\"inLanguage\":\"es\"},{\"@type\":\"Organization\",\"@id\":\"https:\\\/\\\/rideon.es\\\/renting-empresas\\\/#organization\",\"name\":\"Alquiler de motos mensual y Renting para Empresas\",\"url\":\"https:\\\/\\\/rideon.es\\\/renting-empresas\\\/\",\"logo\":{\"@type\":\"ImageObject\",\"inLanguage\":\"es\",\"@id\":\"https:\\\/\\\/rideon.es\\\/renting-empresas\\\/#\\\/schema\\\/logo\\\/image\\\/\",\"url\":\"https:\\\/\\\/rideon.es\\\/renting-empresas\\\/wp-content\\\/uploads\\\/sites\\\/19\\\/2020\\\/02\\\/rideon_logo-200x78-1.png\",\"contentUrl\":\"https:\\\/\\\/rideon.es\\\/renting-empresas\\\/wp-content\\\/uploads\\\/sites\\\/19\\\/2020\\\/02\\\/rideon_logo-200x78-1.png\",\"width\":200,\"height\":78,\"caption\":\"Alquiler de motos mensual y Renting para Empresas\"},\"image\":{\"@id\":\"https:\\\/\\\/rideon.es\\\/renting-empresas\\\/#\\\/schema\\\/logo\\\/image\\\/\"}},{\"@type\":\"Person\",\"@id\":\"https:\\\/\\\/rideon.es\\\/renting-empresas\\\/#\\\/schema\\\/person\\\/48d6770e55c623d929bd20ce295611a7\",\"name\":\"Ride On\",\"image\":{\"@type\":\"ImageObject\",\"inLanguage\":\"es\",\"@id\":\"https:\\\/\\\/secure.gravatar.com\\\/avatar\\\/785e72183089da6a00243c0f0e2d52db79b9983b602219afb07c868943086138?s=96&d=mm&r=g\",\"url\":\"https:\\\/\\\/secure.gravatar.com\\\/avatar\\\/785e72183089da6a00243c0f0e2d52db79b9983b602219afb07c868943086138?s=96&d=mm&r=g\",\"contentUrl\":\"https:\\\/\\\/secure.gravatar.com\\\/avatar\\\/785e72183089da6a00243c0f0e2d52db79b9983b602219afb07c868943086138?s=96&d=mm&r=g\",\"caption\":\"Ride On\"},\"url\":\"https:\\\/\\\/rideon.es\\\/renting-empresas\\\/author\\\/eduardoyauri\\\/\"}]}<\/script>\n<!-- \/ Yoast SEO Premium plugin. -->","yoast_head_json":{"title":"Peugeot Tweet 125 por Barcelona - Alquiler de motos mensual y Renting para Empresas","description":"La Peugeot Tweet es una moto ideal para moverse por ciudad, est\u00e1 equipada con un sencillo motor pero con una suave respuesta y con buenas prestaciones. Al tener un tama\u00f1o compacto permite la conducci\u00f3n entre la circulaci\u00f3n y por lo tanto moverse por las calles de forma muy eficaz.","robots":{"index":"index","follow":"follow","max-snippet":"max-snippet:-1","max-image-preview":"max-image-preview:large","max-video-preview":"max-video-preview:-1"},"canonical":"https:\/\/rideon.es\/renting-empresas\/peugeot-tweet-125-por-barcelona\/","og_locale":"es_ES","og_type":"article","og_title":"Peugeot Tweet 125 por Barcelona","og_description":"La Peugeot Tweet es una moto ideal para moverse por ciudad, est\u00e1 equipada con un sencillo motor pero con una suave respuesta y con buenas prestaciones. Al tener un tama\u00f1o compacto permite la conducci\u00f3n entre la circulaci\u00f3n y por lo tanto moverse por las calles de forma muy eficaz.","og_url":"https:\/\/rideon.es\/renting-empresas\/peugeot-tweet-125-por-barcelona\/","og_site_name":"Alquiler de motos mensual y Renting para Empresas","article_published_time":"2018-07-05T14:17:45+00:00","og_image":[{"width":2525,"height":2560,"url":"https:\/\/rideon.es\/renting-empresas\/wp-content\/uploads\/sites\/19\/2018\/07\/Peugeot-Tweet-125cc-1-scaled.jpg","type":"image\/jpeg"}],"author":"Ride On","twitter_card":"summary_large_image","twitter_misc":{"Escrito por":"Ride On","Tiempo de lectura":"2 minutos"},"schema":{"@context":"https:\/\/schema.org","@graph":[{"@type":"Article","@id":"https:\/\/rideon.es\/renting-empresas\/peugeot-tweet-125-por-barcelona\/#article","isPartOf":{"@id":"https:\/\/rideon.es\/renting-empresas\/peugeot-tweet-125-por-barcelona\/"},"author":{"name":"Ride On","@id":"https:\/\/rideon.es\/renting-empresas\/#\/schema\/person\/48d6770e55c623d929bd20ce295611a7"},"headline":"Peugeot Tweet 125 por Barcelona","datePublished":"2018-07-05T14:17:45+00:00","mainEntityOfPage":{"@id":"https:\/\/rideon.es\/renting-empresas\/peugeot-tweet-125-por-barcelona\/"},"wordCount":413,"commentCount":0,"publisher":{"@id":"https:\/\/rideon.es\/renting-empresas\/#organization"},"image":{"@id":"https:\/\/rideon.es\/renting-empresas\/peugeot-tweet-125-por-barcelona\/#primaryimage"},"thumbnailUrl":"https:\/\/rideon.es\/renting-empresas\/wp-content\/uploads\/sites\/19\/2018\/07\/Peugeot-Tweet-125cc-1-scaled.jpg","articleSection":["Barcelona"],"inLanguage":"es","potentialAction":[{"@type":"CommentAction","name":"Comment","target":["https:\/\/rideon.es\/renting-empresas\/peugeot-tweet-125-por-barcelona\/#respond"]}]},{"@type":"WebPage","@id":"https:\/\/rideon.es\/renting-empresas\/peugeot-tweet-125-por-barcelona\/","url":"https:\/\/rideon.es\/renting-empresas\/peugeot-tweet-125-por-barcelona\/","name":"Peugeot Tweet 125 por Barcelona - Alquiler de motos mensual y Renting para Empresas","isPartOf":{"@id":"https:\/\/rideon.es\/renting-empresas\/#website"},"primaryImageOfPage":{"@id":"https:\/\/rideon.es\/renting-empresas\/peugeot-tweet-125-por-barcelona\/#primaryimage"},"image":{"@id":"https:\/\/rideon.es\/renting-empresas\/peugeot-tweet-125-por-barcelona\/#primaryimage"},"thumbnailUrl":"https:\/\/rideon.es\/renting-empresas\/wp-content\/uploads\/sites\/19\/2018\/07\/Peugeot-Tweet-125cc-1-scaled.jpg","datePublished":"2018-07-05T14:17:45+00:00","description":"La Peugeot Tweet es una moto ideal para moverse por ciudad, est\u00e1 equipada con un sencillo motor pero con una suave respuesta y con buenas prestaciones. Al tener un tama\u00f1o compacto permite la conducci\u00f3n entre la circulaci\u00f3n y por lo tanto moverse por las calles de forma muy eficaz.","inLanguage":"es","potentialAction":[{"@type":"ReadAction","target":["https:\/\/rideon.es\/renting-empresas\/peugeot-tweet-125-por-barcelona\/"]}]},{"@type":"ImageObject","inLanguage":"es","@id":"https:\/\/rideon.es\/renting-empresas\/peugeot-tweet-125-por-barcelona\/#primaryimage","url":"https:\/\/rideon.es\/renting-empresas\/wp-content\/uploads\/sites\/19\/2018\/07\/Peugeot-Tweet-125cc-1-scaled.jpg","contentUrl":"https:\/\/rideon.es\/renting-empresas\/wp-content\/uploads\/sites\/19\/2018\/07\/Peugeot-Tweet-125cc-1-scaled.jpg","width":2525,"height":2560},{"@type":"WebSite","@id":"https:\/\/rideon.es\/renting-empresas\/#website","url":"https:\/\/rideon.es\/renting-empresas\/","name":"Alquiler de motos mensual y Renting para Empresas","description":"Las motos m\u00e1s c\u00f3modas y seguras para disfrutar de tus vacaciones sobre ruedas. Alquiler de motos en Menorca, Mallorca, Barcelona y Valencia con Rideon.es","publisher":{"@id":"https:\/\/rideon.es\/renting-empresas\/#organization"},"potentialAction":[{"@type":"SearchAction","target":{"@type":"EntryPoint","urlTemplate":"https:\/\/rideon.es\/renting-empresas\/?s={search_term_string}"},"query-input":{"@type":"PropertyValueSpecification","valueRequired":true,"valueName":"search_term_string"}}],"inLanguage":"es"},{"@type":"Organization","@id":"https:\/\/rideon.es\/renting-empresas\/#organization","name":"Alquiler de motos mensual y Renting para Empresas","url":"https:\/\/rideon.es\/renting-empresas\/","logo":{"@type":"ImageObject","inLanguage":"es","@id":"https:\/\/rideon.es\/renting-empresas\/#\/schema\/logo\/image\/","url":"https:\/\/rideon.es\/renting-empresas\/wp-content\/uploads\/sites\/19\/2020\/02\/rideon_logo-200x78-1.png","contentUrl":"https:\/\/rideon.es\/renting-empresas\/wp-content\/uploads\/sites\/19\/2020\/02\/rideon_logo-200x78-1.png","width":200,"height":78,"caption":"Alquiler de motos mensual y Renting para Empresas"},"image":{"@id":"https:\/\/rideon.es\/renting-empresas\/#\/schema\/logo\/image\/"}},{"@type":"Person","@id":"https:\/\/rideon.es\/renting-empresas\/#\/schema\/person\/48d6770e55c623d929bd20ce295611a7","name":"Ride On","image":{"@type":"ImageObject","inLanguage":"es","@id":"https:\/\/secure.gravatar.com\/avatar\/785e72183089da6a00243c0f0e2d52db79b9983b602219afb07c868943086138?s=96&d=mm&r=g","url":"https:\/\/secure.gravatar.com\/avatar\/785e72183089da6a00243c0f0e2d52db79b9983b602219afb07c868943086138?s=96&d=mm&r=g","contentUrl":"https:\/\/secure.gravatar.com\/avatar\/785e72183089da6a00243c0f0e2d52db79b9983b602219afb07c868943086138?s=96&d=mm&r=g","caption":"Ride On"},"url":"https:\/\/rideon.es\/renting-empresas\/author\/eduardoyauri\/"}]}},"_links":{"self":[{"href":"https:\/\/rideon.es\/renting-empresas\/wp-json\/wp\/v2\/posts\/3148","targetHints":{"allow":["GET"]}}],"collection":[{"href":"https:\/\/rideon.es\/renting-empresas\/wp-json\/wp\/v2\/posts"}],"about":[{"href":"https:\/\/rideon.es\/renting-empresas\/wp-json\/wp\/v2\/types\/post"}],"author":[{"embeddable":true,"href":"https:\/\/rideon.es\/renting-empresas\/wp-json\/wp\/v2\/users\/2"}],"replies":[{"embeddable":true,"href":"https:\/\/rideon.es\/renting-empresas\/wp-json\/wp\/v2\/comments?post=3148"}],"version-history":[{"count":0,"href":"https:\/\/rideon.es\/renting-empresas\/wp-json\/wp\/v2\/posts\/3148\/revisions"}],"wp:featuredmedia":[{"embeddable":true,"href":"https:\/\/rideon.es\/renting-empresas\/wp-json\/wp\/v2\/media\/5171"}],"wp:attachment":[{"href":"https:\/\/rideon.es\/renting-empresas\/wp-json\/wp\/v2\/media?parent=3148"}],"wp:term":[{"taxonomy":"category","embeddable":true,"href":"https:\/\/rideon.es\/renting-empresas\/wp-json\/wp\/v2\/categories?post=3148"},{"taxonomy":"post_tag","embeddable":true,"href":"https:\/\/rideon.es\/renting-empresas\/wp-json\/wp\/v2\/tags?post=3148"}],"curies":[{"name":"wp","href":"https:\/\/api.w.org\/{rel}","templated":true}]}}