{"id":3066,"date":"2018-06-14T11:23:17","date_gmt":"2018-06-14T11:23:17","guid":{"rendered":"https:\/\/rideon.es\/?p=3066"},"modified":"2018-06-14T11:23:17","modified_gmt":"2018-06-14T11:23:17","slug":"probamos-la-nueva-vespa-primavera-2018-por-barcelona","status":"publish","type":"post","link":"https:\/\/rideon.es\/renting-empresas\/probamos-la-nueva-vespa-primavera-2018-por-barcelona\/","title":{"rendered":"Probamos la nueva Vespa Primavera 2018 por Barcelona"},"content":{"rendered":"<p><img fetchpriority=\"high\" decoding=\"async\" class=\"img-responsive aligncenter\" src=\"https:\/\/rideon.es\/wp-content\/uploads\/2018\/06\/Nueva-vespa-primavera-rideon.jpg\" alt=\"Alquiler vespa primavera 125 Mallorca\" width=\"800\" height=\"450\" \/><br \/>\n<span style=\"font-weight: 400\">Como en todo lo largo de la historia de la Vespa, la primavera ofrece una amplia gama de accesorios y personalizaciones que hacen casi de cada modelo una pieza \u00fanica en el mercado. En Ride On <\/span><a href=\"https:\/\/rideon.es\/es\/alquiler-motos-barcelona\/\"><span style=\"font-weight: 400\">alquiler de motos Barcelona <\/span><\/a><span style=\"font-weight: 400\">nos encantan las motos y estamos enamorados de nuestros modelos de Vespa, cada uno distinto pero sin perder su toque vintage para conducir un scooter por la ciudad.<\/span><\/p>\n<p><span style=\"font-weight: 400\">El conjunto trasero est\u00e1 pintado con el mismo color el el resto de la moto e incorpora los logotipos de Vespa cromados en relieve, adem\u00e1s en el maletero de debajo el asistente se puede guardar hasta un casco integral.<\/span><br \/>\n<img decoding=\"async\" class=\"img-responsive aligncenter\" src=\"https:\/\/rideon.es\/wp-content\/uploads\/2018\/06\/7.jpg\" alt=\"Alquiler vespa primavera 125 Barcelona\" width=\"800\" height=\"534\" \/><br \/>\n<span style=\"font-weight: 400\">La vespa 2018 cuenta tambi\u00e9n con los portaequipajes delanteros y traseros cl\u00e1sicos de la primavera, recordando el esp\u00edritu viajero que siempre han pose\u00eddo las vespas. Los guardabarros delanteros y traseros cromados dan un toque de elegancia a este scooter de 125 cc y ayudan adema\u015b a proteger la carrocer\u00eda de golpes y rayaduras.<\/span><br \/>\n<span style=\"font-weight: 400\">La nuevas vespas primavera disponibles en <\/span><a href=\"https:\/\/rideon.es\/es\/alquiler-motos-barcelona\/\"><span style=\"font-weight: 400\">Ride On Barcelona <\/span><\/a><span style=\"font-weight: 400\">est\u00e1n impulsadas por motores monocil\u00edndricos de 4 tiempos de 125 cc refrigerados por aire. Adem\u00e1s cuentan con inyecci\u00f3n electr\u00f3nica y distribuci\u00f3n de 3 v\u00e1lvulas. Toda la mec\u00e1nica est\u00e1 dise\u00f1ada para ofrecer un conducci\u00f3n suave, silenciosa y sobretodo c\u00f3moda para sus dos ocupantes.<\/span><br \/>\n<img decoding=\"async\" class=\"img-responsive aligncenter\" src=\"https:\/\/rideon.es\/wp-content\/uploads\/2018\/06\/Vespa-primavera-alquiler-moto-barcelona.jpg\" alt=\"Alquiler vespa primavera Barcelona\" width=\"800\" height=\"544\" \/><br \/>\n<span style=\"font-weight: 400\">Los motores de la Vespa son completamente ecol\u00f3gicos y funcionan con un gran rendimiento, el motos de 125 cc ofrece una potencia de 7,9 KW a 7.700 rpm y un par de 10.4 Nm a 6.000 rpm. Estos elevados valores juntamente al reducido peso de la moto hace que la Vespa sea un veh\u00edculo de conducci\u00f3n \u201calegre\u201d tanto en desarrollos urbanos como en carretera abierta con un m\u00e1ximo de 110 Km\/h de velocidad. <\/span><br \/>\n<span style=\"font-weight: 400\">La firma italiana ha logrado rebajar los consumos de combustible de la nueva Vespa a una media de 44 kil\u00f3metros por litro, consiguiendo as\u00ed una autonom\u00eda gracias a sus 8 litros de capacidad del dep\u00f3sito de 364 Km.<\/span><\/p>\n","protected":false},"excerpt":{"rendered":"<p>Como en todo lo largo de la historia de la Vespa, la primavera ofrece una amplia gama de accesorios y personalizaciones que hacen casi de cada modelo una pieza \u00fanica en el mercado. En Ride On alquiler de motos Barcelona nos encantan las motos y estamos enamorados de nuestros modelos de Vespa, cada uno distinto<\/p>\n","protected":false},"author":2,"featured_media":5179,"comment_status":"open","ping_status":"closed","sticky":false,"template":"","format":"standard","meta":{"inline_featured_image":false,"footnotes":""},"categories":[9,49],"tags":[],"class_list":["post-3066","post","type-post","status-publish","format-standard","has-post-thumbnail","hentry","category-barcelona","category-consejos"],"yoast_head":"<!-- This site is optimized with the Yoast SEO Premium plugin v18.7 (Yoast SEO v27.5) - https:\/\/yoast.com\/product\/yoast-seo-premium-wordpress\/ -->\n<title>Probamos la nueva Vespa Primavera 2018 por Barcelona - Alquiler de motos mensual y Renting para Empresas<\/title>\n<meta name=\"description\" content=\"La nueva Vespa sigue teniendo el car\u00e1cter m\u00e1s urbano para el alquiler de un scooter en Barcelona. Descubre con Ride On nuestra prueba por la ciudad de esta fant\u00e1stica vespa primavera 2018.\" \/>\n<meta name=\"robots\" content=\"index, follow, max-snippet:-1, max-image-preview:large, max-video-preview:-1\" \/>\n<link rel=\"canonical\" href=\"https:\/\/rideon.es\/renting-empresas\/probamos-la-nueva-vespa-primavera-2018-por-barcelona\/\" \/>\n<meta property=\"og:locale\" content=\"es_ES\" \/>\n<meta property=\"og:type\" content=\"article\" \/>\n<meta property=\"og:title\" content=\"Probamos la nueva Vespa Primavera 2018 por Barcelona\" \/>\n<meta property=\"og:description\" content=\"La nueva Vespa sigue teniendo el car\u00e1cter m\u00e1s urbano para el alquiler de un scooter en Barcelona. Descubre con Ride On nuestra prueba por la ciudad de esta fant\u00e1stica vespa primavera 2018.\" \/>\n<meta property=\"og:url\" content=\"https:\/\/rideon.es\/renting-empresas\/probamos-la-nueva-vespa-primavera-2018-por-barcelona\/\" \/>\n<meta property=\"og:site_name\" content=\"Alquiler de motos mensual y Renting para Empresas\" \/>\n<meta property=\"article:published_time\" content=\"2018-06-14T11:23:17+00:00\" \/>\n<meta property=\"og:image\" content=\"https:\/\/rideon.es\/renting-empresas\/wp-content\/uploads\/sites\/19\/2018\/06\/Nueva-vespa-primavera-rideon-1.jpg\" \/>\n\t<meta property=\"og:image:width\" content=\"1920\" \/>\n\t<meta property=\"og:image:height\" content=\"1080\" \/>\n\t<meta property=\"og:image:type\" content=\"image\/jpeg\" \/>\n<meta name=\"author\" content=\"Ride On\" \/>\n<meta name=\"twitter:card\" content=\"summary_large_image\" \/>\n<meta name=\"twitter:label1\" content=\"Escrito por\" \/>\n\t<meta name=\"twitter:data1\" content=\"Ride On\" \/>\n\t<meta name=\"twitter:label2\" content=\"Tiempo de lectura\" \/>\n\t<meta name=\"twitter:data2\" content=\"2 minutos\" \/>\n<script type=\"application\/ld+json\" class=\"yoast-schema-graph\">{\"@context\":\"https:\\\/\\\/schema.org\",\"@graph\":[{\"@type\":\"Article\",\"@id\":\"https:\\\/\\\/rideon.es\\\/renting-empresas\\\/probamos-la-nueva-vespa-primavera-2018-por-barcelona\\\/#article\",\"isPartOf\":{\"@id\":\"https:\\\/\\\/rideon.es\\\/renting-empresas\\\/probamos-la-nueva-vespa-primavera-2018-por-barcelona\\\/\"},\"author\":{\"name\":\"Ride On\",\"@id\":\"https:\\\/\\\/rideon.es\\\/renting-empresas\\\/#\\\/schema\\\/person\\\/48d6770e55c623d929bd20ce295611a7\"},\"headline\":\"Probamos la nueva Vespa Primavera 2018 por Barcelona\",\"datePublished\":\"2018-06-14T11:23:17+00:00\",\"mainEntityOfPage\":{\"@id\":\"https:\\\/\\\/rideon.es\\\/renting-empresas\\\/probamos-la-nueva-vespa-primavera-2018-por-barcelona\\\/\"},\"wordCount\":340,\"commentCount\":0,\"publisher\":{\"@id\":\"https:\\\/\\\/rideon.es\\\/renting-empresas\\\/#organization\"},\"image\":{\"@id\":\"https:\\\/\\\/rideon.es\\\/renting-empresas\\\/probamos-la-nueva-vespa-primavera-2018-por-barcelona\\\/#primaryimage\"},\"thumbnailUrl\":\"https:\\\/\\\/rideon.es\\\/renting-empresas\\\/wp-content\\\/uploads\\\/sites\\\/19\\\/2018\\\/06\\\/Nueva-vespa-primavera-rideon-1.jpg\",\"articleSection\":[\"Barcelona\",\"Consejos\"],\"inLanguage\":\"es\",\"potentialAction\":[{\"@type\":\"CommentAction\",\"name\":\"Comment\",\"target\":[\"https:\\\/\\\/rideon.es\\\/renting-empresas\\\/probamos-la-nueva-vespa-primavera-2018-por-barcelona\\\/#respond\"]}]},{\"@type\":\"WebPage\",\"@id\":\"https:\\\/\\\/rideon.es\\\/renting-empresas\\\/probamos-la-nueva-vespa-primavera-2018-por-barcelona\\\/\",\"url\":\"https:\\\/\\\/rideon.es\\\/renting-empresas\\\/probamos-la-nueva-vespa-primavera-2018-por-barcelona\\\/\",\"name\":\"Probamos la nueva Vespa Primavera 2018 por Barcelona - Alquiler de motos mensual y Renting para Empresas\",\"isPartOf\":{\"@id\":\"https:\\\/\\\/rideon.es\\\/renting-empresas\\\/#website\"},\"primaryImageOfPage\":{\"@id\":\"https:\\\/\\\/rideon.es\\\/renting-empresas\\\/probamos-la-nueva-vespa-primavera-2018-por-barcelona\\\/#primaryimage\"},\"image\":{\"@id\":\"https:\\\/\\\/rideon.es\\\/renting-empresas\\\/probamos-la-nueva-vespa-primavera-2018-por-barcelona\\\/#primaryimage\"},\"thumbnailUrl\":\"https:\\\/\\\/rideon.es\\\/renting-empresas\\\/wp-content\\\/uploads\\\/sites\\\/19\\\/2018\\\/06\\\/Nueva-vespa-primavera-rideon-1.jpg\",\"datePublished\":\"2018-06-14T11:23:17+00:00\",\"description\":\"La nueva Vespa sigue teniendo el car\u00e1cter m\u00e1s urbano para el alquiler de un scooter en Barcelona. Descubre con Ride On nuestra prueba por la ciudad de esta fant\u00e1stica vespa primavera 2018.\",\"inLanguage\":\"es\",\"potentialAction\":[{\"@type\":\"ReadAction\",\"target\":[\"https:\\\/\\\/rideon.es\\\/renting-empresas\\\/probamos-la-nueva-vespa-primavera-2018-por-barcelona\\\/\"]}]},{\"@type\":\"ImageObject\",\"inLanguage\":\"es\",\"@id\":\"https:\\\/\\\/rideon.es\\\/renting-empresas\\\/probamos-la-nueva-vespa-primavera-2018-por-barcelona\\\/#primaryimage\",\"url\":\"https:\\\/\\\/rideon.es\\\/renting-empresas\\\/wp-content\\\/uploads\\\/sites\\\/19\\\/2018\\\/06\\\/Nueva-vespa-primavera-rideon-1.jpg\",\"contentUrl\":\"https:\\\/\\\/rideon.es\\\/renting-empresas\\\/wp-content\\\/uploads\\\/sites\\\/19\\\/2018\\\/06\\\/Nueva-vespa-primavera-rideon-1.jpg\",\"width\":1920,\"height\":1080},{\"@type\":\"WebSite\",\"@id\":\"https:\\\/\\\/rideon.es\\\/renting-empresas\\\/#website\",\"url\":\"https:\\\/\\\/rideon.es\\\/renting-empresas\\\/\",\"name\":\"Alquiler de motos mensual y Renting para Empresas\",\"description\":\"Las motos m\u00e1s c\u00f3modas y seguras para disfrutar de tus vacaciones sobre ruedas. Alquiler de motos en Menorca, Mallorca, Barcelona y Valencia con Rideon.es\",\"publisher\":{\"@id\":\"https:\\\/\\\/rideon.es\\\/renting-empresas\\\/#organization\"},\"potentialAction\":[{\"@type\":\"SearchAction\",\"target\":{\"@type\":\"EntryPoint\",\"urlTemplate\":\"https:\\\/\\\/rideon.es\\\/renting-empresas\\\/?s={search_term_string}\"},\"query-input\":{\"@type\":\"PropertyValueSpecification\",\"valueRequired\":true,\"valueName\":\"search_term_string\"}}],\"inLanguage\":\"es\"},{\"@type\":\"Organization\",\"@id\":\"https:\\\/\\\/rideon.es\\\/renting-empresas\\\/#organization\",\"name\":\"Alquiler de motos mensual y Renting para Empresas\",\"url\":\"https:\\\/\\\/rideon.es\\\/renting-empresas\\\/\",\"logo\":{\"@type\":\"ImageObject\",\"inLanguage\":\"es\",\"@id\":\"https:\\\/\\\/rideon.es\\\/renting-empresas\\\/#\\\/schema\\\/logo\\\/image\\\/\",\"url\":\"https:\\\/\\\/rideon.es\\\/renting-empresas\\\/wp-content\\\/uploads\\\/sites\\\/19\\\/2020\\\/02\\\/rideon_logo-200x78-1.png\",\"contentUrl\":\"https:\\\/\\\/rideon.es\\\/renting-empresas\\\/wp-content\\\/uploads\\\/sites\\\/19\\\/2020\\\/02\\\/rideon_logo-200x78-1.png\",\"width\":200,\"height\":78,\"caption\":\"Alquiler de motos mensual y Renting para Empresas\"},\"image\":{\"@id\":\"https:\\\/\\\/rideon.es\\\/renting-empresas\\\/#\\\/schema\\\/logo\\\/image\\\/\"}},{\"@type\":\"Person\",\"@id\":\"https:\\\/\\\/rideon.es\\\/renting-empresas\\\/#\\\/schema\\\/person\\\/48d6770e55c623d929bd20ce295611a7\",\"name\":\"Ride On\",\"image\":{\"@type\":\"ImageObject\",\"inLanguage\":\"es\",\"@id\":\"https:\\\/\\\/secure.gravatar.com\\\/avatar\\\/785e72183089da6a00243c0f0e2d52db79b9983b602219afb07c868943086138?s=96&d=mm&r=g\",\"url\":\"https:\\\/\\\/secure.gravatar.com\\\/avatar\\\/785e72183089da6a00243c0f0e2d52db79b9983b602219afb07c868943086138?s=96&d=mm&r=g\",\"contentUrl\":\"https:\\\/\\\/secure.gravatar.com\\\/avatar\\\/785e72183089da6a00243c0f0e2d52db79b9983b602219afb07c868943086138?s=96&d=mm&r=g\",\"caption\":\"Ride On\"},\"url\":\"https:\\\/\\\/rideon.es\\\/renting-empresas\\\/author\\\/eduardoyauri\\\/\"}]}<\/script>\n<!-- \/ Yoast SEO Premium plugin. -->","yoast_head_json":{"title":"Probamos la nueva Vespa Primavera 2018 por Barcelona - Alquiler de motos mensual y Renting para Empresas","description":"La nueva Vespa sigue teniendo el car\u00e1cter m\u00e1s urbano para el alquiler de un scooter en Barcelona. Descubre con Ride On nuestra prueba por la ciudad de esta fant\u00e1stica vespa primavera 2018.","robots":{"index":"index","follow":"follow","max-snippet":"max-snippet:-1","max-image-preview":"max-image-preview:large","max-video-preview":"max-video-preview:-1"},"canonical":"https:\/\/rideon.es\/renting-empresas\/probamos-la-nueva-vespa-primavera-2018-por-barcelona\/","og_locale":"es_ES","og_type":"article","og_title":"Probamos la nueva Vespa Primavera 2018 por Barcelona","og_description":"La nueva Vespa sigue teniendo el car\u00e1cter m\u00e1s urbano para el alquiler de un scooter en Barcelona. Descubre con Ride On nuestra prueba por la ciudad de esta fant\u00e1stica vespa primavera 2018.","og_url":"https:\/\/rideon.es\/renting-empresas\/probamos-la-nueva-vespa-primavera-2018-por-barcelona\/","og_site_name":"Alquiler de motos mensual y Renting para Empresas","article_published_time":"2018-06-14T11:23:17+00:00","og_image":[{"width":1920,"height":1080,"url":"https:\/\/rideon.es\/renting-empresas\/wp-content\/uploads\/sites\/19\/2018\/06\/Nueva-vespa-primavera-rideon-1.jpg","type":"image\/jpeg"}],"author":"Ride On","twitter_card":"summary_large_image","twitter_misc":{"Escrito por":"Ride On","Tiempo de lectura":"2 minutos"},"schema":{"@context":"https:\/\/schema.org","@graph":[{"@type":"Article","@id":"https:\/\/rideon.es\/renting-empresas\/probamos-la-nueva-vespa-primavera-2018-por-barcelona\/#article","isPartOf":{"@id":"https:\/\/rideon.es\/renting-empresas\/probamos-la-nueva-vespa-primavera-2018-por-barcelona\/"},"author":{"name":"Ride On","@id":"https:\/\/rideon.es\/renting-empresas\/#\/schema\/person\/48d6770e55c623d929bd20ce295611a7"},"headline":"Probamos la nueva Vespa Primavera 2018 por Barcelona","datePublished":"2018-06-14T11:23:17+00:00","mainEntityOfPage":{"@id":"https:\/\/rideon.es\/renting-empresas\/probamos-la-nueva-vespa-primavera-2018-por-barcelona\/"},"wordCount":340,"commentCount":0,"publisher":{"@id":"https:\/\/rideon.es\/renting-empresas\/#organization"},"image":{"@id":"https:\/\/rideon.es\/renting-empresas\/probamos-la-nueva-vespa-primavera-2018-por-barcelona\/#primaryimage"},"thumbnailUrl":"https:\/\/rideon.es\/renting-empresas\/wp-content\/uploads\/sites\/19\/2018\/06\/Nueva-vespa-primavera-rideon-1.jpg","articleSection":["Barcelona","Consejos"],"inLanguage":"es","potentialAction":[{"@type":"CommentAction","name":"Comment","target":["https:\/\/rideon.es\/renting-empresas\/probamos-la-nueva-vespa-primavera-2018-por-barcelona\/#respond"]}]},{"@type":"WebPage","@id":"https:\/\/rideon.es\/renting-empresas\/probamos-la-nueva-vespa-primavera-2018-por-barcelona\/","url":"https:\/\/rideon.es\/renting-empresas\/probamos-la-nueva-vespa-primavera-2018-por-barcelona\/","name":"Probamos la nueva Vespa Primavera 2018 por Barcelona - Alquiler de motos mensual y Renting para Empresas","isPartOf":{"@id":"https:\/\/rideon.es\/renting-empresas\/#website"},"primaryImageOfPage":{"@id":"https:\/\/rideon.es\/renting-empresas\/probamos-la-nueva-vespa-primavera-2018-por-barcelona\/#primaryimage"},"image":{"@id":"https:\/\/rideon.es\/renting-empresas\/probamos-la-nueva-vespa-primavera-2018-por-barcelona\/#primaryimage"},"thumbnailUrl":"https:\/\/rideon.es\/renting-empresas\/wp-content\/uploads\/sites\/19\/2018\/06\/Nueva-vespa-primavera-rideon-1.jpg","datePublished":"2018-06-14T11:23:17+00:00","description":"La nueva Vespa sigue teniendo el car\u00e1cter m\u00e1s urbano para el alquiler de un scooter en Barcelona. Descubre con Ride On nuestra prueba por la ciudad de esta fant\u00e1stica vespa primavera 2018.","inLanguage":"es","potentialAction":[{"@type":"ReadAction","target":["https:\/\/rideon.es\/renting-empresas\/probamos-la-nueva-vespa-primavera-2018-por-barcelona\/"]}]},{"@type":"ImageObject","inLanguage":"es","@id":"https:\/\/rideon.es\/renting-empresas\/probamos-la-nueva-vespa-primavera-2018-por-barcelona\/#primaryimage","url":"https:\/\/rideon.es\/renting-empresas\/wp-content\/uploads\/sites\/19\/2018\/06\/Nueva-vespa-primavera-rideon-1.jpg","contentUrl":"https:\/\/rideon.es\/renting-empresas\/wp-content\/uploads\/sites\/19\/2018\/06\/Nueva-vespa-primavera-rideon-1.jpg","width":1920,"height":1080},{"@type":"WebSite","@id":"https:\/\/rideon.es\/renting-empresas\/#website","url":"https:\/\/rideon.es\/renting-empresas\/","name":"Alquiler de motos mensual y Renting para Empresas","description":"Las motos m\u00e1s c\u00f3modas y seguras para disfrutar de tus vacaciones sobre ruedas. Alquiler de motos en Menorca, Mallorca, Barcelona y Valencia con Rideon.es","publisher":{"@id":"https:\/\/rideon.es\/renting-empresas\/#organization"},"potentialAction":[{"@type":"SearchAction","target":{"@type":"EntryPoint","urlTemplate":"https:\/\/rideon.es\/renting-empresas\/?s={search_term_string}"},"query-input":{"@type":"PropertyValueSpecification","valueRequired":true,"valueName":"search_term_string"}}],"inLanguage":"es"},{"@type":"Organization","@id":"https:\/\/rideon.es\/renting-empresas\/#organization","name":"Alquiler de motos mensual y Renting para Empresas","url":"https:\/\/rideon.es\/renting-empresas\/","logo":{"@type":"ImageObject","inLanguage":"es","@id":"https:\/\/rideon.es\/renting-empresas\/#\/schema\/logo\/image\/","url":"https:\/\/rideon.es\/renting-empresas\/wp-content\/uploads\/sites\/19\/2020\/02\/rideon_logo-200x78-1.png","contentUrl":"https:\/\/rideon.es\/renting-empresas\/wp-content\/uploads\/sites\/19\/2020\/02\/rideon_logo-200x78-1.png","width":200,"height":78,"caption":"Alquiler de motos mensual y Renting para Empresas"},"image":{"@id":"https:\/\/rideon.es\/renting-empresas\/#\/schema\/logo\/image\/"}},{"@type":"Person","@id":"https:\/\/rideon.es\/renting-empresas\/#\/schema\/person\/48d6770e55c623d929bd20ce295611a7","name":"Ride On","image":{"@type":"ImageObject","inLanguage":"es","@id":"https:\/\/secure.gravatar.com\/avatar\/785e72183089da6a00243c0f0e2d52db79b9983b602219afb07c868943086138?s=96&d=mm&r=g","url":"https:\/\/secure.gravatar.com\/avatar\/785e72183089da6a00243c0f0e2d52db79b9983b602219afb07c868943086138?s=96&d=mm&r=g","contentUrl":"https:\/\/secure.gravatar.com\/avatar\/785e72183089da6a00243c0f0e2d52db79b9983b602219afb07c868943086138?s=96&d=mm&r=g","caption":"Ride On"},"url":"https:\/\/rideon.es\/renting-empresas\/author\/eduardoyauri\/"}]}},"_links":{"self":[{"href":"https:\/\/rideon.es\/renting-empresas\/wp-json\/wp\/v2\/posts\/3066","targetHints":{"allow":["GET"]}}],"collection":[{"href":"https:\/\/rideon.es\/renting-empresas\/wp-json\/wp\/v2\/posts"}],"about":[{"href":"https:\/\/rideon.es\/renting-empresas\/wp-json\/wp\/v2\/types\/post"}],"author":[{"embeddable":true,"href":"https:\/\/rideon.es\/renting-empresas\/wp-json\/wp\/v2\/users\/2"}],"replies":[{"embeddable":true,"href":"https:\/\/rideon.es\/renting-empresas\/wp-json\/wp\/v2\/comments?post=3066"}],"version-history":[{"count":0,"href":"https:\/\/rideon.es\/renting-empresas\/wp-json\/wp\/v2\/posts\/3066\/revisions"}],"wp:featuredmedia":[{"embeddable":true,"href":"https:\/\/rideon.es\/renting-empresas\/wp-json\/wp\/v2\/media\/5179"}],"wp:attachment":[{"href":"https:\/\/rideon.es\/renting-empresas\/wp-json\/wp\/v2\/media?parent=3066"}],"wp:term":[{"taxonomy":"category","embeddable":true,"href":"https:\/\/rideon.es\/renting-empresas\/wp-json\/wp\/v2\/categories?post=3066"},{"taxonomy":"post_tag","embeddable":true,"href":"https:\/\/rideon.es\/renting-empresas\/wp-json\/wp\/v2\/tags?post=3066"}],"curies":[{"name":"wp","href":"https:\/\/api.w.org\/{rel}","templated":true}]}}