{"id":2949,"date":"2018-06-12T13:32:43","date_gmt":"2018-06-12T13:32:43","guid":{"rendered":"https:\/\/rideon.es\/?p=2949"},"modified":"2018-06-12T13:32:43","modified_gmt":"2018-06-12T13:32:43","slug":"los-10-protagonistas-de-las-fiestas-de-sant-joan-de-ciutadella","status":"publish","type":"post","link":"https:\/\/rideon.es\/renting-empresas\/los-10-protagonistas-de-las-fiestas-de-sant-joan-de-ciutadella\/","title":{"rendered":"Los 10 protagonistas de las Fiestas de Sant Joan de Ciutadella"},"content":{"rendered":"<p><b>Ciutadella<\/b><span style=\"font-weight: 400\"> celebra a finales del mes de junio sus fiestas m\u00e1s grandes. Coincidiendo con la festividad de <\/span><b>Sant Joan<\/b><span style=\"font-weight: 400\">, la ciudad se transforma en un escenario repleto de actores que protagonizan uno de los acontecimientos populares m\u00e1s reconocidos en todo el Mediterr\u00e1neo, repleto de historia y con un ambiente \u00fanico y dif\u00edcil de olvidar.<\/span><br \/>\n<img fetchpriority=\"high\" decoding=\"async\" class=\"img-responsive aligncenter\" src=\"https:\/\/rideon.es\/wp-content\/uploads\/2018\/06\/alquiler-moto-menorca-fiestas.jpg\" alt=\"Alquiler moto Menorca fiestas\" width=\"800\" height=\"600\" \/><br \/>\n<span style=\"font-weight: 400\">Si has decidido <\/span><a href=\"https:\/\/rideon.es\/es\/alquiler-moto-menorca\/\"><span style=\"font-weight: 400\">alquilar una moto en Menorca<\/span><\/a><span style=\"font-weight: 400\"> para disfrutar de unas vacaciones en la Isla a finales del mes de junio no te resistas a participar en las <\/span><b>Fiestas de Sant Joan de Ciutadella<\/b><span style=\"font-weight: 400\">. Entender\u00e1s su importancia y significado a trav\u00e9s de las 8 claves que te ofrecemos a continuaci\u00f3n. \u00a0<\/span><\/p>\n<p><b>El patr\u00f3n: <\/b><span style=\"font-weight: 400\">Sant Joan es el principal protagonista, el santo patr\u00f3n al que se venera en Ciutadella desde principios del siglo XIV.<\/span><\/p>\n<p><b>El cordero<\/b><span style=\"font-weight: 400\">. El principio de las Fiestas de Sant Joan tiene de protagonista al cordero (Be en menorqu\u00edn). El 20 de Junio se celebra la &#8216;Vetlla des Be&#8217; y el 21 es el &#8216;Dia des Be&#8217;. Un pay\u00e9s vestido con pieles de cordero recorre descalzo las calles del centro de Ciutadella, acompa\u00f1ado por los &#8216;caixers&#8217; (jinetes) invitando a todos a la fiesta. Al d\u00eda siguiente se da el primer &#8216;toc de flabiol&#8217; (toque con la flauta t\u00edpica) y con \u00e9l se anuncia la salida del &#8216;Be&#8217; y de toda su comitiva y el inicio de las fiestas.<\/span><br \/>\n<img decoding=\"async\" class=\"img-responsive aligncenter\" src=\"https:\/\/rideon.es\/wp-content\/uploads\/2018\/06\/fiesta-sant-joan-alquiler-scooter-menorca.jpg\" alt=\"Alquiler scooter Menorca fiestas\" width=\"800\" height=\"532\" \/><br \/>\n<b>El caballo<\/b><span style=\"font-weight: 400\">. Es el protagonista indiscutible de las<\/span><a href=\"https:\/\/rideon.es\/fiestas-de-sant-joant-de-ciutadella\/\"><span style=\"font-weight: 400\"> Fiestas de Sant Joan de Ciutadella<\/span><\/a><span style=\"font-weight: 400\"> y en general de todas las fiestas populares de Menorca. Caballos domados y engalanados con las artes menorquinas ofrecen diversos espect\u00e1culos y protocolos que son \u00fanicos en el mundo. Protagonizan junto a los jinetes carreras, juegos de destreza y los tradicionales jaleos en los que brincan entre la multitud.<\/span><br \/>\n<b>Los jinetes<\/b><span style=\"font-weight: 400\">. Los &#8216;caixers&#8217; son los jinetes que representan los estamentos sociales, el clero, la nobleza, los artesanos y payeses. Un arte que se hereda de generaci\u00f3n en generaci\u00f3n solo apto para experimentados jinetes.<\/span><br \/>\n<b>El jaleo<\/b><span style=\"font-weight: 400\">. Caballos y jinetes demuestran sus habilidades y elegancia al ritmo del &#8216;jaleo&#8217; que es la m\u00fasica t\u00edpica de la fiesta. Con ella se se\u00f1ala uno de los actos m\u00e1s populares de las fiestas, el que lleva a cavalls y cavallers a recorrer a brincos la multitud de personas que animan. Descubre en <\/span><a href=\"https:\/\/rideon.es\/flota\/\"><span style=\"font-weight: 400\">Ride On la flota de scooters<\/span><\/a><span style=\"font-weight: 400\"> m\u00e1s amplia de Menorca<\/span><br \/>\n<img decoding=\"async\" class=\"img-responsive aligncenter\" src=\"https:\/\/rideon.es\/wp-content\/uploads\/2018\/06\/menorca-jinetes-alquiler-moto.jpg\" alt=\"Alquiler scooter Menorca fiestas jinetes \" width=\"800\" height=\"532\" \/><br \/>\n<b>Jocs, corregudes y caragols<\/b><span style=\"font-weight: 400\">. Son muchos los actos que se llevan a cabo con caballos y jinetes a lo largo de todas las fiestas y en especial el d\u00eda 24 de junio festividad de Sant Joan. Las corregudes a sa Pla\u00e7a (carreras en la plaza), los caragols ( los jinetes y los caballos dan vueltas por las calles de Ciutadella y entran en las casas de la gente) o Els jocs des Pla (una serie de pruebas de habilidad para jinetes y caballos). <\/span><br \/>\n<b>Las avellanas<\/b><span style=\"font-weight: 400\">. Una divertida guerra de avellanas se celebra durante las fiestas de Sant Joan en Contramurada de Ciutadella.<\/span><br \/>\n<b>El p\u00fablico:<\/b><span style=\"font-weight: 400\"> Las festes de Sant Joan no tendr\u00edan sentido sin la cantidad de p\u00fablico que participa en ellas. Son indispensables para sus residentes pero tambi\u00e9n para gentes venidos desde distintos puntos de Europa dispuestos a disfrutar de unas fiestas \u00fanicas en un entorno tambi\u00e9n \u00fanico.<\/span><br \/>\n<b>La ciudad<\/b><span style=\"font-weight: 400\">. Toda Ciutadella se vuelca en sus fiestas y por ello la ciudad rebosa de actividad pr\u00e1cticamente las 24 horas del d\u00eda. Pero como el &#8216;aforo&#8217; es limitado, conviene hacer las reservas con tiempo para asegurar el alojamiento en Menorca.<\/span><br \/>\n<img loading=\"lazy\" decoding=\"async\" class=\"img-responsive aligncenter\" src=\"https:\/\/rideon.es\/wp-content\/uploads\/2018\/06\/pomada-alquiler-moto-menorca.jpg\" alt=\"Alquiler scooter Menorca pomada \" width=\"799\" height=\"400\" \/><br \/>\n<b>La pomada<\/b><span style=\"font-weight: 400\">. La bebida por excelencia en las <\/span><a href=\"https:\/\/rideon.es\/fiestas-de-verano-en-menorca-pueblo-a-pueblo\/\"><span style=\"font-weight: 400\">fiestas de Sant Joan<\/span><\/a><span style=\"font-weight: 400\"> a base del gin de Menorca con lim\u00f3n y mucho hielo. Irresistible<\/span><\/p>\n","protected":false},"excerpt":{"rendered":"<p>Ciutadella celebra a finales del mes de junio sus fiestas m\u00e1s grandes. Coincidiendo con la festividad de Sant Joan, la ciudad se transforma en un escenario repleto de actores que protagonizan uno de los acontecimientos populares m\u00e1s reconocidos en todo el Mediterr\u00e1neo, repleto de historia y con un ambiente \u00fanico y dif\u00edcil de olvidar. Si<\/p>\n","protected":false},"author":2,"featured_media":5187,"comment_status":"open","ping_status":"closed","sticky":false,"template":"","format":"standard","meta":{"inline_featured_image":false,"footnotes":""},"categories":[59,58,14],"tags":[],"class_list":["post-2949","post","type-post","status-publish","format-standard","has-post-thumbnail","hentry","category-festividades","category-gastronomia","category-menorca"],"yoast_head":"<!-- This site is optimized with the Yoast SEO Premium plugin v18.7 (Yoast SEO v27.5) - https:\/\/yoast.com\/product\/yoast-seo-premium-wordpress\/ -->\n<title>Los 10 protagonistas de las Fiestas de Sant Joan de Ciutadella - Alquiler de motos mensual y Renting para Empresas<\/title>\n<meta name=\"robots\" content=\"index, follow, max-snippet:-1, max-image-preview:large, max-video-preview:-1\" \/>\n<link rel=\"canonical\" href=\"https:\/\/rideon.es\/renting-empresas\/los-10-protagonistas-de-las-fiestas-de-sant-joan-de-ciutadella\/\" \/>\n<meta property=\"og:locale\" content=\"es_ES\" \/>\n<meta property=\"og:type\" content=\"article\" \/>\n<meta property=\"og:title\" content=\"Los 10 protagonistas de las Fiestas de Sant Joan de Ciutadella\" \/>\n<meta property=\"og:description\" content=\"Ciutadella celebra a finales del mes de junio sus fiestas m\u00e1s grandes. Coincidiendo con la festividad de Sant Joan, la ciudad se transforma en un escenario repleto de actores que protagonizan uno de los acontecimientos populares m\u00e1s reconocidos en todo el Mediterr\u00e1neo, repleto de historia y con un ambiente \u00fanico y dif\u00edcil de olvidar. Si\" \/>\n<meta property=\"og:url\" content=\"https:\/\/rideon.es\/renting-empresas\/los-10-protagonistas-de-las-fiestas-de-sant-joan-de-ciutadella\/\" \/>\n<meta property=\"og:site_name\" content=\"Alquiler de motos mensual y Renting para Empresas\" \/>\n<meta property=\"article:published_time\" content=\"2018-06-12T13:32:43+00:00\" \/>\n<meta property=\"og:image\" content=\"https:\/\/rideon.es\/renting-empresas\/wp-content\/uploads\/sites\/19\/2018\/06\/alquiler-moto-menorca-fiestas-1.jpg\" \/>\n\t<meta property=\"og:image:width\" content=\"1920\" \/>\n\t<meta property=\"og:image:height\" content=\"1440\" \/>\n\t<meta property=\"og:image:type\" content=\"image\/jpeg\" \/>\n<meta name=\"author\" content=\"Ride On\" \/>\n<meta name=\"twitter:card\" content=\"summary_large_image\" \/>\n<meta name=\"twitter:label1\" content=\"Escrito por\" \/>\n\t<meta name=\"twitter:data1\" content=\"Ride On\" \/>\n\t<meta name=\"twitter:label2\" content=\"Tiempo de lectura\" \/>\n\t<meta name=\"twitter:data2\" content=\"3 minutos\" \/>\n<script type=\"application\/ld+json\" class=\"yoast-schema-graph\">{\"@context\":\"https:\\\/\\\/schema.org\",\"@graph\":[{\"@type\":\"Article\",\"@id\":\"https:\\\/\\\/rideon.es\\\/renting-empresas\\\/los-10-protagonistas-de-las-fiestas-de-sant-joan-de-ciutadella\\\/#article\",\"isPartOf\":{\"@id\":\"https:\\\/\\\/rideon.es\\\/renting-empresas\\\/los-10-protagonistas-de-las-fiestas-de-sant-joan-de-ciutadella\\\/\"},\"author\":{\"name\":\"Ride On\",\"@id\":\"https:\\\/\\\/rideon.es\\\/renting-empresas\\\/#\\\/schema\\\/person\\\/48d6770e55c623d929bd20ce295611a7\"},\"headline\":\"Los 10 protagonistas de las Fiestas de Sant Joan de Ciutadella\",\"datePublished\":\"2018-06-12T13:32:43+00:00\",\"mainEntityOfPage\":{\"@id\":\"https:\\\/\\\/rideon.es\\\/renting-empresas\\\/los-10-protagonistas-de-las-fiestas-de-sant-joan-de-ciutadella\\\/\"},\"wordCount\":634,\"commentCount\":0,\"publisher\":{\"@id\":\"https:\\\/\\\/rideon.es\\\/renting-empresas\\\/#organization\"},\"image\":{\"@id\":\"https:\\\/\\\/rideon.es\\\/renting-empresas\\\/los-10-protagonistas-de-las-fiestas-de-sant-joan-de-ciutadella\\\/#primaryimage\"},\"thumbnailUrl\":\"https:\\\/\\\/rideon.es\\\/renting-empresas\\\/wp-content\\\/uploads\\\/sites\\\/19\\\/2018\\\/06\\\/alquiler-moto-menorca-fiestas-1.jpg\",\"articleSection\":[\"Festividades\",\"Gastronom\u00eda\",\"Menorca\"],\"inLanguage\":\"es\",\"potentialAction\":[{\"@type\":\"CommentAction\",\"name\":\"Comment\",\"target\":[\"https:\\\/\\\/rideon.es\\\/renting-empresas\\\/los-10-protagonistas-de-las-fiestas-de-sant-joan-de-ciutadella\\\/#respond\"]}]},{\"@type\":\"WebPage\",\"@id\":\"https:\\\/\\\/rideon.es\\\/renting-empresas\\\/los-10-protagonistas-de-las-fiestas-de-sant-joan-de-ciutadella\\\/\",\"url\":\"https:\\\/\\\/rideon.es\\\/renting-empresas\\\/los-10-protagonistas-de-las-fiestas-de-sant-joan-de-ciutadella\\\/\",\"name\":\"Los 10 protagonistas de las Fiestas de Sant Joan de Ciutadella - Alquiler de motos mensual y Renting para Empresas\",\"isPartOf\":{\"@id\":\"https:\\\/\\\/rideon.es\\\/renting-empresas\\\/#website\"},\"primaryImageOfPage\":{\"@id\":\"https:\\\/\\\/rideon.es\\\/renting-empresas\\\/los-10-protagonistas-de-las-fiestas-de-sant-joan-de-ciutadella\\\/#primaryimage\"},\"image\":{\"@id\":\"https:\\\/\\\/rideon.es\\\/renting-empresas\\\/los-10-protagonistas-de-las-fiestas-de-sant-joan-de-ciutadella\\\/#primaryimage\"},\"thumbnailUrl\":\"https:\\\/\\\/rideon.es\\\/renting-empresas\\\/wp-content\\\/uploads\\\/sites\\\/19\\\/2018\\\/06\\\/alquiler-moto-menorca-fiestas-1.jpg\",\"datePublished\":\"2018-06-12T13:32:43+00:00\",\"inLanguage\":\"es\",\"potentialAction\":[{\"@type\":\"ReadAction\",\"target\":[\"https:\\\/\\\/rideon.es\\\/renting-empresas\\\/los-10-protagonistas-de-las-fiestas-de-sant-joan-de-ciutadella\\\/\"]}]},{\"@type\":\"ImageObject\",\"inLanguage\":\"es\",\"@id\":\"https:\\\/\\\/rideon.es\\\/renting-empresas\\\/los-10-protagonistas-de-las-fiestas-de-sant-joan-de-ciutadella\\\/#primaryimage\",\"url\":\"https:\\\/\\\/rideon.es\\\/renting-empresas\\\/wp-content\\\/uploads\\\/sites\\\/19\\\/2018\\\/06\\\/alquiler-moto-menorca-fiestas-1.jpg\",\"contentUrl\":\"https:\\\/\\\/rideon.es\\\/renting-empresas\\\/wp-content\\\/uploads\\\/sites\\\/19\\\/2018\\\/06\\\/alquiler-moto-menorca-fiestas-1.jpg\",\"width\":1920,\"height\":1440},{\"@type\":\"WebSite\",\"@id\":\"https:\\\/\\\/rideon.es\\\/renting-empresas\\\/#website\",\"url\":\"https:\\\/\\\/rideon.es\\\/renting-empresas\\\/\",\"name\":\"Alquiler de motos mensual y Renting para Empresas\",\"description\":\"Las motos m\u00e1s c\u00f3modas y seguras para disfrutar de tus vacaciones sobre ruedas. Alquiler de motos en Menorca, Mallorca, Barcelona y Valencia con Rideon.es\",\"publisher\":{\"@id\":\"https:\\\/\\\/rideon.es\\\/renting-empresas\\\/#organization\"},\"potentialAction\":[{\"@type\":\"SearchAction\",\"target\":{\"@type\":\"EntryPoint\",\"urlTemplate\":\"https:\\\/\\\/rideon.es\\\/renting-empresas\\\/?s={search_term_string}\"},\"query-input\":{\"@type\":\"PropertyValueSpecification\",\"valueRequired\":true,\"valueName\":\"search_term_string\"}}],\"inLanguage\":\"es\"},{\"@type\":\"Organization\",\"@id\":\"https:\\\/\\\/rideon.es\\\/renting-empresas\\\/#organization\",\"name\":\"Alquiler de motos mensual y Renting para Empresas\",\"url\":\"https:\\\/\\\/rideon.es\\\/renting-empresas\\\/\",\"logo\":{\"@type\":\"ImageObject\",\"inLanguage\":\"es\",\"@id\":\"https:\\\/\\\/rideon.es\\\/renting-empresas\\\/#\\\/schema\\\/logo\\\/image\\\/\",\"url\":\"https:\\\/\\\/rideon.es\\\/renting-empresas\\\/wp-content\\\/uploads\\\/sites\\\/19\\\/2020\\\/02\\\/rideon_logo-200x78-1.png\",\"contentUrl\":\"https:\\\/\\\/rideon.es\\\/renting-empresas\\\/wp-content\\\/uploads\\\/sites\\\/19\\\/2020\\\/02\\\/rideon_logo-200x78-1.png\",\"width\":200,\"height\":78,\"caption\":\"Alquiler de motos mensual y Renting para Empresas\"},\"image\":{\"@id\":\"https:\\\/\\\/rideon.es\\\/renting-empresas\\\/#\\\/schema\\\/logo\\\/image\\\/\"}},{\"@type\":\"Person\",\"@id\":\"https:\\\/\\\/rideon.es\\\/renting-empresas\\\/#\\\/schema\\\/person\\\/48d6770e55c623d929bd20ce295611a7\",\"name\":\"Ride On\",\"image\":{\"@type\":\"ImageObject\",\"inLanguage\":\"es\",\"@id\":\"https:\\\/\\\/secure.gravatar.com\\\/avatar\\\/785e72183089da6a00243c0f0e2d52db79b9983b602219afb07c868943086138?s=96&d=mm&r=g\",\"url\":\"https:\\\/\\\/secure.gravatar.com\\\/avatar\\\/785e72183089da6a00243c0f0e2d52db79b9983b602219afb07c868943086138?s=96&d=mm&r=g\",\"contentUrl\":\"https:\\\/\\\/secure.gravatar.com\\\/avatar\\\/785e72183089da6a00243c0f0e2d52db79b9983b602219afb07c868943086138?s=96&d=mm&r=g\",\"caption\":\"Ride On\"},\"url\":\"https:\\\/\\\/rideon.es\\\/renting-empresas\\\/author\\\/eduardoyauri\\\/\"}]}<\/script>\n<!-- \/ Yoast SEO Premium plugin. -->","yoast_head_json":{"title":"Los 10 protagonistas de las Fiestas de Sant Joan de Ciutadella - Alquiler de motos mensual y Renting para Empresas","robots":{"index":"index","follow":"follow","max-snippet":"max-snippet:-1","max-image-preview":"max-image-preview:large","max-video-preview":"max-video-preview:-1"},"canonical":"https:\/\/rideon.es\/renting-empresas\/los-10-protagonistas-de-las-fiestas-de-sant-joan-de-ciutadella\/","og_locale":"es_ES","og_type":"article","og_title":"Los 10 protagonistas de las Fiestas de Sant Joan de Ciutadella","og_description":"Ciutadella celebra a finales del mes de junio sus fiestas m\u00e1s grandes. Coincidiendo con la festividad de Sant Joan, la ciudad se transforma en un escenario repleto de actores que protagonizan uno de los acontecimientos populares m\u00e1s reconocidos en todo el Mediterr\u00e1neo, repleto de historia y con un ambiente \u00fanico y dif\u00edcil de olvidar. Si","og_url":"https:\/\/rideon.es\/renting-empresas\/los-10-protagonistas-de-las-fiestas-de-sant-joan-de-ciutadella\/","og_site_name":"Alquiler de motos mensual y Renting para Empresas","article_published_time":"2018-06-12T13:32:43+00:00","og_image":[{"width":1920,"height":1440,"url":"https:\/\/rideon.es\/renting-empresas\/wp-content\/uploads\/sites\/19\/2018\/06\/alquiler-moto-menorca-fiestas-1.jpg","type":"image\/jpeg"}],"author":"Ride On","twitter_card":"summary_large_image","twitter_misc":{"Escrito por":"Ride On","Tiempo de lectura":"3 minutos"},"schema":{"@context":"https:\/\/schema.org","@graph":[{"@type":"Article","@id":"https:\/\/rideon.es\/renting-empresas\/los-10-protagonistas-de-las-fiestas-de-sant-joan-de-ciutadella\/#article","isPartOf":{"@id":"https:\/\/rideon.es\/renting-empresas\/los-10-protagonistas-de-las-fiestas-de-sant-joan-de-ciutadella\/"},"author":{"name":"Ride On","@id":"https:\/\/rideon.es\/renting-empresas\/#\/schema\/person\/48d6770e55c623d929bd20ce295611a7"},"headline":"Los 10 protagonistas de las Fiestas de Sant Joan de Ciutadella","datePublished":"2018-06-12T13:32:43+00:00","mainEntityOfPage":{"@id":"https:\/\/rideon.es\/renting-empresas\/los-10-protagonistas-de-las-fiestas-de-sant-joan-de-ciutadella\/"},"wordCount":634,"commentCount":0,"publisher":{"@id":"https:\/\/rideon.es\/renting-empresas\/#organization"},"image":{"@id":"https:\/\/rideon.es\/renting-empresas\/los-10-protagonistas-de-las-fiestas-de-sant-joan-de-ciutadella\/#primaryimage"},"thumbnailUrl":"https:\/\/rideon.es\/renting-empresas\/wp-content\/uploads\/sites\/19\/2018\/06\/alquiler-moto-menorca-fiestas-1.jpg","articleSection":["Festividades","Gastronom\u00eda","Menorca"],"inLanguage":"es","potentialAction":[{"@type":"CommentAction","name":"Comment","target":["https:\/\/rideon.es\/renting-empresas\/los-10-protagonistas-de-las-fiestas-de-sant-joan-de-ciutadella\/#respond"]}]},{"@type":"WebPage","@id":"https:\/\/rideon.es\/renting-empresas\/los-10-protagonistas-de-las-fiestas-de-sant-joan-de-ciutadella\/","url":"https:\/\/rideon.es\/renting-empresas\/los-10-protagonistas-de-las-fiestas-de-sant-joan-de-ciutadella\/","name":"Los 10 protagonistas de las Fiestas de Sant Joan de Ciutadella - Alquiler de motos mensual y Renting para Empresas","isPartOf":{"@id":"https:\/\/rideon.es\/renting-empresas\/#website"},"primaryImageOfPage":{"@id":"https:\/\/rideon.es\/renting-empresas\/los-10-protagonistas-de-las-fiestas-de-sant-joan-de-ciutadella\/#primaryimage"},"image":{"@id":"https:\/\/rideon.es\/renting-empresas\/los-10-protagonistas-de-las-fiestas-de-sant-joan-de-ciutadella\/#primaryimage"},"thumbnailUrl":"https:\/\/rideon.es\/renting-empresas\/wp-content\/uploads\/sites\/19\/2018\/06\/alquiler-moto-menorca-fiestas-1.jpg","datePublished":"2018-06-12T13:32:43+00:00","inLanguage":"es","potentialAction":[{"@type":"ReadAction","target":["https:\/\/rideon.es\/renting-empresas\/los-10-protagonistas-de-las-fiestas-de-sant-joan-de-ciutadella\/"]}]},{"@type":"ImageObject","inLanguage":"es","@id":"https:\/\/rideon.es\/renting-empresas\/los-10-protagonistas-de-las-fiestas-de-sant-joan-de-ciutadella\/#primaryimage","url":"https:\/\/rideon.es\/renting-empresas\/wp-content\/uploads\/sites\/19\/2018\/06\/alquiler-moto-menorca-fiestas-1.jpg","contentUrl":"https:\/\/rideon.es\/renting-empresas\/wp-content\/uploads\/sites\/19\/2018\/06\/alquiler-moto-menorca-fiestas-1.jpg","width":1920,"height":1440},{"@type":"WebSite","@id":"https:\/\/rideon.es\/renting-empresas\/#website","url":"https:\/\/rideon.es\/renting-empresas\/","name":"Alquiler de motos mensual y Renting para Empresas","description":"Las motos m\u00e1s c\u00f3modas y seguras para disfrutar de tus vacaciones sobre ruedas. Alquiler de motos en Menorca, Mallorca, Barcelona y Valencia con Rideon.es","publisher":{"@id":"https:\/\/rideon.es\/renting-empresas\/#organization"},"potentialAction":[{"@type":"SearchAction","target":{"@type":"EntryPoint","urlTemplate":"https:\/\/rideon.es\/renting-empresas\/?s={search_term_string}"},"query-input":{"@type":"PropertyValueSpecification","valueRequired":true,"valueName":"search_term_string"}}],"inLanguage":"es"},{"@type":"Organization","@id":"https:\/\/rideon.es\/renting-empresas\/#organization","name":"Alquiler de motos mensual y Renting para Empresas","url":"https:\/\/rideon.es\/renting-empresas\/","logo":{"@type":"ImageObject","inLanguage":"es","@id":"https:\/\/rideon.es\/renting-empresas\/#\/schema\/logo\/image\/","url":"https:\/\/rideon.es\/renting-empresas\/wp-content\/uploads\/sites\/19\/2020\/02\/rideon_logo-200x78-1.png","contentUrl":"https:\/\/rideon.es\/renting-empresas\/wp-content\/uploads\/sites\/19\/2020\/02\/rideon_logo-200x78-1.png","width":200,"height":78,"caption":"Alquiler de motos mensual y Renting para Empresas"},"image":{"@id":"https:\/\/rideon.es\/renting-empresas\/#\/schema\/logo\/image\/"}},{"@type":"Person","@id":"https:\/\/rideon.es\/renting-empresas\/#\/schema\/person\/48d6770e55c623d929bd20ce295611a7","name":"Ride On","image":{"@type":"ImageObject","inLanguage":"es","@id":"https:\/\/secure.gravatar.com\/avatar\/785e72183089da6a00243c0f0e2d52db79b9983b602219afb07c868943086138?s=96&d=mm&r=g","url":"https:\/\/secure.gravatar.com\/avatar\/785e72183089da6a00243c0f0e2d52db79b9983b602219afb07c868943086138?s=96&d=mm&r=g","contentUrl":"https:\/\/secure.gravatar.com\/avatar\/785e72183089da6a00243c0f0e2d52db79b9983b602219afb07c868943086138?s=96&d=mm&r=g","caption":"Ride On"},"url":"https:\/\/rideon.es\/renting-empresas\/author\/eduardoyauri\/"}]}},"_links":{"self":[{"href":"https:\/\/rideon.es\/renting-empresas\/wp-json\/wp\/v2\/posts\/2949","targetHints":{"allow":["GET"]}}],"collection":[{"href":"https:\/\/rideon.es\/renting-empresas\/wp-json\/wp\/v2\/posts"}],"about":[{"href":"https:\/\/rideon.es\/renting-empresas\/wp-json\/wp\/v2\/types\/post"}],"author":[{"embeddable":true,"href":"https:\/\/rideon.es\/renting-empresas\/wp-json\/wp\/v2\/users\/2"}],"replies":[{"embeddable":true,"href":"https:\/\/rideon.es\/renting-empresas\/wp-json\/wp\/v2\/comments?post=2949"}],"version-history":[{"count":0,"href":"https:\/\/rideon.es\/renting-empresas\/wp-json\/wp\/v2\/posts\/2949\/revisions"}],"wp:featuredmedia":[{"embeddable":true,"href":"https:\/\/rideon.es\/renting-empresas\/wp-json\/wp\/v2\/media\/5187"}],"wp:attachment":[{"href":"https:\/\/rideon.es\/renting-empresas\/wp-json\/wp\/v2\/media?parent=2949"}],"wp:term":[{"taxonomy":"category","embeddable":true,"href":"https:\/\/rideon.es\/renting-empresas\/wp-json\/wp\/v2\/categories?post=2949"},{"taxonomy":"post_tag","embeddable":true,"href":"https:\/\/rideon.es\/renting-empresas\/wp-json\/wp\/v2\/tags?post=2949"}],"curies":[{"name":"wp","href":"https:\/\/api.w.org\/{rel}","templated":true}]}}