{"id":2911,"date":"2018-06-06T11:20:07","date_gmt":"2018-06-06T11:20:07","guid":{"rendered":"https:\/\/rideon.es\/?p=2911"},"modified":"2018-06-06T11:20:07","modified_gmt":"2018-06-06T11:20:07","slug":"algunos-consejos-antes-de-arrancar-tu-peugeot-tweet-125","status":"publish","type":"post","link":"https:\/\/rideon.es\/renting-empresas\/algunos-consejos-antes-de-arrancar-tu-peugeot-tweet-125\/","title":{"rendered":"Algunos consejos antes de arrancar tu Peugeot Tweet 125"},"content":{"rendered":"<h2><span style=\"font-weight: 400\">Consejos antes de arrancar tu Peugeot Tweet 125 <\/span><\/h2>\n<p><img fetchpriority=\"high\" decoding=\"async\" class=\"img-responsive aligncenter\" src=\"https:\/\/rideon.es\/wp-content\/uploads\/2018\/06\/tweet125.jpg\" alt=\"Alquiler moto Tweet 125 Mallorca\" width=\"800\" height=\"571\" \/><br \/>\n<span style=\"font-weight: 400\">Acaba de alquilar una moto en una de nuestras oficinas de alquiler de motos y scooters de <\/span><a href=\"https:\/\/rideon.es\/es\/alquiler-moto-menorca\/\"><span style=\"font-weight: 400\">Menorca<\/span><\/a><span style=\"font-weight: 400\">, <\/span><a href=\"https:\/\/rideon.es\/es\/alquiler-motos-barcelona\/\"><span style=\"font-weight: 400\">Barcelona<\/span><\/a><span style=\"font-weight: 400\"> o <\/span><a href=\"https:\/\/rideon.es\/es\/alquiler-moto-mallorca\/\"><span style=\"font-weight: 400\">Mallorca<\/span><\/a><span style=\"font-weight: 400\"> y tiene algunas dudas respecto al manejo de su scooter. Vamos a darle algunos consejos para sacar el m\u00e1ximo rendimiento a su moto.<\/span><br \/>\nDesde Ride On Mallorca damos algunos consejos antes de arrancar tu Peugeot Tweet 125 en nuestra oficina de Palma<\/p>\n<h2><span style=\"font-weight: 400\">Consejos de seguridad<\/span><\/h2>\n<p><span style=\"font-weight: 400\">Es obligatorio el <\/span><b>uso de un casco<\/b><span style=\"font-weight: 400\"> homologado que habr\u00e1 podido recoger en nuestras oficinas de alquiler, es obligatorio el uso para el usuario y para el pasajero. Se recomienda tambi\u00e9n llevar guantes y gafas de protecci\u00f3n, as\u00ed como ropa clara y reflectante, adaptada a la conducci\u00f3n de un scooter de dos ruedas.<\/span><\/p>\n<p><span style=\"font-weight: 400\">El <\/span><b>exceso de velocidad<\/b><span style=\"font-weight: 400\"> es un factor importante en numerosos accidentes, recuerde respetar la se\u00f1alizaci\u00f3n vial y adaptar la velocidad en funci\u00f3n de las condiciones clim\u00e1ticas.<\/span><br \/>\n<img decoding=\"async\" class=\"img-responsive aligncenter\" src=\"https:\/\/rideon.es\/wp-content\/uploads\/2018\/06\/tweet125-lateral.jpg\" alt=\"Alquiler moto Tweet 125 Mallorca lateral\" width=\"802\" height=\"573\" \/><\/p>\n<p><span style=\"font-weight: 400\">Depende del veh\u00edculo de alquiler puede incluir porta-equipajes y maleteros homologados opcionales (seg\u00fan modelo). Recuerde respetar en todo momento el <\/span><b>m\u00e1ximo de carga admisible de transporte siendo de 3 a 5 Kg<\/b><span style=\"font-weight: 400\"> seg\u00fan equipamiento.<\/span><\/p>\n<p><span style=\"font-weight: 400\">El motor de la <\/span><span style=\"font-weight: 400\">Peugeot Tweet<\/span><span style=\"font-weight: 400\"> y los <\/span><b>elementos de escape pueden alcanzar temperaturas muy altas<\/b><span style=\"font-weight: 400\"> con lo que evite el contacto con cualquier material inflamable y evite poner en contacto cualquier parte del cuerpo.<\/span><\/p>\n<h2><span style=\"font-weight: 400\">Consejos antes de salir<\/span><\/h2>\n<p><span style=\"font-weight: 400\">Controle el nivel de carburante.<\/span><br \/>\n<span style=\"font-weight: 400\">Controle el nivel de aceite del motor.<\/span><br \/>\n<span style=\"font-weight: 400\">Controlar el funcionamiento de la iluminaci\u00f3n, de los intermitentes, de la bocina y de la luz de parada.<\/span><br \/>\n<span style=\"font-weight: 400\">Controle el desgaste y el estado de los neum\u00e1ticos.<\/span><br \/>\n<span style=\"font-weight: 400\">Controle la presi\u00f3n de inflado de los neum\u00e1ticos.<\/span><br \/>\n<span style=\"font-weight: 400\">Controle el buen funcionamiento de la empu\u00f1adura de gas.<\/span><br \/>\n<span style=\"font-weight: 400\">Controle la flexibilidad de funcionamiento del caballete central y lateral.<\/span><br \/>\n<span style=\"font-weight: 400\">Controle el ajuste de los retrovisores.<\/span><br \/>\n<span style=\"font-weight: 400\">Controle el funcionamiento y el recorrido de las palancas de freno.<\/span><\/p>\n<p><span style=\"font-weight: 400\">Si una palanca de freno da sensaci\u00f3n de suavidad cuando sea acciona avise de inmediato a uno de nuestros t\u00e9cnicos en nuestras oficinas de <\/span><a href=\"https:\/\/rideon.es\/es\/alquiler-moto-mallorca\/\"><span style=\"font-weight: 400\">alquiler de motos en Mallorca<\/span><\/a><span style=\"font-weight: 400\">.<\/span><\/p>\n<h2><span style=\"font-weight: 400\">Consejos de puesta marcha y conducci\u00f3n de la Tweet 125cc<\/span><\/h2>\n<p><span style=\"font-weight: 400\">Antes del primer uso es recomendable familiarizarse con todos los mandos y sus funciones. si duda sobre alguno de los mandos no dude en consultar a un t\u00e9cnico de <\/span><a href=\"https:\/\/rideon.es\"><span style=\"font-weight: 400\">Ride On<\/span><\/a><span style=\"font-weight: 400\">.<\/span><br \/>\n<span style=\"font-weight: 400\">Debido a la toxicidad de los gases de escape, el motor debe ponerse en marcha en lugares bien ventilados y evitar el encendido en locales cerrados incluso por per\u00edodos de tiempo cortos.<\/span><\/p>\n<h3><span style=\"font-weight: 400\">Arranque del motor<\/span><\/h3>\n<p><img decoding=\"async\" class=\"img-responsive aligncenter\" src=\"https:\/\/rideon.es\/wp-content\/uploads\/2018\/06\/caballete-peugeot-tweet.png\" alt=\"Alquiler moto Tweet 125 Mallorca caballete\" width=\"800\" height=\"535\" \/><\/p>\n<p><span style=\"font-weight: 400\">Para mayor seguridad antes de arrancar el motor ponga el scooter sobre el caballete central. Aseg\u00farese que el mando de parada de emergencia del manillar est\u00e1 en posici\u00f3n de arranque<\/span><br \/>\n<img loading=\"lazy\" decoding=\"async\" class=\"img-responsive aligncenter\" src=\"https:\/\/rideon.es\/wp-content\/uploads\/2018\/06\/mandos-arranque-tweet-125.png\" alt=\"Alquiler moto Tweet 125 Mallorca botones arranque\" width=\"797\" height=\"427\" \/><\/p>\n<ol start=\"4\">\n<li><span style=\"font-weight: 400\"> Bot\u00f3n de arranque<\/span><\/li>\n<li><span style=\"font-weight: 400\"> Bot\u00f3n de parada de emergencia (para el motor en caso de emergencia)<\/span><\/li>\n<li><span style=\"font-weight: 400\"> Posici\u00f3n de parada del motor<\/span><\/li>\n<li><span style=\"font-weight: 400\"> Posici\u00f3n de arranque<\/span><\/li>\n<\/ol>\n<p>&nbsp;<\/p>\n<h3><span style=\"font-weight: 400\">Arranque electr\u00f3nico<\/span><\/h3>\n<p><span style=\"font-weight: 400\">Gire la llave del volante del contacto a la posici\u00f3n \u201cON\u201d<\/span><br \/>\n<span style=\"font-weight: 400\">Aseg\u00farese que el mando del acelerador est\u00e1 en la posici\u00f3n cerrada.<\/span><br \/>\n<span style=\"font-weight: 400\">Accione una de las palancas de freno mientras se pulsa el bot\u00f3n de arranque. Es importante no accionar el bot\u00f3n de arranque durante m\u00e1s de 10 segundo.<\/span><br \/>\n<span style=\"font-weight: 400\">Suelta el motor de arranque una vez est\u00e9 el motor en marcha. Si el motor no arranca a la primera deber\u00e1 soltar el bot\u00f3n de arranque, la palanca de freno y esperar unos segundos e intentarlo de nuevo.<\/span><\/p>\n<h3><span style=\"font-weight: 400\">Arranque con el pedal de arranque<\/span><\/h3>\n<p><span style=\"font-weight: 400\">Gire la llave del volante del contacto a la posici\u00f3n \u201cON\u201d<\/span><br \/>\n<span style=\"font-weight: 400\">Aseg\u00farese de que el mando del acelerador est\u00e1 en la posici\u00f3n cerrada.<\/span><br \/>\n<span style=\"font-weight: 400\">Agarre la empu\u00f1adura de mantenimiento con la mano derecha.<\/span><br \/>\n<span style=\"font-weight: 400\">Accione el pedal de arranque hasta que el motor se ponga en marcha.<\/span><\/p>\n<p><span style=\"font-weight: 400\">Ver todas las caracter\u00edsticas de la Tweet 125 en Youtube:<\/span><\/p>\n<p><span data-mce-type=\"bookmark\" style=\"width: 0px;overflow: hidden;line-height: 0\" class=\"mce_SELRES_start\">\ufeff<\/span><\/p>\n","protected":false},"excerpt":{"rendered":"<p>Consejos antes de arrancar tu Peugeot Tweet 125 Acaba de alquilar una moto en una de nuestras oficinas de alquiler de motos y scooters de Menorca, Barcelona o Mallorca y tiene algunas dudas respecto al manejo de su scooter. Vamos a darle algunos consejos para sacar el m\u00e1ximo rendimiento a su moto. Desde Ride On<\/p>\n","protected":false},"author":2,"featured_media":5203,"comment_status":"open","ping_status":"closed","sticky":false,"template":"","format":"standard","meta":{"inline_featured_image":false,"footnotes":""},"categories":[9,49,11,14],"tags":[],"class_list":["post-2911","post","type-post","status-publish","format-standard","has-post-thumbnail","hentry","category-barcelona","category-consejos","category-mallorca","category-menorca"],"yoast_head":"<!-- This site is optimized with the Yoast SEO Premium plugin v18.7 (Yoast SEO v27.5) - https:\/\/yoast.com\/product\/yoast-seo-premium-wordpress\/ -->\n<title>Consejos antes de arrancar tu Peugeot Tweet 125 - Rideon alquiler moto Mallorca<\/title>\n<meta name=\"description\" content=\"Algunos consejos antes de arrancar tu Peugeot Tweet 125 en nuestras oficinas de alquiler de motos de Barcelona, Menorca, Mallorca y Valnecia\" \/>\n<meta name=\"robots\" content=\"index, follow, max-snippet:-1, max-image-preview:large, max-video-preview:-1\" \/>\n<link rel=\"canonical\" href=\"https:\/\/rideon.es\/renting-empresas\/algunos-consejos-antes-de-arrancar-tu-peugeot-tweet-125\/\" \/>\n<meta property=\"og:locale\" content=\"es_ES\" \/>\n<meta property=\"og:type\" content=\"article\" \/>\n<meta property=\"og:title\" content=\"Algunos consejos antes de arrancar tu Peugeot Tweet 125\" \/>\n<meta property=\"og:description\" content=\"Algunos consejos antes de arrancar tu Peugeot Tweet 125 en nuestras oficinas de alquiler de motos de Barcelona, Menorca, Mallorca y Valnecia\" \/>\n<meta property=\"og:url\" content=\"https:\/\/rideon.es\/renting-empresas\/algunos-consejos-antes-de-arrancar-tu-peugeot-tweet-125\/\" \/>\n<meta property=\"og:site_name\" content=\"Alquiler de motos mensual y Renting para Empresas\" \/>\n<meta property=\"article:published_time\" content=\"2018-06-06T11:20:07+00:00\" \/>\n<meta property=\"og:image\" content=\"https:\/\/rideon.es\/renting-empresas\/wp-content\/uploads\/sites\/19\/2018\/06\/tweet125-1.jpg\" \/>\n\t<meta property=\"og:image:width\" content=\"701\" \/>\n\t<meta property=\"og:image:height\" content=\"500\" \/>\n\t<meta property=\"og:image:type\" content=\"image\/jpeg\" \/>\n<meta name=\"author\" content=\"Ride On\" \/>\n<meta name=\"twitter:card\" content=\"summary_large_image\" \/>\n<meta name=\"twitter:label1\" content=\"Escrito por\" \/>\n\t<meta name=\"twitter:data1\" content=\"Ride On\" \/>\n\t<meta name=\"twitter:label2\" content=\"Tiempo de lectura\" \/>\n\t<meta name=\"twitter:data2\" content=\"3 minutos\" \/>\n<script type=\"application\/ld+json\" class=\"yoast-schema-graph\">{\"@context\":\"https:\\\/\\\/schema.org\",\"@graph\":[{\"@type\":\"Article\",\"@id\":\"https:\\\/\\\/rideon.es\\\/renting-empresas\\\/algunos-consejos-antes-de-arrancar-tu-peugeot-tweet-125\\\/#article\",\"isPartOf\":{\"@id\":\"https:\\\/\\\/rideon.es\\\/renting-empresas\\\/algunos-consejos-antes-de-arrancar-tu-peugeot-tweet-125\\\/\"},\"author\":{\"name\":\"Ride On\",\"@id\":\"https:\\\/\\\/rideon.es\\\/renting-empresas\\\/#\\\/schema\\\/person\\\/48d6770e55c623d929bd20ce295611a7\"},\"headline\":\"Algunos consejos antes de arrancar tu Peugeot Tweet 125\",\"datePublished\":\"2018-06-06T11:20:07+00:00\",\"mainEntityOfPage\":{\"@id\":\"https:\\\/\\\/rideon.es\\\/renting-empresas\\\/algunos-consejos-antes-de-arrancar-tu-peugeot-tweet-125\\\/\"},\"wordCount\":661,\"commentCount\":0,\"publisher\":{\"@id\":\"https:\\\/\\\/rideon.es\\\/renting-empresas\\\/#organization\"},\"image\":{\"@id\":\"https:\\\/\\\/rideon.es\\\/renting-empresas\\\/algunos-consejos-antes-de-arrancar-tu-peugeot-tweet-125\\\/#primaryimage\"},\"thumbnailUrl\":\"https:\\\/\\\/rideon.es\\\/renting-empresas\\\/wp-content\\\/uploads\\\/sites\\\/19\\\/2018\\\/06\\\/tweet125-1.jpg\",\"articleSection\":[\"Barcelona\",\"Consejos\",\"Mallorca\",\"Menorca\"],\"inLanguage\":\"es\",\"potentialAction\":[{\"@type\":\"CommentAction\",\"name\":\"Comment\",\"target\":[\"https:\\\/\\\/rideon.es\\\/renting-empresas\\\/algunos-consejos-antes-de-arrancar-tu-peugeot-tweet-125\\\/#respond\"]}]},{\"@type\":\"WebPage\",\"@id\":\"https:\\\/\\\/rideon.es\\\/renting-empresas\\\/algunos-consejos-antes-de-arrancar-tu-peugeot-tweet-125\\\/\",\"url\":\"https:\\\/\\\/rideon.es\\\/renting-empresas\\\/algunos-consejos-antes-de-arrancar-tu-peugeot-tweet-125\\\/\",\"name\":\"Consejos antes de arrancar tu Peugeot Tweet 125 - Rideon alquiler moto Mallorca\",\"isPartOf\":{\"@id\":\"https:\\\/\\\/rideon.es\\\/renting-empresas\\\/#website\"},\"primaryImageOfPage\":{\"@id\":\"https:\\\/\\\/rideon.es\\\/renting-empresas\\\/algunos-consejos-antes-de-arrancar-tu-peugeot-tweet-125\\\/#primaryimage\"},\"image\":{\"@id\":\"https:\\\/\\\/rideon.es\\\/renting-empresas\\\/algunos-consejos-antes-de-arrancar-tu-peugeot-tweet-125\\\/#primaryimage\"},\"thumbnailUrl\":\"https:\\\/\\\/rideon.es\\\/renting-empresas\\\/wp-content\\\/uploads\\\/sites\\\/19\\\/2018\\\/06\\\/tweet125-1.jpg\",\"datePublished\":\"2018-06-06T11:20:07+00:00\",\"description\":\"Algunos consejos antes de arrancar tu Peugeot Tweet 125 en nuestras oficinas de alquiler de motos de Barcelona, Menorca, Mallorca y Valnecia\",\"inLanguage\":\"es\",\"potentialAction\":[{\"@type\":\"ReadAction\",\"target\":[\"https:\\\/\\\/rideon.es\\\/renting-empresas\\\/algunos-consejos-antes-de-arrancar-tu-peugeot-tweet-125\\\/\"]}]},{\"@type\":\"ImageObject\",\"inLanguage\":\"es\",\"@id\":\"https:\\\/\\\/rideon.es\\\/renting-empresas\\\/algunos-consejos-antes-de-arrancar-tu-peugeot-tweet-125\\\/#primaryimage\",\"url\":\"https:\\\/\\\/rideon.es\\\/renting-empresas\\\/wp-content\\\/uploads\\\/sites\\\/19\\\/2018\\\/06\\\/tweet125-1.jpg\",\"contentUrl\":\"https:\\\/\\\/rideon.es\\\/renting-empresas\\\/wp-content\\\/uploads\\\/sites\\\/19\\\/2018\\\/06\\\/tweet125-1.jpg\",\"width\":701,\"height\":500},{\"@type\":\"WebSite\",\"@id\":\"https:\\\/\\\/rideon.es\\\/renting-empresas\\\/#website\",\"url\":\"https:\\\/\\\/rideon.es\\\/renting-empresas\\\/\",\"name\":\"Alquiler de motos mensual y Renting para Empresas\",\"description\":\"Las motos m\u00e1s c\u00f3modas y seguras para disfrutar de tus vacaciones sobre ruedas. Alquiler de motos en Menorca, Mallorca, Barcelona y Valencia con Rideon.es\",\"publisher\":{\"@id\":\"https:\\\/\\\/rideon.es\\\/renting-empresas\\\/#organization\"},\"potentialAction\":[{\"@type\":\"SearchAction\",\"target\":{\"@type\":\"EntryPoint\",\"urlTemplate\":\"https:\\\/\\\/rideon.es\\\/renting-empresas\\\/?s={search_term_string}\"},\"query-input\":{\"@type\":\"PropertyValueSpecification\",\"valueRequired\":true,\"valueName\":\"search_term_string\"}}],\"inLanguage\":\"es\"},{\"@type\":\"Organization\",\"@id\":\"https:\\\/\\\/rideon.es\\\/renting-empresas\\\/#organization\",\"name\":\"Alquiler de motos mensual y Renting para Empresas\",\"url\":\"https:\\\/\\\/rideon.es\\\/renting-empresas\\\/\",\"logo\":{\"@type\":\"ImageObject\",\"inLanguage\":\"es\",\"@id\":\"https:\\\/\\\/rideon.es\\\/renting-empresas\\\/#\\\/schema\\\/logo\\\/image\\\/\",\"url\":\"https:\\\/\\\/rideon.es\\\/renting-empresas\\\/wp-content\\\/uploads\\\/sites\\\/19\\\/2020\\\/02\\\/rideon_logo-200x78-1.png\",\"contentUrl\":\"https:\\\/\\\/rideon.es\\\/renting-empresas\\\/wp-content\\\/uploads\\\/sites\\\/19\\\/2020\\\/02\\\/rideon_logo-200x78-1.png\",\"width\":200,\"height\":78,\"caption\":\"Alquiler de motos mensual y Renting para Empresas\"},\"image\":{\"@id\":\"https:\\\/\\\/rideon.es\\\/renting-empresas\\\/#\\\/schema\\\/logo\\\/image\\\/\"}},{\"@type\":\"Person\",\"@id\":\"https:\\\/\\\/rideon.es\\\/renting-empresas\\\/#\\\/schema\\\/person\\\/48d6770e55c623d929bd20ce295611a7\",\"name\":\"Ride On\",\"image\":{\"@type\":\"ImageObject\",\"inLanguage\":\"es\",\"@id\":\"https:\\\/\\\/secure.gravatar.com\\\/avatar\\\/785e72183089da6a00243c0f0e2d52db79b9983b602219afb07c868943086138?s=96&d=mm&r=g\",\"url\":\"https:\\\/\\\/secure.gravatar.com\\\/avatar\\\/785e72183089da6a00243c0f0e2d52db79b9983b602219afb07c868943086138?s=96&d=mm&r=g\",\"contentUrl\":\"https:\\\/\\\/secure.gravatar.com\\\/avatar\\\/785e72183089da6a00243c0f0e2d52db79b9983b602219afb07c868943086138?s=96&d=mm&r=g\",\"caption\":\"Ride On\"},\"url\":\"https:\\\/\\\/rideon.es\\\/renting-empresas\\\/author\\\/eduardoyauri\\\/\"}]}<\/script>\n<!-- \/ Yoast SEO Premium plugin. -->","yoast_head_json":{"title":"Consejos antes de arrancar tu Peugeot Tweet 125 - Rideon alquiler moto Mallorca","description":"Algunos consejos antes de arrancar tu Peugeot Tweet 125 en nuestras oficinas de alquiler de motos de Barcelona, Menorca, Mallorca y Valnecia","robots":{"index":"index","follow":"follow","max-snippet":"max-snippet:-1","max-image-preview":"max-image-preview:large","max-video-preview":"max-video-preview:-1"},"canonical":"https:\/\/rideon.es\/renting-empresas\/algunos-consejos-antes-de-arrancar-tu-peugeot-tweet-125\/","og_locale":"es_ES","og_type":"article","og_title":"Algunos consejos antes de arrancar tu Peugeot Tweet 125","og_description":"Algunos consejos antes de arrancar tu Peugeot Tweet 125 en nuestras oficinas de alquiler de motos de Barcelona, Menorca, Mallorca y Valnecia","og_url":"https:\/\/rideon.es\/renting-empresas\/algunos-consejos-antes-de-arrancar-tu-peugeot-tweet-125\/","og_site_name":"Alquiler de motos mensual y Renting para Empresas","article_published_time":"2018-06-06T11:20:07+00:00","og_image":[{"width":701,"height":500,"url":"https:\/\/rideon.es\/renting-empresas\/wp-content\/uploads\/sites\/19\/2018\/06\/tweet125-1.jpg","type":"image\/jpeg"}],"author":"Ride On","twitter_card":"summary_large_image","twitter_misc":{"Escrito por":"Ride On","Tiempo de lectura":"3 minutos"},"schema":{"@context":"https:\/\/schema.org","@graph":[{"@type":"Article","@id":"https:\/\/rideon.es\/renting-empresas\/algunos-consejos-antes-de-arrancar-tu-peugeot-tweet-125\/#article","isPartOf":{"@id":"https:\/\/rideon.es\/renting-empresas\/algunos-consejos-antes-de-arrancar-tu-peugeot-tweet-125\/"},"author":{"name":"Ride On","@id":"https:\/\/rideon.es\/renting-empresas\/#\/schema\/person\/48d6770e55c623d929bd20ce295611a7"},"headline":"Algunos consejos antes de arrancar tu Peugeot Tweet 125","datePublished":"2018-06-06T11:20:07+00:00","mainEntityOfPage":{"@id":"https:\/\/rideon.es\/renting-empresas\/algunos-consejos-antes-de-arrancar-tu-peugeot-tweet-125\/"},"wordCount":661,"commentCount":0,"publisher":{"@id":"https:\/\/rideon.es\/renting-empresas\/#organization"},"image":{"@id":"https:\/\/rideon.es\/renting-empresas\/algunos-consejos-antes-de-arrancar-tu-peugeot-tweet-125\/#primaryimage"},"thumbnailUrl":"https:\/\/rideon.es\/renting-empresas\/wp-content\/uploads\/sites\/19\/2018\/06\/tweet125-1.jpg","articleSection":["Barcelona","Consejos","Mallorca","Menorca"],"inLanguage":"es","potentialAction":[{"@type":"CommentAction","name":"Comment","target":["https:\/\/rideon.es\/renting-empresas\/algunos-consejos-antes-de-arrancar-tu-peugeot-tweet-125\/#respond"]}]},{"@type":"WebPage","@id":"https:\/\/rideon.es\/renting-empresas\/algunos-consejos-antes-de-arrancar-tu-peugeot-tweet-125\/","url":"https:\/\/rideon.es\/renting-empresas\/algunos-consejos-antes-de-arrancar-tu-peugeot-tweet-125\/","name":"Consejos antes de arrancar tu Peugeot Tweet 125 - Rideon alquiler moto Mallorca","isPartOf":{"@id":"https:\/\/rideon.es\/renting-empresas\/#website"},"primaryImageOfPage":{"@id":"https:\/\/rideon.es\/renting-empresas\/algunos-consejos-antes-de-arrancar-tu-peugeot-tweet-125\/#primaryimage"},"image":{"@id":"https:\/\/rideon.es\/renting-empresas\/algunos-consejos-antes-de-arrancar-tu-peugeot-tweet-125\/#primaryimage"},"thumbnailUrl":"https:\/\/rideon.es\/renting-empresas\/wp-content\/uploads\/sites\/19\/2018\/06\/tweet125-1.jpg","datePublished":"2018-06-06T11:20:07+00:00","description":"Algunos consejos antes de arrancar tu Peugeot Tweet 125 en nuestras oficinas de alquiler de motos de Barcelona, Menorca, Mallorca y Valnecia","inLanguage":"es","potentialAction":[{"@type":"ReadAction","target":["https:\/\/rideon.es\/renting-empresas\/algunos-consejos-antes-de-arrancar-tu-peugeot-tweet-125\/"]}]},{"@type":"ImageObject","inLanguage":"es","@id":"https:\/\/rideon.es\/renting-empresas\/algunos-consejos-antes-de-arrancar-tu-peugeot-tweet-125\/#primaryimage","url":"https:\/\/rideon.es\/renting-empresas\/wp-content\/uploads\/sites\/19\/2018\/06\/tweet125-1.jpg","contentUrl":"https:\/\/rideon.es\/renting-empresas\/wp-content\/uploads\/sites\/19\/2018\/06\/tweet125-1.jpg","width":701,"height":500},{"@type":"WebSite","@id":"https:\/\/rideon.es\/renting-empresas\/#website","url":"https:\/\/rideon.es\/renting-empresas\/","name":"Alquiler de motos mensual y Renting para Empresas","description":"Las motos m\u00e1s c\u00f3modas y seguras para disfrutar de tus vacaciones sobre ruedas. Alquiler de motos en Menorca, Mallorca, Barcelona y Valencia con Rideon.es","publisher":{"@id":"https:\/\/rideon.es\/renting-empresas\/#organization"},"potentialAction":[{"@type":"SearchAction","target":{"@type":"EntryPoint","urlTemplate":"https:\/\/rideon.es\/renting-empresas\/?s={search_term_string}"},"query-input":{"@type":"PropertyValueSpecification","valueRequired":true,"valueName":"search_term_string"}}],"inLanguage":"es"},{"@type":"Organization","@id":"https:\/\/rideon.es\/renting-empresas\/#organization","name":"Alquiler de motos mensual y Renting para Empresas","url":"https:\/\/rideon.es\/renting-empresas\/","logo":{"@type":"ImageObject","inLanguage":"es","@id":"https:\/\/rideon.es\/renting-empresas\/#\/schema\/logo\/image\/","url":"https:\/\/rideon.es\/renting-empresas\/wp-content\/uploads\/sites\/19\/2020\/02\/rideon_logo-200x78-1.png","contentUrl":"https:\/\/rideon.es\/renting-empresas\/wp-content\/uploads\/sites\/19\/2020\/02\/rideon_logo-200x78-1.png","width":200,"height":78,"caption":"Alquiler de motos mensual y Renting para Empresas"},"image":{"@id":"https:\/\/rideon.es\/renting-empresas\/#\/schema\/logo\/image\/"}},{"@type":"Person","@id":"https:\/\/rideon.es\/renting-empresas\/#\/schema\/person\/48d6770e55c623d929bd20ce295611a7","name":"Ride On","image":{"@type":"ImageObject","inLanguage":"es","@id":"https:\/\/secure.gravatar.com\/avatar\/785e72183089da6a00243c0f0e2d52db79b9983b602219afb07c868943086138?s=96&d=mm&r=g","url":"https:\/\/secure.gravatar.com\/avatar\/785e72183089da6a00243c0f0e2d52db79b9983b602219afb07c868943086138?s=96&d=mm&r=g","contentUrl":"https:\/\/secure.gravatar.com\/avatar\/785e72183089da6a00243c0f0e2d52db79b9983b602219afb07c868943086138?s=96&d=mm&r=g","caption":"Ride On"},"url":"https:\/\/rideon.es\/renting-empresas\/author\/eduardoyauri\/"}]}},"_links":{"self":[{"href":"https:\/\/rideon.es\/renting-empresas\/wp-json\/wp\/v2\/posts\/2911","targetHints":{"allow":["GET"]}}],"collection":[{"href":"https:\/\/rideon.es\/renting-empresas\/wp-json\/wp\/v2\/posts"}],"about":[{"href":"https:\/\/rideon.es\/renting-empresas\/wp-json\/wp\/v2\/types\/post"}],"author":[{"embeddable":true,"href":"https:\/\/rideon.es\/renting-empresas\/wp-json\/wp\/v2\/users\/2"}],"replies":[{"embeddable":true,"href":"https:\/\/rideon.es\/renting-empresas\/wp-json\/wp\/v2\/comments?post=2911"}],"version-history":[{"count":0,"href":"https:\/\/rideon.es\/renting-empresas\/wp-json\/wp\/v2\/posts\/2911\/revisions"}],"wp:featuredmedia":[{"embeddable":true,"href":"https:\/\/rideon.es\/renting-empresas\/wp-json\/wp\/v2\/media\/5203"}],"wp:attachment":[{"href":"https:\/\/rideon.es\/renting-empresas\/wp-json\/wp\/v2\/media?parent=2911"}],"wp:term":[{"taxonomy":"category","embeddable":true,"href":"https:\/\/rideon.es\/renting-empresas\/wp-json\/wp\/v2\/categories?post=2911"},{"taxonomy":"post_tag","embeddable":true,"href":"https:\/\/rideon.es\/renting-empresas\/wp-json\/wp\/v2\/tags?post=2911"}],"curies":[{"name":"wp","href":"https:\/\/api.w.org\/{rel}","templated":true}]}}