{"id":2898,"date":"2018-05-30T11:36:11","date_gmt":"2018-05-30T11:36:11","guid":{"rendered":"https:\/\/rideon.es\/?p=2898"},"modified":"2018-05-30T11:36:11","modified_gmt":"2018-05-30T11:36:11","slug":"probamos-la-g-310-r-de-bmw-por-valencia","status":"publish","type":"post","link":"https:\/\/rideon.es\/renting-empresas\/probamos-la-g-310-r-de-bmw-por-valencia\/","title":{"rendered":"Probamos la G 310 R de BMW por Valencia"},"content":{"rendered":"<p><span style=\"font-weight: 400\">La G310 R es una moto perfecta para el d\u00eda a d\u00eda en ciudad, adem\u00e1s permite realizar una escapada de fin de semana con los amigos en la playa. Cada vez es m\u00e1s com\u00fan realizar este tipo de planes en dos ruedas y gracias a <\/span><span style=\"font-weight: 400\">Ride On alquiler de motos en Valencia<\/span><span style=\"font-weight: 400\"> esto es posible.<\/span><br \/>\n<img fetchpriority=\"high\" decoding=\"async\" class=\"img-responsive aligncenter\" src=\"https:\/\/rideon.es\/wp-content\/uploads\/2018\/05\/ciudad-G310-R-BMW-alquiler-moto-valencia.png\" alt=\"Alquiler moto Valencia\" width=\"798\" height=\"462\" \/><br \/>\n<span style=\"font-weight: 400\">Con la G310R BMW entra de lleno en el sector de las motos de 300cc con la idea de posicionarse entre las motos de baja cilindrada y de algunas de mayor potencia como la <\/span><a href=\"https:\/\/rideon.es\/probamos-la-transalp-alquiler-moto-barcelona\/\"><span style=\"font-weight: 400\">Transalp 700CC<\/span><\/a><span style=\"font-weight: 400\">.<\/span><br \/>\n<span style=\"font-weight: 400\">Destaca por su dise\u00f1o y colores pero tambi\u00e9n por su mec\u00e1nica de calidad como la suspensi\u00f3n invertida, discos de frenos de 300mm y un cuadro de mandos digital con toda la informaci\u00f3n necesaria. <\/span><br \/>\n<img decoding=\"async\" class=\"img-responsive aligncenter\" src=\"https:\/\/rideon.es\/wp-content\/uploads\/2018\/05\/G310-R-BMW-alquiler-moto-valencia.png\" alt=\"Alquiler BMW G310R Valencia\" width=\"801\" height=\"469\" \/><\/p>\n<p><span style=\"font-weight: 400\">La G310 R es una naked de 34 CV de potencia y un dise\u00f1o deportiva que recuerda mucho a su parienta la S1000R. Con solo 150 Kg de peso y con un manillar alto la hacen perfecta para la conducci\u00f3n urbana, \u00a0en poco rato de conducci\u00f3n se percibe la comodidad gracias a la postura recta y por lo estrecho del conjunto.\u00a0<\/span><br \/>\n<img decoding=\"async\" class=\"img-responsive aligncenter\" src=\"https:\/\/rideon.es\/wp-content\/uploads\/2018\/05\/curvas-G310-R-BMW-alquiler-moto-valencia.png\" alt=\"Alquiler BMW G310R Valencia ciudad\" width=\"798\" height=\"495\" \/><\/p>\n<p><span style=\"font-weight: 400\">Fuera de ciudad es donde m\u00e1s se puede disfrutar del motor de esta naked que con 313cc no se nota que quede corta en ning\u00fan momento. Los ingenieros de BMW han adelantado la posici\u00f3n del motor y han alargado el basculante para mejorar la estabilidad y el agarre sobretodo en carreteras de curvas.<\/span><br \/>\n<img loading=\"lazy\" decoding=\"async\" class=\"img-responsive aligncenter\" src=\"https:\/\/rideon.es\/wp-content\/uploads\/2018\/05\/ciudad-G310-R-BMW-alquiler-moto-valencia.png\" alt=\"Alquiler BMW G310R Valencia cilindro\" width=\"800\" height=\"463\" \/><br \/>\n<span style=\"font-weight: 400\">El cilindro se ha colocado al rev\u00e9s de este modo el aire entra directamente en el motor y mejora la refrigeraci\u00f3n, dando gran soltura a la moto incluso llevando a un pasajero de acompa\u00f1ante.<\/span><br \/>\n<span style=\"font-weight: 400\">La G310R de <\/span><a href=\"https:\/\/rideon.es\"><span style=\"font-weight: 400\">Ride On<\/span><\/a><span style=\"font-weight: 400\"> es una moto perfecta para la circulaci\u00f3n urbana del d\u00eda a d\u00eda pero tambi\u00e9n es perfecta para salir un fin de semana a disfrutar de la conducci\u00f3n en curvas.<\/span><\/p>\n","protected":false},"excerpt":{"rendered":"<p>La G310 R es una moto perfecta para el d\u00eda a d\u00eda en ciudad, adem\u00e1s permite realizar una escapada de fin de semana con los amigos en la playa. Cada vez es m\u00e1s com\u00fan realizar este tipo de planes en dos ruedas y gracias a Ride On alquiler de motos en Valencia esto es posible.<\/p>\n","protected":false},"author":2,"featured_media":5199,"comment_status":"open","ping_status":"closed","sticky":false,"template":"","format":"standard","meta":{"inline_featured_image":false,"footnotes":""},"categories":[49],"tags":[],"class_list":["post-2898","post","type-post","status-publish","format-standard","has-post-thumbnail","hentry","category-consejos"],"yoast_head":"<!-- This site is optimized with the Yoast SEO Premium plugin v18.7 (Yoast SEO v27.5) - https:\/\/yoast.com\/product\/yoast-seo-premium-wordpress\/ -->\n<title>Probamos la G 310 R de BMW por Valencia - Alquiler de motos mensual y Renting para Empresas<\/title>\n<meta name=\"description\" content=\"Ya puedes alquilar en nuestras oficinas de Barcelona, Menorca y Valencia la G 310 R BMW. Mira disponibilidad en www.rideon.es\" \/>\n<meta name=\"robots\" content=\"index, follow, max-snippet:-1, max-image-preview:large, max-video-preview:-1\" \/>\n<link rel=\"canonical\" href=\"https:\/\/rideon.es\/renting-empresas\/probamos-la-g-310-r-de-bmw-por-valencia\/\" \/>\n<meta property=\"og:locale\" content=\"es_ES\" \/>\n<meta property=\"og:type\" content=\"article\" \/>\n<meta property=\"og:title\" content=\"Probamos la G 310 R de BMW por Valencia\" \/>\n<meta property=\"og:description\" content=\"Ya puedes alquilar en nuestras oficinas de Barcelona, Menorca y Valencia la G 310 R BMW. Mira disponibilidad en www.rideon.es\" \/>\n<meta property=\"og:url\" content=\"https:\/\/rideon.es\/renting-empresas\/probamos-la-g-310-r-de-bmw-por-valencia\/\" \/>\n<meta property=\"og:site_name\" content=\"Alquiler de motos mensual y Renting para Empresas\" \/>\n<meta property=\"article:published_time\" content=\"2018-05-30T11:36:11+00:00\" \/>\n<meta property=\"og:image\" content=\"https:\/\/rideon.es\/renting-empresas\/wp-content\/uploads\/sites\/19\/2018\/06\/ciudad-G310-R-BMW-alquiler-moto-valencia.png\" \/>\n\t<meta property=\"og:image:width\" content=\"1199\" \/>\n\t<meta property=\"og:image:height\" content=\"694\" \/>\n\t<meta property=\"og:image:type\" content=\"image\/png\" \/>\n<meta name=\"author\" content=\"Ride On\" \/>\n<meta name=\"twitter:card\" content=\"summary_large_image\" \/>\n<meta name=\"twitter:label1\" content=\"Escrito por\" \/>\n\t<meta name=\"twitter:data1\" content=\"Ride On\" \/>\n\t<meta name=\"twitter:label2\" content=\"Tiempo de lectura\" \/>\n\t<meta name=\"twitter:data2\" content=\"2 minutos\" \/>\n<script type=\"application\/ld+json\" class=\"yoast-schema-graph\">{\"@context\":\"https:\\\/\\\/schema.org\",\"@graph\":[{\"@type\":\"Article\",\"@id\":\"https:\\\/\\\/rideon.es\\\/renting-empresas\\\/probamos-la-g-310-r-de-bmw-por-valencia\\\/#article\",\"isPartOf\":{\"@id\":\"https:\\\/\\\/rideon.es\\\/renting-empresas\\\/probamos-la-g-310-r-de-bmw-por-valencia\\\/\"},\"author\":{\"name\":\"Ride On\",\"@id\":\"https:\\\/\\\/rideon.es\\\/renting-empresas\\\/#\\\/schema\\\/person\\\/48d6770e55c623d929bd20ce295611a7\"},\"headline\":\"Probamos la G 310 R de BMW por Valencia\",\"datePublished\":\"2018-05-30T11:36:11+00:00\",\"mainEntityOfPage\":{\"@id\":\"https:\\\/\\\/rideon.es\\\/renting-empresas\\\/probamos-la-g-310-r-de-bmw-por-valencia\\\/\"},\"wordCount\":339,\"commentCount\":0,\"publisher\":{\"@id\":\"https:\\\/\\\/rideon.es\\\/renting-empresas\\\/#organization\"},\"image\":{\"@id\":\"https:\\\/\\\/rideon.es\\\/renting-empresas\\\/probamos-la-g-310-r-de-bmw-por-valencia\\\/#primaryimage\"},\"thumbnailUrl\":\"https:\\\/\\\/rideon.es\\\/renting-empresas\\\/wp-content\\\/uploads\\\/sites\\\/19\\\/2018\\\/06\\\/ciudad-G310-R-BMW-alquiler-moto-valencia.png\",\"articleSection\":[\"Consejos\"],\"inLanguage\":\"es\",\"potentialAction\":[{\"@type\":\"CommentAction\",\"name\":\"Comment\",\"target\":[\"https:\\\/\\\/rideon.es\\\/renting-empresas\\\/probamos-la-g-310-r-de-bmw-por-valencia\\\/#respond\"]}]},{\"@type\":\"WebPage\",\"@id\":\"https:\\\/\\\/rideon.es\\\/renting-empresas\\\/probamos-la-g-310-r-de-bmw-por-valencia\\\/\",\"url\":\"https:\\\/\\\/rideon.es\\\/renting-empresas\\\/probamos-la-g-310-r-de-bmw-por-valencia\\\/\",\"name\":\"Probamos la G 310 R de BMW por Valencia - Alquiler de motos mensual y Renting para Empresas\",\"isPartOf\":{\"@id\":\"https:\\\/\\\/rideon.es\\\/renting-empresas\\\/#website\"},\"primaryImageOfPage\":{\"@id\":\"https:\\\/\\\/rideon.es\\\/renting-empresas\\\/probamos-la-g-310-r-de-bmw-por-valencia\\\/#primaryimage\"},\"image\":{\"@id\":\"https:\\\/\\\/rideon.es\\\/renting-empresas\\\/probamos-la-g-310-r-de-bmw-por-valencia\\\/#primaryimage\"},\"thumbnailUrl\":\"https:\\\/\\\/rideon.es\\\/renting-empresas\\\/wp-content\\\/uploads\\\/sites\\\/19\\\/2018\\\/06\\\/ciudad-G310-R-BMW-alquiler-moto-valencia.png\",\"datePublished\":\"2018-05-30T11:36:11+00:00\",\"description\":\"Ya puedes alquilar en nuestras oficinas de Barcelona, Menorca y Valencia la G 310 R BMW. Mira disponibilidad en www.rideon.es\",\"inLanguage\":\"es\",\"potentialAction\":[{\"@type\":\"ReadAction\",\"target\":[\"https:\\\/\\\/rideon.es\\\/renting-empresas\\\/probamos-la-g-310-r-de-bmw-por-valencia\\\/\"]}]},{\"@type\":\"ImageObject\",\"inLanguage\":\"es\",\"@id\":\"https:\\\/\\\/rideon.es\\\/renting-empresas\\\/probamos-la-g-310-r-de-bmw-por-valencia\\\/#primaryimage\",\"url\":\"https:\\\/\\\/rideon.es\\\/renting-empresas\\\/wp-content\\\/uploads\\\/sites\\\/19\\\/2018\\\/06\\\/ciudad-G310-R-BMW-alquiler-moto-valencia.png\",\"contentUrl\":\"https:\\\/\\\/rideon.es\\\/renting-empresas\\\/wp-content\\\/uploads\\\/sites\\\/19\\\/2018\\\/06\\\/ciudad-G310-R-BMW-alquiler-moto-valencia.png\",\"width\":1199,\"height\":694},{\"@type\":\"WebSite\",\"@id\":\"https:\\\/\\\/rideon.es\\\/renting-empresas\\\/#website\",\"url\":\"https:\\\/\\\/rideon.es\\\/renting-empresas\\\/\",\"name\":\"Alquiler de motos mensual y Renting para Empresas\",\"description\":\"Las motos m\u00e1s c\u00f3modas y seguras para disfrutar de tus vacaciones sobre ruedas. Alquiler de motos en Menorca, Mallorca, Barcelona y Valencia con Rideon.es\",\"publisher\":{\"@id\":\"https:\\\/\\\/rideon.es\\\/renting-empresas\\\/#organization\"},\"potentialAction\":[{\"@type\":\"SearchAction\",\"target\":{\"@type\":\"EntryPoint\",\"urlTemplate\":\"https:\\\/\\\/rideon.es\\\/renting-empresas\\\/?s={search_term_string}\"},\"query-input\":{\"@type\":\"PropertyValueSpecification\",\"valueRequired\":true,\"valueName\":\"search_term_string\"}}],\"inLanguage\":\"es\"},{\"@type\":\"Organization\",\"@id\":\"https:\\\/\\\/rideon.es\\\/renting-empresas\\\/#organization\",\"name\":\"Alquiler de motos mensual y Renting para Empresas\",\"url\":\"https:\\\/\\\/rideon.es\\\/renting-empresas\\\/\",\"logo\":{\"@type\":\"ImageObject\",\"inLanguage\":\"es\",\"@id\":\"https:\\\/\\\/rideon.es\\\/renting-empresas\\\/#\\\/schema\\\/logo\\\/image\\\/\",\"url\":\"https:\\\/\\\/rideon.es\\\/renting-empresas\\\/wp-content\\\/uploads\\\/sites\\\/19\\\/2020\\\/02\\\/rideon_logo-200x78-1.png\",\"contentUrl\":\"https:\\\/\\\/rideon.es\\\/renting-empresas\\\/wp-content\\\/uploads\\\/sites\\\/19\\\/2020\\\/02\\\/rideon_logo-200x78-1.png\",\"width\":200,\"height\":78,\"caption\":\"Alquiler de motos mensual y Renting para Empresas\"},\"image\":{\"@id\":\"https:\\\/\\\/rideon.es\\\/renting-empresas\\\/#\\\/schema\\\/logo\\\/image\\\/\"}},{\"@type\":\"Person\",\"@id\":\"https:\\\/\\\/rideon.es\\\/renting-empresas\\\/#\\\/schema\\\/person\\\/48d6770e55c623d929bd20ce295611a7\",\"name\":\"Ride On\",\"image\":{\"@type\":\"ImageObject\",\"inLanguage\":\"es\",\"@id\":\"https:\\\/\\\/secure.gravatar.com\\\/avatar\\\/785e72183089da6a00243c0f0e2d52db79b9983b602219afb07c868943086138?s=96&d=mm&r=g\",\"url\":\"https:\\\/\\\/secure.gravatar.com\\\/avatar\\\/785e72183089da6a00243c0f0e2d52db79b9983b602219afb07c868943086138?s=96&d=mm&r=g\",\"contentUrl\":\"https:\\\/\\\/secure.gravatar.com\\\/avatar\\\/785e72183089da6a00243c0f0e2d52db79b9983b602219afb07c868943086138?s=96&d=mm&r=g\",\"caption\":\"Ride On\"},\"url\":\"https:\\\/\\\/rideon.es\\\/renting-empresas\\\/author\\\/eduardoyauri\\\/\"}]}<\/script>\n<!-- \/ Yoast SEO Premium plugin. -->","yoast_head_json":{"title":"Probamos la G 310 R de BMW por Valencia - Alquiler de motos mensual y Renting para Empresas","description":"Ya puedes alquilar en nuestras oficinas de Barcelona, Menorca y Valencia la G 310 R BMW. Mira disponibilidad en www.rideon.es","robots":{"index":"index","follow":"follow","max-snippet":"max-snippet:-1","max-image-preview":"max-image-preview:large","max-video-preview":"max-video-preview:-1"},"canonical":"https:\/\/rideon.es\/renting-empresas\/probamos-la-g-310-r-de-bmw-por-valencia\/","og_locale":"es_ES","og_type":"article","og_title":"Probamos la G 310 R de BMW por Valencia","og_description":"Ya puedes alquilar en nuestras oficinas de Barcelona, Menorca y Valencia la G 310 R BMW. Mira disponibilidad en www.rideon.es","og_url":"https:\/\/rideon.es\/renting-empresas\/probamos-la-g-310-r-de-bmw-por-valencia\/","og_site_name":"Alquiler de motos mensual y Renting para Empresas","article_published_time":"2018-05-30T11:36:11+00:00","og_image":[{"width":1199,"height":694,"url":"https:\/\/rideon.es\/renting-empresas\/wp-content\/uploads\/sites\/19\/2018\/06\/ciudad-G310-R-BMW-alquiler-moto-valencia.png","type":"image\/png"}],"author":"Ride On","twitter_card":"summary_large_image","twitter_misc":{"Escrito por":"Ride On","Tiempo de lectura":"2 minutos"},"schema":{"@context":"https:\/\/schema.org","@graph":[{"@type":"Article","@id":"https:\/\/rideon.es\/renting-empresas\/probamos-la-g-310-r-de-bmw-por-valencia\/#article","isPartOf":{"@id":"https:\/\/rideon.es\/renting-empresas\/probamos-la-g-310-r-de-bmw-por-valencia\/"},"author":{"name":"Ride On","@id":"https:\/\/rideon.es\/renting-empresas\/#\/schema\/person\/48d6770e55c623d929bd20ce295611a7"},"headline":"Probamos la G 310 R de BMW por Valencia","datePublished":"2018-05-30T11:36:11+00:00","mainEntityOfPage":{"@id":"https:\/\/rideon.es\/renting-empresas\/probamos-la-g-310-r-de-bmw-por-valencia\/"},"wordCount":339,"commentCount":0,"publisher":{"@id":"https:\/\/rideon.es\/renting-empresas\/#organization"},"image":{"@id":"https:\/\/rideon.es\/renting-empresas\/probamos-la-g-310-r-de-bmw-por-valencia\/#primaryimage"},"thumbnailUrl":"https:\/\/rideon.es\/renting-empresas\/wp-content\/uploads\/sites\/19\/2018\/06\/ciudad-G310-R-BMW-alquiler-moto-valencia.png","articleSection":["Consejos"],"inLanguage":"es","potentialAction":[{"@type":"CommentAction","name":"Comment","target":["https:\/\/rideon.es\/renting-empresas\/probamos-la-g-310-r-de-bmw-por-valencia\/#respond"]}]},{"@type":"WebPage","@id":"https:\/\/rideon.es\/renting-empresas\/probamos-la-g-310-r-de-bmw-por-valencia\/","url":"https:\/\/rideon.es\/renting-empresas\/probamos-la-g-310-r-de-bmw-por-valencia\/","name":"Probamos la G 310 R de BMW por Valencia - Alquiler de motos mensual y Renting para Empresas","isPartOf":{"@id":"https:\/\/rideon.es\/renting-empresas\/#website"},"primaryImageOfPage":{"@id":"https:\/\/rideon.es\/renting-empresas\/probamos-la-g-310-r-de-bmw-por-valencia\/#primaryimage"},"image":{"@id":"https:\/\/rideon.es\/renting-empresas\/probamos-la-g-310-r-de-bmw-por-valencia\/#primaryimage"},"thumbnailUrl":"https:\/\/rideon.es\/renting-empresas\/wp-content\/uploads\/sites\/19\/2018\/06\/ciudad-G310-R-BMW-alquiler-moto-valencia.png","datePublished":"2018-05-30T11:36:11+00:00","description":"Ya puedes alquilar en nuestras oficinas de Barcelona, Menorca y Valencia la G 310 R BMW. Mira disponibilidad en www.rideon.es","inLanguage":"es","potentialAction":[{"@type":"ReadAction","target":["https:\/\/rideon.es\/renting-empresas\/probamos-la-g-310-r-de-bmw-por-valencia\/"]}]},{"@type":"ImageObject","inLanguage":"es","@id":"https:\/\/rideon.es\/renting-empresas\/probamos-la-g-310-r-de-bmw-por-valencia\/#primaryimage","url":"https:\/\/rideon.es\/renting-empresas\/wp-content\/uploads\/sites\/19\/2018\/06\/ciudad-G310-R-BMW-alquiler-moto-valencia.png","contentUrl":"https:\/\/rideon.es\/renting-empresas\/wp-content\/uploads\/sites\/19\/2018\/06\/ciudad-G310-R-BMW-alquiler-moto-valencia.png","width":1199,"height":694},{"@type":"WebSite","@id":"https:\/\/rideon.es\/renting-empresas\/#website","url":"https:\/\/rideon.es\/renting-empresas\/","name":"Alquiler de motos mensual y Renting para Empresas","description":"Las motos m\u00e1s c\u00f3modas y seguras para disfrutar de tus vacaciones sobre ruedas. Alquiler de motos en Menorca, Mallorca, Barcelona y Valencia con Rideon.es","publisher":{"@id":"https:\/\/rideon.es\/renting-empresas\/#organization"},"potentialAction":[{"@type":"SearchAction","target":{"@type":"EntryPoint","urlTemplate":"https:\/\/rideon.es\/renting-empresas\/?s={search_term_string}"},"query-input":{"@type":"PropertyValueSpecification","valueRequired":true,"valueName":"search_term_string"}}],"inLanguage":"es"},{"@type":"Organization","@id":"https:\/\/rideon.es\/renting-empresas\/#organization","name":"Alquiler de motos mensual y Renting para Empresas","url":"https:\/\/rideon.es\/renting-empresas\/","logo":{"@type":"ImageObject","inLanguage":"es","@id":"https:\/\/rideon.es\/renting-empresas\/#\/schema\/logo\/image\/","url":"https:\/\/rideon.es\/renting-empresas\/wp-content\/uploads\/sites\/19\/2020\/02\/rideon_logo-200x78-1.png","contentUrl":"https:\/\/rideon.es\/renting-empresas\/wp-content\/uploads\/sites\/19\/2020\/02\/rideon_logo-200x78-1.png","width":200,"height":78,"caption":"Alquiler de motos mensual y Renting para Empresas"},"image":{"@id":"https:\/\/rideon.es\/renting-empresas\/#\/schema\/logo\/image\/"}},{"@type":"Person","@id":"https:\/\/rideon.es\/renting-empresas\/#\/schema\/person\/48d6770e55c623d929bd20ce295611a7","name":"Ride On","image":{"@type":"ImageObject","inLanguage":"es","@id":"https:\/\/secure.gravatar.com\/avatar\/785e72183089da6a00243c0f0e2d52db79b9983b602219afb07c868943086138?s=96&d=mm&r=g","url":"https:\/\/secure.gravatar.com\/avatar\/785e72183089da6a00243c0f0e2d52db79b9983b602219afb07c868943086138?s=96&d=mm&r=g","contentUrl":"https:\/\/secure.gravatar.com\/avatar\/785e72183089da6a00243c0f0e2d52db79b9983b602219afb07c868943086138?s=96&d=mm&r=g","caption":"Ride On"},"url":"https:\/\/rideon.es\/renting-empresas\/author\/eduardoyauri\/"}]}},"_links":{"self":[{"href":"https:\/\/rideon.es\/renting-empresas\/wp-json\/wp\/v2\/posts\/2898","targetHints":{"allow":["GET"]}}],"collection":[{"href":"https:\/\/rideon.es\/renting-empresas\/wp-json\/wp\/v2\/posts"}],"about":[{"href":"https:\/\/rideon.es\/renting-empresas\/wp-json\/wp\/v2\/types\/post"}],"author":[{"embeddable":true,"href":"https:\/\/rideon.es\/renting-empresas\/wp-json\/wp\/v2\/users\/2"}],"replies":[{"embeddable":true,"href":"https:\/\/rideon.es\/renting-empresas\/wp-json\/wp\/v2\/comments?post=2898"}],"version-history":[{"count":0,"href":"https:\/\/rideon.es\/renting-empresas\/wp-json\/wp\/v2\/posts\/2898\/revisions"}],"wp:featuredmedia":[{"embeddable":true,"href":"https:\/\/rideon.es\/renting-empresas\/wp-json\/wp\/v2\/media\/5199"}],"wp:attachment":[{"href":"https:\/\/rideon.es\/renting-empresas\/wp-json\/wp\/v2\/media?parent=2898"}],"wp:term":[{"taxonomy":"category","embeddable":true,"href":"https:\/\/rideon.es\/renting-empresas\/wp-json\/wp\/v2\/categories?post=2898"},{"taxonomy":"post_tag","embeddable":true,"href":"https:\/\/rideon.es\/renting-empresas\/wp-json\/wp\/v2\/tags?post=2898"}],"curies":[{"name":"wp","href":"https:\/\/api.w.org\/{rel}","templated":true}]}}