{"id":2741,"date":"2018-05-17T11:02:34","date_gmt":"2018-05-17T11:02:34","guid":{"rendered":"https:\/\/rideon.es\/?p=2741"},"modified":"2018-05-17T11:02:34","modified_gmt":"2018-05-17T11:02:34","slug":"las-mejores-chaquetas-de-moto-para-este-verano-2018","status":"publish","type":"post","link":"https:\/\/rideon.es\/renting-empresas\/las-mejores-chaquetas-de-moto-para-este-verano-2018\/","title":{"rendered":"Las mejores chaquetas de moto para este verano 2018"},"content":{"rendered":"<p><span style=\"font-weight: 400\">El verano llega y desde Ride On Mallorca repasamos las tres mejores chaquetas de moto dise\u00f1adas para el verano con el <\/span><a href=\"https:\/\/rideon.es\/es\/alquiler-moto-mallorca\/\"><span style=\"font-weight: 400\">alquiler de motos en Mallorca<\/span><\/a><span style=\"font-weight: 400\">.<\/span><br \/>\n<span style=\"font-weight: 400\">Los tres modelos son chaquetas que seg\u00fan nuestros clientes ofrecen la mejor ventilaci\u00f3n cuando se conduce una motocicleta en las \u00e9pocas m\u00e1s calurosas, pero tambi\u00e9n en verano existen grandes oscilaciones t\u00e9rmicas, por lo que ser\u00e1 muy interesante tener una equipaci\u00f3n que ofrezca una buena resistencia t\u00e9rmica en los momentos de descenso de temperaturas.<\/span><\/p>\n<h2><span style=\"font-weight: 400\">Chaqueta verano Alpinestar AIR<\/span><\/h2>\n<p><img fetchpriority=\"high\" decoding=\"async\" class=\"img-responsive aligncenter\" src=\"https:\/\/rideon.es\/wp-content\/uploads\/2018\/05\/chaqueta-verano-alquiler-moto-mallorca-alpinestar.jpg\" alt=\"Chaqueta alpinestar alquiler moto Mallorca\" width=\"800\" height=\"800\" \/><br \/>\n<span style=\"font-weight: 400\">La <\/span><b>Alpinestar T-GPR Air<\/b><span style=\"font-weight: 400\"> es una chaqueta perfecta para conducir una moto en verano, combina materiales de poliuretano con malla microperforada para ofrecer una correcta ventilaci\u00f3n. La malla se dispone tanto en la parte frontal como en el dorso permitiendo una correcta entrada de aire fr\u00edo y salida del caliente. Adem\u00e1s, en las axilas equipa un material en malla para permitir un movimiento \u00e1gil del cuerpo. Ride On es <\/span><span style=\"font-weight: 400\">alquiler moto <\/span><span style=\"font-weight: 400\">Mallorca<\/span><\/p>\n<h2><span style=\"font-weight: 400\">Chaqueta verano Richa<\/span><\/h2>\n<p><img decoding=\"async\" class=\"img-responsive aligncenter\" src=\"https:\/\/rideon.es\/wp-content\/uploads\/2018\/05\/chaqueta-verano-richa-alquiler-moto-mallorca.jpg\" alt=\"Chaqueta Richa alquiler moto Mallorca\" width=\"800\" height=\"800\" \/><br \/>\n<span style=\"font-weight: 400\">Uno de las materiales que mejor ventilaci\u00f3n ofrece es el tejido oxford 300D, tejido en forma de red con la finalidad de ofrecer el m\u00e1ximo de transpiraci\u00f3n. Un buen ejemplo es la <\/span><b>Richa Summer Breeze<\/b><span style=\"font-weight: 400\">. No descuida proteger las zonas m\u00e1s sensibles como el pecho, el exterior de las mangas y la parte superior de la espalda.<\/span><\/p>\n<p><span style=\"font-weight: 400\">La chaqueta lleva ajustes para que quede perfectamente sujeta al cuerpo, ajustes de cintura, ajustes en las mangas mediante botones y ajustes de velcro en el cuello y en la cintura.\u00a0<\/span><\/p>\n<h2><span style=\"font-weight: 400\">Chaqueta verano Dainese<\/span><\/h2>\n<p><img decoding=\"async\" class=\"img-responsive aligncenter\" src=\"https:\/\/rideon.es\/wp-content\/uploads\/2018\/05\/chaqueta-verano-dainese-speed.jpg\" alt=\"Chaqueta Dainese alquiler moto Mallorca\" width=\"801\" height=\"801\" \/><br \/>\n<span style=\"font-weight: 400\">La Dainese speed Tex es una chaqueta con est\u00e9tica muy deportiva combinando el tejido boomerang (en forma de red) y el duratex. Combinaci\u00f3n para llevar la chaqueta al m\u00e1ximo de ventilaci\u00f3n para el verano. Una de las ventajas de esta chaqueta es la capa de cortavientos que incorpora en la parte interior de la chaqueta, es extra\u00edble para ser lavada y plegable. La chaqueta dispone de protecciones de hombros de aluminio. <\/span><\/p>\n","protected":false},"excerpt":{"rendered":"<p>El verano llega y desde Ride On Mallorca repasamos las tres mejores chaquetas de moto dise\u00f1adas para el verano con el alquiler de motos en Mallorca. Los tres modelos son chaquetas que seg\u00fan nuestros clientes ofrecen la mejor ventilaci\u00f3n cuando se conduce una motocicleta en las \u00e9pocas m\u00e1s calurosas, pero tambi\u00e9n en verano existen grandes<\/p>\n","protected":false},"author":2,"featured_media":5195,"comment_status":"open","ping_status":"closed","sticky":false,"template":"","format":"standard","meta":{"inline_featured_image":false,"footnotes":""},"categories":[49,11],"tags":[],"class_list":["post-2741","post","type-post","status-publish","format-standard","has-post-thumbnail","hentry","category-consejos","category-mallorca"],"yoast_head":"<!-- This site is optimized with the Yoast SEO Premium plugin v18.7 (Yoast SEO v27.5) - https:\/\/yoast.com\/product\/yoast-seo-premium-wordpress\/ -->\n<title>Las mejores chaquetas de moto para este verano 2018 - Alquiler de motos mensual y Renting para Empresas<\/title>\n<meta name=\"robots\" content=\"index, follow, max-snippet:-1, max-image-preview:large, max-video-preview:-1\" \/>\n<link rel=\"canonical\" href=\"https:\/\/rideon.es\/renting-empresas\/las-mejores-chaquetas-de-moto-para-este-verano-2018\/\" \/>\n<meta property=\"og:locale\" content=\"es_ES\" \/>\n<meta property=\"og:type\" content=\"article\" \/>\n<meta property=\"og:title\" content=\"Las mejores chaquetas de moto para este verano 2018\" \/>\n<meta property=\"og:description\" content=\"El verano llega y desde Ride On Mallorca repasamos las tres mejores chaquetas de moto dise\u00f1adas para el verano con el alquiler de motos en Mallorca. Los tres modelos son chaquetas que seg\u00fan nuestros clientes ofrecen la mejor ventilaci\u00f3n cuando se conduce una motocicleta en las \u00e9pocas m\u00e1s calurosas, pero tambi\u00e9n en verano existen grandes\" \/>\n<meta property=\"og:url\" content=\"https:\/\/rideon.es\/renting-empresas\/las-mejores-chaquetas-de-moto-para-este-verano-2018\/\" \/>\n<meta property=\"og:site_name\" content=\"Alquiler de motos mensual y Renting para Empresas\" \/>\n<meta property=\"article:published_time\" content=\"2018-05-17T11:02:34+00:00\" \/>\n<meta property=\"og:image\" content=\"https:\/\/rideon.es\/renting-empresas\/wp-content\/uploads\/sites\/19\/2018\/06\/chaqueta-verano-alquiler-moto-mallorca-alpinestar.jpg\" \/>\n\t<meta property=\"og:image:width\" content=\"600\" \/>\n\t<meta property=\"og:image:height\" content=\"600\" \/>\n\t<meta property=\"og:image:type\" content=\"image\/jpeg\" \/>\n<meta name=\"author\" content=\"Ride On\" \/>\n<meta name=\"twitter:card\" content=\"summary_large_image\" \/>\n<meta name=\"twitter:label1\" content=\"Escrito por\" \/>\n\t<meta name=\"twitter:data1\" content=\"Ride On\" \/>\n\t<meta name=\"twitter:label2\" content=\"Tiempo de lectura\" \/>\n\t<meta name=\"twitter:data2\" content=\"2 minutos\" \/>\n<script type=\"application\/ld+json\" class=\"yoast-schema-graph\">{\"@context\":\"https:\\\/\\\/schema.org\",\"@graph\":[{\"@type\":\"Article\",\"@id\":\"https:\\\/\\\/rideon.es\\\/renting-empresas\\\/las-mejores-chaquetas-de-moto-para-este-verano-2018\\\/#article\",\"isPartOf\":{\"@id\":\"https:\\\/\\\/rideon.es\\\/renting-empresas\\\/las-mejores-chaquetas-de-moto-para-este-verano-2018\\\/\"},\"author\":{\"name\":\"Ride On\",\"@id\":\"https:\\\/\\\/rideon.es\\\/renting-empresas\\\/#\\\/schema\\\/person\\\/48d6770e55c623d929bd20ce295611a7\"},\"headline\":\"Las mejores chaquetas de moto para este verano 2018\",\"datePublished\":\"2018-05-17T11:02:34+00:00\",\"mainEntityOfPage\":{\"@id\":\"https:\\\/\\\/rideon.es\\\/renting-empresas\\\/las-mejores-chaquetas-de-moto-para-este-verano-2018\\\/\"},\"wordCount\":348,\"commentCount\":0,\"publisher\":{\"@id\":\"https:\\\/\\\/rideon.es\\\/renting-empresas\\\/#organization\"},\"image\":{\"@id\":\"https:\\\/\\\/rideon.es\\\/renting-empresas\\\/las-mejores-chaquetas-de-moto-para-este-verano-2018\\\/#primaryimage\"},\"thumbnailUrl\":\"https:\\\/\\\/rideon.es\\\/renting-empresas\\\/wp-content\\\/uploads\\\/sites\\\/19\\\/2018\\\/06\\\/chaqueta-verano-alquiler-moto-mallorca-alpinestar.jpg\",\"articleSection\":[\"Consejos\",\"Mallorca\"],\"inLanguage\":\"es\",\"potentialAction\":[{\"@type\":\"CommentAction\",\"name\":\"Comment\",\"target\":[\"https:\\\/\\\/rideon.es\\\/renting-empresas\\\/las-mejores-chaquetas-de-moto-para-este-verano-2018\\\/#respond\"]}]},{\"@type\":\"WebPage\",\"@id\":\"https:\\\/\\\/rideon.es\\\/renting-empresas\\\/las-mejores-chaquetas-de-moto-para-este-verano-2018\\\/\",\"url\":\"https:\\\/\\\/rideon.es\\\/renting-empresas\\\/las-mejores-chaquetas-de-moto-para-este-verano-2018\\\/\",\"name\":\"Las mejores chaquetas de moto para este verano 2018 - Alquiler de motos mensual y Renting para Empresas\",\"isPartOf\":{\"@id\":\"https:\\\/\\\/rideon.es\\\/renting-empresas\\\/#website\"},\"primaryImageOfPage\":{\"@id\":\"https:\\\/\\\/rideon.es\\\/renting-empresas\\\/las-mejores-chaquetas-de-moto-para-este-verano-2018\\\/#primaryimage\"},\"image\":{\"@id\":\"https:\\\/\\\/rideon.es\\\/renting-empresas\\\/las-mejores-chaquetas-de-moto-para-este-verano-2018\\\/#primaryimage\"},\"thumbnailUrl\":\"https:\\\/\\\/rideon.es\\\/renting-empresas\\\/wp-content\\\/uploads\\\/sites\\\/19\\\/2018\\\/06\\\/chaqueta-verano-alquiler-moto-mallorca-alpinestar.jpg\",\"datePublished\":\"2018-05-17T11:02:34+00:00\",\"inLanguage\":\"es\",\"potentialAction\":[{\"@type\":\"ReadAction\",\"target\":[\"https:\\\/\\\/rideon.es\\\/renting-empresas\\\/las-mejores-chaquetas-de-moto-para-este-verano-2018\\\/\"]}]},{\"@type\":\"ImageObject\",\"inLanguage\":\"es\",\"@id\":\"https:\\\/\\\/rideon.es\\\/renting-empresas\\\/las-mejores-chaquetas-de-moto-para-este-verano-2018\\\/#primaryimage\",\"url\":\"https:\\\/\\\/rideon.es\\\/renting-empresas\\\/wp-content\\\/uploads\\\/sites\\\/19\\\/2018\\\/06\\\/chaqueta-verano-alquiler-moto-mallorca-alpinestar.jpg\",\"contentUrl\":\"https:\\\/\\\/rideon.es\\\/renting-empresas\\\/wp-content\\\/uploads\\\/sites\\\/19\\\/2018\\\/06\\\/chaqueta-verano-alquiler-moto-mallorca-alpinestar.jpg\",\"width\":600,\"height\":600},{\"@type\":\"WebSite\",\"@id\":\"https:\\\/\\\/rideon.es\\\/renting-empresas\\\/#website\",\"url\":\"https:\\\/\\\/rideon.es\\\/renting-empresas\\\/\",\"name\":\"Alquiler de motos mensual y Renting para Empresas\",\"description\":\"Las motos m\u00e1s c\u00f3modas y seguras para disfrutar de tus vacaciones sobre ruedas. Alquiler de motos en Menorca, Mallorca, Barcelona y Valencia con Rideon.es\",\"publisher\":{\"@id\":\"https:\\\/\\\/rideon.es\\\/renting-empresas\\\/#organization\"},\"potentialAction\":[{\"@type\":\"SearchAction\",\"target\":{\"@type\":\"EntryPoint\",\"urlTemplate\":\"https:\\\/\\\/rideon.es\\\/renting-empresas\\\/?s={search_term_string}\"},\"query-input\":{\"@type\":\"PropertyValueSpecification\",\"valueRequired\":true,\"valueName\":\"search_term_string\"}}],\"inLanguage\":\"es\"},{\"@type\":\"Organization\",\"@id\":\"https:\\\/\\\/rideon.es\\\/renting-empresas\\\/#organization\",\"name\":\"Alquiler de motos mensual y Renting para Empresas\",\"url\":\"https:\\\/\\\/rideon.es\\\/renting-empresas\\\/\",\"logo\":{\"@type\":\"ImageObject\",\"inLanguage\":\"es\",\"@id\":\"https:\\\/\\\/rideon.es\\\/renting-empresas\\\/#\\\/schema\\\/logo\\\/image\\\/\",\"url\":\"https:\\\/\\\/rideon.es\\\/renting-empresas\\\/wp-content\\\/uploads\\\/sites\\\/19\\\/2020\\\/02\\\/rideon_logo-200x78-1.png\",\"contentUrl\":\"https:\\\/\\\/rideon.es\\\/renting-empresas\\\/wp-content\\\/uploads\\\/sites\\\/19\\\/2020\\\/02\\\/rideon_logo-200x78-1.png\",\"width\":200,\"height\":78,\"caption\":\"Alquiler de motos mensual y Renting para Empresas\"},\"image\":{\"@id\":\"https:\\\/\\\/rideon.es\\\/renting-empresas\\\/#\\\/schema\\\/logo\\\/image\\\/\"}},{\"@type\":\"Person\",\"@id\":\"https:\\\/\\\/rideon.es\\\/renting-empresas\\\/#\\\/schema\\\/person\\\/48d6770e55c623d929bd20ce295611a7\",\"name\":\"Ride On\",\"image\":{\"@type\":\"ImageObject\",\"inLanguage\":\"es\",\"@id\":\"https:\\\/\\\/secure.gravatar.com\\\/avatar\\\/785e72183089da6a00243c0f0e2d52db79b9983b602219afb07c868943086138?s=96&d=mm&r=g\",\"url\":\"https:\\\/\\\/secure.gravatar.com\\\/avatar\\\/785e72183089da6a00243c0f0e2d52db79b9983b602219afb07c868943086138?s=96&d=mm&r=g\",\"contentUrl\":\"https:\\\/\\\/secure.gravatar.com\\\/avatar\\\/785e72183089da6a00243c0f0e2d52db79b9983b602219afb07c868943086138?s=96&d=mm&r=g\",\"caption\":\"Ride On\"},\"url\":\"https:\\\/\\\/rideon.es\\\/renting-empresas\\\/author\\\/eduardoyauri\\\/\"}]}<\/script>\n<!-- \/ Yoast SEO Premium plugin. -->","yoast_head_json":{"title":"Las mejores chaquetas de moto para este verano 2018 - Alquiler de motos mensual y Renting para Empresas","robots":{"index":"index","follow":"follow","max-snippet":"max-snippet:-1","max-image-preview":"max-image-preview:large","max-video-preview":"max-video-preview:-1"},"canonical":"https:\/\/rideon.es\/renting-empresas\/las-mejores-chaquetas-de-moto-para-este-verano-2018\/","og_locale":"es_ES","og_type":"article","og_title":"Las mejores chaquetas de moto para este verano 2018","og_description":"El verano llega y desde Ride On Mallorca repasamos las tres mejores chaquetas de moto dise\u00f1adas para el verano con el alquiler de motos en Mallorca. Los tres modelos son chaquetas que seg\u00fan nuestros clientes ofrecen la mejor ventilaci\u00f3n cuando se conduce una motocicleta en las \u00e9pocas m\u00e1s calurosas, pero tambi\u00e9n en verano existen grandes","og_url":"https:\/\/rideon.es\/renting-empresas\/las-mejores-chaquetas-de-moto-para-este-verano-2018\/","og_site_name":"Alquiler de motos mensual y Renting para Empresas","article_published_time":"2018-05-17T11:02:34+00:00","og_image":[{"width":600,"height":600,"url":"https:\/\/rideon.es\/renting-empresas\/wp-content\/uploads\/sites\/19\/2018\/06\/chaqueta-verano-alquiler-moto-mallorca-alpinestar.jpg","type":"image\/jpeg"}],"author":"Ride On","twitter_card":"summary_large_image","twitter_misc":{"Escrito por":"Ride On","Tiempo de lectura":"2 minutos"},"schema":{"@context":"https:\/\/schema.org","@graph":[{"@type":"Article","@id":"https:\/\/rideon.es\/renting-empresas\/las-mejores-chaquetas-de-moto-para-este-verano-2018\/#article","isPartOf":{"@id":"https:\/\/rideon.es\/renting-empresas\/las-mejores-chaquetas-de-moto-para-este-verano-2018\/"},"author":{"name":"Ride On","@id":"https:\/\/rideon.es\/renting-empresas\/#\/schema\/person\/48d6770e55c623d929bd20ce295611a7"},"headline":"Las mejores chaquetas de moto para este verano 2018","datePublished":"2018-05-17T11:02:34+00:00","mainEntityOfPage":{"@id":"https:\/\/rideon.es\/renting-empresas\/las-mejores-chaquetas-de-moto-para-este-verano-2018\/"},"wordCount":348,"commentCount":0,"publisher":{"@id":"https:\/\/rideon.es\/renting-empresas\/#organization"},"image":{"@id":"https:\/\/rideon.es\/renting-empresas\/las-mejores-chaquetas-de-moto-para-este-verano-2018\/#primaryimage"},"thumbnailUrl":"https:\/\/rideon.es\/renting-empresas\/wp-content\/uploads\/sites\/19\/2018\/06\/chaqueta-verano-alquiler-moto-mallorca-alpinestar.jpg","articleSection":["Consejos","Mallorca"],"inLanguage":"es","potentialAction":[{"@type":"CommentAction","name":"Comment","target":["https:\/\/rideon.es\/renting-empresas\/las-mejores-chaquetas-de-moto-para-este-verano-2018\/#respond"]}]},{"@type":"WebPage","@id":"https:\/\/rideon.es\/renting-empresas\/las-mejores-chaquetas-de-moto-para-este-verano-2018\/","url":"https:\/\/rideon.es\/renting-empresas\/las-mejores-chaquetas-de-moto-para-este-verano-2018\/","name":"Las mejores chaquetas de moto para este verano 2018 - Alquiler de motos mensual y Renting para Empresas","isPartOf":{"@id":"https:\/\/rideon.es\/renting-empresas\/#website"},"primaryImageOfPage":{"@id":"https:\/\/rideon.es\/renting-empresas\/las-mejores-chaquetas-de-moto-para-este-verano-2018\/#primaryimage"},"image":{"@id":"https:\/\/rideon.es\/renting-empresas\/las-mejores-chaquetas-de-moto-para-este-verano-2018\/#primaryimage"},"thumbnailUrl":"https:\/\/rideon.es\/renting-empresas\/wp-content\/uploads\/sites\/19\/2018\/06\/chaqueta-verano-alquiler-moto-mallorca-alpinestar.jpg","datePublished":"2018-05-17T11:02:34+00:00","inLanguage":"es","potentialAction":[{"@type":"ReadAction","target":["https:\/\/rideon.es\/renting-empresas\/las-mejores-chaquetas-de-moto-para-este-verano-2018\/"]}]},{"@type":"ImageObject","inLanguage":"es","@id":"https:\/\/rideon.es\/renting-empresas\/las-mejores-chaquetas-de-moto-para-este-verano-2018\/#primaryimage","url":"https:\/\/rideon.es\/renting-empresas\/wp-content\/uploads\/sites\/19\/2018\/06\/chaqueta-verano-alquiler-moto-mallorca-alpinestar.jpg","contentUrl":"https:\/\/rideon.es\/renting-empresas\/wp-content\/uploads\/sites\/19\/2018\/06\/chaqueta-verano-alquiler-moto-mallorca-alpinestar.jpg","width":600,"height":600},{"@type":"WebSite","@id":"https:\/\/rideon.es\/renting-empresas\/#website","url":"https:\/\/rideon.es\/renting-empresas\/","name":"Alquiler de motos mensual y Renting para Empresas","description":"Las motos m\u00e1s c\u00f3modas y seguras para disfrutar de tus vacaciones sobre ruedas. Alquiler de motos en Menorca, Mallorca, Barcelona y Valencia con Rideon.es","publisher":{"@id":"https:\/\/rideon.es\/renting-empresas\/#organization"},"potentialAction":[{"@type":"SearchAction","target":{"@type":"EntryPoint","urlTemplate":"https:\/\/rideon.es\/renting-empresas\/?s={search_term_string}"},"query-input":{"@type":"PropertyValueSpecification","valueRequired":true,"valueName":"search_term_string"}}],"inLanguage":"es"},{"@type":"Organization","@id":"https:\/\/rideon.es\/renting-empresas\/#organization","name":"Alquiler de motos mensual y Renting para Empresas","url":"https:\/\/rideon.es\/renting-empresas\/","logo":{"@type":"ImageObject","inLanguage":"es","@id":"https:\/\/rideon.es\/renting-empresas\/#\/schema\/logo\/image\/","url":"https:\/\/rideon.es\/renting-empresas\/wp-content\/uploads\/sites\/19\/2020\/02\/rideon_logo-200x78-1.png","contentUrl":"https:\/\/rideon.es\/renting-empresas\/wp-content\/uploads\/sites\/19\/2020\/02\/rideon_logo-200x78-1.png","width":200,"height":78,"caption":"Alquiler de motos mensual y Renting para Empresas"},"image":{"@id":"https:\/\/rideon.es\/renting-empresas\/#\/schema\/logo\/image\/"}},{"@type":"Person","@id":"https:\/\/rideon.es\/renting-empresas\/#\/schema\/person\/48d6770e55c623d929bd20ce295611a7","name":"Ride On","image":{"@type":"ImageObject","inLanguage":"es","@id":"https:\/\/secure.gravatar.com\/avatar\/785e72183089da6a00243c0f0e2d52db79b9983b602219afb07c868943086138?s=96&d=mm&r=g","url":"https:\/\/secure.gravatar.com\/avatar\/785e72183089da6a00243c0f0e2d52db79b9983b602219afb07c868943086138?s=96&d=mm&r=g","contentUrl":"https:\/\/secure.gravatar.com\/avatar\/785e72183089da6a00243c0f0e2d52db79b9983b602219afb07c868943086138?s=96&d=mm&r=g","caption":"Ride On"},"url":"https:\/\/rideon.es\/renting-empresas\/author\/eduardoyauri\/"}]}},"_links":{"self":[{"href":"https:\/\/rideon.es\/renting-empresas\/wp-json\/wp\/v2\/posts\/2741","targetHints":{"allow":["GET"]}}],"collection":[{"href":"https:\/\/rideon.es\/renting-empresas\/wp-json\/wp\/v2\/posts"}],"about":[{"href":"https:\/\/rideon.es\/renting-empresas\/wp-json\/wp\/v2\/types\/post"}],"author":[{"embeddable":true,"href":"https:\/\/rideon.es\/renting-empresas\/wp-json\/wp\/v2\/users\/2"}],"replies":[{"embeddable":true,"href":"https:\/\/rideon.es\/renting-empresas\/wp-json\/wp\/v2\/comments?post=2741"}],"version-history":[{"count":0,"href":"https:\/\/rideon.es\/renting-empresas\/wp-json\/wp\/v2\/posts\/2741\/revisions"}],"wp:featuredmedia":[{"embeddable":true,"href":"https:\/\/rideon.es\/renting-empresas\/wp-json\/wp\/v2\/media\/5195"}],"wp:attachment":[{"href":"https:\/\/rideon.es\/renting-empresas\/wp-json\/wp\/v2\/media?parent=2741"}],"wp:term":[{"taxonomy":"category","embeddable":true,"href":"https:\/\/rideon.es\/renting-empresas\/wp-json\/wp\/v2\/categories?post=2741"},{"taxonomy":"post_tag","embeddable":true,"href":"https:\/\/rideon.es\/renting-empresas\/wp-json\/wp\/v2\/tags?post=2741"}],"curies":[{"name":"wp","href":"https:\/\/api.w.org\/{rel}","templated":true}]}}