{"id":2735,"date":"2018-05-15T09:53:33","date_gmt":"2018-05-15T09:53:33","guid":{"rendered":"https:\/\/rideon.es\/?p=2735"},"modified":"2018-05-15T09:53:33","modified_gmt":"2018-05-15T09:53:33","slug":"visita-ciudadela-en-moto","status":"publish","type":"post","link":"https:\/\/rideon.es\/renting-empresas\/visita-ciudadela-en-moto\/","title":{"rendered":"Visita Ciudadela en Moto"},"content":{"rendered":"<p><span style=\"font-weight: 400\">Un paseo por el puerto y el casco hist\u00f3rico de Ciudatella de Menorca<\/span><\/p>\n<p><span style=\"font-weight: 400\">Ciudadela (Ciutadella) es la segunda ciudad de Menorca. Su casco antiguo ha sido declarado Monumento Nacional Hist\u00f3rico-Art\u00edstico y a trav\u00e9s de su emblem\u00e1tica arquitectura y su urbanismo, el visitante descubre su pasado noble, se\u00f1orial y eclesi\u00e1stico. Visita Ciutadela con nuestro servicios de <\/span><a href=\"https:\/\/rideon.es\/\"><span style=\"font-weight: 400\">alquiler de motos en menorca<\/span><\/a><span style=\"font-weight: 400\">.<\/span><br \/>\n<img fetchpriority=\"high\" decoding=\"async\" class=\"img-responsive aligncenter\" src=\"https:\/\/rideon.es\/wp-content\/uploads\/2018\/05\/Puerto_de_Ciudadela.jpg\" alt=\"Ciudadela en Moto alquiler moto menorca\" width=\"798\" height=\"598\" \/><\/p>\n<p><span style=\"font-weight: 400\">El Puerto natural de Ciudadela merece un alto en el camino. Accederemos f\u00e1cilmente hasta Ciudadela en moto y desde all\u00ed podremos disfrutar de uno de los puertos m\u00e1s emblem\u00e1ticos de las Baleares. Un puerto que hasta hace unos a\u00f1os albergaba peque\u00f1as y grandes embarcaciones que deb\u00edan atravesar un paso estrecho con maniobras espectaculares. <\/span><br \/>\n<img decoding=\"async\" class=\"img-responsive aligncenter\" src=\"https:\/\/rideon.es\/wp-content\/uploads\/2018\/05\/1024px-Ciutadella_Catedral.jpg\" alt=\"casco antiguo Ciudadela en scooter alquiler moto menorca\" width=\"800\" height=\"600\" \/><\/p>\n<p><span style=\"font-weight: 400\">Hoy existe un nuevo puerto comercial que ha favorecido la llegada de cruceros y embarcaciones de pasajeros (procedentes del Norte de Mallorca) y que devuelve al antiguo puerto su pasado pesquero, quedando en exclusividad para peque\u00f1os barcos deportivos y de pescadores. Las mejores ofertas y promociones en tu <\/span><a href=\"https:\/\/rideon.es\/promociones\/\"><span style=\"font-weight: 400\">alquiler de motos en menorca<\/span><\/a><span style=\"font-weight: 400\">.<\/span><br \/>\n<span style=\"font-weight: 400\">El Port de Ciutadella acoge comercios de artesan\u00eda, restaurantes, bares y locales de copas muy concurridos durante la temporada estival.<\/span><br \/>\n<span style=\"font-weight: 400\">Destacan en su litoral sus tres faros, los bastiones de sus murallas, as\u00ed como las torres de vigilancia construidas para defender la ciudad de los sucesivos ataques y asedios que llegaban desde el mar. <\/span><br \/>\n<span style=\"font-weight: 400\">Tambi\u00e9n el Castillo de San Nicol\u00e1s, construido a finales del siglo XVIII tambi\u00e9n con fines defensivos. <\/span><br \/>\n<span style=\"font-weight: 400\">El Castell de Sant Nicolau de Ciutadella abre sus puertas al p\u00fablico durante los meses de temporada tur\u00edstica. Aunque tambi\u00e9n se puede visitar en invierno, en grupos, solicit\u00e1ndolo al Ayuntamiento de Ciudadela.\u00a0<\/span><br \/>\n<img decoding=\"async\" class=\"img-responsive aligncenter\" src=\"https:\/\/rideon.es\/wp-content\/uploads\/2018\/05\/Ciudadela_Menorca.jpg\" alt=\"casco antiguo Ciudadela en Moto alquiler moto menorca\" width=\"800\" height=\"1066\" \/><\/p>\n<p><span style=\"font-weight: 400\">No podemos irnos de Ciutadella sin recorrer su casco hist\u00f3rico, d\u00f3nde encontraremos edificios emblem\u00e1ticos como la Catedral de Menorca, el edifico g\u00f3tico m\u00e1s importante de la Isla que fue construido entre los siglos XIII y XIV sobre una antigua mezquita, de la que a\u00fan conserva el minarete.<\/span><br \/>\n<span style=\"font-weight: 400\">Tambi\u00e9n merecen una visita las plazas de El Borne -y su obelisco- y la Plaza de la Esplanada, d\u00f3nde se celebran los actos multitudinarios de las Fiestas de San Juan. <\/span><br \/>\n<span style=\"font-weight: 400\">Las calles de la ciudad est\u00e1n plagadas de casas se\u00f1oriales y palacetes que reflejan el esplendor de otras \u00e9pocas. Un claro ejemplo lo consituye Can Salort, uno de los edificios m\u00e1s se\u00f1oriales de Ciutadella que se puede visitar para conocer parte de la vida cotidiana de sus moradores durante siglos.<\/span><br \/>\n<span style=\"font-weight: 400\">Tambi\u00e9n el edificio del Ayuntamiento, construido sobre el antiguo Alc\u00e1zar, es un reflejo de la arquitectura noble de esta localidad menorquina.<\/span><br \/>\n<span style=\"font-weight: 400\">Por \u00faltimo, destacar el fondo arqueol\u00f3gico que se conserva en el Museo Municipal de Ciudadela. All\u00ed se exponen infinidad de objetos de la \u00e9poca talay\u00f3tica y otros elementos con los que se puede entender la forma de vida m\u00e1s primitiva de esta Isla. <\/span><\/p>\n<p><span style=\"font-weight: 400\">Para m\u00e1s informaci\u00f3n visiten nuestras tiendas<\/span><span style=\"font-weight: 400\">, para reservas online de motos de alquiler en Menorca pueden visitar nuestra web <a href=\"https:\/\/rideon.es\/es\/alquiler-moto-menorca\">www.rideon.es<\/a><\/span><\/p>\n","protected":false},"excerpt":{"rendered":"<p>Un paseo por el puerto y el casco hist\u00f3rico de Ciudatella de Menorca Ciudadela (Ciutadella) es la segunda ciudad de Menorca. Su casco antiguo ha sido declarado Monumento Nacional Hist\u00f3rico-Art\u00edstico y a trav\u00e9s de su emblem\u00e1tica arquitectura y su urbanismo, el visitante descubre su pasado noble, se\u00f1orial y eclesi\u00e1stico. Visita Ciutadela con nuestro servicios de<\/p>\n","protected":false},"author":2,"featured_media":5191,"comment_status":"open","ping_status":"closed","sticky":false,"template":"","format":"standard","meta":{"inline_featured_image":false,"footnotes":""},"categories":[56,14],"tags":[],"class_list":["post-2735","post","type-post","status-publish","format-standard","has-post-thumbnail","hentry","category-lugar-interes","category-menorca"],"yoast_head":"<!-- This site is optimized with the Yoast SEO Premium plugin v18.7 (Yoast SEO v27.5) - https:\/\/yoast.com\/product\/yoast-seo-premium-wordpress\/ -->\n<title>Visita Ciudadela en Moto - Alquiler de motos mensual y Renting para Empresas<\/title>\n<meta name=\"description\" content=\"Descubre Ciutadela de Menorca con nuestro servicio de alquiler de motos y scooters en Menorca. Ride On Alquiler motos Menorca\" \/>\n<meta name=\"robots\" content=\"index, follow, max-snippet:-1, max-image-preview:large, max-video-preview:-1\" \/>\n<link rel=\"canonical\" href=\"https:\/\/rideon.es\/renting-empresas\/visita-ciudadela-en-moto\/\" \/>\n<meta property=\"og:locale\" content=\"es_ES\" \/>\n<meta property=\"og:type\" content=\"article\" \/>\n<meta property=\"og:title\" content=\"Visita Ciudadela en Moto\" \/>\n<meta property=\"og:description\" content=\"Descubre Ciutadela de Menorca con nuestro servicio de alquiler de motos y scooters en Menorca. Ride On Alquiler motos Menorca\" \/>\n<meta property=\"og:url\" content=\"https:\/\/rideon.es\/renting-empresas\/visita-ciudadela-en-moto\/\" \/>\n<meta property=\"og:site_name\" content=\"Alquiler de motos mensual y Renting para Empresas\" \/>\n<meta property=\"article:published_time\" content=\"2018-05-15T09:53:33+00:00\" \/>\n<meta property=\"og:image\" content=\"https:\/\/rideon.es\/renting-empresas\/wp-content\/uploads\/sites\/19\/2018\/06\/Puerto_de_Ciudadela.jpg\" \/>\n\t<meta property=\"og:image:width\" content=\"800\" \/>\n\t<meta property=\"og:image:height\" content=\"600\" \/>\n\t<meta property=\"og:image:type\" content=\"image\/jpeg\" \/>\n<meta name=\"author\" content=\"Ride On\" \/>\n<meta name=\"twitter:card\" content=\"summary_large_image\" \/>\n<meta name=\"twitter:label1\" content=\"Escrito por\" \/>\n\t<meta name=\"twitter:data1\" content=\"Ride On\" \/>\n\t<meta name=\"twitter:label2\" content=\"Tiempo de lectura\" \/>\n\t<meta name=\"twitter:data2\" content=\"3 minutos\" \/>\n<script type=\"application\/ld+json\" class=\"yoast-schema-graph\">{\"@context\":\"https:\\\/\\\/schema.org\",\"@graph\":[{\"@type\":\"Article\",\"@id\":\"https:\\\/\\\/rideon.es\\\/renting-empresas\\\/visita-ciudadela-en-moto\\\/#article\",\"isPartOf\":{\"@id\":\"https:\\\/\\\/rideon.es\\\/renting-empresas\\\/visita-ciudadela-en-moto\\\/\"},\"author\":{\"name\":\"Ride On\",\"@id\":\"https:\\\/\\\/rideon.es\\\/renting-empresas\\\/#\\\/schema\\\/person\\\/48d6770e55c623d929bd20ce295611a7\"},\"headline\":\"Visita Ciudadela en Moto\",\"datePublished\":\"2018-05-15T09:53:33+00:00\",\"mainEntityOfPage\":{\"@id\":\"https:\\\/\\\/rideon.es\\\/renting-empresas\\\/visita-ciudadela-en-moto\\\/\"},\"wordCount\":526,\"commentCount\":0,\"publisher\":{\"@id\":\"https:\\\/\\\/rideon.es\\\/renting-empresas\\\/#organization\"},\"image\":{\"@id\":\"https:\\\/\\\/rideon.es\\\/renting-empresas\\\/visita-ciudadela-en-moto\\\/#primaryimage\"},\"thumbnailUrl\":\"https:\\\/\\\/rideon.es\\\/renting-empresas\\\/wp-content\\\/uploads\\\/sites\\\/19\\\/2018\\\/06\\\/Puerto_de_Ciudadela.jpg\",\"articleSection\":[\"Lugares de inter\u00e9s\",\"Menorca\"],\"inLanguage\":\"es\",\"potentialAction\":[{\"@type\":\"CommentAction\",\"name\":\"Comment\",\"target\":[\"https:\\\/\\\/rideon.es\\\/renting-empresas\\\/visita-ciudadela-en-moto\\\/#respond\"]}]},{\"@type\":\"WebPage\",\"@id\":\"https:\\\/\\\/rideon.es\\\/renting-empresas\\\/visita-ciudadela-en-moto\\\/\",\"url\":\"https:\\\/\\\/rideon.es\\\/renting-empresas\\\/visita-ciudadela-en-moto\\\/\",\"name\":\"Visita Ciudadela en Moto - Alquiler de motos mensual y Renting para Empresas\",\"isPartOf\":{\"@id\":\"https:\\\/\\\/rideon.es\\\/renting-empresas\\\/#website\"},\"primaryImageOfPage\":{\"@id\":\"https:\\\/\\\/rideon.es\\\/renting-empresas\\\/visita-ciudadela-en-moto\\\/#primaryimage\"},\"image\":{\"@id\":\"https:\\\/\\\/rideon.es\\\/renting-empresas\\\/visita-ciudadela-en-moto\\\/#primaryimage\"},\"thumbnailUrl\":\"https:\\\/\\\/rideon.es\\\/renting-empresas\\\/wp-content\\\/uploads\\\/sites\\\/19\\\/2018\\\/06\\\/Puerto_de_Ciudadela.jpg\",\"datePublished\":\"2018-05-15T09:53:33+00:00\",\"description\":\"Descubre Ciutadela de Menorca con nuestro servicio de alquiler de motos y scooters en Menorca. Ride On Alquiler motos Menorca\",\"inLanguage\":\"es\",\"potentialAction\":[{\"@type\":\"ReadAction\",\"target\":[\"https:\\\/\\\/rideon.es\\\/renting-empresas\\\/visita-ciudadela-en-moto\\\/\"]}]},{\"@type\":\"ImageObject\",\"inLanguage\":\"es\",\"@id\":\"https:\\\/\\\/rideon.es\\\/renting-empresas\\\/visita-ciudadela-en-moto\\\/#primaryimage\",\"url\":\"https:\\\/\\\/rideon.es\\\/renting-empresas\\\/wp-content\\\/uploads\\\/sites\\\/19\\\/2018\\\/06\\\/Puerto_de_Ciudadela.jpg\",\"contentUrl\":\"https:\\\/\\\/rideon.es\\\/renting-empresas\\\/wp-content\\\/uploads\\\/sites\\\/19\\\/2018\\\/06\\\/Puerto_de_Ciudadela.jpg\",\"width\":800,\"height\":600},{\"@type\":\"WebSite\",\"@id\":\"https:\\\/\\\/rideon.es\\\/renting-empresas\\\/#website\",\"url\":\"https:\\\/\\\/rideon.es\\\/renting-empresas\\\/\",\"name\":\"Alquiler de motos mensual y Renting para Empresas\",\"description\":\"Las motos m\u00e1s c\u00f3modas y seguras para disfrutar de tus vacaciones sobre ruedas. Alquiler de motos en Menorca, Mallorca, Barcelona y Valencia con Rideon.es\",\"publisher\":{\"@id\":\"https:\\\/\\\/rideon.es\\\/renting-empresas\\\/#organization\"},\"potentialAction\":[{\"@type\":\"SearchAction\",\"target\":{\"@type\":\"EntryPoint\",\"urlTemplate\":\"https:\\\/\\\/rideon.es\\\/renting-empresas\\\/?s={search_term_string}\"},\"query-input\":{\"@type\":\"PropertyValueSpecification\",\"valueRequired\":true,\"valueName\":\"search_term_string\"}}],\"inLanguage\":\"es\"},{\"@type\":\"Organization\",\"@id\":\"https:\\\/\\\/rideon.es\\\/renting-empresas\\\/#organization\",\"name\":\"Alquiler de motos mensual y Renting para Empresas\",\"url\":\"https:\\\/\\\/rideon.es\\\/renting-empresas\\\/\",\"logo\":{\"@type\":\"ImageObject\",\"inLanguage\":\"es\",\"@id\":\"https:\\\/\\\/rideon.es\\\/renting-empresas\\\/#\\\/schema\\\/logo\\\/image\\\/\",\"url\":\"https:\\\/\\\/rideon.es\\\/renting-empresas\\\/wp-content\\\/uploads\\\/sites\\\/19\\\/2020\\\/02\\\/rideon_logo-200x78-1.png\",\"contentUrl\":\"https:\\\/\\\/rideon.es\\\/renting-empresas\\\/wp-content\\\/uploads\\\/sites\\\/19\\\/2020\\\/02\\\/rideon_logo-200x78-1.png\",\"width\":200,\"height\":78,\"caption\":\"Alquiler de motos mensual y Renting para Empresas\"},\"image\":{\"@id\":\"https:\\\/\\\/rideon.es\\\/renting-empresas\\\/#\\\/schema\\\/logo\\\/image\\\/\"}},{\"@type\":\"Person\",\"@id\":\"https:\\\/\\\/rideon.es\\\/renting-empresas\\\/#\\\/schema\\\/person\\\/48d6770e55c623d929bd20ce295611a7\",\"name\":\"Ride On\",\"image\":{\"@type\":\"ImageObject\",\"inLanguage\":\"es\",\"@id\":\"https:\\\/\\\/secure.gravatar.com\\\/avatar\\\/785e72183089da6a00243c0f0e2d52db79b9983b602219afb07c868943086138?s=96&d=mm&r=g\",\"url\":\"https:\\\/\\\/secure.gravatar.com\\\/avatar\\\/785e72183089da6a00243c0f0e2d52db79b9983b602219afb07c868943086138?s=96&d=mm&r=g\",\"contentUrl\":\"https:\\\/\\\/secure.gravatar.com\\\/avatar\\\/785e72183089da6a00243c0f0e2d52db79b9983b602219afb07c868943086138?s=96&d=mm&r=g\",\"caption\":\"Ride On\"},\"url\":\"https:\\\/\\\/rideon.es\\\/renting-empresas\\\/author\\\/eduardoyauri\\\/\"}]}<\/script>\n<!-- \/ Yoast SEO Premium plugin. -->","yoast_head_json":{"title":"Visita Ciudadela en Moto - Alquiler de motos mensual y Renting para Empresas","description":"Descubre Ciutadela de Menorca con nuestro servicio de alquiler de motos y scooters en Menorca. Ride On Alquiler motos Menorca","robots":{"index":"index","follow":"follow","max-snippet":"max-snippet:-1","max-image-preview":"max-image-preview:large","max-video-preview":"max-video-preview:-1"},"canonical":"https:\/\/rideon.es\/renting-empresas\/visita-ciudadela-en-moto\/","og_locale":"es_ES","og_type":"article","og_title":"Visita Ciudadela en Moto","og_description":"Descubre Ciutadela de Menorca con nuestro servicio de alquiler de motos y scooters en Menorca. Ride On Alquiler motos Menorca","og_url":"https:\/\/rideon.es\/renting-empresas\/visita-ciudadela-en-moto\/","og_site_name":"Alquiler de motos mensual y Renting para Empresas","article_published_time":"2018-05-15T09:53:33+00:00","og_image":[{"width":800,"height":600,"url":"https:\/\/rideon.es\/renting-empresas\/wp-content\/uploads\/sites\/19\/2018\/06\/Puerto_de_Ciudadela.jpg","type":"image\/jpeg"}],"author":"Ride On","twitter_card":"summary_large_image","twitter_misc":{"Escrito por":"Ride On","Tiempo de lectura":"3 minutos"},"schema":{"@context":"https:\/\/schema.org","@graph":[{"@type":"Article","@id":"https:\/\/rideon.es\/renting-empresas\/visita-ciudadela-en-moto\/#article","isPartOf":{"@id":"https:\/\/rideon.es\/renting-empresas\/visita-ciudadela-en-moto\/"},"author":{"name":"Ride On","@id":"https:\/\/rideon.es\/renting-empresas\/#\/schema\/person\/48d6770e55c623d929bd20ce295611a7"},"headline":"Visita Ciudadela en Moto","datePublished":"2018-05-15T09:53:33+00:00","mainEntityOfPage":{"@id":"https:\/\/rideon.es\/renting-empresas\/visita-ciudadela-en-moto\/"},"wordCount":526,"commentCount":0,"publisher":{"@id":"https:\/\/rideon.es\/renting-empresas\/#organization"},"image":{"@id":"https:\/\/rideon.es\/renting-empresas\/visita-ciudadela-en-moto\/#primaryimage"},"thumbnailUrl":"https:\/\/rideon.es\/renting-empresas\/wp-content\/uploads\/sites\/19\/2018\/06\/Puerto_de_Ciudadela.jpg","articleSection":["Lugares de inter\u00e9s","Menorca"],"inLanguage":"es","potentialAction":[{"@type":"CommentAction","name":"Comment","target":["https:\/\/rideon.es\/renting-empresas\/visita-ciudadela-en-moto\/#respond"]}]},{"@type":"WebPage","@id":"https:\/\/rideon.es\/renting-empresas\/visita-ciudadela-en-moto\/","url":"https:\/\/rideon.es\/renting-empresas\/visita-ciudadela-en-moto\/","name":"Visita Ciudadela en Moto - Alquiler de motos mensual y Renting para Empresas","isPartOf":{"@id":"https:\/\/rideon.es\/renting-empresas\/#website"},"primaryImageOfPage":{"@id":"https:\/\/rideon.es\/renting-empresas\/visita-ciudadela-en-moto\/#primaryimage"},"image":{"@id":"https:\/\/rideon.es\/renting-empresas\/visita-ciudadela-en-moto\/#primaryimage"},"thumbnailUrl":"https:\/\/rideon.es\/renting-empresas\/wp-content\/uploads\/sites\/19\/2018\/06\/Puerto_de_Ciudadela.jpg","datePublished":"2018-05-15T09:53:33+00:00","description":"Descubre Ciutadela de Menorca con nuestro servicio de alquiler de motos y scooters en Menorca. Ride On Alquiler motos Menorca","inLanguage":"es","potentialAction":[{"@type":"ReadAction","target":["https:\/\/rideon.es\/renting-empresas\/visita-ciudadela-en-moto\/"]}]},{"@type":"ImageObject","inLanguage":"es","@id":"https:\/\/rideon.es\/renting-empresas\/visita-ciudadela-en-moto\/#primaryimage","url":"https:\/\/rideon.es\/renting-empresas\/wp-content\/uploads\/sites\/19\/2018\/06\/Puerto_de_Ciudadela.jpg","contentUrl":"https:\/\/rideon.es\/renting-empresas\/wp-content\/uploads\/sites\/19\/2018\/06\/Puerto_de_Ciudadela.jpg","width":800,"height":600},{"@type":"WebSite","@id":"https:\/\/rideon.es\/renting-empresas\/#website","url":"https:\/\/rideon.es\/renting-empresas\/","name":"Alquiler de motos mensual y Renting para Empresas","description":"Las motos m\u00e1s c\u00f3modas y seguras para disfrutar de tus vacaciones sobre ruedas. Alquiler de motos en Menorca, Mallorca, Barcelona y Valencia con Rideon.es","publisher":{"@id":"https:\/\/rideon.es\/renting-empresas\/#organization"},"potentialAction":[{"@type":"SearchAction","target":{"@type":"EntryPoint","urlTemplate":"https:\/\/rideon.es\/renting-empresas\/?s={search_term_string}"},"query-input":{"@type":"PropertyValueSpecification","valueRequired":true,"valueName":"search_term_string"}}],"inLanguage":"es"},{"@type":"Organization","@id":"https:\/\/rideon.es\/renting-empresas\/#organization","name":"Alquiler de motos mensual y Renting para Empresas","url":"https:\/\/rideon.es\/renting-empresas\/","logo":{"@type":"ImageObject","inLanguage":"es","@id":"https:\/\/rideon.es\/renting-empresas\/#\/schema\/logo\/image\/","url":"https:\/\/rideon.es\/renting-empresas\/wp-content\/uploads\/sites\/19\/2020\/02\/rideon_logo-200x78-1.png","contentUrl":"https:\/\/rideon.es\/renting-empresas\/wp-content\/uploads\/sites\/19\/2020\/02\/rideon_logo-200x78-1.png","width":200,"height":78,"caption":"Alquiler de motos mensual y Renting para Empresas"},"image":{"@id":"https:\/\/rideon.es\/renting-empresas\/#\/schema\/logo\/image\/"}},{"@type":"Person","@id":"https:\/\/rideon.es\/renting-empresas\/#\/schema\/person\/48d6770e55c623d929bd20ce295611a7","name":"Ride On","image":{"@type":"ImageObject","inLanguage":"es","@id":"https:\/\/secure.gravatar.com\/avatar\/785e72183089da6a00243c0f0e2d52db79b9983b602219afb07c868943086138?s=96&d=mm&r=g","url":"https:\/\/secure.gravatar.com\/avatar\/785e72183089da6a00243c0f0e2d52db79b9983b602219afb07c868943086138?s=96&d=mm&r=g","contentUrl":"https:\/\/secure.gravatar.com\/avatar\/785e72183089da6a00243c0f0e2d52db79b9983b602219afb07c868943086138?s=96&d=mm&r=g","caption":"Ride On"},"url":"https:\/\/rideon.es\/renting-empresas\/author\/eduardoyauri\/"}]}},"_links":{"self":[{"href":"https:\/\/rideon.es\/renting-empresas\/wp-json\/wp\/v2\/posts\/2735","targetHints":{"allow":["GET"]}}],"collection":[{"href":"https:\/\/rideon.es\/renting-empresas\/wp-json\/wp\/v2\/posts"}],"about":[{"href":"https:\/\/rideon.es\/renting-empresas\/wp-json\/wp\/v2\/types\/post"}],"author":[{"embeddable":true,"href":"https:\/\/rideon.es\/renting-empresas\/wp-json\/wp\/v2\/users\/2"}],"replies":[{"embeddable":true,"href":"https:\/\/rideon.es\/renting-empresas\/wp-json\/wp\/v2\/comments?post=2735"}],"version-history":[{"count":0,"href":"https:\/\/rideon.es\/renting-empresas\/wp-json\/wp\/v2\/posts\/2735\/revisions"}],"wp:featuredmedia":[{"embeddable":true,"href":"https:\/\/rideon.es\/renting-empresas\/wp-json\/wp\/v2\/media\/5191"}],"wp:attachment":[{"href":"https:\/\/rideon.es\/renting-empresas\/wp-json\/wp\/v2\/media?parent=2735"}],"wp:term":[{"taxonomy":"category","embeddable":true,"href":"https:\/\/rideon.es\/renting-empresas\/wp-json\/wp\/v2\/categories?post=2735"},{"taxonomy":"post_tag","embeddable":true,"href":"https:\/\/rideon.es\/renting-empresas\/wp-json\/wp\/v2\/tags?post=2735"}],"curies":[{"name":"wp","href":"https:\/\/api.w.org\/{rel}","templated":true}]}}