{"id":2720,"date":"2018-05-08T13:17:41","date_gmt":"2018-05-08T13:17:41","guid":{"rendered":"https:\/\/rideon.es\/?p=2720"},"modified":"2018-05-08T13:17:41","modified_gmt":"2018-05-08T13:17:41","slug":"senderismo-en-menorca","status":"publish","type":"post","link":"https:\/\/rideon.es\/renting-empresas\/senderismo-en-menorca\/","title":{"rendered":"Senderismo en Menorca"},"content":{"rendered":"<p><span style=\"font-weight: 400\">Senderismo, cicloturismo y rutas a caballo en Menorca<\/span><\/p>\n<p><span style=\"font-weight: 400\">Cicloturismo, senderismo y rutas a caballo por Menorca Menorca dispone de un entorno privilegiado para la pr\u00e1ctica de turismo activo y deportes al aire libre. La riqueza de sus parajes naturales, su patrimonio hist\u00f3rico y cultural, y la gastronom\u00eda t\u00edpica de la Isla hacen posible gran variedad de opciones para descubrir Menorca de forma activa.<\/span><br \/>\n<img fetchpriority=\"high\" decoding=\"async\" class=\"img-responsive aligncenter\" src=\"https:\/\/rideon.es\/wp-content\/uploads\/2018\/05\/menorca2-alquiler-moto-menorca.jpg\" alt=\"senderismo en Menorca alquiler moto menorca\" width=\"800\" height=\"533\" \/><\/p>\n<p><span style=\"font-weight: 400\">Adem\u00e1s de los numerosos deportes acu\u00e1ticos que se pueden practicar en Menorca, la Isla ofrece un territorio interior ideal para la pr\u00e1ctica del senderismo, el cicloturismo y las rutas a caballo.<\/span><\/p>\n<p><span style=\"font-weight: 400\">Opciones perfectas para explorar los rincones v\u00edrgenes y la amplia variedad de h\u00e1bitats naturales que hacen de Menorca un aut\u00e9ntico para\u00edso. Por caminos, barrancos, grutas, humedales\u2026 el interior de la Isla no decepciona as\u00ed que toma nota de todo lo que puedes hacer mientras recorres <\/span><a href=\"https:\/\/rideon.es\/es\/alquiler-moto-menorca\/\"><span style=\"font-weight: 400\">Menorca en moto de alquiler<\/span><\/a><span style=\"font-weight: 400\">.<\/span><\/p>\n<h2><span style=\"font-weight: 400\">Menorca en bicicleta<\/span><\/h2>\n<p><span style=\"font-weight: 400\">El paisaje suave y ondulado de Menorca proporciona itinerarios espectaculares para el cicloturismo, una de las opciones favoritas para los amantes de la naturaleza y el aire puro. Menorca cuenta con una amplia red ciclotur\u00edstica, con m\u00e1s de 20 rutas perfectamente se\u00f1alizadas que atraviesan entornos rurales espectaculares. Se pueden alquilar bicicletas en muchos lugares de la Isla y tambi\u00e9n existen empresas que organizan excursiones ciclotur\u00edsticas. Visita nuestro servicio de <\/span><span style=\"font-weight: 400\">alquiler de motos en Menorca<\/span><span style=\"font-weight: 400\"> Ride On<\/span><br \/>\n<img decoding=\"async\" class=\"img-responsive aligncenter\" src=\"https:\/\/rideon.es\/wp-content\/uploads\/2018\/05\/menorca3-alquler-moto-menorca.jpg\" alt=\"BTT en Menorca alquiler moto menorca\" width=\"799\" height=\"597\" \/><\/p>\n<h2><span style=\"font-weight: 400\">Menorca a pie <\/span><\/h2>\n<p><span style=\"font-weight: 400\">El Cam\u00ed de Cavalls se ha convertido en el camino por excelencia para los amantes del senderismo y permite dar toda la vuelta a la isla por su costa, cruzando calas v\u00edrgenes, atravesando imponentes barrancos o adentr\u00e1ndose en campos y peque\u00f1os bosques. Es una ruta homologada GR 223 y se encuentra perfectamente se\u00f1alizada durante todo su trayecto. Adem\u00e1s del legendario Cam\u00ed de Cavalls Menorca ofrece m\u00e1s de 30 itinerarios guiados para la pr\u00e1ctica del senderismo y que recorren la Isla de norte a sur y de este a oeste.<\/span><br \/>\n<img decoding=\"async\" class=\"img-responsive aligncenter\" src=\"https:\/\/rideon.es\/wp-content\/uploads\/2018\/05\/menorca-a-pie-alquiler-moto-menorca.jpg\" alt=\"Menorca a caballo alquiler moto menorca\" width=\"800\" height=\"600\" \/><\/p>\n<h2><span style=\"font-weight: 400\">Menorca a caballo<\/span><\/h2>\n<p><span style=\"font-weight: 400\">El turismo ecuestre es una magn\u00edfica opci\u00f3n para disfrutar del paisaje menorqu\u00edn y de una absoluta sensaci\u00f3n de libertad y de contacto con la naturaleza. Existe una amplia oferta de excursiones a caballo por la Isla, por el legendario Cam\u00ed de Cavalls y por otras muchas rutas perfectas para recorrer a lomos de un caballo.<\/span><\/p>\n","protected":false},"excerpt":{"rendered":"<p>Senderismo, cicloturismo y rutas a caballo en Menorca Cicloturismo, senderismo y rutas a caballo por Menorca Menorca dispone de un entorno privilegiado para la pr\u00e1ctica de turismo activo y deportes al aire libre. La riqueza de sus parajes naturales, su patrimonio hist\u00f3rico y cultural, y la gastronom\u00eda t\u00edpica de la Isla hacen posible gran variedad<\/p>\n","protected":false},"author":2,"featured_media":5215,"comment_status":"open","ping_status":"closed","sticky":false,"template":"","format":"standard","meta":{"inline_featured_image":false,"footnotes":""},"categories":[56,14],"tags":[],"class_list":["post-2720","post","type-post","status-publish","format-standard","has-post-thumbnail","hentry","category-lugar-interes","category-menorca"],"yoast_head":"<!-- This site is optimized with the Yoast SEO Premium plugin v18.7 (Yoast SEO v27.5) - https:\/\/yoast.com\/product\/yoast-seo-premium-wordpress\/ -->\n<title>Senderismo, cicloturismo y rutas a caballo en Menorca - Ride On<\/title>\n<meta name=\"description\" content=\"Todas las opciones de senderismo, cicloturismo y turismo a caballo de Menorca. Paracompletar tus vacaciones en moto de alquiler en Menorca.\" \/>\n<meta name=\"robots\" content=\"index, follow, max-snippet:-1, max-image-preview:large, max-video-preview:-1\" \/>\n<link rel=\"canonical\" href=\"https:\/\/rideon.es\/renting-empresas\/senderismo-en-menorca\/\" \/>\n<meta property=\"og:locale\" content=\"es_ES\" \/>\n<meta property=\"og:type\" content=\"article\" \/>\n<meta property=\"og:title\" content=\"Senderismo en Menorca\" \/>\n<meta property=\"og:description\" content=\"Todas las opciones de senderismo, cicloturismo y turismo a caballo de Menorca. Paracompletar tus vacaciones en moto de alquiler en Menorca.\" \/>\n<meta property=\"og:url\" content=\"https:\/\/rideon.es\/renting-empresas\/senderismo-en-menorca\/\" \/>\n<meta property=\"og:site_name\" content=\"Alquiler de motos mensual y Renting para Empresas\" \/>\n<meta property=\"article:published_time\" content=\"2018-05-08T13:17:41+00:00\" \/>\n<meta property=\"og:image\" content=\"https:\/\/rideon.es\/renting-empresas\/wp-content\/uploads\/sites\/19\/2018\/05\/menorca2-alquiler-moto-menorca-1.jpg\" \/>\n\t<meta property=\"og:image:width\" content=\"1920\" \/>\n\t<meta property=\"og:image:height\" content=\"1280\" \/>\n\t<meta property=\"og:image:type\" content=\"image\/jpeg\" \/>\n<meta name=\"author\" content=\"Ride On\" \/>\n<meta name=\"twitter:card\" content=\"summary_large_image\" \/>\n<meta name=\"twitter:label1\" content=\"Escrito por\" \/>\n\t<meta name=\"twitter:data1\" content=\"Ride On\" \/>\n\t<meta name=\"twitter:label2\" content=\"Tiempo de lectura\" \/>\n\t<meta name=\"twitter:data2\" content=\"2 minutos\" \/>\n<script type=\"application\/ld+json\" class=\"yoast-schema-graph\">{\"@context\":\"https:\\\/\\\/schema.org\",\"@graph\":[{\"@type\":\"Article\",\"@id\":\"https:\\\/\\\/rideon.es\\\/renting-empresas\\\/senderismo-en-menorca\\\/#article\",\"isPartOf\":{\"@id\":\"https:\\\/\\\/rideon.es\\\/renting-empresas\\\/senderismo-en-menorca\\\/\"},\"author\":{\"name\":\"Ride On\",\"@id\":\"https:\\\/\\\/rideon.es\\\/renting-empresas\\\/#\\\/schema\\\/person\\\/48d6770e55c623d929bd20ce295611a7\"},\"headline\":\"Senderismo en Menorca\",\"datePublished\":\"2018-05-08T13:17:41+00:00\",\"mainEntityOfPage\":{\"@id\":\"https:\\\/\\\/rideon.es\\\/renting-empresas\\\/senderismo-en-menorca\\\/\"},\"wordCount\":400,\"commentCount\":0,\"publisher\":{\"@id\":\"https:\\\/\\\/rideon.es\\\/renting-empresas\\\/#organization\"},\"image\":{\"@id\":\"https:\\\/\\\/rideon.es\\\/renting-empresas\\\/senderismo-en-menorca\\\/#primaryimage\"},\"thumbnailUrl\":\"https:\\\/\\\/rideon.es\\\/renting-empresas\\\/wp-content\\\/uploads\\\/sites\\\/19\\\/2018\\\/05\\\/menorca2-alquiler-moto-menorca-1.jpg\",\"articleSection\":[\"Lugares de inter\u00e9s\",\"Menorca\"],\"inLanguage\":\"es\",\"potentialAction\":[{\"@type\":\"CommentAction\",\"name\":\"Comment\",\"target\":[\"https:\\\/\\\/rideon.es\\\/renting-empresas\\\/senderismo-en-menorca\\\/#respond\"]}]},{\"@type\":\"WebPage\",\"@id\":\"https:\\\/\\\/rideon.es\\\/renting-empresas\\\/senderismo-en-menorca\\\/\",\"url\":\"https:\\\/\\\/rideon.es\\\/renting-empresas\\\/senderismo-en-menorca\\\/\",\"name\":\"Senderismo, cicloturismo y rutas a caballo en Menorca - Ride On\",\"isPartOf\":{\"@id\":\"https:\\\/\\\/rideon.es\\\/renting-empresas\\\/#website\"},\"primaryImageOfPage\":{\"@id\":\"https:\\\/\\\/rideon.es\\\/renting-empresas\\\/senderismo-en-menorca\\\/#primaryimage\"},\"image\":{\"@id\":\"https:\\\/\\\/rideon.es\\\/renting-empresas\\\/senderismo-en-menorca\\\/#primaryimage\"},\"thumbnailUrl\":\"https:\\\/\\\/rideon.es\\\/renting-empresas\\\/wp-content\\\/uploads\\\/sites\\\/19\\\/2018\\\/05\\\/menorca2-alquiler-moto-menorca-1.jpg\",\"datePublished\":\"2018-05-08T13:17:41+00:00\",\"description\":\"Todas las opciones de senderismo, cicloturismo y turismo a caballo de Menorca. Paracompletar tus vacaciones en moto de alquiler en Menorca.\",\"inLanguage\":\"es\",\"potentialAction\":[{\"@type\":\"ReadAction\",\"target\":[\"https:\\\/\\\/rideon.es\\\/renting-empresas\\\/senderismo-en-menorca\\\/\"]}]},{\"@type\":\"ImageObject\",\"inLanguage\":\"es\",\"@id\":\"https:\\\/\\\/rideon.es\\\/renting-empresas\\\/senderismo-en-menorca\\\/#primaryimage\",\"url\":\"https:\\\/\\\/rideon.es\\\/renting-empresas\\\/wp-content\\\/uploads\\\/sites\\\/19\\\/2018\\\/05\\\/menorca2-alquiler-moto-menorca-1.jpg\",\"contentUrl\":\"https:\\\/\\\/rideon.es\\\/renting-empresas\\\/wp-content\\\/uploads\\\/sites\\\/19\\\/2018\\\/05\\\/menorca2-alquiler-moto-menorca-1.jpg\",\"width\":1920,\"height\":1280},{\"@type\":\"WebSite\",\"@id\":\"https:\\\/\\\/rideon.es\\\/renting-empresas\\\/#website\",\"url\":\"https:\\\/\\\/rideon.es\\\/renting-empresas\\\/\",\"name\":\"Alquiler de motos mensual y Renting para Empresas\",\"description\":\"Las motos m\u00e1s c\u00f3modas y seguras para disfrutar de tus vacaciones sobre ruedas. Alquiler de motos en Menorca, Mallorca, Barcelona y Valencia con Rideon.es\",\"publisher\":{\"@id\":\"https:\\\/\\\/rideon.es\\\/renting-empresas\\\/#organization\"},\"potentialAction\":[{\"@type\":\"SearchAction\",\"target\":{\"@type\":\"EntryPoint\",\"urlTemplate\":\"https:\\\/\\\/rideon.es\\\/renting-empresas\\\/?s={search_term_string}\"},\"query-input\":{\"@type\":\"PropertyValueSpecification\",\"valueRequired\":true,\"valueName\":\"search_term_string\"}}],\"inLanguage\":\"es\"},{\"@type\":\"Organization\",\"@id\":\"https:\\\/\\\/rideon.es\\\/renting-empresas\\\/#organization\",\"name\":\"Alquiler de motos mensual y Renting para Empresas\",\"url\":\"https:\\\/\\\/rideon.es\\\/renting-empresas\\\/\",\"logo\":{\"@type\":\"ImageObject\",\"inLanguage\":\"es\",\"@id\":\"https:\\\/\\\/rideon.es\\\/renting-empresas\\\/#\\\/schema\\\/logo\\\/image\\\/\",\"url\":\"https:\\\/\\\/rideon.es\\\/renting-empresas\\\/wp-content\\\/uploads\\\/sites\\\/19\\\/2020\\\/02\\\/rideon_logo-200x78-1.png\",\"contentUrl\":\"https:\\\/\\\/rideon.es\\\/renting-empresas\\\/wp-content\\\/uploads\\\/sites\\\/19\\\/2020\\\/02\\\/rideon_logo-200x78-1.png\",\"width\":200,\"height\":78,\"caption\":\"Alquiler de motos mensual y Renting para Empresas\"},\"image\":{\"@id\":\"https:\\\/\\\/rideon.es\\\/renting-empresas\\\/#\\\/schema\\\/logo\\\/image\\\/\"}},{\"@type\":\"Person\",\"@id\":\"https:\\\/\\\/rideon.es\\\/renting-empresas\\\/#\\\/schema\\\/person\\\/48d6770e55c623d929bd20ce295611a7\",\"name\":\"Ride On\",\"image\":{\"@type\":\"ImageObject\",\"inLanguage\":\"es\",\"@id\":\"https:\\\/\\\/secure.gravatar.com\\\/avatar\\\/785e72183089da6a00243c0f0e2d52db79b9983b602219afb07c868943086138?s=96&d=mm&r=g\",\"url\":\"https:\\\/\\\/secure.gravatar.com\\\/avatar\\\/785e72183089da6a00243c0f0e2d52db79b9983b602219afb07c868943086138?s=96&d=mm&r=g\",\"contentUrl\":\"https:\\\/\\\/secure.gravatar.com\\\/avatar\\\/785e72183089da6a00243c0f0e2d52db79b9983b602219afb07c868943086138?s=96&d=mm&r=g\",\"caption\":\"Ride On\"},\"url\":\"https:\\\/\\\/rideon.es\\\/renting-empresas\\\/author\\\/eduardoyauri\\\/\"}]}<\/script>\n<!-- \/ Yoast SEO Premium plugin. -->","yoast_head_json":{"title":"Senderismo, cicloturismo y rutas a caballo en Menorca - Ride On","description":"Todas las opciones de senderismo, cicloturismo y turismo a caballo de Menorca. Paracompletar tus vacaciones en moto de alquiler en Menorca.","robots":{"index":"index","follow":"follow","max-snippet":"max-snippet:-1","max-image-preview":"max-image-preview:large","max-video-preview":"max-video-preview:-1"},"canonical":"https:\/\/rideon.es\/renting-empresas\/senderismo-en-menorca\/","og_locale":"es_ES","og_type":"article","og_title":"Senderismo en Menorca","og_description":"Todas las opciones de senderismo, cicloturismo y turismo a caballo de Menorca. Paracompletar tus vacaciones en moto de alquiler en Menorca.","og_url":"https:\/\/rideon.es\/renting-empresas\/senderismo-en-menorca\/","og_site_name":"Alquiler de motos mensual y Renting para Empresas","article_published_time":"2018-05-08T13:17:41+00:00","og_image":[{"width":1920,"height":1280,"url":"https:\/\/rideon.es\/renting-empresas\/wp-content\/uploads\/sites\/19\/2018\/05\/menorca2-alquiler-moto-menorca-1.jpg","type":"image\/jpeg"}],"author":"Ride On","twitter_card":"summary_large_image","twitter_misc":{"Escrito por":"Ride On","Tiempo de lectura":"2 minutos"},"schema":{"@context":"https:\/\/schema.org","@graph":[{"@type":"Article","@id":"https:\/\/rideon.es\/renting-empresas\/senderismo-en-menorca\/#article","isPartOf":{"@id":"https:\/\/rideon.es\/renting-empresas\/senderismo-en-menorca\/"},"author":{"name":"Ride On","@id":"https:\/\/rideon.es\/renting-empresas\/#\/schema\/person\/48d6770e55c623d929bd20ce295611a7"},"headline":"Senderismo en Menorca","datePublished":"2018-05-08T13:17:41+00:00","mainEntityOfPage":{"@id":"https:\/\/rideon.es\/renting-empresas\/senderismo-en-menorca\/"},"wordCount":400,"commentCount":0,"publisher":{"@id":"https:\/\/rideon.es\/renting-empresas\/#organization"},"image":{"@id":"https:\/\/rideon.es\/renting-empresas\/senderismo-en-menorca\/#primaryimage"},"thumbnailUrl":"https:\/\/rideon.es\/renting-empresas\/wp-content\/uploads\/sites\/19\/2018\/05\/menorca2-alquiler-moto-menorca-1.jpg","articleSection":["Lugares de inter\u00e9s","Menorca"],"inLanguage":"es","potentialAction":[{"@type":"CommentAction","name":"Comment","target":["https:\/\/rideon.es\/renting-empresas\/senderismo-en-menorca\/#respond"]}]},{"@type":"WebPage","@id":"https:\/\/rideon.es\/renting-empresas\/senderismo-en-menorca\/","url":"https:\/\/rideon.es\/renting-empresas\/senderismo-en-menorca\/","name":"Senderismo, cicloturismo y rutas a caballo en Menorca - Ride On","isPartOf":{"@id":"https:\/\/rideon.es\/renting-empresas\/#website"},"primaryImageOfPage":{"@id":"https:\/\/rideon.es\/renting-empresas\/senderismo-en-menorca\/#primaryimage"},"image":{"@id":"https:\/\/rideon.es\/renting-empresas\/senderismo-en-menorca\/#primaryimage"},"thumbnailUrl":"https:\/\/rideon.es\/renting-empresas\/wp-content\/uploads\/sites\/19\/2018\/05\/menorca2-alquiler-moto-menorca-1.jpg","datePublished":"2018-05-08T13:17:41+00:00","description":"Todas las opciones de senderismo, cicloturismo y turismo a caballo de Menorca. Paracompletar tus vacaciones en moto de alquiler en Menorca.","inLanguage":"es","potentialAction":[{"@type":"ReadAction","target":["https:\/\/rideon.es\/renting-empresas\/senderismo-en-menorca\/"]}]},{"@type":"ImageObject","inLanguage":"es","@id":"https:\/\/rideon.es\/renting-empresas\/senderismo-en-menorca\/#primaryimage","url":"https:\/\/rideon.es\/renting-empresas\/wp-content\/uploads\/sites\/19\/2018\/05\/menorca2-alquiler-moto-menorca-1.jpg","contentUrl":"https:\/\/rideon.es\/renting-empresas\/wp-content\/uploads\/sites\/19\/2018\/05\/menorca2-alquiler-moto-menorca-1.jpg","width":1920,"height":1280},{"@type":"WebSite","@id":"https:\/\/rideon.es\/renting-empresas\/#website","url":"https:\/\/rideon.es\/renting-empresas\/","name":"Alquiler de motos mensual y Renting para Empresas","description":"Las motos m\u00e1s c\u00f3modas y seguras para disfrutar de tus vacaciones sobre ruedas. Alquiler de motos en Menorca, Mallorca, Barcelona y Valencia con Rideon.es","publisher":{"@id":"https:\/\/rideon.es\/renting-empresas\/#organization"},"potentialAction":[{"@type":"SearchAction","target":{"@type":"EntryPoint","urlTemplate":"https:\/\/rideon.es\/renting-empresas\/?s={search_term_string}"},"query-input":{"@type":"PropertyValueSpecification","valueRequired":true,"valueName":"search_term_string"}}],"inLanguage":"es"},{"@type":"Organization","@id":"https:\/\/rideon.es\/renting-empresas\/#organization","name":"Alquiler de motos mensual y Renting para Empresas","url":"https:\/\/rideon.es\/renting-empresas\/","logo":{"@type":"ImageObject","inLanguage":"es","@id":"https:\/\/rideon.es\/renting-empresas\/#\/schema\/logo\/image\/","url":"https:\/\/rideon.es\/renting-empresas\/wp-content\/uploads\/sites\/19\/2020\/02\/rideon_logo-200x78-1.png","contentUrl":"https:\/\/rideon.es\/renting-empresas\/wp-content\/uploads\/sites\/19\/2020\/02\/rideon_logo-200x78-1.png","width":200,"height":78,"caption":"Alquiler de motos mensual y Renting para Empresas"},"image":{"@id":"https:\/\/rideon.es\/renting-empresas\/#\/schema\/logo\/image\/"}},{"@type":"Person","@id":"https:\/\/rideon.es\/renting-empresas\/#\/schema\/person\/48d6770e55c623d929bd20ce295611a7","name":"Ride On","image":{"@type":"ImageObject","inLanguage":"es","@id":"https:\/\/secure.gravatar.com\/avatar\/785e72183089da6a00243c0f0e2d52db79b9983b602219afb07c868943086138?s=96&d=mm&r=g","url":"https:\/\/secure.gravatar.com\/avatar\/785e72183089da6a00243c0f0e2d52db79b9983b602219afb07c868943086138?s=96&d=mm&r=g","contentUrl":"https:\/\/secure.gravatar.com\/avatar\/785e72183089da6a00243c0f0e2d52db79b9983b602219afb07c868943086138?s=96&d=mm&r=g","caption":"Ride On"},"url":"https:\/\/rideon.es\/renting-empresas\/author\/eduardoyauri\/"}]}},"_links":{"self":[{"href":"https:\/\/rideon.es\/renting-empresas\/wp-json\/wp\/v2\/posts\/2720","targetHints":{"allow":["GET"]}}],"collection":[{"href":"https:\/\/rideon.es\/renting-empresas\/wp-json\/wp\/v2\/posts"}],"about":[{"href":"https:\/\/rideon.es\/renting-empresas\/wp-json\/wp\/v2\/types\/post"}],"author":[{"embeddable":true,"href":"https:\/\/rideon.es\/renting-empresas\/wp-json\/wp\/v2\/users\/2"}],"replies":[{"embeddable":true,"href":"https:\/\/rideon.es\/renting-empresas\/wp-json\/wp\/v2\/comments?post=2720"}],"version-history":[{"count":0,"href":"https:\/\/rideon.es\/renting-empresas\/wp-json\/wp\/v2\/posts\/2720\/revisions"}],"wp:featuredmedia":[{"embeddable":true,"href":"https:\/\/rideon.es\/renting-empresas\/wp-json\/wp\/v2\/media\/5215"}],"wp:attachment":[{"href":"https:\/\/rideon.es\/renting-empresas\/wp-json\/wp\/v2\/media?parent=2720"}],"wp:term":[{"taxonomy":"category","embeddable":true,"href":"https:\/\/rideon.es\/renting-empresas\/wp-json\/wp\/v2\/categories?post=2720"},{"taxonomy":"post_tag","embeddable":true,"href":"https:\/\/rideon.es\/renting-empresas\/wp-json\/wp\/v2\/tags?post=2720"}],"curies":[{"name":"wp","href":"https:\/\/api.w.org\/{rel}","templated":true}]}}