{"id":2616,"date":"2018-04-19T11:22:13","date_gmt":"2018-04-19T11:22:13","guid":{"rendered":"https:\/\/rideon.es\/?p=2616"},"modified":"2018-04-19T11:22:13","modified_gmt":"2018-04-19T11:22:13","slug":"donde-comer-en-palma-con-tu-alquiler-de-moto","status":"publish","type":"post","link":"https:\/\/rideon.es\/renting-empresas\/donde-comer-en-palma-con-tu-alquiler-de-moto\/","title":{"rendered":"D\u00f3nde comer en Palma con tu alquiler de moto"},"content":{"rendered":"<p><span style=\"font-weight: 400\">La oferta de restauraci\u00f3n en Palma es uno de los puntos fuertes par el turismo, tanto por su gran variedad como por su excelente calidad. A lo largo del tiempo Palma ha vivido con numerosas culturas que han ido dejando huella en la cultura gastron\u00f3mica de la isla. De ese modo en Palma se pueden degustar comidas de casi todo el mundo. Adem\u00e1s, hay una amplia gama de restaurante de cocina internacional y tambi\u00e9n numerosos restaurantes de comida t\u00edpica mallorquina.<\/span><br \/>\n<span style=\"font-weight: 400\">La gastronom\u00eda se ha convertido en un atractivo m\u00e1s por los turistas, por ello nombramos algunas de las principales zonas de la ciudad que visitar con el<\/span><a href=\"https:\/\/rideon.es\/es\/alquiler-moto-mallorca\/\"><span style=\"font-weight: 400\"> alquiler de moto en Mallorca <\/span><\/a><span style=\"font-weight: 400\">y as\u00ed, poder disfrutar de la isla.<\/span><\/p>\n<h2><span style=\"font-weight: 400\">Centro hist\u00f3rico<\/span><\/h2>\n<p><img fetchpriority=\"high\" decoding=\"async\" class=\"img-responsive aligncenter\" src=\"https:\/\/rideon.es\/wp-content\/uploads\/2018\/04\/centro-de-palma-alquiler-moto-mallorca-1.png\" alt=\"Centro hist\u00f3rico alqiuler moto Mallorca\" width=\"799\" height=\"499\" \/><br \/>\n<span style=\"font-weight: 400\">El centro de Palma recoge a numerosos restaurantes, bares y cafeter\u00edas muy variadas. Sin salir del centro se pueden encontrar establecimientos de comida tradicional o de comida contempor\u00e1nea tanto nacional como internacional.<\/span><\/p>\n<h2><span style=\"font-weight: 400\">El paseo mar\u00edtimo<\/span><\/h2>\n<p><img decoding=\"async\" class=\"img-responsive aligncenter\" src=\"https:\/\/rideon.es\/wp-content\/uploads\/2018\/04\/paseo-maritimo-alquiler-moto-mallorca.png\" alt=\"Paseo mar\u00edtimo alquiler moto Mallorca\" width=\"800\" height=\"493\" \/><br \/>\n<span style=\"font-weight: 400\">El paseo mar\u00edtimo es uno los lugares m\u00e1s cosmopolitas de la isla, se puede degustar comida de casi cualquier parte del mundo entre las que destacamos la comida japonesa, china, hind\u00fa, mexicana, italiana, de autor y tambi\u00e9n mediterr\u00e1nea.<\/span><\/p>\n<h2><span style=\"font-weight: 400\">Ciutat Jard\u00ed<\/span><\/h2>\n<p><span style=\"font-weight: 400\">Las marisquer\u00edas m\u00e1s exquisitas de la isla se encuentran en esta zona de Palma. Disfrutar de mariscos frescos de una isla con tradici\u00f3n pesquera como Mallorca resulta una de las experiencias m\u00e1s recomendables si se quiere descubrir la Palma de Mallorca m\u00e1s gastron\u00f3mica.<\/span><\/p>\n<h2><span style=\"font-weight: 400\">Zona del paseo Mallorca y Jaime III<\/span><\/h2>\n<p><span style=\"font-weight: 400\">Conocida como la zona de negocios de Palma, la zona del paseo es excelente para ir de compras y dejarse impresionar por los restaurantes de la zona muy especializados en asadores y en la cocina de mercado.<\/span><\/p>\n<h2><span style=\"font-weight: 400\">Santa Catalina y la plaza Progr\u00e9s<\/span><\/h2>\n<p><img decoding=\"async\" class=\"img-responsive aligncenter\" src=\"https:\/\/rideon.es\/wp-content\/uploads\/2018\/04\/restaurantes-santa-catalina-alquiler-moto-mallorca.png\" alt=\"Santa Catalina alquiler moto Mallorca\" width=\"800\" height=\"514\" \/><br \/>\n<span style=\"font-weight: 400\">Otra de las zonas que se han puesto de moda en Palma de Mallorca, zona en la que se pueden encontrar restaurantes especializados en tapas de pa i oli, cocina argentina, italiana, vietnamita, japonesa y africana. Visita Ride On y descubre nuestro servicio de <\/span><a href=\"https:\/\/rideon.es\/es\/\"><span style=\"font-weight: 400\">alquiler de motos en Mallorca<\/span><\/a><\/p>\n<h2><span style=\"font-weight: 400\">Es molinar &#8211; Portitxol<\/span><\/h2>\n<p><span style=\"font-weight: 400\">Zona conocida por ser una de los mejores sitios para comer pescado en la ciudad. Pescados y mariscos bien frescos as\u00ed como las famosas calderetes y arroces de Mallorca que hacen felices a los paladares m\u00e1s sibaritas. Comer sentado en una terraza mirando las vistas a la bah\u00eda de Palma y disfrutar de la maravilla brisa marina.<\/span><\/p>\n<h2><span style=\"font-weight: 400\">La lonja-Born-Puerta de Santa Catalina<\/span><\/h2>\n<p><span style=\"font-weight: 400\">La zona de la Lonja-Born-Porta de Santa Catalina est\u00e1 muy de moda. Cerca de la plaza de la Lonja hay muchas pizzer\u00edas, tascas vascas y restaurantes de cocina marinera. En las calles de Sant Feliu tambi\u00e9n se pueden degustar cocina vegetariana, internacional, francesa, mallorquina y como no, tapas y raciones.<\/span><\/p>\n<h2><span style=\"font-weight: 400\">Visita el mercado del Olivar<\/span><\/h2>\n<p><img loading=\"lazy\" decoding=\"async\" class=\"img-responsive aligncenter\" src=\"https:\/\/rideon.es\/wp-content\/uploads\/2018\/04\/mercado-olicvar-alquiler-moto-mallorca.png\" alt=\"el mercat olivar alquiler moto Mallorca\" width=\"800\" height=\"543\" \/><br \/>\n<span style=\"font-weight: 400\">\u201cEl mercat\u201d cuenta con una amplia variedad de gastronom\u00edas con comida preparadas de otras, sushi, cavas, champagne, vinos y licores. Dentro del mercado se podr\u00e1n encontrar much\u00edsimos restaurantes de pescado, sushi, kebabs, bocadillo, hamburguesas, tapas y pinchos.<\/span><\/p>\n","protected":false},"excerpt":{"rendered":"<p>La oferta de restauraci\u00f3n en Palma es uno de los puntos fuertes par el turismo, tanto por su gran variedad como por su excelente calidad. A lo largo del tiempo Palma ha vivido con numerosas culturas que han ido dejando huella en la cultura gastron\u00f3mica de la isla. De ese modo en Palma se pueden<\/p>\n","protected":false},"author":2,"featured_media":5207,"comment_status":"open","ping_status":"closed","sticky":false,"template":"","format":"standard","meta":{"inline_featured_image":false,"footnotes":""},"categories":[58,11],"tags":[],"class_list":["post-2616","post","type-post","status-publish","format-standard","has-post-thumbnail","hentry","category-gastronomia","category-mallorca"],"yoast_head":"<!-- This site is optimized with the Yoast SEO Premium plugin v18.7 (Yoast SEO v27.5) - https:\/\/yoast.com\/product\/yoast-seo-premium-wordpress\/ -->\n<title>D\u00f3nde comer en Palma con tu alquiler de moto - Alquiler de motos mensual y Renting para Empresas<\/title>\n<meta name=\"description\" content=\"Descubre los mejores sitios para comer en Mallorca si visitas la isla con nuestro servicio de alquiler de motos en Mallorca.\" \/>\n<meta name=\"robots\" content=\"index, follow, max-snippet:-1, max-image-preview:large, max-video-preview:-1\" \/>\n<link rel=\"canonical\" href=\"https:\/\/rideon.es\/renting-empresas\/donde-comer-en-palma-con-tu-alquiler-de-moto\/\" \/>\n<meta property=\"og:locale\" content=\"es_ES\" \/>\n<meta property=\"og:type\" content=\"article\" \/>\n<meta property=\"og:title\" content=\"D\u00f3nde comer en Palma con tu alquiler de moto\" \/>\n<meta property=\"og:description\" content=\"Descubre los mejores sitios para comer en Mallorca si visitas la isla con nuestro servicio de alquiler de motos en Mallorca.\" \/>\n<meta property=\"og:url\" content=\"https:\/\/rideon.es\/renting-empresas\/donde-comer-en-palma-con-tu-alquiler-de-moto\/\" \/>\n<meta property=\"og:site_name\" content=\"Alquiler de motos mensual y Renting para Empresas\" \/>\n<meta property=\"article:published_time\" content=\"2018-04-19T11:22:13+00:00\" \/>\n<meta property=\"og:image\" content=\"https:\/\/rideon.es\/renting-empresas\/wp-content\/uploads\/sites\/19\/2018\/05\/centro-de-palma-alquiler-moto-mallorca-1.png\" \/>\n\t<meta property=\"og:image:width\" content=\"1207\" \/>\n\t<meta property=\"og:image:height\" content=\"754\" \/>\n\t<meta property=\"og:image:type\" content=\"image\/png\" \/>\n<meta name=\"author\" content=\"Ride On\" \/>\n<meta name=\"twitter:card\" content=\"summary_large_image\" \/>\n<meta name=\"twitter:label1\" content=\"Escrito por\" \/>\n\t<meta name=\"twitter:data1\" content=\"Ride On\" \/>\n\t<meta name=\"twitter:label2\" content=\"Tiempo de lectura\" \/>\n\t<meta name=\"twitter:data2\" content=\"3 minutos\" \/>\n<script type=\"application\/ld+json\" class=\"yoast-schema-graph\">{\"@context\":\"https:\\\/\\\/schema.org\",\"@graph\":[{\"@type\":\"Article\",\"@id\":\"https:\\\/\\\/rideon.es\\\/renting-empresas\\\/donde-comer-en-palma-con-tu-alquiler-de-moto\\\/#article\",\"isPartOf\":{\"@id\":\"https:\\\/\\\/rideon.es\\\/renting-empresas\\\/donde-comer-en-palma-con-tu-alquiler-de-moto\\\/\"},\"author\":{\"name\":\"Ride On\",\"@id\":\"https:\\\/\\\/rideon.es\\\/renting-empresas\\\/#\\\/schema\\\/person\\\/48d6770e55c623d929bd20ce295611a7\"},\"headline\":\"D\u00f3nde comer en Palma con tu alquiler de moto\",\"datePublished\":\"2018-04-19T11:22:13+00:00\",\"mainEntityOfPage\":{\"@id\":\"https:\\\/\\\/rideon.es\\\/renting-empresas\\\/donde-comer-en-palma-con-tu-alquiler-de-moto\\\/\"},\"wordCount\":535,\"commentCount\":0,\"publisher\":{\"@id\":\"https:\\\/\\\/rideon.es\\\/renting-empresas\\\/#organization\"},\"image\":{\"@id\":\"https:\\\/\\\/rideon.es\\\/renting-empresas\\\/donde-comer-en-palma-con-tu-alquiler-de-moto\\\/#primaryimage\"},\"thumbnailUrl\":\"https:\\\/\\\/rideon.es\\\/renting-empresas\\\/wp-content\\\/uploads\\\/sites\\\/19\\\/2018\\\/05\\\/centro-de-palma-alquiler-moto-mallorca-1.png\",\"articleSection\":[\"Gastronom\u00eda\",\"Mallorca\"],\"inLanguage\":\"es\",\"potentialAction\":[{\"@type\":\"CommentAction\",\"name\":\"Comment\",\"target\":[\"https:\\\/\\\/rideon.es\\\/renting-empresas\\\/donde-comer-en-palma-con-tu-alquiler-de-moto\\\/#respond\"]}]},{\"@type\":\"WebPage\",\"@id\":\"https:\\\/\\\/rideon.es\\\/renting-empresas\\\/donde-comer-en-palma-con-tu-alquiler-de-moto\\\/\",\"url\":\"https:\\\/\\\/rideon.es\\\/renting-empresas\\\/donde-comer-en-palma-con-tu-alquiler-de-moto\\\/\",\"name\":\"D\u00f3nde comer en Palma con tu alquiler de moto - Alquiler de motos mensual y Renting para Empresas\",\"isPartOf\":{\"@id\":\"https:\\\/\\\/rideon.es\\\/renting-empresas\\\/#website\"},\"primaryImageOfPage\":{\"@id\":\"https:\\\/\\\/rideon.es\\\/renting-empresas\\\/donde-comer-en-palma-con-tu-alquiler-de-moto\\\/#primaryimage\"},\"image\":{\"@id\":\"https:\\\/\\\/rideon.es\\\/renting-empresas\\\/donde-comer-en-palma-con-tu-alquiler-de-moto\\\/#primaryimage\"},\"thumbnailUrl\":\"https:\\\/\\\/rideon.es\\\/renting-empresas\\\/wp-content\\\/uploads\\\/sites\\\/19\\\/2018\\\/05\\\/centro-de-palma-alquiler-moto-mallorca-1.png\",\"datePublished\":\"2018-04-19T11:22:13+00:00\",\"description\":\"Descubre los mejores sitios para comer en Mallorca si visitas la isla con nuestro servicio de alquiler de motos en Mallorca.\",\"inLanguage\":\"es\",\"potentialAction\":[{\"@type\":\"ReadAction\",\"target\":[\"https:\\\/\\\/rideon.es\\\/renting-empresas\\\/donde-comer-en-palma-con-tu-alquiler-de-moto\\\/\"]}]},{\"@type\":\"ImageObject\",\"inLanguage\":\"es\",\"@id\":\"https:\\\/\\\/rideon.es\\\/renting-empresas\\\/donde-comer-en-palma-con-tu-alquiler-de-moto\\\/#primaryimage\",\"url\":\"https:\\\/\\\/rideon.es\\\/renting-empresas\\\/wp-content\\\/uploads\\\/sites\\\/19\\\/2018\\\/05\\\/centro-de-palma-alquiler-moto-mallorca-1.png\",\"contentUrl\":\"https:\\\/\\\/rideon.es\\\/renting-empresas\\\/wp-content\\\/uploads\\\/sites\\\/19\\\/2018\\\/05\\\/centro-de-palma-alquiler-moto-mallorca-1.png\",\"width\":1207,\"height\":754},{\"@type\":\"WebSite\",\"@id\":\"https:\\\/\\\/rideon.es\\\/renting-empresas\\\/#website\",\"url\":\"https:\\\/\\\/rideon.es\\\/renting-empresas\\\/\",\"name\":\"Alquiler de motos mensual y Renting para Empresas\",\"description\":\"Las motos m\u00e1s c\u00f3modas y seguras para disfrutar de tus vacaciones sobre ruedas. Alquiler de motos en Menorca, Mallorca, Barcelona y Valencia con Rideon.es\",\"publisher\":{\"@id\":\"https:\\\/\\\/rideon.es\\\/renting-empresas\\\/#organization\"},\"potentialAction\":[{\"@type\":\"SearchAction\",\"target\":{\"@type\":\"EntryPoint\",\"urlTemplate\":\"https:\\\/\\\/rideon.es\\\/renting-empresas\\\/?s={search_term_string}\"},\"query-input\":{\"@type\":\"PropertyValueSpecification\",\"valueRequired\":true,\"valueName\":\"search_term_string\"}}],\"inLanguage\":\"es\"},{\"@type\":\"Organization\",\"@id\":\"https:\\\/\\\/rideon.es\\\/renting-empresas\\\/#organization\",\"name\":\"Alquiler de motos mensual y Renting para Empresas\",\"url\":\"https:\\\/\\\/rideon.es\\\/renting-empresas\\\/\",\"logo\":{\"@type\":\"ImageObject\",\"inLanguage\":\"es\",\"@id\":\"https:\\\/\\\/rideon.es\\\/renting-empresas\\\/#\\\/schema\\\/logo\\\/image\\\/\",\"url\":\"https:\\\/\\\/rideon.es\\\/renting-empresas\\\/wp-content\\\/uploads\\\/sites\\\/19\\\/2020\\\/02\\\/rideon_logo-200x78-1.png\",\"contentUrl\":\"https:\\\/\\\/rideon.es\\\/renting-empresas\\\/wp-content\\\/uploads\\\/sites\\\/19\\\/2020\\\/02\\\/rideon_logo-200x78-1.png\",\"width\":200,\"height\":78,\"caption\":\"Alquiler de motos mensual y Renting para Empresas\"},\"image\":{\"@id\":\"https:\\\/\\\/rideon.es\\\/renting-empresas\\\/#\\\/schema\\\/logo\\\/image\\\/\"}},{\"@type\":\"Person\",\"@id\":\"https:\\\/\\\/rideon.es\\\/renting-empresas\\\/#\\\/schema\\\/person\\\/48d6770e55c623d929bd20ce295611a7\",\"name\":\"Ride On\",\"image\":{\"@type\":\"ImageObject\",\"inLanguage\":\"es\",\"@id\":\"https:\\\/\\\/secure.gravatar.com\\\/avatar\\\/785e72183089da6a00243c0f0e2d52db79b9983b602219afb07c868943086138?s=96&d=mm&r=g\",\"url\":\"https:\\\/\\\/secure.gravatar.com\\\/avatar\\\/785e72183089da6a00243c0f0e2d52db79b9983b602219afb07c868943086138?s=96&d=mm&r=g\",\"contentUrl\":\"https:\\\/\\\/secure.gravatar.com\\\/avatar\\\/785e72183089da6a00243c0f0e2d52db79b9983b602219afb07c868943086138?s=96&d=mm&r=g\",\"caption\":\"Ride On\"},\"url\":\"https:\\\/\\\/rideon.es\\\/renting-empresas\\\/author\\\/eduardoyauri\\\/\"}]}<\/script>\n<!-- \/ Yoast SEO Premium plugin. -->","yoast_head_json":{"title":"D\u00f3nde comer en Palma con tu alquiler de moto - Alquiler de motos mensual y Renting para Empresas","description":"Descubre los mejores sitios para comer en Mallorca si visitas la isla con nuestro servicio de alquiler de motos en Mallorca.","robots":{"index":"index","follow":"follow","max-snippet":"max-snippet:-1","max-image-preview":"max-image-preview:large","max-video-preview":"max-video-preview:-1"},"canonical":"https:\/\/rideon.es\/renting-empresas\/donde-comer-en-palma-con-tu-alquiler-de-moto\/","og_locale":"es_ES","og_type":"article","og_title":"D\u00f3nde comer en Palma con tu alquiler de moto","og_description":"Descubre los mejores sitios para comer en Mallorca si visitas la isla con nuestro servicio de alquiler de motos en Mallorca.","og_url":"https:\/\/rideon.es\/renting-empresas\/donde-comer-en-palma-con-tu-alquiler-de-moto\/","og_site_name":"Alquiler de motos mensual y Renting para Empresas","article_published_time":"2018-04-19T11:22:13+00:00","og_image":[{"width":1207,"height":754,"url":"https:\/\/rideon.es\/renting-empresas\/wp-content\/uploads\/sites\/19\/2018\/05\/centro-de-palma-alquiler-moto-mallorca-1.png","type":"image\/png"}],"author":"Ride On","twitter_card":"summary_large_image","twitter_misc":{"Escrito por":"Ride On","Tiempo de lectura":"3 minutos"},"schema":{"@context":"https:\/\/schema.org","@graph":[{"@type":"Article","@id":"https:\/\/rideon.es\/renting-empresas\/donde-comer-en-palma-con-tu-alquiler-de-moto\/#article","isPartOf":{"@id":"https:\/\/rideon.es\/renting-empresas\/donde-comer-en-palma-con-tu-alquiler-de-moto\/"},"author":{"name":"Ride On","@id":"https:\/\/rideon.es\/renting-empresas\/#\/schema\/person\/48d6770e55c623d929bd20ce295611a7"},"headline":"D\u00f3nde comer en Palma con tu alquiler de moto","datePublished":"2018-04-19T11:22:13+00:00","mainEntityOfPage":{"@id":"https:\/\/rideon.es\/renting-empresas\/donde-comer-en-palma-con-tu-alquiler-de-moto\/"},"wordCount":535,"commentCount":0,"publisher":{"@id":"https:\/\/rideon.es\/renting-empresas\/#organization"},"image":{"@id":"https:\/\/rideon.es\/renting-empresas\/donde-comer-en-palma-con-tu-alquiler-de-moto\/#primaryimage"},"thumbnailUrl":"https:\/\/rideon.es\/renting-empresas\/wp-content\/uploads\/sites\/19\/2018\/05\/centro-de-palma-alquiler-moto-mallorca-1.png","articleSection":["Gastronom\u00eda","Mallorca"],"inLanguage":"es","potentialAction":[{"@type":"CommentAction","name":"Comment","target":["https:\/\/rideon.es\/renting-empresas\/donde-comer-en-palma-con-tu-alquiler-de-moto\/#respond"]}]},{"@type":"WebPage","@id":"https:\/\/rideon.es\/renting-empresas\/donde-comer-en-palma-con-tu-alquiler-de-moto\/","url":"https:\/\/rideon.es\/renting-empresas\/donde-comer-en-palma-con-tu-alquiler-de-moto\/","name":"D\u00f3nde comer en Palma con tu alquiler de moto - Alquiler de motos mensual y Renting para Empresas","isPartOf":{"@id":"https:\/\/rideon.es\/renting-empresas\/#website"},"primaryImageOfPage":{"@id":"https:\/\/rideon.es\/renting-empresas\/donde-comer-en-palma-con-tu-alquiler-de-moto\/#primaryimage"},"image":{"@id":"https:\/\/rideon.es\/renting-empresas\/donde-comer-en-palma-con-tu-alquiler-de-moto\/#primaryimage"},"thumbnailUrl":"https:\/\/rideon.es\/renting-empresas\/wp-content\/uploads\/sites\/19\/2018\/05\/centro-de-palma-alquiler-moto-mallorca-1.png","datePublished":"2018-04-19T11:22:13+00:00","description":"Descubre los mejores sitios para comer en Mallorca si visitas la isla con nuestro servicio de alquiler de motos en Mallorca.","inLanguage":"es","potentialAction":[{"@type":"ReadAction","target":["https:\/\/rideon.es\/renting-empresas\/donde-comer-en-palma-con-tu-alquiler-de-moto\/"]}]},{"@type":"ImageObject","inLanguage":"es","@id":"https:\/\/rideon.es\/renting-empresas\/donde-comer-en-palma-con-tu-alquiler-de-moto\/#primaryimage","url":"https:\/\/rideon.es\/renting-empresas\/wp-content\/uploads\/sites\/19\/2018\/05\/centro-de-palma-alquiler-moto-mallorca-1.png","contentUrl":"https:\/\/rideon.es\/renting-empresas\/wp-content\/uploads\/sites\/19\/2018\/05\/centro-de-palma-alquiler-moto-mallorca-1.png","width":1207,"height":754},{"@type":"WebSite","@id":"https:\/\/rideon.es\/renting-empresas\/#website","url":"https:\/\/rideon.es\/renting-empresas\/","name":"Alquiler de motos mensual y Renting para Empresas","description":"Las motos m\u00e1s c\u00f3modas y seguras para disfrutar de tus vacaciones sobre ruedas. Alquiler de motos en Menorca, Mallorca, Barcelona y Valencia con Rideon.es","publisher":{"@id":"https:\/\/rideon.es\/renting-empresas\/#organization"},"potentialAction":[{"@type":"SearchAction","target":{"@type":"EntryPoint","urlTemplate":"https:\/\/rideon.es\/renting-empresas\/?s={search_term_string}"},"query-input":{"@type":"PropertyValueSpecification","valueRequired":true,"valueName":"search_term_string"}}],"inLanguage":"es"},{"@type":"Organization","@id":"https:\/\/rideon.es\/renting-empresas\/#organization","name":"Alquiler de motos mensual y Renting para Empresas","url":"https:\/\/rideon.es\/renting-empresas\/","logo":{"@type":"ImageObject","inLanguage":"es","@id":"https:\/\/rideon.es\/renting-empresas\/#\/schema\/logo\/image\/","url":"https:\/\/rideon.es\/renting-empresas\/wp-content\/uploads\/sites\/19\/2020\/02\/rideon_logo-200x78-1.png","contentUrl":"https:\/\/rideon.es\/renting-empresas\/wp-content\/uploads\/sites\/19\/2020\/02\/rideon_logo-200x78-1.png","width":200,"height":78,"caption":"Alquiler de motos mensual y Renting para Empresas"},"image":{"@id":"https:\/\/rideon.es\/renting-empresas\/#\/schema\/logo\/image\/"}},{"@type":"Person","@id":"https:\/\/rideon.es\/renting-empresas\/#\/schema\/person\/48d6770e55c623d929bd20ce295611a7","name":"Ride On","image":{"@type":"ImageObject","inLanguage":"es","@id":"https:\/\/secure.gravatar.com\/avatar\/785e72183089da6a00243c0f0e2d52db79b9983b602219afb07c868943086138?s=96&d=mm&r=g","url":"https:\/\/secure.gravatar.com\/avatar\/785e72183089da6a00243c0f0e2d52db79b9983b602219afb07c868943086138?s=96&d=mm&r=g","contentUrl":"https:\/\/secure.gravatar.com\/avatar\/785e72183089da6a00243c0f0e2d52db79b9983b602219afb07c868943086138?s=96&d=mm&r=g","caption":"Ride On"},"url":"https:\/\/rideon.es\/renting-empresas\/author\/eduardoyauri\/"}]}},"_links":{"self":[{"href":"https:\/\/rideon.es\/renting-empresas\/wp-json\/wp\/v2\/posts\/2616","targetHints":{"allow":["GET"]}}],"collection":[{"href":"https:\/\/rideon.es\/renting-empresas\/wp-json\/wp\/v2\/posts"}],"about":[{"href":"https:\/\/rideon.es\/renting-empresas\/wp-json\/wp\/v2\/types\/post"}],"author":[{"embeddable":true,"href":"https:\/\/rideon.es\/renting-empresas\/wp-json\/wp\/v2\/users\/2"}],"replies":[{"embeddable":true,"href":"https:\/\/rideon.es\/renting-empresas\/wp-json\/wp\/v2\/comments?post=2616"}],"version-history":[{"count":0,"href":"https:\/\/rideon.es\/renting-empresas\/wp-json\/wp\/v2\/posts\/2616\/revisions"}],"wp:featuredmedia":[{"embeddable":true,"href":"https:\/\/rideon.es\/renting-empresas\/wp-json\/wp\/v2\/media\/5207"}],"wp:attachment":[{"href":"https:\/\/rideon.es\/renting-empresas\/wp-json\/wp\/v2\/media?parent=2616"}],"wp:term":[{"taxonomy":"category","embeddable":true,"href":"https:\/\/rideon.es\/renting-empresas\/wp-json\/wp\/v2\/categories?post=2616"},{"taxonomy":"post_tag","embeddable":true,"href":"https:\/\/rideon.es\/renting-empresas\/wp-json\/wp\/v2\/tags?post=2616"}],"curies":[{"name":"wp","href":"https:\/\/api.w.org\/{rel}","templated":true}]}}