{"id":2598,"date":"2018-04-17T15:49:17","date_gmt":"2018-04-17T15:49:17","guid":{"rendered":"https:\/\/rideon.es\/?p=2598"},"modified":"2018-04-17T15:49:17","modified_gmt":"2018-04-17T15:49:17","slug":"el-faro-de-favaritx-y-su-espectacular-entorno","status":"publish","type":"post","link":"https:\/\/rideon.es\/renting-empresas\/el-faro-de-favaritx-y-su-espectacular-entorno\/","title":{"rendered":"El Faro de Fav\u00e0ritx y su espectacular entorno"},"content":{"rendered":"<h2><span style=\"font-weight: 400\">El Faro de Fav\u00e0ritx y su espectacular entorno<\/span><\/h2>\n<p><span style=\"font-weight: 400\">La Isla de Menorca cuenta con siete faros, los faros de Punta Nati, Cap d\u2019Artrutx y Sa Farola en el municipio de Ciutadella. El Faro de Cavalleria en Es Mercadal, Punta de San Carlos en la costa de Es Castell, Illa de l\u2019Aire en Sant Llu\u00eds y el Far de Fav\u00e0ritx, en Ma\u00f3, todos ellos destinos \u00fanicos para aquellos que recorren <\/span><a href=\"https:\/\/rideon.es\/es\/alquiler-moto-menorca\/\"><span style=\"font-weight: 400\">Menorca en moto<\/span><\/a><span style=\"font-weight: 400\">.<\/span><br \/>\n<img fetchpriority=\"high\" decoding=\"async\" class=\"img-responsive aligncenter\" src=\"https:\/\/rideon.es\/wp-content\/uploads\/2018\/04\/faro-favaritz-alquiler-moto-menorca.png\" alt=\"Faro favartiz alquiler moto Menorca\" width=\"799\" height=\"491\" \/><\/p>\n<p><span style=\"font-weight: 400\">En plena Albufera des Grau, lejos de toda civilizaci\u00f3n, se encuentra el cabo de Favaritx, y es aqu\u00ed d\u00f3nde queremos detenernos hoy.<\/span><br \/>\n<span style=\"font-weight: 400\">Se trata de una de las \u00e1reas geol\u00f3gicamente m\u00e1s antiguas de Menorca y su suelo est\u00e1 configurado por una particular pizarra negra y gris que confiere al lugar un paisaje \u00fanico. <\/span><\/p>\n<p><span style=\"font-weight: 400\">Adem\u00e1s, el cabo y, en particular el Faro de Fav\u00e0ritx est\u00e1n sometidos siempre a fuertes vientos de Tramuntana, a temporales y un fuerte oleaje que rompe constantemente contra los acantilados.<\/span><br \/>\n<img decoding=\"async\" class=\"img-responsive aligncenter\" src=\"https:\/\/rideon.es\/wp-content\/uploads\/2018\/04\/pizarra-faro-favaritz-alquiler-moto-menorca.png\" alt=\"Faro favartiz suelo pizarra alquiler moto Menorca\" width=\"800\" height=\"488\" \/><\/p>\n<p><span style=\"font-weight: 400\">Por ello, supone una visita obligada para todas las personas que quieren conocer a fondo la Isla. El cabo de Favaritx es una punta rocosa que forma dos bah\u00edas a sus costados. La playa, junto al faro tiene un lecho de peque\u00f1os guijarros. Las mareas inundan una peque\u00f1a ensenada que cuando se seca forma una superficie blanquecina que le otorga el nombre de \u201cla salina\u201d.<\/span><br \/>\n<img decoding=\"async\" class=\"img-responsive aligncenter\" src=\"https:\/\/rideon.es\/wp-content\/uploads\/2018\/04\/platja-tortuga-alquiler-moto-menorca-1.png\" alt=\"Plataja la tortuga alquiler moto Menorca\" width=\"799\" height=\"477\" \/><\/p>\n<p><span style=\"font-weight: 400\">El Faro de Favaritx est\u00e1 rodeado de acantilados bajos de pizarra negra y gris. Y antes de acceder a \u00e9l desde la carretera tambi\u00e9n existe una balsa de agua, un peque\u00f1o embalse natural en el que descansan numerosas aves. <\/span><br \/>\n<span style=\"font-weight: 400\">La <\/span><a href=\"https:\/\/rideon.es\/es\/alquiler-moto-menorca\/\"><span style=\"font-weight: 400\">excursi\u00f3n en moto por Menorca <\/span><\/a><span style=\"font-weight: 400\">a este fant\u00e1stico paisaje puede culminar en alguna de las dos playas v\u00edrgenes pr\u00f3ximas al faro, Platja d\u2019en Tortuga y Cala Presili.<\/span><br \/>\n<img loading=\"lazy\" decoding=\"async\" class=\"img-responsive aligncenter\" src=\"https:\/\/rideon.es\/wp-content\/uploads\/2018\/04\/cala-presili-alquiler-moto-menorca-2.png\" alt=\"Platja presli alquiler moto Menorca\" width=\"800\" height=\"478\" \/><\/p>\n<p><span style=\"font-weight: 400\">Cala Presili (tambi\u00e9n conocida como Capifort), es la playa m\u00e1s cercana al faro y se accede a ella a trav\u00e9s del Cam\u00ed de Cavalls. La Platja d\u2019en Tortuga, de arena y grava, se encuentra rodeada de laderas de cierta altura con vegetaci\u00f3n propia del sistema dunar con el que cuenta.<\/span><br \/>\n<span style=\"font-weight: 400\">Ambas, enmarcadas dentro del espacio protegido de s\u2019Albufera des Grau y un aut\u00e9ntico regalo para los cinco sentidos y para disfrutar de Menorca.<\/span><\/p>\n","protected":false},"excerpt":{"rendered":"<p>El Faro de Fav\u00e0ritx y su espectacular entorno La Isla de Menorca cuenta con siete faros, los faros de Punta Nati, Cap d\u2019Artrutx y Sa Farola en el municipio de Ciutadella. El Faro de Cavalleria en Es Mercadal, Punta de San Carlos en la costa de Es Castell, Illa de l\u2019Aire en Sant Llu\u00eds y<\/p>\n","protected":false},"author":2,"featured_media":5252,"comment_status":"open","ping_status":"closed","sticky":false,"template":"","format":"standard","meta":{"inline_featured_image":false,"footnotes":""},"categories":[56,14,52],"tags":[],"class_list":["post-2598","post","type-post","status-publish","format-standard","has-post-thumbnail","hentry","category-lugar-interes","category-menorca","category-playas"],"yoast_head":"<!-- This site is optimized with the Yoast SEO Premium plugin v18.7 (Yoast SEO v27.5) - https:\/\/yoast.com\/product\/yoast-seo-premium-wordpress\/ -->\n<title>El Faro de Fav\u00e0ritx y su espectacular entorno - Alquiler de motos mensual y Renting para Empresas<\/title>\n<meta name=\"robots\" content=\"index, follow, max-snippet:-1, max-image-preview:large, max-video-preview:-1\" \/>\n<link rel=\"canonical\" href=\"https:\/\/rideon.es\/renting-empresas\/el-faro-de-favaritx-y-su-espectacular-entorno\/\" \/>\n<meta property=\"og:locale\" content=\"es_ES\" \/>\n<meta property=\"og:type\" content=\"article\" \/>\n<meta property=\"og:title\" content=\"El Faro de Fav\u00e0ritx y su espectacular entorno\" \/>\n<meta property=\"og:description\" content=\"El Faro de Fav\u00e0ritx y su espectacular entorno La Isla de Menorca cuenta con siete faros, los faros de Punta Nati, Cap d\u2019Artrutx y Sa Farola en el municipio de Ciutadella. El Faro de Cavalleria en Es Mercadal, Punta de San Carlos en la costa de Es Castell, Illa de l\u2019Aire en Sant Llu\u00eds y\" \/>\n<meta property=\"og:url\" content=\"https:\/\/rideon.es\/renting-empresas\/el-faro-de-favaritx-y-su-espectacular-entorno\/\" \/>\n<meta property=\"og:site_name\" content=\"Alquiler de motos mensual y Renting para Empresas\" \/>\n<meta property=\"article:published_time\" content=\"2018-04-17T15:49:17+00:00\" \/>\n<meta property=\"og:image\" content=\"https:\/\/rideon.es\/renting-empresas\/wp-content\/uploads\/sites\/19\/2018\/04\/faro-favaritz-alquiler-moto-menorca-2.png\" \/>\n\t<meta property=\"og:image:width\" content=\"1128\" \/>\n\t<meta property=\"og:image:height\" content=\"693\" \/>\n\t<meta property=\"og:image:type\" content=\"image\/png\" \/>\n<meta name=\"author\" content=\"Ride On\" \/>\n<meta name=\"twitter:card\" content=\"summary_large_image\" \/>\n<meta name=\"twitter:label1\" content=\"Escrito por\" \/>\n\t<meta name=\"twitter:data1\" content=\"Ride On\" \/>\n\t<meta name=\"twitter:label2\" content=\"Tiempo de lectura\" \/>\n\t<meta name=\"twitter:data2\" content=\"2 minutos\" \/>\n<script type=\"application\/ld+json\" class=\"yoast-schema-graph\">{\"@context\":\"https:\\\/\\\/schema.org\",\"@graph\":[{\"@type\":\"Article\",\"@id\":\"https:\\\/\\\/rideon.es\\\/renting-empresas\\\/el-faro-de-favaritx-y-su-espectacular-entorno\\\/#article\",\"isPartOf\":{\"@id\":\"https:\\\/\\\/rideon.es\\\/renting-empresas\\\/el-faro-de-favaritx-y-su-espectacular-entorno\\\/\"},\"author\":{\"name\":\"Ride On\",\"@id\":\"https:\\\/\\\/rideon.es\\\/renting-empresas\\\/#\\\/schema\\\/person\\\/48d6770e55c623d929bd20ce295611a7\"},\"headline\":\"El Faro de Fav\u00e0ritx y su espectacular entorno\",\"datePublished\":\"2018-04-17T15:49:17+00:00\",\"mainEntityOfPage\":{\"@id\":\"https:\\\/\\\/rideon.es\\\/renting-empresas\\\/el-faro-de-favaritx-y-su-espectacular-entorno\\\/\"},\"wordCount\":398,\"commentCount\":0,\"publisher\":{\"@id\":\"https:\\\/\\\/rideon.es\\\/renting-empresas\\\/#organization\"},\"image\":{\"@id\":\"https:\\\/\\\/rideon.es\\\/renting-empresas\\\/el-faro-de-favaritx-y-su-espectacular-entorno\\\/#primaryimage\"},\"thumbnailUrl\":\"https:\\\/\\\/rideon.es\\\/renting-empresas\\\/wp-content\\\/uploads\\\/sites\\\/19\\\/2018\\\/04\\\/faro-favaritz-alquiler-moto-menorca-2.png\",\"articleSection\":[\"Lugares de inter\u00e9s\",\"Menorca\",\"Playas\"],\"inLanguage\":\"es\",\"potentialAction\":[{\"@type\":\"CommentAction\",\"name\":\"Comment\",\"target\":[\"https:\\\/\\\/rideon.es\\\/renting-empresas\\\/el-faro-de-favaritx-y-su-espectacular-entorno\\\/#respond\"]}]},{\"@type\":\"WebPage\",\"@id\":\"https:\\\/\\\/rideon.es\\\/renting-empresas\\\/el-faro-de-favaritx-y-su-espectacular-entorno\\\/\",\"url\":\"https:\\\/\\\/rideon.es\\\/renting-empresas\\\/el-faro-de-favaritx-y-su-espectacular-entorno\\\/\",\"name\":\"El Faro de Fav\u00e0ritx y su espectacular entorno - Alquiler de motos mensual y Renting para Empresas\",\"isPartOf\":{\"@id\":\"https:\\\/\\\/rideon.es\\\/renting-empresas\\\/#website\"},\"primaryImageOfPage\":{\"@id\":\"https:\\\/\\\/rideon.es\\\/renting-empresas\\\/el-faro-de-favaritx-y-su-espectacular-entorno\\\/#primaryimage\"},\"image\":{\"@id\":\"https:\\\/\\\/rideon.es\\\/renting-empresas\\\/el-faro-de-favaritx-y-su-espectacular-entorno\\\/#primaryimage\"},\"thumbnailUrl\":\"https:\\\/\\\/rideon.es\\\/renting-empresas\\\/wp-content\\\/uploads\\\/sites\\\/19\\\/2018\\\/04\\\/faro-favaritz-alquiler-moto-menorca-2.png\",\"datePublished\":\"2018-04-17T15:49:17+00:00\",\"inLanguage\":\"es\",\"potentialAction\":[{\"@type\":\"ReadAction\",\"target\":[\"https:\\\/\\\/rideon.es\\\/renting-empresas\\\/el-faro-de-favaritx-y-su-espectacular-entorno\\\/\"]}]},{\"@type\":\"ImageObject\",\"inLanguage\":\"es\",\"@id\":\"https:\\\/\\\/rideon.es\\\/renting-empresas\\\/el-faro-de-favaritx-y-su-espectacular-entorno\\\/#primaryimage\",\"url\":\"https:\\\/\\\/rideon.es\\\/renting-empresas\\\/wp-content\\\/uploads\\\/sites\\\/19\\\/2018\\\/04\\\/faro-favaritz-alquiler-moto-menorca-2.png\",\"contentUrl\":\"https:\\\/\\\/rideon.es\\\/renting-empresas\\\/wp-content\\\/uploads\\\/sites\\\/19\\\/2018\\\/04\\\/faro-favaritz-alquiler-moto-menorca-2.png\",\"width\":1128,\"height\":693},{\"@type\":\"WebSite\",\"@id\":\"https:\\\/\\\/rideon.es\\\/renting-empresas\\\/#website\",\"url\":\"https:\\\/\\\/rideon.es\\\/renting-empresas\\\/\",\"name\":\"Alquiler de motos mensual y Renting para Empresas\",\"description\":\"Las motos m\u00e1s c\u00f3modas y seguras para disfrutar de tus vacaciones sobre ruedas. Alquiler de motos en Menorca, Mallorca, Barcelona y Valencia con Rideon.es\",\"publisher\":{\"@id\":\"https:\\\/\\\/rideon.es\\\/renting-empresas\\\/#organization\"},\"potentialAction\":[{\"@type\":\"SearchAction\",\"target\":{\"@type\":\"EntryPoint\",\"urlTemplate\":\"https:\\\/\\\/rideon.es\\\/renting-empresas\\\/?s={search_term_string}\"},\"query-input\":{\"@type\":\"PropertyValueSpecification\",\"valueRequired\":true,\"valueName\":\"search_term_string\"}}],\"inLanguage\":\"es\"},{\"@type\":\"Organization\",\"@id\":\"https:\\\/\\\/rideon.es\\\/renting-empresas\\\/#organization\",\"name\":\"Alquiler de motos mensual y Renting para Empresas\",\"url\":\"https:\\\/\\\/rideon.es\\\/renting-empresas\\\/\",\"logo\":{\"@type\":\"ImageObject\",\"inLanguage\":\"es\",\"@id\":\"https:\\\/\\\/rideon.es\\\/renting-empresas\\\/#\\\/schema\\\/logo\\\/image\\\/\",\"url\":\"https:\\\/\\\/rideon.es\\\/renting-empresas\\\/wp-content\\\/uploads\\\/sites\\\/19\\\/2020\\\/02\\\/rideon_logo-200x78-1.png\",\"contentUrl\":\"https:\\\/\\\/rideon.es\\\/renting-empresas\\\/wp-content\\\/uploads\\\/sites\\\/19\\\/2020\\\/02\\\/rideon_logo-200x78-1.png\",\"width\":200,\"height\":78,\"caption\":\"Alquiler de motos mensual y Renting para Empresas\"},\"image\":{\"@id\":\"https:\\\/\\\/rideon.es\\\/renting-empresas\\\/#\\\/schema\\\/logo\\\/image\\\/\"}},{\"@type\":\"Person\",\"@id\":\"https:\\\/\\\/rideon.es\\\/renting-empresas\\\/#\\\/schema\\\/person\\\/48d6770e55c623d929bd20ce295611a7\",\"name\":\"Ride On\",\"image\":{\"@type\":\"ImageObject\",\"inLanguage\":\"es\",\"@id\":\"https:\\\/\\\/secure.gravatar.com\\\/avatar\\\/785e72183089da6a00243c0f0e2d52db79b9983b602219afb07c868943086138?s=96&d=mm&r=g\",\"url\":\"https:\\\/\\\/secure.gravatar.com\\\/avatar\\\/785e72183089da6a00243c0f0e2d52db79b9983b602219afb07c868943086138?s=96&d=mm&r=g\",\"contentUrl\":\"https:\\\/\\\/secure.gravatar.com\\\/avatar\\\/785e72183089da6a00243c0f0e2d52db79b9983b602219afb07c868943086138?s=96&d=mm&r=g\",\"caption\":\"Ride On\"},\"url\":\"https:\\\/\\\/rideon.es\\\/renting-empresas\\\/author\\\/eduardoyauri\\\/\"}]}<\/script>\n<!-- \/ Yoast SEO Premium plugin. -->","yoast_head_json":{"title":"El Faro de Fav\u00e0ritx y su espectacular entorno - Alquiler de motos mensual y Renting para Empresas","robots":{"index":"index","follow":"follow","max-snippet":"max-snippet:-1","max-image-preview":"max-image-preview:large","max-video-preview":"max-video-preview:-1"},"canonical":"https:\/\/rideon.es\/renting-empresas\/el-faro-de-favaritx-y-su-espectacular-entorno\/","og_locale":"es_ES","og_type":"article","og_title":"El Faro de Fav\u00e0ritx y su espectacular entorno","og_description":"El Faro de Fav\u00e0ritx y su espectacular entorno La Isla de Menorca cuenta con siete faros, los faros de Punta Nati, Cap d\u2019Artrutx y Sa Farola en el municipio de Ciutadella. El Faro de Cavalleria en Es Mercadal, Punta de San Carlos en la costa de Es Castell, Illa de l\u2019Aire en Sant Llu\u00eds y","og_url":"https:\/\/rideon.es\/renting-empresas\/el-faro-de-favaritx-y-su-espectacular-entorno\/","og_site_name":"Alquiler de motos mensual y Renting para Empresas","article_published_time":"2018-04-17T15:49:17+00:00","og_image":[{"width":1128,"height":693,"url":"https:\/\/rideon.es\/renting-empresas\/wp-content\/uploads\/sites\/19\/2018\/04\/faro-favaritz-alquiler-moto-menorca-2.png","type":"image\/png"}],"author":"Ride On","twitter_card":"summary_large_image","twitter_misc":{"Escrito por":"Ride On","Tiempo de lectura":"2 minutos"},"schema":{"@context":"https:\/\/schema.org","@graph":[{"@type":"Article","@id":"https:\/\/rideon.es\/renting-empresas\/el-faro-de-favaritx-y-su-espectacular-entorno\/#article","isPartOf":{"@id":"https:\/\/rideon.es\/renting-empresas\/el-faro-de-favaritx-y-su-espectacular-entorno\/"},"author":{"name":"Ride On","@id":"https:\/\/rideon.es\/renting-empresas\/#\/schema\/person\/48d6770e55c623d929bd20ce295611a7"},"headline":"El Faro de Fav\u00e0ritx y su espectacular entorno","datePublished":"2018-04-17T15:49:17+00:00","mainEntityOfPage":{"@id":"https:\/\/rideon.es\/renting-empresas\/el-faro-de-favaritx-y-su-espectacular-entorno\/"},"wordCount":398,"commentCount":0,"publisher":{"@id":"https:\/\/rideon.es\/renting-empresas\/#organization"},"image":{"@id":"https:\/\/rideon.es\/renting-empresas\/el-faro-de-favaritx-y-su-espectacular-entorno\/#primaryimage"},"thumbnailUrl":"https:\/\/rideon.es\/renting-empresas\/wp-content\/uploads\/sites\/19\/2018\/04\/faro-favaritz-alquiler-moto-menorca-2.png","articleSection":["Lugares de inter\u00e9s","Menorca","Playas"],"inLanguage":"es","potentialAction":[{"@type":"CommentAction","name":"Comment","target":["https:\/\/rideon.es\/renting-empresas\/el-faro-de-favaritx-y-su-espectacular-entorno\/#respond"]}]},{"@type":"WebPage","@id":"https:\/\/rideon.es\/renting-empresas\/el-faro-de-favaritx-y-su-espectacular-entorno\/","url":"https:\/\/rideon.es\/renting-empresas\/el-faro-de-favaritx-y-su-espectacular-entorno\/","name":"El Faro de Fav\u00e0ritx y su espectacular entorno - Alquiler de motos mensual y Renting para Empresas","isPartOf":{"@id":"https:\/\/rideon.es\/renting-empresas\/#website"},"primaryImageOfPage":{"@id":"https:\/\/rideon.es\/renting-empresas\/el-faro-de-favaritx-y-su-espectacular-entorno\/#primaryimage"},"image":{"@id":"https:\/\/rideon.es\/renting-empresas\/el-faro-de-favaritx-y-su-espectacular-entorno\/#primaryimage"},"thumbnailUrl":"https:\/\/rideon.es\/renting-empresas\/wp-content\/uploads\/sites\/19\/2018\/04\/faro-favaritz-alquiler-moto-menorca-2.png","datePublished":"2018-04-17T15:49:17+00:00","inLanguage":"es","potentialAction":[{"@type":"ReadAction","target":["https:\/\/rideon.es\/renting-empresas\/el-faro-de-favaritx-y-su-espectacular-entorno\/"]}]},{"@type":"ImageObject","inLanguage":"es","@id":"https:\/\/rideon.es\/renting-empresas\/el-faro-de-favaritx-y-su-espectacular-entorno\/#primaryimage","url":"https:\/\/rideon.es\/renting-empresas\/wp-content\/uploads\/sites\/19\/2018\/04\/faro-favaritz-alquiler-moto-menorca-2.png","contentUrl":"https:\/\/rideon.es\/renting-empresas\/wp-content\/uploads\/sites\/19\/2018\/04\/faro-favaritz-alquiler-moto-menorca-2.png","width":1128,"height":693},{"@type":"WebSite","@id":"https:\/\/rideon.es\/renting-empresas\/#website","url":"https:\/\/rideon.es\/renting-empresas\/","name":"Alquiler de motos mensual y Renting para Empresas","description":"Las motos m\u00e1s c\u00f3modas y seguras para disfrutar de tus vacaciones sobre ruedas. Alquiler de motos en Menorca, Mallorca, Barcelona y Valencia con Rideon.es","publisher":{"@id":"https:\/\/rideon.es\/renting-empresas\/#organization"},"potentialAction":[{"@type":"SearchAction","target":{"@type":"EntryPoint","urlTemplate":"https:\/\/rideon.es\/renting-empresas\/?s={search_term_string}"},"query-input":{"@type":"PropertyValueSpecification","valueRequired":true,"valueName":"search_term_string"}}],"inLanguage":"es"},{"@type":"Organization","@id":"https:\/\/rideon.es\/renting-empresas\/#organization","name":"Alquiler de motos mensual y Renting para Empresas","url":"https:\/\/rideon.es\/renting-empresas\/","logo":{"@type":"ImageObject","inLanguage":"es","@id":"https:\/\/rideon.es\/renting-empresas\/#\/schema\/logo\/image\/","url":"https:\/\/rideon.es\/renting-empresas\/wp-content\/uploads\/sites\/19\/2020\/02\/rideon_logo-200x78-1.png","contentUrl":"https:\/\/rideon.es\/renting-empresas\/wp-content\/uploads\/sites\/19\/2020\/02\/rideon_logo-200x78-1.png","width":200,"height":78,"caption":"Alquiler de motos mensual y Renting para Empresas"},"image":{"@id":"https:\/\/rideon.es\/renting-empresas\/#\/schema\/logo\/image\/"}},{"@type":"Person","@id":"https:\/\/rideon.es\/renting-empresas\/#\/schema\/person\/48d6770e55c623d929bd20ce295611a7","name":"Ride On","image":{"@type":"ImageObject","inLanguage":"es","@id":"https:\/\/secure.gravatar.com\/avatar\/785e72183089da6a00243c0f0e2d52db79b9983b602219afb07c868943086138?s=96&d=mm&r=g","url":"https:\/\/secure.gravatar.com\/avatar\/785e72183089da6a00243c0f0e2d52db79b9983b602219afb07c868943086138?s=96&d=mm&r=g","contentUrl":"https:\/\/secure.gravatar.com\/avatar\/785e72183089da6a00243c0f0e2d52db79b9983b602219afb07c868943086138?s=96&d=mm&r=g","caption":"Ride On"},"url":"https:\/\/rideon.es\/renting-empresas\/author\/eduardoyauri\/"}]}},"_links":{"self":[{"href":"https:\/\/rideon.es\/renting-empresas\/wp-json\/wp\/v2\/posts\/2598","targetHints":{"allow":["GET"]}}],"collection":[{"href":"https:\/\/rideon.es\/renting-empresas\/wp-json\/wp\/v2\/posts"}],"about":[{"href":"https:\/\/rideon.es\/renting-empresas\/wp-json\/wp\/v2\/types\/post"}],"author":[{"embeddable":true,"href":"https:\/\/rideon.es\/renting-empresas\/wp-json\/wp\/v2\/users\/2"}],"replies":[{"embeddable":true,"href":"https:\/\/rideon.es\/renting-empresas\/wp-json\/wp\/v2\/comments?post=2598"}],"version-history":[{"count":0,"href":"https:\/\/rideon.es\/renting-empresas\/wp-json\/wp\/v2\/posts\/2598\/revisions"}],"wp:featuredmedia":[{"embeddable":true,"href":"https:\/\/rideon.es\/renting-empresas\/wp-json\/wp\/v2\/media\/5252"}],"wp:attachment":[{"href":"https:\/\/rideon.es\/renting-empresas\/wp-json\/wp\/v2\/media?parent=2598"}],"wp:term":[{"taxonomy":"category","embeddable":true,"href":"https:\/\/rideon.es\/renting-empresas\/wp-json\/wp\/v2\/categories?post=2598"},{"taxonomy":"post_tag","embeddable":true,"href":"https:\/\/rideon.es\/renting-empresas\/wp-json\/wp\/v2\/tags?post=2598"}],"curies":[{"name":"wp","href":"https:\/\/api.w.org\/{rel}","templated":true}]}}