{"id":2569,"date":"2018-04-05T15:13:51","date_gmt":"2018-04-05T15:13:51","guid":{"rendered":"https:\/\/rideon.es\/?p=2569"},"modified":"2018-04-05T15:13:51","modified_gmt":"2018-04-05T15:13:51","slug":"feria-vive-la-moto","status":"publish","type":"post","link":"https:\/\/rideon.es\/renting-empresas\/feria-vive-la-moto\/","title":{"rendered":"Feria vive la moto"},"content":{"rendered":"<p><span style=\"font-weight: 400\">Han pasado diez a\u00f1os desde que IFEMA celebrara su \u00faltimo Sal\u00f3n de la Moto en Madrid, una convocatoria que desde sus inicios tuvo un especial seguimiento, con cifras espectaculares de participaci\u00f3n y con un alto grado de fidelizaci\u00f3n de sus usuarios. Por ello, el anuncio de su vuelta a Madrid, uno de los principales mercados de Espa\u00f1a y m\u00e1s activo en impulsar la movilidad sostenible y en general el mundo de las dos ruedas, ha suscitado un importante inter\u00e9s entre el sector, que ha valorado siempre esta convocatoria como un elemento clave de posicionamiento y dinamizaci\u00f3n comercial.<\/span><br \/>\n<img fetchpriority=\"high\" decoding=\"async\" class=\"img-responsive aligncenter\" src=\"https:\/\/rideon.es\/wp-content\/uploads\/2018\/04\/salon-vive-la-moto-madrid-ride-on2.jpg\" alt=\"Feria vive la moto Ifema Madrid alquiler moto Menora\" width=\"800\" height=\"600\" \/><\/p>\n<p><span style=\"font-weight: 400\">Este a\u00f1o, Ride On, participa en la feria Vive la moto hasta el d\u00eda 08 de abril de 2018 para presentar todos los servicios de alquiler de motos, tambi\u00e9n para promocionar todas las oficinas de <\/span><a href=\"https:\/\/rideon.es\/es\/alquiler-moto-menorca\/\"><span style=\"font-weight: 400\">alquiler de moto en Menorca<\/span><\/a><span style=\"font-weight: 400\">, <\/span><a href=\"https:\/\/rideon.es\/es\/alquiler-motos-barcelona\/\"><span style=\"font-weight: 400\">Barcelona<\/span><\/a><span style=\"font-weight: 400\">, <\/span><a href=\"https:\/\/rideon.es\/es\/alquiler-moto-mallorca\/\"><span style=\"font-weight: 400\">Mallorca<\/span><\/a><span style=\"font-weight: 400\"> y las recientemente incorporadas Valencia, Madrid y M\u00e1laga.<\/span><\/p>\n<p><span style=\"font-weight: 400\">Ride On busca mejorar la gesti\u00f3n del sistema de alquiler de motos y scooters en destinos tur\u00edsticos mediante la mejora del proceso de contrataci\u00f3n con sistemas de reserva online con disponibilidad en tiempo real y con un proceso de reserva flexible que permitan a los usuarios encontrar el veh\u00edculo que mejor se adapte a sus necesidades.<\/span><\/p>\n<p><span style=\"font-weight: 400\">Las nuevas tecnolog\u00edas han hecho avanzar los sistemas de reserva online hacia sistemas de reserva a trav\u00e9s de aplicaciones m\u00f3viles, con la finalidad de agilizar procesos tanto para la rama principal de la empresa, el alquiler de motos y scooters en los destinos tur\u00edsticos como para el renting a largo plazo para empresas.<\/span><\/p>\n<p><span style=\"font-weight: 400\">El Stand de Ride On se encuentra en el pabell\u00f3n 14 d\u00f3nde se espera a todos los visitantes, tanto usuarios como empresas especializadas en el sector de las dos ruedas para informarles de las \u00faltimas novedades de los servicios del <\/span><a href=\"https:\/\/rideon.es\/\"><span style=\"font-weight: 400\">alquiler de motos<\/span><\/a><span style=\"font-weight: 400\">.<\/span><br \/>\n<img decoding=\"async\" class=\"img-responsive aligncenter\" src=\"https:\/\/rideon.es\/wp-content\/uploads\/2018\/04\/Rideon-vive-la-moto-ifema-madrid.png\" alt=\"servicio alquiler moto Menora vive la moto Madrid\" width=\"800\" height=\"680\" \/><\/p>\n<p><span style=\"font-weight: 400\">Ubicaci\u00f3n del stand de Ride On dentro del Pabell\u00f3n 14. Para m\u00e1s informaci\u00f3n contacten con Ride On:<\/span><br \/>\n<img decoding=\"async\" class=\"img-responsive aligncenter\" src=\"https:\/\/rideon.es\/wp-content\/uploads\/2018\/04\/plano-pabellon-14-rideon-alquiler-moto-barcelona.png\" alt=\"servicio alquiler moto Menora feria vive la moto Madrid\" width=\"802\" height=\"522\" \/><\/p>\n<p><b>MENORCA<\/b><br \/>\n<span style=\"font-weight: 400\">Direcci\u00f3n: Carrer de Sant Miquel, 50 07712 Sant Climent (Illes Balears)<\/span><br \/>\n<span style=\"font-weight: 400\">Tel\u00e9fono: (+34) 971 576 958<\/span><br \/>\n<span style=\"font-weight: 400\">Web: <a href=\"https:\/\/rideon.es\/es\/alquiler-moto-menorca\/\">www.rideon.es<\/a><\/span><br \/>\n<span style=\"font-weight: 400\">Email: <\/span><a href=\"mailto:menorca@rideon.es\"><span style=\"font-weight: 400\">menorca@rideon.es<\/span><\/a><\/p>\n<p><b>MALLORCA<\/b><br \/>\n<span style=\"font-weight: 400\">Direcci\u00f3n: Carrer d&#8217;Espartero, 13, 07014 Palma de Mallorca Illes Balears<\/span><br \/>\n<span style=\"font-weight: 400\">Tel\u00e9fono: (+34) 971 576 958<\/span><br \/>\n<span style=\"font-weight: 400\">Web: <a href=\"https:\/\/rideon.es\/es\/alquiler-moto-mallorca\/\">www.rideon.es<\/a><\/span><br \/>\n<span style=\"font-weight: 400\">Email: <\/span><a href=\"mailto:mallorca@rideon.es\"><span style=\"font-weight: 400\">mallorca@rideon.es<\/span><\/a><\/p>\n<p><b>BARCELONA<\/b><br \/>\n<span style=\"font-weight: 400\">Direcci\u00f3n: Carrer de Sep\u00falveda, 36, 08015 Barcelona<\/span><br \/>\n<span style=\"font-weight: 400\">Tel\u00e9fono: (+34) 971 576 958<\/span><br \/>\n<span style=\"font-weight: 400\">Web: <a href=\"https:\/\/rideon.es\/es\/alquiler-motos-barcelona\/\">www.rideon.es<\/a><\/span><br \/>\n<span style=\"font-weight: 400\">Email: <a href=\"mailto:barcelona@rideon.es\">barcelona@rideon.es<\/a><\/span><\/p>\n","protected":false},"excerpt":{"rendered":"<p>Han pasado diez a\u00f1os desde que IFEMA celebrara su \u00faltimo Sal\u00f3n de la Moto en Madrid, una convocatoria que desde sus inicios tuvo un especial seguimiento, con cifras espectaculares de participaci\u00f3n y con un alto grado de fidelizaci\u00f3n de sus usuarios. Por ello, el anuncio de su vuelta a Madrid, uno de los principales mercados<\/p>\n","protected":false},"author":2,"featured_media":5240,"comment_status":"open","ping_status":"closed","sticky":false,"template":"","format":"standard","meta":{"inline_featured_image":false,"footnotes":""},"categories":[9,56,11,14],"tags":[],"class_list":["post-2569","post","type-post","status-publish","format-standard","has-post-thumbnail","hentry","category-barcelona","category-lugar-interes","category-mallorca","category-menorca"],"yoast_head":"<!-- This site is optimized with the Yoast SEO Premium plugin v18.7 (Yoast SEO v27.5) - https:\/\/yoast.com\/product\/yoast-seo-premium-wordpress\/ -->\n<title>Feria Vive la moto Madrid - Ride On alquier motos Menorca<\/title>\n<meta name=\"description\" content=\"Visita el Stand de Ride On en la feria Vive la Moto en Ifema Madrid y descubre todas las novedades que Ride On ha preparado para esta temporada para el servicio de alquiler de motos en destinos tur\u00edsticos.\" \/>\n<meta name=\"robots\" content=\"index, follow, max-snippet:-1, max-image-preview:large, max-video-preview:-1\" \/>\n<link rel=\"canonical\" href=\"https:\/\/rideon.es\/renting-empresas\/feria-vive-la-moto\/\" \/>\n<meta property=\"og:locale\" content=\"es_ES\" \/>\n<meta property=\"og:type\" content=\"article\" \/>\n<meta property=\"og:title\" content=\"Feria vive la moto\" \/>\n<meta property=\"og:description\" content=\"Visita el Stand de Ride On en la feria Vive la Moto en Ifema Madrid y descubre todas las novedades que Ride On ha preparado para esta temporada para el servicio de alquiler de motos en destinos tur\u00edsticos.\" \/>\n<meta property=\"og:url\" content=\"https:\/\/rideon.es\/renting-empresas\/feria-vive-la-moto\/\" \/>\n<meta property=\"og:site_name\" content=\"Alquiler de motos mensual y Renting para Empresas\" \/>\n<meta property=\"article:published_time\" content=\"2018-04-05T15:13:51+00:00\" \/>\n<meta property=\"og:image\" content=\"https:\/\/rideon.es\/renting-empresas\/wp-content\/uploads\/sites\/19\/2018\/04\/salon-vive-la-moto-madrid-ride-on2-1.jpg\" \/>\n\t<meta property=\"og:image:width\" content=\"1280\" \/>\n\t<meta property=\"og:image:height\" content=\"960\" \/>\n\t<meta property=\"og:image:type\" content=\"image\/jpeg\" \/>\n<meta name=\"author\" content=\"Ride On\" \/>\n<meta name=\"twitter:card\" content=\"summary_large_image\" \/>\n<meta name=\"twitter:label1\" content=\"Escrito por\" \/>\n\t<meta name=\"twitter:data1\" content=\"Ride On\" \/>\n\t<meta name=\"twitter:label2\" content=\"Tiempo de lectura\" \/>\n\t<meta name=\"twitter:data2\" content=\"2 minutos\" \/>\n<script type=\"application\/ld+json\" class=\"yoast-schema-graph\">{\"@context\":\"https:\\\/\\\/schema.org\",\"@graph\":[{\"@type\":\"Article\",\"@id\":\"https:\\\/\\\/rideon.es\\\/renting-empresas\\\/feria-vive-la-moto\\\/#article\",\"isPartOf\":{\"@id\":\"https:\\\/\\\/rideon.es\\\/renting-empresas\\\/feria-vive-la-moto\\\/\"},\"author\":{\"name\":\"Ride On\",\"@id\":\"https:\\\/\\\/rideon.es\\\/renting-empresas\\\/#\\\/schema\\\/person\\\/48d6770e55c623d929bd20ce295611a7\"},\"headline\":\"Feria vive la moto\",\"datePublished\":\"2018-04-05T15:13:51+00:00\",\"mainEntityOfPage\":{\"@id\":\"https:\\\/\\\/rideon.es\\\/renting-empresas\\\/feria-vive-la-moto\\\/\"},\"wordCount\":402,\"commentCount\":0,\"publisher\":{\"@id\":\"https:\\\/\\\/rideon.es\\\/renting-empresas\\\/#organization\"},\"image\":{\"@id\":\"https:\\\/\\\/rideon.es\\\/renting-empresas\\\/feria-vive-la-moto\\\/#primaryimage\"},\"thumbnailUrl\":\"https:\\\/\\\/rideon.es\\\/renting-empresas\\\/wp-content\\\/uploads\\\/sites\\\/19\\\/2018\\\/04\\\/salon-vive-la-moto-madrid-ride-on2-1.jpg\",\"articleSection\":[\"Barcelona\",\"Lugares de inter\u00e9s\",\"Mallorca\",\"Menorca\"],\"inLanguage\":\"es\",\"potentialAction\":[{\"@type\":\"CommentAction\",\"name\":\"Comment\",\"target\":[\"https:\\\/\\\/rideon.es\\\/renting-empresas\\\/feria-vive-la-moto\\\/#respond\"]}]},{\"@type\":\"WebPage\",\"@id\":\"https:\\\/\\\/rideon.es\\\/renting-empresas\\\/feria-vive-la-moto\\\/\",\"url\":\"https:\\\/\\\/rideon.es\\\/renting-empresas\\\/feria-vive-la-moto\\\/\",\"name\":\"Feria Vive la moto Madrid - Ride On alquier motos Menorca\",\"isPartOf\":{\"@id\":\"https:\\\/\\\/rideon.es\\\/renting-empresas\\\/#website\"},\"primaryImageOfPage\":{\"@id\":\"https:\\\/\\\/rideon.es\\\/renting-empresas\\\/feria-vive-la-moto\\\/#primaryimage\"},\"image\":{\"@id\":\"https:\\\/\\\/rideon.es\\\/renting-empresas\\\/feria-vive-la-moto\\\/#primaryimage\"},\"thumbnailUrl\":\"https:\\\/\\\/rideon.es\\\/renting-empresas\\\/wp-content\\\/uploads\\\/sites\\\/19\\\/2018\\\/04\\\/salon-vive-la-moto-madrid-ride-on2-1.jpg\",\"datePublished\":\"2018-04-05T15:13:51+00:00\",\"description\":\"Visita el Stand de Ride On en la feria Vive la Moto en Ifema Madrid y descubre todas las novedades que Ride On ha preparado para esta temporada para el servicio de alquiler de motos en destinos tur\u00edsticos.\",\"inLanguage\":\"es\",\"potentialAction\":[{\"@type\":\"ReadAction\",\"target\":[\"https:\\\/\\\/rideon.es\\\/renting-empresas\\\/feria-vive-la-moto\\\/\"]}]},{\"@type\":\"ImageObject\",\"inLanguage\":\"es\",\"@id\":\"https:\\\/\\\/rideon.es\\\/renting-empresas\\\/feria-vive-la-moto\\\/#primaryimage\",\"url\":\"https:\\\/\\\/rideon.es\\\/renting-empresas\\\/wp-content\\\/uploads\\\/sites\\\/19\\\/2018\\\/04\\\/salon-vive-la-moto-madrid-ride-on2-1.jpg\",\"contentUrl\":\"https:\\\/\\\/rideon.es\\\/renting-empresas\\\/wp-content\\\/uploads\\\/sites\\\/19\\\/2018\\\/04\\\/salon-vive-la-moto-madrid-ride-on2-1.jpg\",\"width\":1280,\"height\":960},{\"@type\":\"WebSite\",\"@id\":\"https:\\\/\\\/rideon.es\\\/renting-empresas\\\/#website\",\"url\":\"https:\\\/\\\/rideon.es\\\/renting-empresas\\\/\",\"name\":\"Alquiler de motos mensual y Renting para Empresas\",\"description\":\"Las motos m\u00e1s c\u00f3modas y seguras para disfrutar de tus vacaciones sobre ruedas. Alquiler de motos en Menorca, Mallorca, Barcelona y Valencia con Rideon.es\",\"publisher\":{\"@id\":\"https:\\\/\\\/rideon.es\\\/renting-empresas\\\/#organization\"},\"potentialAction\":[{\"@type\":\"SearchAction\",\"target\":{\"@type\":\"EntryPoint\",\"urlTemplate\":\"https:\\\/\\\/rideon.es\\\/renting-empresas\\\/?s={search_term_string}\"},\"query-input\":{\"@type\":\"PropertyValueSpecification\",\"valueRequired\":true,\"valueName\":\"search_term_string\"}}],\"inLanguage\":\"es\"},{\"@type\":\"Organization\",\"@id\":\"https:\\\/\\\/rideon.es\\\/renting-empresas\\\/#organization\",\"name\":\"Alquiler de motos mensual y Renting para Empresas\",\"url\":\"https:\\\/\\\/rideon.es\\\/renting-empresas\\\/\",\"logo\":{\"@type\":\"ImageObject\",\"inLanguage\":\"es\",\"@id\":\"https:\\\/\\\/rideon.es\\\/renting-empresas\\\/#\\\/schema\\\/logo\\\/image\\\/\",\"url\":\"https:\\\/\\\/rideon.es\\\/renting-empresas\\\/wp-content\\\/uploads\\\/sites\\\/19\\\/2020\\\/02\\\/rideon_logo-200x78-1.png\",\"contentUrl\":\"https:\\\/\\\/rideon.es\\\/renting-empresas\\\/wp-content\\\/uploads\\\/sites\\\/19\\\/2020\\\/02\\\/rideon_logo-200x78-1.png\",\"width\":200,\"height\":78,\"caption\":\"Alquiler de motos mensual y Renting para Empresas\"},\"image\":{\"@id\":\"https:\\\/\\\/rideon.es\\\/renting-empresas\\\/#\\\/schema\\\/logo\\\/image\\\/\"}},{\"@type\":\"Person\",\"@id\":\"https:\\\/\\\/rideon.es\\\/renting-empresas\\\/#\\\/schema\\\/person\\\/48d6770e55c623d929bd20ce295611a7\",\"name\":\"Ride On\",\"image\":{\"@type\":\"ImageObject\",\"inLanguage\":\"es\",\"@id\":\"https:\\\/\\\/secure.gravatar.com\\\/avatar\\\/785e72183089da6a00243c0f0e2d52db79b9983b602219afb07c868943086138?s=96&d=mm&r=g\",\"url\":\"https:\\\/\\\/secure.gravatar.com\\\/avatar\\\/785e72183089da6a00243c0f0e2d52db79b9983b602219afb07c868943086138?s=96&d=mm&r=g\",\"contentUrl\":\"https:\\\/\\\/secure.gravatar.com\\\/avatar\\\/785e72183089da6a00243c0f0e2d52db79b9983b602219afb07c868943086138?s=96&d=mm&r=g\",\"caption\":\"Ride On\"},\"url\":\"https:\\\/\\\/rideon.es\\\/renting-empresas\\\/author\\\/eduardoyauri\\\/\"}]}<\/script>\n<!-- \/ Yoast SEO Premium plugin. -->","yoast_head_json":{"title":"Feria Vive la moto Madrid - Ride On alquier motos Menorca","description":"Visita el Stand de Ride On en la feria Vive la Moto en Ifema Madrid y descubre todas las novedades que Ride On ha preparado para esta temporada para el servicio de alquiler de motos en destinos tur\u00edsticos.","robots":{"index":"index","follow":"follow","max-snippet":"max-snippet:-1","max-image-preview":"max-image-preview:large","max-video-preview":"max-video-preview:-1"},"canonical":"https:\/\/rideon.es\/renting-empresas\/feria-vive-la-moto\/","og_locale":"es_ES","og_type":"article","og_title":"Feria vive la moto","og_description":"Visita el Stand de Ride On en la feria Vive la Moto en Ifema Madrid y descubre todas las novedades que Ride On ha preparado para esta temporada para el servicio de alquiler de motos en destinos tur\u00edsticos.","og_url":"https:\/\/rideon.es\/renting-empresas\/feria-vive-la-moto\/","og_site_name":"Alquiler de motos mensual y Renting para Empresas","article_published_time":"2018-04-05T15:13:51+00:00","og_image":[{"width":1280,"height":960,"url":"https:\/\/rideon.es\/renting-empresas\/wp-content\/uploads\/sites\/19\/2018\/04\/salon-vive-la-moto-madrid-ride-on2-1.jpg","type":"image\/jpeg"}],"author":"Ride On","twitter_card":"summary_large_image","twitter_misc":{"Escrito por":"Ride On","Tiempo de lectura":"2 minutos"},"schema":{"@context":"https:\/\/schema.org","@graph":[{"@type":"Article","@id":"https:\/\/rideon.es\/renting-empresas\/feria-vive-la-moto\/#article","isPartOf":{"@id":"https:\/\/rideon.es\/renting-empresas\/feria-vive-la-moto\/"},"author":{"name":"Ride On","@id":"https:\/\/rideon.es\/renting-empresas\/#\/schema\/person\/48d6770e55c623d929bd20ce295611a7"},"headline":"Feria vive la moto","datePublished":"2018-04-05T15:13:51+00:00","mainEntityOfPage":{"@id":"https:\/\/rideon.es\/renting-empresas\/feria-vive-la-moto\/"},"wordCount":402,"commentCount":0,"publisher":{"@id":"https:\/\/rideon.es\/renting-empresas\/#organization"},"image":{"@id":"https:\/\/rideon.es\/renting-empresas\/feria-vive-la-moto\/#primaryimage"},"thumbnailUrl":"https:\/\/rideon.es\/renting-empresas\/wp-content\/uploads\/sites\/19\/2018\/04\/salon-vive-la-moto-madrid-ride-on2-1.jpg","articleSection":["Barcelona","Lugares de inter\u00e9s","Mallorca","Menorca"],"inLanguage":"es","potentialAction":[{"@type":"CommentAction","name":"Comment","target":["https:\/\/rideon.es\/renting-empresas\/feria-vive-la-moto\/#respond"]}]},{"@type":"WebPage","@id":"https:\/\/rideon.es\/renting-empresas\/feria-vive-la-moto\/","url":"https:\/\/rideon.es\/renting-empresas\/feria-vive-la-moto\/","name":"Feria Vive la moto Madrid - Ride On alquier motos Menorca","isPartOf":{"@id":"https:\/\/rideon.es\/renting-empresas\/#website"},"primaryImageOfPage":{"@id":"https:\/\/rideon.es\/renting-empresas\/feria-vive-la-moto\/#primaryimage"},"image":{"@id":"https:\/\/rideon.es\/renting-empresas\/feria-vive-la-moto\/#primaryimage"},"thumbnailUrl":"https:\/\/rideon.es\/renting-empresas\/wp-content\/uploads\/sites\/19\/2018\/04\/salon-vive-la-moto-madrid-ride-on2-1.jpg","datePublished":"2018-04-05T15:13:51+00:00","description":"Visita el Stand de Ride On en la feria Vive la Moto en Ifema Madrid y descubre todas las novedades que Ride On ha preparado para esta temporada para el servicio de alquiler de motos en destinos tur\u00edsticos.","inLanguage":"es","potentialAction":[{"@type":"ReadAction","target":["https:\/\/rideon.es\/renting-empresas\/feria-vive-la-moto\/"]}]},{"@type":"ImageObject","inLanguage":"es","@id":"https:\/\/rideon.es\/renting-empresas\/feria-vive-la-moto\/#primaryimage","url":"https:\/\/rideon.es\/renting-empresas\/wp-content\/uploads\/sites\/19\/2018\/04\/salon-vive-la-moto-madrid-ride-on2-1.jpg","contentUrl":"https:\/\/rideon.es\/renting-empresas\/wp-content\/uploads\/sites\/19\/2018\/04\/salon-vive-la-moto-madrid-ride-on2-1.jpg","width":1280,"height":960},{"@type":"WebSite","@id":"https:\/\/rideon.es\/renting-empresas\/#website","url":"https:\/\/rideon.es\/renting-empresas\/","name":"Alquiler de motos mensual y Renting para Empresas","description":"Las motos m\u00e1s c\u00f3modas y seguras para disfrutar de tus vacaciones sobre ruedas. Alquiler de motos en Menorca, Mallorca, Barcelona y Valencia con Rideon.es","publisher":{"@id":"https:\/\/rideon.es\/renting-empresas\/#organization"},"potentialAction":[{"@type":"SearchAction","target":{"@type":"EntryPoint","urlTemplate":"https:\/\/rideon.es\/renting-empresas\/?s={search_term_string}"},"query-input":{"@type":"PropertyValueSpecification","valueRequired":true,"valueName":"search_term_string"}}],"inLanguage":"es"},{"@type":"Organization","@id":"https:\/\/rideon.es\/renting-empresas\/#organization","name":"Alquiler de motos mensual y Renting para Empresas","url":"https:\/\/rideon.es\/renting-empresas\/","logo":{"@type":"ImageObject","inLanguage":"es","@id":"https:\/\/rideon.es\/renting-empresas\/#\/schema\/logo\/image\/","url":"https:\/\/rideon.es\/renting-empresas\/wp-content\/uploads\/sites\/19\/2020\/02\/rideon_logo-200x78-1.png","contentUrl":"https:\/\/rideon.es\/renting-empresas\/wp-content\/uploads\/sites\/19\/2020\/02\/rideon_logo-200x78-1.png","width":200,"height":78,"caption":"Alquiler de motos mensual y Renting para Empresas"},"image":{"@id":"https:\/\/rideon.es\/renting-empresas\/#\/schema\/logo\/image\/"}},{"@type":"Person","@id":"https:\/\/rideon.es\/renting-empresas\/#\/schema\/person\/48d6770e55c623d929bd20ce295611a7","name":"Ride On","image":{"@type":"ImageObject","inLanguage":"es","@id":"https:\/\/secure.gravatar.com\/avatar\/785e72183089da6a00243c0f0e2d52db79b9983b602219afb07c868943086138?s=96&d=mm&r=g","url":"https:\/\/secure.gravatar.com\/avatar\/785e72183089da6a00243c0f0e2d52db79b9983b602219afb07c868943086138?s=96&d=mm&r=g","contentUrl":"https:\/\/secure.gravatar.com\/avatar\/785e72183089da6a00243c0f0e2d52db79b9983b602219afb07c868943086138?s=96&d=mm&r=g","caption":"Ride On"},"url":"https:\/\/rideon.es\/renting-empresas\/author\/eduardoyauri\/"}]}},"_links":{"self":[{"href":"https:\/\/rideon.es\/renting-empresas\/wp-json\/wp\/v2\/posts\/2569","targetHints":{"allow":["GET"]}}],"collection":[{"href":"https:\/\/rideon.es\/renting-empresas\/wp-json\/wp\/v2\/posts"}],"about":[{"href":"https:\/\/rideon.es\/renting-empresas\/wp-json\/wp\/v2\/types\/post"}],"author":[{"embeddable":true,"href":"https:\/\/rideon.es\/renting-empresas\/wp-json\/wp\/v2\/users\/2"}],"replies":[{"embeddable":true,"href":"https:\/\/rideon.es\/renting-empresas\/wp-json\/wp\/v2\/comments?post=2569"}],"version-history":[{"count":0,"href":"https:\/\/rideon.es\/renting-empresas\/wp-json\/wp\/v2\/posts\/2569\/revisions"}],"wp:featuredmedia":[{"embeddable":true,"href":"https:\/\/rideon.es\/renting-empresas\/wp-json\/wp\/v2\/media\/5240"}],"wp:attachment":[{"href":"https:\/\/rideon.es\/renting-empresas\/wp-json\/wp\/v2\/media?parent=2569"}],"wp:term":[{"taxonomy":"category","embeddable":true,"href":"https:\/\/rideon.es\/renting-empresas\/wp-json\/wp\/v2\/categories?post=2569"},{"taxonomy":"post_tag","embeddable":true,"href":"https:\/\/rideon.es\/renting-empresas\/wp-json\/wp\/v2\/tags?post=2569"}],"curies":[{"name":"wp","href":"https:\/\/api.w.org\/{rel}","templated":true}]}}