{"id":2557,"date":"2018-03-26T14:39:11","date_gmt":"2018-03-26T14:39:11","guid":{"rendered":"https:\/\/rideon.es\/?p=2557"},"modified":"2018-03-26T14:39:11","modified_gmt":"2018-03-26T14:39:11","slug":"descubre-valencia-alquiler-moto","status":"publish","type":"post","link":"https:\/\/rideon.es\/renting-empresas\/descubre-valencia-alquiler-moto\/","title":{"rendered":"Descubre Valencia con tu alquiler de moto"},"content":{"rendered":"<p><span style=\"font-weight: 400\">Valencia es famosa por sus fallas, pero tiene mucho m\u00e1s para descubrir, desde Ride On Valencia vamos a mostrar algunos puntos de la ciudad que vale la pena descubrir con nuestro servicio de <\/span><span style=\"font-weight: 400\">alquiler de motos en Valencia<\/span><span style=\"font-weight: 400\">.<\/span><br \/>\n<img fetchpriority=\"high\" decoding=\"async\" class=\"img-responsive aligncenter\" src=\"https:\/\/rideon.es\/wp-content\/uploads\/2018\/03\/el-carmen-alquiler-moto-valencia.png\" alt=\"El carmen alquiler moto Valencia\" width=\"801\" height=\"428\" \/><br \/>\n<span style=\"font-weight: 400\">El carmen es el casco antiguo de Valencia, podremos ver el ayuntamiento, la plaza de toros, la plaza de la virgen y el Miguelete. La catedral de Valencia se construy\u00f3 sobre una antigua mezquita mayor, en su interior destacan sus tres puertas y el campanario, conocido como El Miguelete ya que su campana mayor fue bendecida el d\u00eda de San Miguel en 1418.<\/span><br \/>\n<img decoding=\"async\" class=\"img-responsive aligncenter\" src=\"https:\/\/rideon.es\/wp-content\/uploads\/2018\/03\/el-miguelete-alquiler-moto-valencia.png\" alt=\"El Miguelete alquiler moto Valencia\" width=\"800\" height=\"531\" \/><br \/>\n<span style=\"font-weight: 400\">Desde la terraza de la torre de Miguelete se puede disfrutar de unas fant\u00e1sticas vistas de Valencia, y si se visita un d\u00eda despejado hasta permite verse la isla de Ibiza. Es una visita impresionante siempre y cuando se tengan ganas de subir los 217 escalones. <\/span><br \/>\n<img decoding=\"async\" class=\"img-responsive aligncenter\" src=\"https:\/\/rideon.es\/wp-content\/uploads\/2018\/03\/mercado-central-alquiler-moto-valencia.png\" alt=\"Mercado central alquiler moto Valencia\" width=\"799\" height=\"478\" \/><br \/>\n<span style=\"font-weight: 400\">El mercado central es una construcci\u00f3n hist\u00f3rica de estilo modernista, su c\u00fapula acristalada y la estructura de acero hace que sea un lugar imprescindible de visitar de Valencia. En el mercado se puede encontrar de todo, verduras, frutas, pescados, mariscos. Es tan buena la calidad que muchos de los restaurantes de Valencia van a comprar ah\u00ed. Ride On el mejor servicio de <\/span><span style=\"font-weight: 400\">alquiler de motos en Valencia<\/span><span style=\"font-weight: 400\">.<\/span><br \/>\n<span style=\"font-weight: 400\">La historia de Valencia ha estado marcada por el curso de las aguas del Turia, en 1957 hubo una riada que dej\u00f3 sin hogar a miles de valencianos, para evitar m\u00e1s desgracias la administraci\u00f3n trasladado el cauce fuera de la ciudad. Actualmente el recorrido del antiguo r\u00edo se ha adaptado para situar unos fant\u00e1sticos jardines, con una extensi\u00f3n de 10 Km que va desde la ciudad de las artes y las ciencias hasta el Bioparc. Representa el pulm\u00f3n verde de Valencia.<\/span><br \/>\n<img loading=\"lazy\" decoding=\"async\" class=\"img-responsive aligncenter\" src=\"https:\/\/rideon.es\/wp-content\/uploads\/2018\/03\/ciudad-artes-alquiler-moto-valencia.png\" alt=\"Ciudad de las artes alquiler moto Valencia\" width=\"800\" height=\"446\" \/><br \/>\n<span style=\"font-weight: 400\">Santiago Calatrava juntamente con F\u00e9lix Candela dise\u00f1\u00f3 este impresionante edificio, la ciudad de las artes y las ciencias ha sido una de las mayores transformaciones que ha sufrido Valencia en la modernidad, situ\u00e1ndola en cabeza de la vanguardia arquitect\u00f3nica mundial. El Umbracle es un paseo cubierto de arcos fijos, estos son la estructura para que plantas trepadoras den sombra a todos las personas que paseen por el interior de este t\u00fanel.<\/span><br \/>\n<span style=\"font-weight: 400\">P<\/span><span style=\"font-weight: 400\">ara reservas online de motos de alquiler Mallorca pueden visitar nuestra web <\/span><a href=\"https:\/\/rideon.es\/es\/\"><span style=\"font-weight: 400\">www.rideon.es<\/span><\/a><span style=\"font-weight: 400\"> \u00a0<\/span><\/p>\n","protected":false},"excerpt":{"rendered":"<p>Valencia es famosa por sus fallas, pero tiene mucho m\u00e1s para descubrir, desde Ride On Valencia vamos a mostrar algunos puntos de la ciudad que vale la pena descubrir con nuestro servicio de alquiler de motos en Valencia. El carmen es el casco antiguo de Valencia, podremos ver el ayuntamiento, la plaza de toros, la<\/p>\n","protected":false},"author":2,"featured_media":5236,"comment_status":"open","ping_status":"closed","sticky":false,"template":"","format":"standard","meta":{"inline_featured_image":false,"footnotes":""},"categories":[56,60],"tags":[],"class_list":["post-2557","post","type-post","status-publish","format-standard","has-post-thumbnail","hentry","category-lugar-interes","category-valencia"],"yoast_head":"<!-- This site is optimized with the Yoast SEO Premium plugin v18.7 (Yoast SEO v27.5) - https:\/\/yoast.com\/product\/yoast-seo-premium-wordpress\/ -->\n<title>Que visitar con tu alquiler moto Valencia - Ride On Valencia<\/title>\n<meta name=\"description\" content=\"Valencia es uno de los mejores destinos para descubrir con tu alquiler de moto, la buena temperatura y la estructura de la ciudad la hacen perfecta para descubrir en scooter.\" \/>\n<meta name=\"robots\" content=\"index, follow, max-snippet:-1, max-image-preview:large, max-video-preview:-1\" \/>\n<link rel=\"canonical\" href=\"https:\/\/rideon.es\/renting-empresas\/descubre-valencia-alquiler-moto\/\" \/>\n<meta property=\"og:locale\" content=\"es_ES\" \/>\n<meta property=\"og:type\" content=\"article\" \/>\n<meta property=\"og:title\" content=\"Descubre Valencia con tu alquiler de moto\" \/>\n<meta property=\"og:description\" content=\"Valencia es uno de los mejores destinos para descubrir con tu alquiler de moto, la buena temperatura y la estructura de la ciudad la hacen perfecta para descubrir en scooter.\" \/>\n<meta property=\"og:url\" content=\"https:\/\/rideon.es\/renting-empresas\/descubre-valencia-alquiler-moto\/\" \/>\n<meta property=\"og:site_name\" content=\"Alquiler de motos mensual y Renting para Empresas\" \/>\n<meta property=\"article:published_time\" content=\"2018-03-26T14:39:11+00:00\" \/>\n<meta property=\"og:image\" content=\"https:\/\/rideon.es\/renting-empresas\/wp-content\/uploads\/sites\/19\/2018\/04\/el-carmen-alquiler-moto-valencia.png\" \/>\n\t<meta property=\"og:image:width\" content=\"1236\" \/>\n\t<meta property=\"og:image:height\" content=\"661\" \/>\n\t<meta property=\"og:image:type\" content=\"image\/png\" \/>\n<meta name=\"author\" content=\"Ride On\" \/>\n<meta name=\"twitter:card\" content=\"summary_large_image\" \/>\n<meta name=\"twitter:label1\" content=\"Escrito por\" \/>\n\t<meta name=\"twitter:data1\" content=\"Ride On\" \/>\n\t<meta name=\"twitter:label2\" content=\"Tiempo de lectura\" \/>\n\t<meta name=\"twitter:data2\" content=\"2 minutos\" \/>\n<script type=\"application\/ld+json\" class=\"yoast-schema-graph\">{\"@context\":\"https:\\\/\\\/schema.org\",\"@graph\":[{\"@type\":\"Article\",\"@id\":\"https:\\\/\\\/rideon.es\\\/renting-empresas\\\/descubre-valencia-alquiler-moto\\\/#article\",\"isPartOf\":{\"@id\":\"https:\\\/\\\/rideon.es\\\/renting-empresas\\\/descubre-valencia-alquiler-moto\\\/\"},\"author\":{\"name\":\"Ride On\",\"@id\":\"https:\\\/\\\/rideon.es\\\/renting-empresas\\\/#\\\/schema\\\/person\\\/48d6770e55c623d929bd20ce295611a7\"},\"headline\":\"Descubre Valencia con tu alquiler de moto\",\"datePublished\":\"2018-03-26T14:39:11+00:00\",\"mainEntityOfPage\":{\"@id\":\"https:\\\/\\\/rideon.es\\\/renting-empresas\\\/descubre-valencia-alquiler-moto\\\/\"},\"wordCount\":402,\"commentCount\":0,\"publisher\":{\"@id\":\"https:\\\/\\\/rideon.es\\\/renting-empresas\\\/#organization\"},\"image\":{\"@id\":\"https:\\\/\\\/rideon.es\\\/renting-empresas\\\/descubre-valencia-alquiler-moto\\\/#primaryimage\"},\"thumbnailUrl\":\"https:\\\/\\\/rideon.es\\\/renting-empresas\\\/wp-content\\\/uploads\\\/sites\\\/19\\\/2018\\\/04\\\/el-carmen-alquiler-moto-valencia.png\",\"articleSection\":[\"Lugares de inter\u00e9s\",\"Valencia\"],\"inLanguage\":\"es\",\"potentialAction\":[{\"@type\":\"CommentAction\",\"name\":\"Comment\",\"target\":[\"https:\\\/\\\/rideon.es\\\/renting-empresas\\\/descubre-valencia-alquiler-moto\\\/#respond\"]}]},{\"@type\":\"WebPage\",\"@id\":\"https:\\\/\\\/rideon.es\\\/renting-empresas\\\/descubre-valencia-alquiler-moto\\\/\",\"url\":\"https:\\\/\\\/rideon.es\\\/renting-empresas\\\/descubre-valencia-alquiler-moto\\\/\",\"name\":\"Que visitar con tu alquiler moto Valencia - Ride On Valencia\",\"isPartOf\":{\"@id\":\"https:\\\/\\\/rideon.es\\\/renting-empresas\\\/#website\"},\"primaryImageOfPage\":{\"@id\":\"https:\\\/\\\/rideon.es\\\/renting-empresas\\\/descubre-valencia-alquiler-moto\\\/#primaryimage\"},\"image\":{\"@id\":\"https:\\\/\\\/rideon.es\\\/renting-empresas\\\/descubre-valencia-alquiler-moto\\\/#primaryimage\"},\"thumbnailUrl\":\"https:\\\/\\\/rideon.es\\\/renting-empresas\\\/wp-content\\\/uploads\\\/sites\\\/19\\\/2018\\\/04\\\/el-carmen-alquiler-moto-valencia.png\",\"datePublished\":\"2018-03-26T14:39:11+00:00\",\"description\":\"Valencia es uno de los mejores destinos para descubrir con tu alquiler de moto, la buena temperatura y la estructura de la ciudad la hacen perfecta para descubrir en scooter.\",\"inLanguage\":\"es\",\"potentialAction\":[{\"@type\":\"ReadAction\",\"target\":[\"https:\\\/\\\/rideon.es\\\/renting-empresas\\\/descubre-valencia-alquiler-moto\\\/\"]}]},{\"@type\":\"ImageObject\",\"inLanguage\":\"es\",\"@id\":\"https:\\\/\\\/rideon.es\\\/renting-empresas\\\/descubre-valencia-alquiler-moto\\\/#primaryimage\",\"url\":\"https:\\\/\\\/rideon.es\\\/renting-empresas\\\/wp-content\\\/uploads\\\/sites\\\/19\\\/2018\\\/04\\\/el-carmen-alquiler-moto-valencia.png\",\"contentUrl\":\"https:\\\/\\\/rideon.es\\\/renting-empresas\\\/wp-content\\\/uploads\\\/sites\\\/19\\\/2018\\\/04\\\/el-carmen-alquiler-moto-valencia.png\",\"width\":1236,\"height\":661},{\"@type\":\"WebSite\",\"@id\":\"https:\\\/\\\/rideon.es\\\/renting-empresas\\\/#website\",\"url\":\"https:\\\/\\\/rideon.es\\\/renting-empresas\\\/\",\"name\":\"Alquiler de motos mensual y Renting para Empresas\",\"description\":\"Las motos m\u00e1s c\u00f3modas y seguras para disfrutar de tus vacaciones sobre ruedas. Alquiler de motos en Menorca, Mallorca, Barcelona y Valencia con Rideon.es\",\"publisher\":{\"@id\":\"https:\\\/\\\/rideon.es\\\/renting-empresas\\\/#organization\"},\"potentialAction\":[{\"@type\":\"SearchAction\",\"target\":{\"@type\":\"EntryPoint\",\"urlTemplate\":\"https:\\\/\\\/rideon.es\\\/renting-empresas\\\/?s={search_term_string}\"},\"query-input\":{\"@type\":\"PropertyValueSpecification\",\"valueRequired\":true,\"valueName\":\"search_term_string\"}}],\"inLanguage\":\"es\"},{\"@type\":\"Organization\",\"@id\":\"https:\\\/\\\/rideon.es\\\/renting-empresas\\\/#organization\",\"name\":\"Alquiler de motos mensual y Renting para Empresas\",\"url\":\"https:\\\/\\\/rideon.es\\\/renting-empresas\\\/\",\"logo\":{\"@type\":\"ImageObject\",\"inLanguage\":\"es\",\"@id\":\"https:\\\/\\\/rideon.es\\\/renting-empresas\\\/#\\\/schema\\\/logo\\\/image\\\/\",\"url\":\"https:\\\/\\\/rideon.es\\\/renting-empresas\\\/wp-content\\\/uploads\\\/sites\\\/19\\\/2020\\\/02\\\/rideon_logo-200x78-1.png\",\"contentUrl\":\"https:\\\/\\\/rideon.es\\\/renting-empresas\\\/wp-content\\\/uploads\\\/sites\\\/19\\\/2020\\\/02\\\/rideon_logo-200x78-1.png\",\"width\":200,\"height\":78,\"caption\":\"Alquiler de motos mensual y Renting para Empresas\"},\"image\":{\"@id\":\"https:\\\/\\\/rideon.es\\\/renting-empresas\\\/#\\\/schema\\\/logo\\\/image\\\/\"}},{\"@type\":\"Person\",\"@id\":\"https:\\\/\\\/rideon.es\\\/renting-empresas\\\/#\\\/schema\\\/person\\\/48d6770e55c623d929bd20ce295611a7\",\"name\":\"Ride On\",\"image\":{\"@type\":\"ImageObject\",\"inLanguage\":\"es\",\"@id\":\"https:\\\/\\\/secure.gravatar.com\\\/avatar\\\/785e72183089da6a00243c0f0e2d52db79b9983b602219afb07c868943086138?s=96&d=mm&r=g\",\"url\":\"https:\\\/\\\/secure.gravatar.com\\\/avatar\\\/785e72183089da6a00243c0f0e2d52db79b9983b602219afb07c868943086138?s=96&d=mm&r=g\",\"contentUrl\":\"https:\\\/\\\/secure.gravatar.com\\\/avatar\\\/785e72183089da6a00243c0f0e2d52db79b9983b602219afb07c868943086138?s=96&d=mm&r=g\",\"caption\":\"Ride On\"},\"url\":\"https:\\\/\\\/rideon.es\\\/renting-empresas\\\/author\\\/eduardoyauri\\\/\"}]}<\/script>\n<!-- \/ Yoast SEO Premium plugin. -->","yoast_head_json":{"title":"Que visitar con tu alquiler moto Valencia - Ride On Valencia","description":"Valencia es uno de los mejores destinos para descubrir con tu alquiler de moto, la buena temperatura y la estructura de la ciudad la hacen perfecta para descubrir en scooter.","robots":{"index":"index","follow":"follow","max-snippet":"max-snippet:-1","max-image-preview":"max-image-preview:large","max-video-preview":"max-video-preview:-1"},"canonical":"https:\/\/rideon.es\/renting-empresas\/descubre-valencia-alquiler-moto\/","og_locale":"es_ES","og_type":"article","og_title":"Descubre Valencia con tu alquiler de moto","og_description":"Valencia es uno de los mejores destinos para descubrir con tu alquiler de moto, la buena temperatura y la estructura de la ciudad la hacen perfecta para descubrir en scooter.","og_url":"https:\/\/rideon.es\/renting-empresas\/descubre-valencia-alquiler-moto\/","og_site_name":"Alquiler de motos mensual y Renting para Empresas","article_published_time":"2018-03-26T14:39:11+00:00","og_image":[{"width":1236,"height":661,"url":"https:\/\/rideon.es\/renting-empresas\/wp-content\/uploads\/sites\/19\/2018\/04\/el-carmen-alquiler-moto-valencia.png","type":"image\/png"}],"author":"Ride On","twitter_card":"summary_large_image","twitter_misc":{"Escrito por":"Ride On","Tiempo de lectura":"2 minutos"},"schema":{"@context":"https:\/\/schema.org","@graph":[{"@type":"Article","@id":"https:\/\/rideon.es\/renting-empresas\/descubre-valencia-alquiler-moto\/#article","isPartOf":{"@id":"https:\/\/rideon.es\/renting-empresas\/descubre-valencia-alquiler-moto\/"},"author":{"name":"Ride On","@id":"https:\/\/rideon.es\/renting-empresas\/#\/schema\/person\/48d6770e55c623d929bd20ce295611a7"},"headline":"Descubre Valencia con tu alquiler de moto","datePublished":"2018-03-26T14:39:11+00:00","mainEntityOfPage":{"@id":"https:\/\/rideon.es\/renting-empresas\/descubre-valencia-alquiler-moto\/"},"wordCount":402,"commentCount":0,"publisher":{"@id":"https:\/\/rideon.es\/renting-empresas\/#organization"},"image":{"@id":"https:\/\/rideon.es\/renting-empresas\/descubre-valencia-alquiler-moto\/#primaryimage"},"thumbnailUrl":"https:\/\/rideon.es\/renting-empresas\/wp-content\/uploads\/sites\/19\/2018\/04\/el-carmen-alquiler-moto-valencia.png","articleSection":["Lugares de inter\u00e9s","Valencia"],"inLanguage":"es","potentialAction":[{"@type":"CommentAction","name":"Comment","target":["https:\/\/rideon.es\/renting-empresas\/descubre-valencia-alquiler-moto\/#respond"]}]},{"@type":"WebPage","@id":"https:\/\/rideon.es\/renting-empresas\/descubre-valencia-alquiler-moto\/","url":"https:\/\/rideon.es\/renting-empresas\/descubre-valencia-alquiler-moto\/","name":"Que visitar con tu alquiler moto Valencia - Ride On Valencia","isPartOf":{"@id":"https:\/\/rideon.es\/renting-empresas\/#website"},"primaryImageOfPage":{"@id":"https:\/\/rideon.es\/renting-empresas\/descubre-valencia-alquiler-moto\/#primaryimage"},"image":{"@id":"https:\/\/rideon.es\/renting-empresas\/descubre-valencia-alquiler-moto\/#primaryimage"},"thumbnailUrl":"https:\/\/rideon.es\/renting-empresas\/wp-content\/uploads\/sites\/19\/2018\/04\/el-carmen-alquiler-moto-valencia.png","datePublished":"2018-03-26T14:39:11+00:00","description":"Valencia es uno de los mejores destinos para descubrir con tu alquiler de moto, la buena temperatura y la estructura de la ciudad la hacen perfecta para descubrir en scooter.","inLanguage":"es","potentialAction":[{"@type":"ReadAction","target":["https:\/\/rideon.es\/renting-empresas\/descubre-valencia-alquiler-moto\/"]}]},{"@type":"ImageObject","inLanguage":"es","@id":"https:\/\/rideon.es\/renting-empresas\/descubre-valencia-alquiler-moto\/#primaryimage","url":"https:\/\/rideon.es\/renting-empresas\/wp-content\/uploads\/sites\/19\/2018\/04\/el-carmen-alquiler-moto-valencia.png","contentUrl":"https:\/\/rideon.es\/renting-empresas\/wp-content\/uploads\/sites\/19\/2018\/04\/el-carmen-alquiler-moto-valencia.png","width":1236,"height":661},{"@type":"WebSite","@id":"https:\/\/rideon.es\/renting-empresas\/#website","url":"https:\/\/rideon.es\/renting-empresas\/","name":"Alquiler de motos mensual y Renting para Empresas","description":"Las motos m\u00e1s c\u00f3modas y seguras para disfrutar de tus vacaciones sobre ruedas. Alquiler de motos en Menorca, Mallorca, Barcelona y Valencia con Rideon.es","publisher":{"@id":"https:\/\/rideon.es\/renting-empresas\/#organization"},"potentialAction":[{"@type":"SearchAction","target":{"@type":"EntryPoint","urlTemplate":"https:\/\/rideon.es\/renting-empresas\/?s={search_term_string}"},"query-input":{"@type":"PropertyValueSpecification","valueRequired":true,"valueName":"search_term_string"}}],"inLanguage":"es"},{"@type":"Organization","@id":"https:\/\/rideon.es\/renting-empresas\/#organization","name":"Alquiler de motos mensual y Renting para Empresas","url":"https:\/\/rideon.es\/renting-empresas\/","logo":{"@type":"ImageObject","inLanguage":"es","@id":"https:\/\/rideon.es\/renting-empresas\/#\/schema\/logo\/image\/","url":"https:\/\/rideon.es\/renting-empresas\/wp-content\/uploads\/sites\/19\/2020\/02\/rideon_logo-200x78-1.png","contentUrl":"https:\/\/rideon.es\/renting-empresas\/wp-content\/uploads\/sites\/19\/2020\/02\/rideon_logo-200x78-1.png","width":200,"height":78,"caption":"Alquiler de motos mensual y Renting para Empresas"},"image":{"@id":"https:\/\/rideon.es\/renting-empresas\/#\/schema\/logo\/image\/"}},{"@type":"Person","@id":"https:\/\/rideon.es\/renting-empresas\/#\/schema\/person\/48d6770e55c623d929bd20ce295611a7","name":"Ride On","image":{"@type":"ImageObject","inLanguage":"es","@id":"https:\/\/secure.gravatar.com\/avatar\/785e72183089da6a00243c0f0e2d52db79b9983b602219afb07c868943086138?s=96&d=mm&r=g","url":"https:\/\/secure.gravatar.com\/avatar\/785e72183089da6a00243c0f0e2d52db79b9983b602219afb07c868943086138?s=96&d=mm&r=g","contentUrl":"https:\/\/secure.gravatar.com\/avatar\/785e72183089da6a00243c0f0e2d52db79b9983b602219afb07c868943086138?s=96&d=mm&r=g","caption":"Ride On"},"url":"https:\/\/rideon.es\/renting-empresas\/author\/eduardoyauri\/"}]}},"_links":{"self":[{"href":"https:\/\/rideon.es\/renting-empresas\/wp-json\/wp\/v2\/posts\/2557","targetHints":{"allow":["GET"]}}],"collection":[{"href":"https:\/\/rideon.es\/renting-empresas\/wp-json\/wp\/v2\/posts"}],"about":[{"href":"https:\/\/rideon.es\/renting-empresas\/wp-json\/wp\/v2\/types\/post"}],"author":[{"embeddable":true,"href":"https:\/\/rideon.es\/renting-empresas\/wp-json\/wp\/v2\/users\/2"}],"replies":[{"embeddable":true,"href":"https:\/\/rideon.es\/renting-empresas\/wp-json\/wp\/v2\/comments?post=2557"}],"version-history":[{"count":0,"href":"https:\/\/rideon.es\/renting-empresas\/wp-json\/wp\/v2\/posts\/2557\/revisions"}],"wp:featuredmedia":[{"embeddable":true,"href":"https:\/\/rideon.es\/renting-empresas\/wp-json\/wp\/v2\/media\/5236"}],"wp:attachment":[{"href":"https:\/\/rideon.es\/renting-empresas\/wp-json\/wp\/v2\/media?parent=2557"}],"wp:term":[{"taxonomy":"category","embeddable":true,"href":"https:\/\/rideon.es\/renting-empresas\/wp-json\/wp\/v2\/categories?post=2557"},{"taxonomy":"post_tag","embeddable":true,"href":"https:\/\/rideon.es\/renting-empresas\/wp-json\/wp\/v2\/tags?post=2557"}],"curies":[{"name":"wp","href":"https:\/\/api.w.org\/{rel}","templated":true}]}}