{"id":2551,"date":"2018-03-22T15:24:14","date_gmt":"2018-03-22T15:24:14","guid":{"rendered":"https:\/\/rideon.es\/?p=2551"},"modified":"2018-03-22T15:24:14","modified_gmt":"2018-03-22T15:24:14","slug":"que-comer-alquiler-moto-mallorca","status":"publish","type":"post","link":"https:\/\/rideon.es\/renting-empresas\/que-comer-alquiler-moto-mallorca\/","title":{"rendered":"Qu\u00e9 comer en Mallorca con tu alquiler de moto"},"content":{"rendered":"<p><span style=\"font-weight: 400\">Mercados, hornos, restaurantes y los bares convierten Palma en la ciudad de las delicias que probar. La cocina tradicional, la internacional y la m\u00e1s moderna residen en los mercados urbanos, donde llegan cada d\u00eda productos frescos procedentes del campo y el mar de Mallorca. Desde Ride On Mallorca damos algunos consejos para disfrutar de los mejores sabores y ambientes de Mallorca. <\/span><span style=\"font-weight: 400\">Mallorca es perfecto para ser visitado con el<\/span><a href=\"https:\/\/rideon.es\/es\/alquiler-moto-mallorca\/\"><span style=\"font-weight: 400\"> alquiler moto Mallorca<\/span><\/a><span style=\"font-weight: 400\">.<\/span><\/p>\n<h2><span style=\"font-weight: 400\">Descubre los aut\u00e9nticos Mercados de Mallorca<\/span><\/h2>\n<p><img fetchpriority=\"high\" decoding=\"async\" class=\"img-responsive aligncenter\" src=\"https:\/\/rideon.es\/wp-content\/uploads\/2018\/03\/mercados-mallorca-alquiler-moto-mallorca.jpg\" alt=\"Mercados alquiler moto Mallorca\" width=\"801\" height=\"534\" \/><br \/>\n<span style=\"font-weight: 400\">Para conocer Mallorca es imprescindible visitar sus mercados, espacios donde disfrutar de cultura gastron\u00f3mica por excelencia. Los m\u00e1s emblem\u00e1ticos son el mercado de l\u2019Olivar y el de Santa Catalina, siempre llenos de gente y con decenas de paradas de fruta, hortalizas y las mejores carnes y pescados de la isla. <\/span><br \/>\n<span style=\"font-weight: 400\">Tambi\u00e9n constituyen un buen lugar para tomar un aperitivo o probar unas fant\u00e1sticas tapas, por ejemplo, ostras con cava, sushi reci\u00e9n hecho o algunos pinchos, disfrutando del ambiente aut\u00e9ntico del interior del mercado. Los mercados gastron\u00f3micos de San Juan o el Mercat 1930 son tambi\u00e9n muy populares. <\/span><span style=\"font-weight: 400\">Visita la isla de Mallorca con tu <\/span><span style=\"font-weight: 400\">alquiler motos Mallorca<\/span><span style=\"font-weight: 400\"> Ride On.<\/span><\/p>\n<h2><span style=\"font-weight: 400\">Visita los antiguos hornos<\/span><\/h2>\n<p><span style=\"font-weight: 400\">Palma es una ciudad con una gran historia de hornos, algunos con m\u00e1s de cien a\u00f1os de tradici\u00f3n. Siguen elaborando como anta\u00f1o panades (pastelito salado de carne), cocarrois, estos en forma de medialuna y rellenos de verduras como coliflor y acelgas por ejemplo, pasas y pi\u00f1ones, y todo tipo de cocas saladas. <\/span><br \/>\n<img decoding=\"async\" class=\"img-responsive aligncenter\" src=\"https:\/\/rideon.es\/wp-content\/uploads\/2018\/03\/ensaimada-mallorca-alquiler-moto-mallorca.jpg\" alt=\"ensaimada alquiler moto Mallorca\" width=\"800\" height=\"600\" \/><br \/>\n<span style=\"font-weight: 400\">En el apartado de dulces brilla con luz propia la ensaimada, junto con la coca de albaricoques y los crespells, pastelitos en forma de coraz\u00f3n o estrella. \u00a0<\/span><br \/>\n<span style=\"font-weight: 400\">La ensaimada es el pastel identitario de Mallorca, dulce en espiral cuyo nombre tiene su procedencia del sa\u00efm o manteca de cerdo, ingrediente esencial que le confiere una textura caracter\u00edstica.<\/span><\/p>\n<h2><span style=\"font-weight: 400\">Vive los alrededores de la Llotja<\/span><\/h2>\n<p><img decoding=\"async\" class=\"img-responsive aligncenter\" src=\"https:\/\/rideon.es\/wp-content\/uploads\/2018\/03\/restaurante-mallorca-alquiler-moto-mallorca.jpg\" alt=\"Bodegas alquiler moto Mallorca\" width=\"800\" height=\"542\" \/><br \/>\n<span style=\"font-weight: 400\">Los alrededores de la Llotja constituyen una de las zonas con mayor n\u00famero de restaurantes y bares de copas. Tambi\u00e9n en el barrio de Santa Catalina, antiguo n\u00facleo de pescadores, se ha convertido en un lugar moderno lleno de peque\u00f1os locales de cocina vanguardista, ex\u00f3tica e internacional. <\/span><br \/>\n<span style=\"font-weight: 400\">Los platos tradicionales se degustar\u00e1n sobre todo en los cellers, antiguas bodegas donde se pueden comer recetas mallorquinas contundentes como la porcella o el cochinillo asado, el tumbet, plato estival a base de berenjena, patata y pimiento rojo, o las sopes, una forma riqu\u00edsima de aprovechar el pan seco combin\u00e1ndolo con verduras de temporada. <\/span><br \/>\n<span style=\"font-weight: 400\">Pa amb oli. Uno de los platos m\u00e1s b\u00e1sicos y cotidianos de Mallorca es el pa amb oli, pan untado con tomate, aceite y sal, acompa\u00f1ado con quesos o embutidos locales, aceitunas amargas y un buen vino tinto para pasar una cena en la isla fant\u00e1stica.<\/span><br \/>\n<span style=\"font-weight: 400\">Otra opci\u00f3n para comer son los bares de tapas y pinchos, en la Llotja, Santa Catalina y en el carrer de la F\u00e0brica, donde se preparan deliciosos platos de saladas que se acompa\u00f1an con cerveza o un buen vino local. <\/span><br \/>\n<span style=\"font-weight: 400\">P<\/span><span style=\"font-weight: 400\">ara reservas online de motos de alquiler Mallorca pueden visitar nuestra web <\/span><a href=\"https:\/\/rideon.es\/\"><span style=\"font-weight: 400\">www.rideon.es<\/span><\/a><span style=\"font-weight: 400\"> \u00a0<\/span><\/p>\n","protected":false},"excerpt":{"rendered":"<p>Mercados, hornos, restaurantes y los bares convierten Palma en la ciudad de las delicias que probar. La cocina tradicional, la internacional y la m\u00e1s moderna residen en los mercados urbanos, donde llegan cada d\u00eda productos frescos procedentes del campo y el mar de Mallorca. Desde Ride On Mallorca damos algunos consejos para disfrutar de los<\/p>\n","protected":false},"author":2,"featured_media":5232,"comment_status":"open","ping_status":"closed","sticky":false,"template":"","format":"standard","meta":{"inline_featured_image":false,"footnotes":""},"categories":[58,56,11],"tags":[],"class_list":["post-2551","post","type-post","status-publish","format-standard","has-post-thumbnail","hentry","category-gastronomia","category-lugar-interes","category-mallorca"],"yoast_head":"<!-- This site is optimized with the Yoast SEO Premium plugin v18.7 (Yoast SEO v27.5) - https:\/\/yoast.com\/product\/yoast-seo-premium-wordpress\/ -->\n<title>Qu\u00e9 comer en Mallorca- Ride On alquiler moto Mallorca<\/title>\n<meta name=\"description\" content=\"Palma es la ciudad de las delicias. La cocina tradicional, la internacional y la m\u00e1s moderna residen en los mercados urbanos. Descubre que probar si viajas a Mallorca. Ride On alquiler de motos en Mallorca.\" \/>\n<meta name=\"robots\" content=\"index, follow, max-snippet:-1, max-image-preview:large, max-video-preview:-1\" \/>\n<link rel=\"canonical\" href=\"https:\/\/rideon.es\/renting-empresas\/que-comer-alquiler-moto-mallorca\/\" \/>\n<meta property=\"og:locale\" content=\"es_ES\" \/>\n<meta property=\"og:type\" content=\"article\" \/>\n<meta property=\"og:title\" content=\"Qu\u00e9 comer en Mallorca con tu alquiler de moto\" \/>\n<meta property=\"og:description\" content=\"Palma es la ciudad de las delicias. La cocina tradicional, la internacional y la m\u00e1s moderna residen en los mercados urbanos. Descubre que probar si viajas a Mallorca. Ride On alquiler de motos en Mallorca.\" \/>\n<meta property=\"og:url\" content=\"https:\/\/rideon.es\/renting-empresas\/que-comer-alquiler-moto-mallorca\/\" \/>\n<meta property=\"og:site_name\" content=\"Alquiler de motos mensual y Renting para Empresas\" \/>\n<meta property=\"article:published_time\" content=\"2018-03-22T15:24:14+00:00\" \/>\n<meta property=\"og:image\" content=\"https:\/\/rideon.es\/renting-empresas\/wp-content\/uploads\/sites\/19\/2018\/04\/mercados-mallorca-alquiler-moto-mallorca.jpg\" \/>\n\t<meta property=\"og:image:width\" content=\"1280\" \/>\n\t<meta property=\"og:image:height\" content=\"853\" \/>\n\t<meta property=\"og:image:type\" content=\"image\/jpeg\" \/>\n<meta name=\"author\" content=\"Ride On\" \/>\n<meta name=\"twitter:card\" content=\"summary_large_image\" \/>\n<meta name=\"twitter:label1\" content=\"Escrito por\" \/>\n\t<meta name=\"twitter:data1\" content=\"Ride On\" \/>\n\t<meta name=\"twitter:label2\" content=\"Tiempo de lectura\" \/>\n\t<meta name=\"twitter:data2\" content=\"3 minutos\" \/>\n<script type=\"application\/ld+json\" class=\"yoast-schema-graph\">{\"@context\":\"https:\\\/\\\/schema.org\",\"@graph\":[{\"@type\":\"Article\",\"@id\":\"https:\\\/\\\/rideon.es\\\/renting-empresas\\\/que-comer-alquiler-moto-mallorca\\\/#article\",\"isPartOf\":{\"@id\":\"https:\\\/\\\/rideon.es\\\/renting-empresas\\\/que-comer-alquiler-moto-mallorca\\\/\"},\"author\":{\"name\":\"Ride On\",\"@id\":\"https:\\\/\\\/rideon.es\\\/renting-empresas\\\/#\\\/schema\\\/person\\\/48d6770e55c623d929bd20ce295611a7\"},\"headline\":\"Qu\u00e9 comer en Mallorca con tu alquiler de moto\",\"datePublished\":\"2018-03-22T15:24:14+00:00\",\"mainEntityOfPage\":{\"@id\":\"https:\\\/\\\/rideon.es\\\/renting-empresas\\\/que-comer-alquiler-moto-mallorca\\\/\"},\"wordCount\":553,\"commentCount\":0,\"publisher\":{\"@id\":\"https:\\\/\\\/rideon.es\\\/renting-empresas\\\/#organization\"},\"image\":{\"@id\":\"https:\\\/\\\/rideon.es\\\/renting-empresas\\\/que-comer-alquiler-moto-mallorca\\\/#primaryimage\"},\"thumbnailUrl\":\"https:\\\/\\\/rideon.es\\\/renting-empresas\\\/wp-content\\\/uploads\\\/sites\\\/19\\\/2018\\\/04\\\/mercados-mallorca-alquiler-moto-mallorca.jpg\",\"articleSection\":[\"Gastronom\u00eda\",\"Lugares de inter\u00e9s\",\"Mallorca\"],\"inLanguage\":\"es\",\"potentialAction\":[{\"@type\":\"CommentAction\",\"name\":\"Comment\",\"target\":[\"https:\\\/\\\/rideon.es\\\/renting-empresas\\\/que-comer-alquiler-moto-mallorca\\\/#respond\"]}]},{\"@type\":\"WebPage\",\"@id\":\"https:\\\/\\\/rideon.es\\\/renting-empresas\\\/que-comer-alquiler-moto-mallorca\\\/\",\"url\":\"https:\\\/\\\/rideon.es\\\/renting-empresas\\\/que-comer-alquiler-moto-mallorca\\\/\",\"name\":\"Qu\u00e9 comer en Mallorca- Ride On alquiler moto Mallorca\",\"isPartOf\":{\"@id\":\"https:\\\/\\\/rideon.es\\\/renting-empresas\\\/#website\"},\"primaryImageOfPage\":{\"@id\":\"https:\\\/\\\/rideon.es\\\/renting-empresas\\\/que-comer-alquiler-moto-mallorca\\\/#primaryimage\"},\"image\":{\"@id\":\"https:\\\/\\\/rideon.es\\\/renting-empresas\\\/que-comer-alquiler-moto-mallorca\\\/#primaryimage\"},\"thumbnailUrl\":\"https:\\\/\\\/rideon.es\\\/renting-empresas\\\/wp-content\\\/uploads\\\/sites\\\/19\\\/2018\\\/04\\\/mercados-mallorca-alquiler-moto-mallorca.jpg\",\"datePublished\":\"2018-03-22T15:24:14+00:00\",\"description\":\"Palma es la ciudad de las delicias. La cocina tradicional, la internacional y la m\u00e1s moderna residen en los mercados urbanos. Descubre que probar si viajas a Mallorca. Ride On alquiler de motos en Mallorca.\",\"inLanguage\":\"es\",\"potentialAction\":[{\"@type\":\"ReadAction\",\"target\":[\"https:\\\/\\\/rideon.es\\\/renting-empresas\\\/que-comer-alquiler-moto-mallorca\\\/\"]}]},{\"@type\":\"ImageObject\",\"inLanguage\":\"es\",\"@id\":\"https:\\\/\\\/rideon.es\\\/renting-empresas\\\/que-comer-alquiler-moto-mallorca\\\/#primaryimage\",\"url\":\"https:\\\/\\\/rideon.es\\\/renting-empresas\\\/wp-content\\\/uploads\\\/sites\\\/19\\\/2018\\\/04\\\/mercados-mallorca-alquiler-moto-mallorca.jpg\",\"contentUrl\":\"https:\\\/\\\/rideon.es\\\/renting-empresas\\\/wp-content\\\/uploads\\\/sites\\\/19\\\/2018\\\/04\\\/mercados-mallorca-alquiler-moto-mallorca.jpg\",\"width\":1280,\"height\":853},{\"@type\":\"WebSite\",\"@id\":\"https:\\\/\\\/rideon.es\\\/renting-empresas\\\/#website\",\"url\":\"https:\\\/\\\/rideon.es\\\/renting-empresas\\\/\",\"name\":\"Alquiler de motos mensual y Renting para Empresas\",\"description\":\"Las motos m\u00e1s c\u00f3modas y seguras para disfrutar de tus vacaciones sobre ruedas. Alquiler de motos en Menorca, Mallorca, Barcelona y Valencia con Rideon.es\",\"publisher\":{\"@id\":\"https:\\\/\\\/rideon.es\\\/renting-empresas\\\/#organization\"},\"potentialAction\":[{\"@type\":\"SearchAction\",\"target\":{\"@type\":\"EntryPoint\",\"urlTemplate\":\"https:\\\/\\\/rideon.es\\\/renting-empresas\\\/?s={search_term_string}\"},\"query-input\":{\"@type\":\"PropertyValueSpecification\",\"valueRequired\":true,\"valueName\":\"search_term_string\"}}],\"inLanguage\":\"es\"},{\"@type\":\"Organization\",\"@id\":\"https:\\\/\\\/rideon.es\\\/renting-empresas\\\/#organization\",\"name\":\"Alquiler de motos mensual y Renting para Empresas\",\"url\":\"https:\\\/\\\/rideon.es\\\/renting-empresas\\\/\",\"logo\":{\"@type\":\"ImageObject\",\"inLanguage\":\"es\",\"@id\":\"https:\\\/\\\/rideon.es\\\/renting-empresas\\\/#\\\/schema\\\/logo\\\/image\\\/\",\"url\":\"https:\\\/\\\/rideon.es\\\/renting-empresas\\\/wp-content\\\/uploads\\\/sites\\\/19\\\/2020\\\/02\\\/rideon_logo-200x78-1.png\",\"contentUrl\":\"https:\\\/\\\/rideon.es\\\/renting-empresas\\\/wp-content\\\/uploads\\\/sites\\\/19\\\/2020\\\/02\\\/rideon_logo-200x78-1.png\",\"width\":200,\"height\":78,\"caption\":\"Alquiler de motos mensual y Renting para Empresas\"},\"image\":{\"@id\":\"https:\\\/\\\/rideon.es\\\/renting-empresas\\\/#\\\/schema\\\/logo\\\/image\\\/\"}},{\"@type\":\"Person\",\"@id\":\"https:\\\/\\\/rideon.es\\\/renting-empresas\\\/#\\\/schema\\\/person\\\/48d6770e55c623d929bd20ce295611a7\",\"name\":\"Ride On\",\"image\":{\"@type\":\"ImageObject\",\"inLanguage\":\"es\",\"@id\":\"https:\\\/\\\/secure.gravatar.com\\\/avatar\\\/785e72183089da6a00243c0f0e2d52db79b9983b602219afb07c868943086138?s=96&d=mm&r=g\",\"url\":\"https:\\\/\\\/secure.gravatar.com\\\/avatar\\\/785e72183089da6a00243c0f0e2d52db79b9983b602219afb07c868943086138?s=96&d=mm&r=g\",\"contentUrl\":\"https:\\\/\\\/secure.gravatar.com\\\/avatar\\\/785e72183089da6a00243c0f0e2d52db79b9983b602219afb07c868943086138?s=96&d=mm&r=g\",\"caption\":\"Ride On\"},\"url\":\"https:\\\/\\\/rideon.es\\\/renting-empresas\\\/author\\\/eduardoyauri\\\/\"}]}<\/script>\n<!-- \/ Yoast SEO Premium plugin. -->","yoast_head_json":{"title":"Qu\u00e9 comer en Mallorca- Ride On alquiler moto Mallorca","description":"Palma es la ciudad de las delicias. La cocina tradicional, la internacional y la m\u00e1s moderna residen en los mercados urbanos. Descubre que probar si viajas a Mallorca. Ride On alquiler de motos en Mallorca.","robots":{"index":"index","follow":"follow","max-snippet":"max-snippet:-1","max-image-preview":"max-image-preview:large","max-video-preview":"max-video-preview:-1"},"canonical":"https:\/\/rideon.es\/renting-empresas\/que-comer-alquiler-moto-mallorca\/","og_locale":"es_ES","og_type":"article","og_title":"Qu\u00e9 comer en Mallorca con tu alquiler de moto","og_description":"Palma es la ciudad de las delicias. La cocina tradicional, la internacional y la m\u00e1s moderna residen en los mercados urbanos. Descubre que probar si viajas a Mallorca. Ride On alquiler de motos en Mallorca.","og_url":"https:\/\/rideon.es\/renting-empresas\/que-comer-alquiler-moto-mallorca\/","og_site_name":"Alquiler de motos mensual y Renting para Empresas","article_published_time":"2018-03-22T15:24:14+00:00","og_image":[{"width":1280,"height":853,"url":"https:\/\/rideon.es\/renting-empresas\/wp-content\/uploads\/sites\/19\/2018\/04\/mercados-mallorca-alquiler-moto-mallorca.jpg","type":"image\/jpeg"}],"author":"Ride On","twitter_card":"summary_large_image","twitter_misc":{"Escrito por":"Ride On","Tiempo de lectura":"3 minutos"},"schema":{"@context":"https:\/\/schema.org","@graph":[{"@type":"Article","@id":"https:\/\/rideon.es\/renting-empresas\/que-comer-alquiler-moto-mallorca\/#article","isPartOf":{"@id":"https:\/\/rideon.es\/renting-empresas\/que-comer-alquiler-moto-mallorca\/"},"author":{"name":"Ride On","@id":"https:\/\/rideon.es\/renting-empresas\/#\/schema\/person\/48d6770e55c623d929bd20ce295611a7"},"headline":"Qu\u00e9 comer en Mallorca con tu alquiler de moto","datePublished":"2018-03-22T15:24:14+00:00","mainEntityOfPage":{"@id":"https:\/\/rideon.es\/renting-empresas\/que-comer-alquiler-moto-mallorca\/"},"wordCount":553,"commentCount":0,"publisher":{"@id":"https:\/\/rideon.es\/renting-empresas\/#organization"},"image":{"@id":"https:\/\/rideon.es\/renting-empresas\/que-comer-alquiler-moto-mallorca\/#primaryimage"},"thumbnailUrl":"https:\/\/rideon.es\/renting-empresas\/wp-content\/uploads\/sites\/19\/2018\/04\/mercados-mallorca-alquiler-moto-mallorca.jpg","articleSection":["Gastronom\u00eda","Lugares de inter\u00e9s","Mallorca"],"inLanguage":"es","potentialAction":[{"@type":"CommentAction","name":"Comment","target":["https:\/\/rideon.es\/renting-empresas\/que-comer-alquiler-moto-mallorca\/#respond"]}]},{"@type":"WebPage","@id":"https:\/\/rideon.es\/renting-empresas\/que-comer-alquiler-moto-mallorca\/","url":"https:\/\/rideon.es\/renting-empresas\/que-comer-alquiler-moto-mallorca\/","name":"Qu\u00e9 comer en Mallorca- Ride On alquiler moto Mallorca","isPartOf":{"@id":"https:\/\/rideon.es\/renting-empresas\/#website"},"primaryImageOfPage":{"@id":"https:\/\/rideon.es\/renting-empresas\/que-comer-alquiler-moto-mallorca\/#primaryimage"},"image":{"@id":"https:\/\/rideon.es\/renting-empresas\/que-comer-alquiler-moto-mallorca\/#primaryimage"},"thumbnailUrl":"https:\/\/rideon.es\/renting-empresas\/wp-content\/uploads\/sites\/19\/2018\/04\/mercados-mallorca-alquiler-moto-mallorca.jpg","datePublished":"2018-03-22T15:24:14+00:00","description":"Palma es la ciudad de las delicias. La cocina tradicional, la internacional y la m\u00e1s moderna residen en los mercados urbanos. Descubre que probar si viajas a Mallorca. Ride On alquiler de motos en Mallorca.","inLanguage":"es","potentialAction":[{"@type":"ReadAction","target":["https:\/\/rideon.es\/renting-empresas\/que-comer-alquiler-moto-mallorca\/"]}]},{"@type":"ImageObject","inLanguage":"es","@id":"https:\/\/rideon.es\/renting-empresas\/que-comer-alquiler-moto-mallorca\/#primaryimage","url":"https:\/\/rideon.es\/renting-empresas\/wp-content\/uploads\/sites\/19\/2018\/04\/mercados-mallorca-alquiler-moto-mallorca.jpg","contentUrl":"https:\/\/rideon.es\/renting-empresas\/wp-content\/uploads\/sites\/19\/2018\/04\/mercados-mallorca-alquiler-moto-mallorca.jpg","width":1280,"height":853},{"@type":"WebSite","@id":"https:\/\/rideon.es\/renting-empresas\/#website","url":"https:\/\/rideon.es\/renting-empresas\/","name":"Alquiler de motos mensual y Renting para Empresas","description":"Las motos m\u00e1s c\u00f3modas y seguras para disfrutar de tus vacaciones sobre ruedas. Alquiler de motos en Menorca, Mallorca, Barcelona y Valencia con Rideon.es","publisher":{"@id":"https:\/\/rideon.es\/renting-empresas\/#organization"},"potentialAction":[{"@type":"SearchAction","target":{"@type":"EntryPoint","urlTemplate":"https:\/\/rideon.es\/renting-empresas\/?s={search_term_string}"},"query-input":{"@type":"PropertyValueSpecification","valueRequired":true,"valueName":"search_term_string"}}],"inLanguage":"es"},{"@type":"Organization","@id":"https:\/\/rideon.es\/renting-empresas\/#organization","name":"Alquiler de motos mensual y Renting para Empresas","url":"https:\/\/rideon.es\/renting-empresas\/","logo":{"@type":"ImageObject","inLanguage":"es","@id":"https:\/\/rideon.es\/renting-empresas\/#\/schema\/logo\/image\/","url":"https:\/\/rideon.es\/renting-empresas\/wp-content\/uploads\/sites\/19\/2020\/02\/rideon_logo-200x78-1.png","contentUrl":"https:\/\/rideon.es\/renting-empresas\/wp-content\/uploads\/sites\/19\/2020\/02\/rideon_logo-200x78-1.png","width":200,"height":78,"caption":"Alquiler de motos mensual y Renting para Empresas"},"image":{"@id":"https:\/\/rideon.es\/renting-empresas\/#\/schema\/logo\/image\/"}},{"@type":"Person","@id":"https:\/\/rideon.es\/renting-empresas\/#\/schema\/person\/48d6770e55c623d929bd20ce295611a7","name":"Ride On","image":{"@type":"ImageObject","inLanguage":"es","@id":"https:\/\/secure.gravatar.com\/avatar\/785e72183089da6a00243c0f0e2d52db79b9983b602219afb07c868943086138?s=96&d=mm&r=g","url":"https:\/\/secure.gravatar.com\/avatar\/785e72183089da6a00243c0f0e2d52db79b9983b602219afb07c868943086138?s=96&d=mm&r=g","contentUrl":"https:\/\/secure.gravatar.com\/avatar\/785e72183089da6a00243c0f0e2d52db79b9983b602219afb07c868943086138?s=96&d=mm&r=g","caption":"Ride On"},"url":"https:\/\/rideon.es\/renting-empresas\/author\/eduardoyauri\/"}]}},"_links":{"self":[{"href":"https:\/\/rideon.es\/renting-empresas\/wp-json\/wp\/v2\/posts\/2551","targetHints":{"allow":["GET"]}}],"collection":[{"href":"https:\/\/rideon.es\/renting-empresas\/wp-json\/wp\/v2\/posts"}],"about":[{"href":"https:\/\/rideon.es\/renting-empresas\/wp-json\/wp\/v2\/types\/post"}],"author":[{"embeddable":true,"href":"https:\/\/rideon.es\/renting-empresas\/wp-json\/wp\/v2\/users\/2"}],"replies":[{"embeddable":true,"href":"https:\/\/rideon.es\/renting-empresas\/wp-json\/wp\/v2\/comments?post=2551"}],"version-history":[{"count":0,"href":"https:\/\/rideon.es\/renting-empresas\/wp-json\/wp\/v2\/posts\/2551\/revisions"}],"wp:featuredmedia":[{"embeddable":true,"href":"https:\/\/rideon.es\/renting-empresas\/wp-json\/wp\/v2\/media\/5232"}],"wp:attachment":[{"href":"https:\/\/rideon.es\/renting-empresas\/wp-json\/wp\/v2\/media?parent=2551"}],"wp:term":[{"taxonomy":"category","embeddable":true,"href":"https:\/\/rideon.es\/renting-empresas\/wp-json\/wp\/v2\/categories?post=2551"},{"taxonomy":"post_tag","embeddable":true,"href":"https:\/\/rideon.es\/renting-empresas\/wp-json\/wp\/v2\/tags?post=2551"}],"curies":[{"name":"wp","href":"https:\/\/api.w.org\/{rel}","templated":true}]}}