{"id":2540,"date":"2018-03-19T11:31:10","date_gmt":"2018-03-19T11:31:10","guid":{"rendered":"https:\/\/rideon.es\/?p=2540"},"modified":"2018-03-19T11:31:10","modified_gmt":"2018-03-19T11:31:10","slug":"fiestas-de-sant-joan-de-ciutadella","status":"publish","type":"post","link":"https:\/\/rideon.es\/renting-empresas\/fiestas-de-sant-joan-de-ciutadella\/","title":{"rendered":"Fiestas de Sant Joan de Ciutadella"},"content":{"rendered":"<h1><span style=\"font-weight: 400\">Fiestas de Sant Joan en Ciutadella<\/span><\/h1>\n<p><span style=\"font-weight: 400\">Las <\/span><b>Fiestas de Sant Joan de Ciutadella<\/b><span style=\"font-weight: 400\">, cada mes de junio, convierten a la Isla en un verdadero reclamo y congregan a <\/span><b>miles de visitantes<\/b><span style=\"font-weight: 400\"> procedentes de Baleares, de la Pen\u00ednsula y de distintos puntos de Europa atra\u00eddos por su espectacularidad y su <\/span><b>gran ambiente<\/b><span style=\"font-weight: 400\">.<\/span><\/p>\n<p><span style=\"font-weight: 400\">Todos los que conocen estas <\/span><b>legendarias fiestas<\/b><span style=\"font-weight: 400\">, aquellos que las han vivido alguna vez y evidentemente todos los menorquines y <\/span><i><span style=\"font-weight: 400\">ciutadallencs<\/span><\/i><span style=\"font-weight: 400\">, sienten una admiraci\u00f3n especial, incluso devoci\u00f3n, por esta intensa celebraci\u00f3n local en la que, sin duda, el <\/span><b>caballo<\/b><span style=\"font-weight: 400\"> es uno de sus principales protagonistas. <\/span><span style=\"font-weight: 400\">\u00a0Descubre Menorca y su sitios de encanto con total libertad con nuestro servicio de \u00a0<\/span><a href=\"https:\/\/rideon.es\/es\/alquiler-moto-menorca\/\"><span style=\"font-weight: 400\">alquiler motos Menorca<\/span><\/a><\/p>\n<p><span style=\"font-weight: 400\">Las Fiestas de <\/span><b>Sant Joan de Ciutadella<\/b><span style=\"font-weight: 400\"> son \u00fanicas en el mundo (aunque se celebran eventos similares en todas las fiestas patronales de los pueblos de Menorca).<\/span><br \/>\n<span style=\"font-weight: 400\">Durante unos d\u00edas, la ciudad se transforma es un verdadero escenario festivo en el que se mezclan con armon\u00eda <\/span><b>tradici\u00f3n y vanguardia<\/b><span style=\"font-weight: 400\"> al ritmo de tambores y \u00a0&#8216;flabiols&#8217; y siempre regados por la famosa y refrescante <\/span><b>Gin Xoriguer<\/b><span style=\"font-weight: 400\"> mezclada con limonada. <\/span><br \/>\n<span style=\"font-weight: 400\">Las Fiestas de Sant Joan constan de una serie de actos distribuidos a lo largo de aproximadamente una semana aunque los d\u00edas m\u00e1s concurridos son el <\/span><b>23 y el 24 de junio.<\/b><\/p>\n<p><span style=\"font-weight: 400\">Los <\/span><b>jinetes <\/b><b><i>caixers<\/i><\/b><span style=\"font-weight: 400\">, vestidos de blanco y negro, recorren las calles del pueblo sobre sus caballos con gran destreza. Participan adem\u00e1s del <\/span><b>tradicional jaleo<\/b><span style=\"font-weight: 400\">, en el que los <\/span><i><span style=\"font-weight: 400\">caixers<\/span><\/i><span style=\"font-weight: 400\"> sobre sus imponentes caballos entran en la plaza y pasan entre la multitud demostrando sus habilidades y <\/span><b>haciendo saltar a los caballos<\/b><span style=\"font-weight: 400\"> al ritmo de las t\u00edpicas canciones de estas fiestas. El gent\u00edo hace saltar a los caballos como s\u00edmbolo de poder y nobleza. <\/span><span style=\"font-weight: 400\">\u00a0<\/span><\/p>\n<p><span style=\"font-weight: 400\">Adem\u00e1s de otra serie de actos de <\/span><b>tradici\u00f3n centenaria<\/b><span style=\"font-weight: 400\"> a los que asisten los miles de visitantes, y en los que siempre est\u00e1 presente el caballo, <\/span><b>Ciutadella<\/b><span style=\"font-weight: 400\"> irradia ambiente festivo por sus cuatro costados y la <\/span><b>marcha en sus calles, en sus locales de copas y discotecas<\/b><span style=\"font-weight: 400\"> se alarga hasta el amanecer.<\/span><br \/>\n<img fetchpriority=\"high\" decoding=\"async\" class=\"img-responsive aligncenter\" src=\"https:\/\/rideon.es\/wp-content\/uploads\/2018\/03\/fiestas-menorca-alquiler-moto-menorca.jpg\" alt=\"Fiestas Menorca alquiler moto Menora\" width=\"800\" height=\"450\" \/><br \/>\n<span style=\"font-weight: 400\">Sin duda un momento m\u00e1gico para conocer la verdadera esencia de esta ciudad mediterr\u00e1nea repleta de historia y de paso descubrir los encantos de <\/span><span style=\"font-weight: 400\">Menorca en moto<\/span><span style=\"font-weight: 400\">. Eso s\u00ed, si est\u00e1s pensando en disfrutar de las <\/span><b>Fiestas de Sant Joan de Ciutadella<\/b><span style=\"font-weight: 400\"> conviene que realices con tiempo tus reservas ya que meses antes Menorca cuelga el cartel de &#8216;completo&#8217;. <\/span><br \/>\n<span style=\"font-weight: 400\">P<\/span><span style=\"font-weight: 400\">ara reservas online de motos de alquiler en Menorca pueden visitar nuestra web <a href=\"https:\/\/rideon.es\/es\/alquiler-moto-menorca\/\">www.rideon.es<\/a><\/span><\/p>\n","protected":false},"excerpt":{"rendered":"<p>Fiestas de Sant Joan en Ciutadella Las Fiestas de Sant Joan de Ciutadella, cada mes de junio, convierten a la Isla en un verdadero reclamo y congregan a miles de visitantes procedentes de Baleares, de la Pen\u00ednsula y de distintos puntos de Europa atra\u00eddos por su espectacularidad y su gran ambiente. Todos los que conocen<\/p>\n","protected":false},"author":2,"featured_media":5228,"comment_status":"open","ping_status":"closed","sticky":false,"template":"","format":"standard","meta":{"inline_featured_image":false,"footnotes":""},"categories":[59,14],"tags":[],"class_list":["post-2540","post","type-post","status-publish","format-standard","has-post-thumbnail","hentry","category-festividades","category-menorca"],"yoast_head":"<!-- This site is optimized with the Yoast SEO Premium plugin v18.7 (Yoast SEO v27.5) - https:\/\/yoast.com\/product\/yoast-seo-premium-wordpress\/ -->\n<title>Fiestas de Sant Joan de Ciutadella - Rideon alquiler moto Menorca<\/title>\n<meta name=\"description\" content=\"Las Fiestas de Sant Joan de Ciutadella suponen un momento inmejorable para descubrir la Isla de Menorca con un scooter de alquiler.\" \/>\n<meta name=\"robots\" content=\"index, follow, max-snippet:-1, max-image-preview:large, max-video-preview:-1\" \/>\n<link rel=\"canonical\" href=\"https:\/\/rideon.es\/renting-empresas\/fiestas-de-sant-joan-de-ciutadella\/\" \/>\n<meta property=\"og:locale\" content=\"es_ES\" \/>\n<meta property=\"og:type\" content=\"article\" \/>\n<meta property=\"og:title\" content=\"Fiestas de Sant Joan de Ciutadella\" \/>\n<meta property=\"og:description\" content=\"Las Fiestas de Sant Joan de Ciutadella suponen un momento inmejorable para descubrir la Isla de Menorca con un scooter de alquiler.\" \/>\n<meta property=\"og:url\" content=\"https:\/\/rideon.es\/renting-empresas\/fiestas-de-sant-joan-de-ciutadella\/\" \/>\n<meta property=\"og:site_name\" content=\"Alquiler de motos mensual y Renting para Empresas\" \/>\n<meta property=\"article:published_time\" content=\"2018-03-19T11:31:10+00:00\" \/>\n<meta property=\"og:image\" content=\"https:\/\/rideon.es\/renting-empresas\/wp-content\/uploads\/sites\/19\/2018\/04\/fiestas-menorca-alquiler-moto-menorca.jpg\" \/>\n\t<meta property=\"og:image:width\" content=\"1280\" \/>\n\t<meta property=\"og:image:height\" content=\"720\" \/>\n\t<meta property=\"og:image:type\" content=\"image\/jpeg\" \/>\n<meta name=\"author\" content=\"Ride On\" \/>\n<meta name=\"twitter:card\" content=\"summary_large_image\" \/>\n<meta name=\"twitter:label1\" content=\"Escrito por\" \/>\n\t<meta name=\"twitter:data1\" content=\"Ride On\" \/>\n\t<meta name=\"twitter:label2\" content=\"Tiempo de lectura\" \/>\n\t<meta name=\"twitter:data2\" content=\"2 minutos\" \/>\n<script type=\"application\/ld+json\" class=\"yoast-schema-graph\">{\"@context\":\"https:\\\/\\\/schema.org\",\"@graph\":[{\"@type\":\"Article\",\"@id\":\"https:\\\/\\\/rideon.es\\\/renting-empresas\\\/fiestas-de-sant-joan-de-ciutadella\\\/#article\",\"isPartOf\":{\"@id\":\"https:\\\/\\\/rideon.es\\\/renting-empresas\\\/fiestas-de-sant-joan-de-ciutadella\\\/\"},\"author\":{\"name\":\"Ride On\",\"@id\":\"https:\\\/\\\/rideon.es\\\/renting-empresas\\\/#\\\/schema\\\/person\\\/48d6770e55c623d929bd20ce295611a7\"},\"headline\":\"Fiestas de Sant Joan de Ciutadella\",\"datePublished\":\"2018-03-19T11:31:10+00:00\",\"mainEntityOfPage\":{\"@id\":\"https:\\\/\\\/rideon.es\\\/renting-empresas\\\/fiestas-de-sant-joan-de-ciutadella\\\/\"},\"wordCount\":437,\"commentCount\":0,\"publisher\":{\"@id\":\"https:\\\/\\\/rideon.es\\\/renting-empresas\\\/#organization\"},\"image\":{\"@id\":\"https:\\\/\\\/rideon.es\\\/renting-empresas\\\/fiestas-de-sant-joan-de-ciutadella\\\/#primaryimage\"},\"thumbnailUrl\":\"https:\\\/\\\/rideon.es\\\/renting-empresas\\\/wp-content\\\/uploads\\\/sites\\\/19\\\/2018\\\/04\\\/fiestas-menorca-alquiler-moto-menorca.jpg\",\"articleSection\":[\"Festividades\",\"Menorca\"],\"inLanguage\":\"es\",\"potentialAction\":[{\"@type\":\"CommentAction\",\"name\":\"Comment\",\"target\":[\"https:\\\/\\\/rideon.es\\\/renting-empresas\\\/fiestas-de-sant-joan-de-ciutadella\\\/#respond\"]}]},{\"@type\":\"WebPage\",\"@id\":\"https:\\\/\\\/rideon.es\\\/renting-empresas\\\/fiestas-de-sant-joan-de-ciutadella\\\/\",\"url\":\"https:\\\/\\\/rideon.es\\\/renting-empresas\\\/fiestas-de-sant-joan-de-ciutadella\\\/\",\"name\":\"Fiestas de Sant Joan de Ciutadella - Rideon alquiler moto Menorca\",\"isPartOf\":{\"@id\":\"https:\\\/\\\/rideon.es\\\/renting-empresas\\\/#website\"},\"primaryImageOfPage\":{\"@id\":\"https:\\\/\\\/rideon.es\\\/renting-empresas\\\/fiestas-de-sant-joan-de-ciutadella\\\/#primaryimage\"},\"image\":{\"@id\":\"https:\\\/\\\/rideon.es\\\/renting-empresas\\\/fiestas-de-sant-joan-de-ciutadella\\\/#primaryimage\"},\"thumbnailUrl\":\"https:\\\/\\\/rideon.es\\\/renting-empresas\\\/wp-content\\\/uploads\\\/sites\\\/19\\\/2018\\\/04\\\/fiestas-menorca-alquiler-moto-menorca.jpg\",\"datePublished\":\"2018-03-19T11:31:10+00:00\",\"description\":\"Las Fiestas de Sant Joan de Ciutadella suponen un momento inmejorable para descubrir la Isla de Menorca con un scooter de alquiler.\",\"inLanguage\":\"es\",\"potentialAction\":[{\"@type\":\"ReadAction\",\"target\":[\"https:\\\/\\\/rideon.es\\\/renting-empresas\\\/fiestas-de-sant-joan-de-ciutadella\\\/\"]}]},{\"@type\":\"ImageObject\",\"inLanguage\":\"es\",\"@id\":\"https:\\\/\\\/rideon.es\\\/renting-empresas\\\/fiestas-de-sant-joan-de-ciutadella\\\/#primaryimage\",\"url\":\"https:\\\/\\\/rideon.es\\\/renting-empresas\\\/wp-content\\\/uploads\\\/sites\\\/19\\\/2018\\\/04\\\/fiestas-menorca-alquiler-moto-menorca.jpg\",\"contentUrl\":\"https:\\\/\\\/rideon.es\\\/renting-empresas\\\/wp-content\\\/uploads\\\/sites\\\/19\\\/2018\\\/04\\\/fiestas-menorca-alquiler-moto-menorca.jpg\",\"width\":1280,\"height\":720},{\"@type\":\"WebSite\",\"@id\":\"https:\\\/\\\/rideon.es\\\/renting-empresas\\\/#website\",\"url\":\"https:\\\/\\\/rideon.es\\\/renting-empresas\\\/\",\"name\":\"Alquiler de motos mensual y Renting para Empresas\",\"description\":\"Las motos m\u00e1s c\u00f3modas y seguras para disfrutar de tus vacaciones sobre ruedas. Alquiler de motos en Menorca, Mallorca, Barcelona y Valencia con Rideon.es\",\"publisher\":{\"@id\":\"https:\\\/\\\/rideon.es\\\/renting-empresas\\\/#organization\"},\"potentialAction\":[{\"@type\":\"SearchAction\",\"target\":{\"@type\":\"EntryPoint\",\"urlTemplate\":\"https:\\\/\\\/rideon.es\\\/renting-empresas\\\/?s={search_term_string}\"},\"query-input\":{\"@type\":\"PropertyValueSpecification\",\"valueRequired\":true,\"valueName\":\"search_term_string\"}}],\"inLanguage\":\"es\"},{\"@type\":\"Organization\",\"@id\":\"https:\\\/\\\/rideon.es\\\/renting-empresas\\\/#organization\",\"name\":\"Alquiler de motos mensual y Renting para Empresas\",\"url\":\"https:\\\/\\\/rideon.es\\\/renting-empresas\\\/\",\"logo\":{\"@type\":\"ImageObject\",\"inLanguage\":\"es\",\"@id\":\"https:\\\/\\\/rideon.es\\\/renting-empresas\\\/#\\\/schema\\\/logo\\\/image\\\/\",\"url\":\"https:\\\/\\\/rideon.es\\\/renting-empresas\\\/wp-content\\\/uploads\\\/sites\\\/19\\\/2020\\\/02\\\/rideon_logo-200x78-1.png\",\"contentUrl\":\"https:\\\/\\\/rideon.es\\\/renting-empresas\\\/wp-content\\\/uploads\\\/sites\\\/19\\\/2020\\\/02\\\/rideon_logo-200x78-1.png\",\"width\":200,\"height\":78,\"caption\":\"Alquiler de motos mensual y Renting para Empresas\"},\"image\":{\"@id\":\"https:\\\/\\\/rideon.es\\\/renting-empresas\\\/#\\\/schema\\\/logo\\\/image\\\/\"}},{\"@type\":\"Person\",\"@id\":\"https:\\\/\\\/rideon.es\\\/renting-empresas\\\/#\\\/schema\\\/person\\\/48d6770e55c623d929bd20ce295611a7\",\"name\":\"Ride On\",\"image\":{\"@type\":\"ImageObject\",\"inLanguage\":\"es\",\"@id\":\"https:\\\/\\\/secure.gravatar.com\\\/avatar\\\/785e72183089da6a00243c0f0e2d52db79b9983b602219afb07c868943086138?s=96&d=mm&r=g\",\"url\":\"https:\\\/\\\/secure.gravatar.com\\\/avatar\\\/785e72183089da6a00243c0f0e2d52db79b9983b602219afb07c868943086138?s=96&d=mm&r=g\",\"contentUrl\":\"https:\\\/\\\/secure.gravatar.com\\\/avatar\\\/785e72183089da6a00243c0f0e2d52db79b9983b602219afb07c868943086138?s=96&d=mm&r=g\",\"caption\":\"Ride On\"},\"url\":\"https:\\\/\\\/rideon.es\\\/renting-empresas\\\/author\\\/eduardoyauri\\\/\"}]}<\/script>\n<!-- \/ Yoast SEO Premium plugin. -->","yoast_head_json":{"title":"Fiestas de Sant Joan de Ciutadella - Rideon alquiler moto Menorca","description":"Las Fiestas de Sant Joan de Ciutadella suponen un momento inmejorable para descubrir la Isla de Menorca con un scooter de alquiler.","robots":{"index":"index","follow":"follow","max-snippet":"max-snippet:-1","max-image-preview":"max-image-preview:large","max-video-preview":"max-video-preview:-1"},"canonical":"https:\/\/rideon.es\/renting-empresas\/fiestas-de-sant-joan-de-ciutadella\/","og_locale":"es_ES","og_type":"article","og_title":"Fiestas de Sant Joan de Ciutadella","og_description":"Las Fiestas de Sant Joan de Ciutadella suponen un momento inmejorable para descubrir la Isla de Menorca con un scooter de alquiler.","og_url":"https:\/\/rideon.es\/renting-empresas\/fiestas-de-sant-joan-de-ciutadella\/","og_site_name":"Alquiler de motos mensual y Renting para Empresas","article_published_time":"2018-03-19T11:31:10+00:00","og_image":[{"width":1280,"height":720,"url":"https:\/\/rideon.es\/renting-empresas\/wp-content\/uploads\/sites\/19\/2018\/04\/fiestas-menorca-alquiler-moto-menorca.jpg","type":"image\/jpeg"}],"author":"Ride On","twitter_card":"summary_large_image","twitter_misc":{"Escrito por":"Ride On","Tiempo de lectura":"2 minutos"},"schema":{"@context":"https:\/\/schema.org","@graph":[{"@type":"Article","@id":"https:\/\/rideon.es\/renting-empresas\/fiestas-de-sant-joan-de-ciutadella\/#article","isPartOf":{"@id":"https:\/\/rideon.es\/renting-empresas\/fiestas-de-sant-joan-de-ciutadella\/"},"author":{"name":"Ride On","@id":"https:\/\/rideon.es\/renting-empresas\/#\/schema\/person\/48d6770e55c623d929bd20ce295611a7"},"headline":"Fiestas de Sant Joan de Ciutadella","datePublished":"2018-03-19T11:31:10+00:00","mainEntityOfPage":{"@id":"https:\/\/rideon.es\/renting-empresas\/fiestas-de-sant-joan-de-ciutadella\/"},"wordCount":437,"commentCount":0,"publisher":{"@id":"https:\/\/rideon.es\/renting-empresas\/#organization"},"image":{"@id":"https:\/\/rideon.es\/renting-empresas\/fiestas-de-sant-joan-de-ciutadella\/#primaryimage"},"thumbnailUrl":"https:\/\/rideon.es\/renting-empresas\/wp-content\/uploads\/sites\/19\/2018\/04\/fiestas-menorca-alquiler-moto-menorca.jpg","articleSection":["Festividades","Menorca"],"inLanguage":"es","potentialAction":[{"@type":"CommentAction","name":"Comment","target":["https:\/\/rideon.es\/renting-empresas\/fiestas-de-sant-joan-de-ciutadella\/#respond"]}]},{"@type":"WebPage","@id":"https:\/\/rideon.es\/renting-empresas\/fiestas-de-sant-joan-de-ciutadella\/","url":"https:\/\/rideon.es\/renting-empresas\/fiestas-de-sant-joan-de-ciutadella\/","name":"Fiestas de Sant Joan de Ciutadella - Rideon alquiler moto Menorca","isPartOf":{"@id":"https:\/\/rideon.es\/renting-empresas\/#website"},"primaryImageOfPage":{"@id":"https:\/\/rideon.es\/renting-empresas\/fiestas-de-sant-joan-de-ciutadella\/#primaryimage"},"image":{"@id":"https:\/\/rideon.es\/renting-empresas\/fiestas-de-sant-joan-de-ciutadella\/#primaryimage"},"thumbnailUrl":"https:\/\/rideon.es\/renting-empresas\/wp-content\/uploads\/sites\/19\/2018\/04\/fiestas-menorca-alquiler-moto-menorca.jpg","datePublished":"2018-03-19T11:31:10+00:00","description":"Las Fiestas de Sant Joan de Ciutadella suponen un momento inmejorable para descubrir la Isla de Menorca con un scooter de alquiler.","inLanguage":"es","potentialAction":[{"@type":"ReadAction","target":["https:\/\/rideon.es\/renting-empresas\/fiestas-de-sant-joan-de-ciutadella\/"]}]},{"@type":"ImageObject","inLanguage":"es","@id":"https:\/\/rideon.es\/renting-empresas\/fiestas-de-sant-joan-de-ciutadella\/#primaryimage","url":"https:\/\/rideon.es\/renting-empresas\/wp-content\/uploads\/sites\/19\/2018\/04\/fiestas-menorca-alquiler-moto-menorca.jpg","contentUrl":"https:\/\/rideon.es\/renting-empresas\/wp-content\/uploads\/sites\/19\/2018\/04\/fiestas-menorca-alquiler-moto-menorca.jpg","width":1280,"height":720},{"@type":"WebSite","@id":"https:\/\/rideon.es\/renting-empresas\/#website","url":"https:\/\/rideon.es\/renting-empresas\/","name":"Alquiler de motos mensual y Renting para Empresas","description":"Las motos m\u00e1s c\u00f3modas y seguras para disfrutar de tus vacaciones sobre ruedas. Alquiler de motos en Menorca, Mallorca, Barcelona y Valencia con Rideon.es","publisher":{"@id":"https:\/\/rideon.es\/renting-empresas\/#organization"},"potentialAction":[{"@type":"SearchAction","target":{"@type":"EntryPoint","urlTemplate":"https:\/\/rideon.es\/renting-empresas\/?s={search_term_string}"},"query-input":{"@type":"PropertyValueSpecification","valueRequired":true,"valueName":"search_term_string"}}],"inLanguage":"es"},{"@type":"Organization","@id":"https:\/\/rideon.es\/renting-empresas\/#organization","name":"Alquiler de motos mensual y Renting para Empresas","url":"https:\/\/rideon.es\/renting-empresas\/","logo":{"@type":"ImageObject","inLanguage":"es","@id":"https:\/\/rideon.es\/renting-empresas\/#\/schema\/logo\/image\/","url":"https:\/\/rideon.es\/renting-empresas\/wp-content\/uploads\/sites\/19\/2020\/02\/rideon_logo-200x78-1.png","contentUrl":"https:\/\/rideon.es\/renting-empresas\/wp-content\/uploads\/sites\/19\/2020\/02\/rideon_logo-200x78-1.png","width":200,"height":78,"caption":"Alquiler de motos mensual y Renting para Empresas"},"image":{"@id":"https:\/\/rideon.es\/renting-empresas\/#\/schema\/logo\/image\/"}},{"@type":"Person","@id":"https:\/\/rideon.es\/renting-empresas\/#\/schema\/person\/48d6770e55c623d929bd20ce295611a7","name":"Ride On","image":{"@type":"ImageObject","inLanguage":"es","@id":"https:\/\/secure.gravatar.com\/avatar\/785e72183089da6a00243c0f0e2d52db79b9983b602219afb07c868943086138?s=96&d=mm&r=g","url":"https:\/\/secure.gravatar.com\/avatar\/785e72183089da6a00243c0f0e2d52db79b9983b602219afb07c868943086138?s=96&d=mm&r=g","contentUrl":"https:\/\/secure.gravatar.com\/avatar\/785e72183089da6a00243c0f0e2d52db79b9983b602219afb07c868943086138?s=96&d=mm&r=g","caption":"Ride On"},"url":"https:\/\/rideon.es\/renting-empresas\/author\/eduardoyauri\/"}]}},"_links":{"self":[{"href":"https:\/\/rideon.es\/renting-empresas\/wp-json\/wp\/v2\/posts\/2540","targetHints":{"allow":["GET"]}}],"collection":[{"href":"https:\/\/rideon.es\/renting-empresas\/wp-json\/wp\/v2\/posts"}],"about":[{"href":"https:\/\/rideon.es\/renting-empresas\/wp-json\/wp\/v2\/types\/post"}],"author":[{"embeddable":true,"href":"https:\/\/rideon.es\/renting-empresas\/wp-json\/wp\/v2\/users\/2"}],"replies":[{"embeddable":true,"href":"https:\/\/rideon.es\/renting-empresas\/wp-json\/wp\/v2\/comments?post=2540"}],"version-history":[{"count":0,"href":"https:\/\/rideon.es\/renting-empresas\/wp-json\/wp\/v2\/posts\/2540\/revisions"}],"wp:featuredmedia":[{"embeddable":true,"href":"https:\/\/rideon.es\/renting-empresas\/wp-json\/wp\/v2\/media\/5228"}],"wp:attachment":[{"href":"https:\/\/rideon.es\/renting-empresas\/wp-json\/wp\/v2\/media?parent=2540"}],"wp:term":[{"taxonomy":"category","embeddable":true,"href":"https:\/\/rideon.es\/renting-empresas\/wp-json\/wp\/v2\/categories?post=2540"},{"taxonomy":"post_tag","embeddable":true,"href":"https:\/\/rideon.es\/renting-empresas\/wp-json\/wp\/v2\/tags?post=2540"}],"curies":[{"name":"wp","href":"https:\/\/api.w.org\/{rel}","templated":true}]}}