{"id":2533,"date":"2018-03-14T12:05:39","date_gmt":"2018-03-14T12:05:39","guid":{"rendered":"https:\/\/rideon.es\/?p=2533"},"modified":"2018-03-14T12:05:39","modified_gmt":"2018-03-14T12:05:39","slug":"mejor-chaqueta-alquiler-moto-barcelona","status":"publish","type":"post","link":"https:\/\/rideon.es\/renting-empresas\/mejor-chaqueta-alquiler-moto-barcelona\/","title":{"rendered":"Chaqueta para tu alquiler de moto"},"content":{"rendered":"<p><img fetchpriority=\"high\" decoding=\"async\" class=\"img-responsive aligncenter\" src=\"https:\/\/rideon.es\/wp-content\/uploads\/2018\/03\/Chaqueta-moto-alquiler-moto-barcelona.jpg\" alt=\"Chaquetas para tu alquiler moto Barcelona\" width=\"801\" height=\"534\" \/><br \/>\n<span style=\"font-weight: 400\">Existen diferentes aspectos importantes en el momento de valorar una chaqueta para mejorar la montura de nuestro scooter, para escoger una buena chaqueta para el alquiler de tu moto hay que tener en cuenta tres factores importantes, el material, el tipo de uso y sobretodo la \u00e9poca del a\u00f1o que se va a usar la chaqueta. <\/span><span style=\"font-weight: 400\">\u00a0Ride On te ofrece las mejores motos para el mejor <\/span><a href=\"https:\/\/rideon.es\/es\/alquiler-motos-barcelona\/\"><span style=\"font-weight: 400\">alquiler moto Barcelona<\/span><\/a><span style=\"font-weight: 400\">. Podemos dividir las chaquetas en tres grandes categor\u00edas, ciudad, sport y Touring. <\/span><\/p>\n<h2><span style=\"font-weight: 400\">Chaquetas touring<\/span><\/h2>\n<p><img decoding=\"async\" class=\"img-responsive aligncenter\" src=\"https:\/\/rideon.es\/wp-content\/uploads\/2018\/03\/chaqueta-tourubg-alquielr-moto-barcelona.jpg\" alt=\"Chaquetas Touring para tu alquiler moto Barcelona\" width=\"800\" height=\"800\" \/><br \/>\n<span style=\"font-weight: 400\">Son quiz\u00e1s las chaquetas m\u00e1s usadas por los usuarios de motos, ya que pueden servir para equipar en viajes o escapadas de fin de semana y tambi\u00e9n para su uso urbano. De forma general son chaquetas con membranas impermeables y con forro t\u00e9rmico que puede o no ser desmontable. Llevan tambi\u00e9n entradas de aire para mejorar la ventilaci\u00f3n de la equipaci\u00f3n y ajustes en varios puntos de la chaqueta para adaptarse perfectamente al cuerpo.<\/span><\/p>\n<h2><span style=\"font-weight: 400\">Chaquetas para ciudad<\/span><\/h2>\n<p><span style=\"font-weight: 400\">Las chaquetas para circular con motos por ciudad suelen estar pensadas para un uso m\u00e1s casual, con un dise\u00f1o m\u00e1s moderno, pueden ser usadas tanto para llevar encima como fuera de la moto o del scooter. Est\u00e1n pensadas para ofrecer el m\u00e1ximo de versatilidad y funcionalidad al piloto.<\/span><br \/>\n<img decoding=\"async\" class=\"img-responsive aligncenter\" src=\"https:\/\/rideon.es\/wp-content\/uploads\/2018\/03\/chauqeta-textil-alquielr-moto-barcelona.jpg\" alt=\"Chaquetas parar ciudad para tu alquiler moto Barcelona\" width=\"801\" height=\"801\" \/><\/p>\n<p><span style=\"font-weight: 400\">Las chaquetas de ciudad suelen tener un corte m\u00e1s cl\u00e1sico y materiales naturales como el algod\u00f3n, son ideales para la circulaci\u00f3n por ciudad ya que su dise\u00f1o permite llevarlas fuera de la moto, algo habitual por una uso urbano con un scooter. <\/span><\/p>\n<h2><span style=\"font-weight: 400\">Chaquetas para conducci\u00f3n deportiva<\/span><\/h2>\n<p><span style=\"font-weight: 400\">Las chaquetas para conducci\u00f3n deportiva o sport tiene m\u00e1s protecciones que el resto. Est\u00e1n dise\u00f1adas para una conducci\u00f3n m\u00e1s exigente incluso para la conducci\u00f3n dentro de circuito, son perfectas para amantes de las superdeportivas y de nakeds. Las chaquetas para conducci\u00f3n deportiva son en su mayor\u00eda de piel y con protecciones certificadas. <\/span><br \/>\n<img loading=\"lazy\" decoding=\"async\" class=\"img-responsive aligncenter\" src=\"https:\/\/rideon.es\/wp-content\/uploads\/2018\/03\/chaqueta-deportiva-alquiler-moto-barcelona.jpg\" alt=\"Chaquetas parar conducci\u00f3n deportiva para tu alquiler moto Barcelona\" width=\"801\" height=\"401\" \/><\/p>\n<p><span style=\"font-weight: 400\">Tambi\u00e9n es recomendable escoger la opci\u00f3n de chaquetas en piel o de textil, las chaquetas de piel ofrecen una grana resistencia a la abrasi\u00f3n y adaptabilidad, factor que hace que se conviertan casi en la segunda piel del conductor. Las chaquetas textiles otorgan mayor flexibilidad, manejo y ofrecen al conductor mejora comportamiento a las inclemencias del tiempo. En el caso de buscar una chaqueta para el verano ser\u00e1 imprescindible que tenga una buena transpiraci\u00f3n, siendo ideales las chaquetas con zonas de tejido de malla que incrementan enormemente la ventilaci\u00f3n en los d\u00edas m\u00e1s calurosos. <\/span><span style=\"font-weight: 400\">En Ride On ofrecemos la mejor flota de motos para tu <\/span><a href=\"https:\/\/rideon.es\/es\/alquiler-motos-barcelona\/\"><span style=\"font-weight: 400\">alquiler moto Barcelona<\/span><\/a><span style=\"font-weight: 400\"> \u00a0<\/span><\/p>\n<p><span style=\"font-weight: 400\">Tambi\u00e9n ser\u00e1 importante en el momento de escoger una chaqueta fijarse en las caracter\u00edsticas especiales que puedan llevar como si lleva a no airbags, si disponen o no de protecciones desmontables, si dispone de cremallera de conexi\u00f3n con el pantal\u00f3n o cuantos bolsillos tiene.<\/span><\/p>\n<p><span style=\"font-weight: 400\"> P<\/span><span style=\"font-weight: 400\">ara reservas online de motos de alquiler en Barcelona pueden visitar nuestra web <\/span><a href=\"https:\/\/rideon.es\/barcelona\/\"><span style=\"font-weight: 400\">www.rideon.es<\/span><\/a><span style=\"font-weight: 400\"> \u00a0<\/span><\/p>\n","protected":false},"excerpt":{"rendered":"<p>Existen diferentes aspectos importantes en el momento de valorar una chaqueta para mejorar la montura de nuestro scooter, para escoger una buena chaqueta para el alquiler de tu moto hay que tener en cuenta tres factores importantes, el material, el tipo de uso y sobretodo la \u00e9poca del a\u00f1o que se va a usar la<\/p>\n","protected":false},"author":2,"featured_media":5224,"comment_status":"open","ping_status":"closed","sticky":false,"template":"","format":"standard","meta":{"inline_featured_image":false,"footnotes":""},"categories":[9,49],"tags":[],"class_list":["post-2533","post","type-post","status-publish","format-standard","has-post-thumbnail","hentry","category-barcelona","category-consejos"],"yoast_head":"<!-- This site is optimized with the Yoast SEO Premium plugin v18.7 (Yoast SEO v27.5) - https:\/\/yoast.com\/product\/yoast-seo-premium-wordpress\/ -->\n<title>La mejor chaqueta para tu alquiler de moto Barcelona | Rideon.es<\/title>\n<meta name=\"description\" content=\"Proponemos las mejores chaquetas para disfrutar al m\u00e1ximo de tu alquiler de moto eBarcelona. Ride On alquiler de motos Barcelona\" \/>\n<meta name=\"robots\" content=\"index, follow, max-snippet:-1, max-image-preview:large, max-video-preview:-1\" \/>\n<link rel=\"canonical\" href=\"https:\/\/rideon.es\/renting-empresas\/mejor-chaqueta-alquiler-moto-barcelona\/\" \/>\n<meta property=\"og:locale\" content=\"es_ES\" \/>\n<meta property=\"og:type\" content=\"article\" \/>\n<meta property=\"og:title\" content=\"Chaqueta para tu alquiler de moto\" \/>\n<meta property=\"og:description\" content=\"Proponemos las mejores chaquetas para disfrutar al m\u00e1ximo de tu alquiler de moto eBarcelona. Ride On alquiler de motos Barcelona\" \/>\n<meta property=\"og:url\" content=\"https:\/\/rideon.es\/renting-empresas\/mejor-chaqueta-alquiler-moto-barcelona\/\" \/>\n<meta property=\"og:site_name\" content=\"Alquiler de motos mensual y Renting para Empresas\" \/>\n<meta property=\"article:published_time\" content=\"2018-03-14T12:05:39+00:00\" \/>\n<meta property=\"og:image\" content=\"https:\/\/rideon.es\/renting-empresas\/wp-content\/uploads\/sites\/19\/2018\/04\/Chaqueta-moto-alquiler-moto-barcelona.jpg\" \/>\n\t<meta property=\"og:image:width\" content=\"1280\" \/>\n\t<meta property=\"og:image:height\" content=\"853\" \/>\n\t<meta property=\"og:image:type\" content=\"image\/jpeg\" \/>\n<meta name=\"author\" content=\"Ride On\" \/>\n<meta name=\"twitter:card\" content=\"summary_large_image\" \/>\n<meta name=\"twitter:label1\" content=\"Escrito por\" \/>\n\t<meta name=\"twitter:data1\" content=\"Ride On\" \/>\n\t<meta name=\"twitter:label2\" content=\"Tiempo de lectura\" \/>\n\t<meta name=\"twitter:data2\" content=\"3 minutos\" \/>\n<script type=\"application\/ld+json\" class=\"yoast-schema-graph\">{\"@context\":\"https:\\\/\\\/schema.org\",\"@graph\":[{\"@type\":\"Article\",\"@id\":\"https:\\\/\\\/rideon.es\\\/renting-empresas\\\/mejor-chaqueta-alquiler-moto-barcelona\\\/#article\",\"isPartOf\":{\"@id\":\"https:\\\/\\\/rideon.es\\\/renting-empresas\\\/mejor-chaqueta-alquiler-moto-barcelona\\\/\"},\"author\":{\"name\":\"Ride On\",\"@id\":\"https:\\\/\\\/rideon.es\\\/renting-empresas\\\/#\\\/schema\\\/person\\\/48d6770e55c623d929bd20ce295611a7\"},\"headline\":\"Chaqueta para tu alquiler de moto\",\"datePublished\":\"2018-03-14T12:05:39+00:00\",\"mainEntityOfPage\":{\"@id\":\"https:\\\/\\\/rideon.es\\\/renting-empresas\\\/mejor-chaqueta-alquiler-moto-barcelona\\\/\"},\"wordCount\":521,\"commentCount\":0,\"publisher\":{\"@id\":\"https:\\\/\\\/rideon.es\\\/renting-empresas\\\/#organization\"},\"image\":{\"@id\":\"https:\\\/\\\/rideon.es\\\/renting-empresas\\\/mejor-chaqueta-alquiler-moto-barcelona\\\/#primaryimage\"},\"thumbnailUrl\":\"https:\\\/\\\/rideon.es\\\/renting-empresas\\\/wp-content\\\/uploads\\\/sites\\\/19\\\/2018\\\/04\\\/Chaqueta-moto-alquiler-moto-barcelona.jpg\",\"articleSection\":[\"Barcelona\",\"Consejos\"],\"inLanguage\":\"es\",\"potentialAction\":[{\"@type\":\"CommentAction\",\"name\":\"Comment\",\"target\":[\"https:\\\/\\\/rideon.es\\\/renting-empresas\\\/mejor-chaqueta-alquiler-moto-barcelona\\\/#respond\"]}]},{\"@type\":\"WebPage\",\"@id\":\"https:\\\/\\\/rideon.es\\\/renting-empresas\\\/mejor-chaqueta-alquiler-moto-barcelona\\\/\",\"url\":\"https:\\\/\\\/rideon.es\\\/renting-empresas\\\/mejor-chaqueta-alquiler-moto-barcelona\\\/\",\"name\":\"La mejor chaqueta para tu alquiler de moto Barcelona | Rideon.es\",\"isPartOf\":{\"@id\":\"https:\\\/\\\/rideon.es\\\/renting-empresas\\\/#website\"},\"primaryImageOfPage\":{\"@id\":\"https:\\\/\\\/rideon.es\\\/renting-empresas\\\/mejor-chaqueta-alquiler-moto-barcelona\\\/#primaryimage\"},\"image\":{\"@id\":\"https:\\\/\\\/rideon.es\\\/renting-empresas\\\/mejor-chaqueta-alquiler-moto-barcelona\\\/#primaryimage\"},\"thumbnailUrl\":\"https:\\\/\\\/rideon.es\\\/renting-empresas\\\/wp-content\\\/uploads\\\/sites\\\/19\\\/2018\\\/04\\\/Chaqueta-moto-alquiler-moto-barcelona.jpg\",\"datePublished\":\"2018-03-14T12:05:39+00:00\",\"description\":\"Proponemos las mejores chaquetas para disfrutar al m\u00e1ximo de tu alquiler de moto eBarcelona. Ride On alquiler de motos Barcelona\",\"inLanguage\":\"es\",\"potentialAction\":[{\"@type\":\"ReadAction\",\"target\":[\"https:\\\/\\\/rideon.es\\\/renting-empresas\\\/mejor-chaqueta-alquiler-moto-barcelona\\\/\"]}]},{\"@type\":\"ImageObject\",\"inLanguage\":\"es\",\"@id\":\"https:\\\/\\\/rideon.es\\\/renting-empresas\\\/mejor-chaqueta-alquiler-moto-barcelona\\\/#primaryimage\",\"url\":\"https:\\\/\\\/rideon.es\\\/renting-empresas\\\/wp-content\\\/uploads\\\/sites\\\/19\\\/2018\\\/04\\\/Chaqueta-moto-alquiler-moto-barcelona.jpg\",\"contentUrl\":\"https:\\\/\\\/rideon.es\\\/renting-empresas\\\/wp-content\\\/uploads\\\/sites\\\/19\\\/2018\\\/04\\\/Chaqueta-moto-alquiler-moto-barcelona.jpg\",\"width\":1280,\"height\":853},{\"@type\":\"WebSite\",\"@id\":\"https:\\\/\\\/rideon.es\\\/renting-empresas\\\/#website\",\"url\":\"https:\\\/\\\/rideon.es\\\/renting-empresas\\\/\",\"name\":\"Alquiler de motos mensual y Renting para Empresas\",\"description\":\"Las motos m\u00e1s c\u00f3modas y seguras para disfrutar de tus vacaciones sobre ruedas. Alquiler de motos en Menorca, Mallorca, Barcelona y Valencia con Rideon.es\",\"publisher\":{\"@id\":\"https:\\\/\\\/rideon.es\\\/renting-empresas\\\/#organization\"},\"potentialAction\":[{\"@type\":\"SearchAction\",\"target\":{\"@type\":\"EntryPoint\",\"urlTemplate\":\"https:\\\/\\\/rideon.es\\\/renting-empresas\\\/?s={search_term_string}\"},\"query-input\":{\"@type\":\"PropertyValueSpecification\",\"valueRequired\":true,\"valueName\":\"search_term_string\"}}],\"inLanguage\":\"es\"},{\"@type\":\"Organization\",\"@id\":\"https:\\\/\\\/rideon.es\\\/renting-empresas\\\/#organization\",\"name\":\"Alquiler de motos mensual y Renting para Empresas\",\"url\":\"https:\\\/\\\/rideon.es\\\/renting-empresas\\\/\",\"logo\":{\"@type\":\"ImageObject\",\"inLanguage\":\"es\",\"@id\":\"https:\\\/\\\/rideon.es\\\/renting-empresas\\\/#\\\/schema\\\/logo\\\/image\\\/\",\"url\":\"https:\\\/\\\/rideon.es\\\/renting-empresas\\\/wp-content\\\/uploads\\\/sites\\\/19\\\/2020\\\/02\\\/rideon_logo-200x78-1.png\",\"contentUrl\":\"https:\\\/\\\/rideon.es\\\/renting-empresas\\\/wp-content\\\/uploads\\\/sites\\\/19\\\/2020\\\/02\\\/rideon_logo-200x78-1.png\",\"width\":200,\"height\":78,\"caption\":\"Alquiler de motos mensual y Renting para Empresas\"},\"image\":{\"@id\":\"https:\\\/\\\/rideon.es\\\/renting-empresas\\\/#\\\/schema\\\/logo\\\/image\\\/\"}},{\"@type\":\"Person\",\"@id\":\"https:\\\/\\\/rideon.es\\\/renting-empresas\\\/#\\\/schema\\\/person\\\/48d6770e55c623d929bd20ce295611a7\",\"name\":\"Ride On\",\"image\":{\"@type\":\"ImageObject\",\"inLanguage\":\"es\",\"@id\":\"https:\\\/\\\/secure.gravatar.com\\\/avatar\\\/785e72183089da6a00243c0f0e2d52db79b9983b602219afb07c868943086138?s=96&d=mm&r=g\",\"url\":\"https:\\\/\\\/secure.gravatar.com\\\/avatar\\\/785e72183089da6a00243c0f0e2d52db79b9983b602219afb07c868943086138?s=96&d=mm&r=g\",\"contentUrl\":\"https:\\\/\\\/secure.gravatar.com\\\/avatar\\\/785e72183089da6a00243c0f0e2d52db79b9983b602219afb07c868943086138?s=96&d=mm&r=g\",\"caption\":\"Ride On\"},\"url\":\"https:\\\/\\\/rideon.es\\\/renting-empresas\\\/author\\\/eduardoyauri\\\/\"}]}<\/script>\n<!-- \/ Yoast SEO Premium plugin. -->","yoast_head_json":{"title":"La mejor chaqueta para tu alquiler de moto Barcelona | Rideon.es","description":"Proponemos las mejores chaquetas para disfrutar al m\u00e1ximo de tu alquiler de moto eBarcelona. Ride On alquiler de motos Barcelona","robots":{"index":"index","follow":"follow","max-snippet":"max-snippet:-1","max-image-preview":"max-image-preview:large","max-video-preview":"max-video-preview:-1"},"canonical":"https:\/\/rideon.es\/renting-empresas\/mejor-chaqueta-alquiler-moto-barcelona\/","og_locale":"es_ES","og_type":"article","og_title":"Chaqueta para tu alquiler de moto","og_description":"Proponemos las mejores chaquetas para disfrutar al m\u00e1ximo de tu alquiler de moto eBarcelona. Ride On alquiler de motos Barcelona","og_url":"https:\/\/rideon.es\/renting-empresas\/mejor-chaqueta-alquiler-moto-barcelona\/","og_site_name":"Alquiler de motos mensual y Renting para Empresas","article_published_time":"2018-03-14T12:05:39+00:00","og_image":[{"width":1280,"height":853,"url":"https:\/\/rideon.es\/renting-empresas\/wp-content\/uploads\/sites\/19\/2018\/04\/Chaqueta-moto-alquiler-moto-barcelona.jpg","type":"image\/jpeg"}],"author":"Ride On","twitter_card":"summary_large_image","twitter_misc":{"Escrito por":"Ride On","Tiempo de lectura":"3 minutos"},"schema":{"@context":"https:\/\/schema.org","@graph":[{"@type":"Article","@id":"https:\/\/rideon.es\/renting-empresas\/mejor-chaqueta-alquiler-moto-barcelona\/#article","isPartOf":{"@id":"https:\/\/rideon.es\/renting-empresas\/mejor-chaqueta-alquiler-moto-barcelona\/"},"author":{"name":"Ride On","@id":"https:\/\/rideon.es\/renting-empresas\/#\/schema\/person\/48d6770e55c623d929bd20ce295611a7"},"headline":"Chaqueta para tu alquiler de moto","datePublished":"2018-03-14T12:05:39+00:00","mainEntityOfPage":{"@id":"https:\/\/rideon.es\/renting-empresas\/mejor-chaqueta-alquiler-moto-barcelona\/"},"wordCount":521,"commentCount":0,"publisher":{"@id":"https:\/\/rideon.es\/renting-empresas\/#organization"},"image":{"@id":"https:\/\/rideon.es\/renting-empresas\/mejor-chaqueta-alquiler-moto-barcelona\/#primaryimage"},"thumbnailUrl":"https:\/\/rideon.es\/renting-empresas\/wp-content\/uploads\/sites\/19\/2018\/04\/Chaqueta-moto-alquiler-moto-barcelona.jpg","articleSection":["Barcelona","Consejos"],"inLanguage":"es","potentialAction":[{"@type":"CommentAction","name":"Comment","target":["https:\/\/rideon.es\/renting-empresas\/mejor-chaqueta-alquiler-moto-barcelona\/#respond"]}]},{"@type":"WebPage","@id":"https:\/\/rideon.es\/renting-empresas\/mejor-chaqueta-alquiler-moto-barcelona\/","url":"https:\/\/rideon.es\/renting-empresas\/mejor-chaqueta-alquiler-moto-barcelona\/","name":"La mejor chaqueta para tu alquiler de moto Barcelona | Rideon.es","isPartOf":{"@id":"https:\/\/rideon.es\/renting-empresas\/#website"},"primaryImageOfPage":{"@id":"https:\/\/rideon.es\/renting-empresas\/mejor-chaqueta-alquiler-moto-barcelona\/#primaryimage"},"image":{"@id":"https:\/\/rideon.es\/renting-empresas\/mejor-chaqueta-alquiler-moto-barcelona\/#primaryimage"},"thumbnailUrl":"https:\/\/rideon.es\/renting-empresas\/wp-content\/uploads\/sites\/19\/2018\/04\/Chaqueta-moto-alquiler-moto-barcelona.jpg","datePublished":"2018-03-14T12:05:39+00:00","description":"Proponemos las mejores chaquetas para disfrutar al m\u00e1ximo de tu alquiler de moto eBarcelona. Ride On alquiler de motos Barcelona","inLanguage":"es","potentialAction":[{"@type":"ReadAction","target":["https:\/\/rideon.es\/renting-empresas\/mejor-chaqueta-alquiler-moto-barcelona\/"]}]},{"@type":"ImageObject","inLanguage":"es","@id":"https:\/\/rideon.es\/renting-empresas\/mejor-chaqueta-alquiler-moto-barcelona\/#primaryimage","url":"https:\/\/rideon.es\/renting-empresas\/wp-content\/uploads\/sites\/19\/2018\/04\/Chaqueta-moto-alquiler-moto-barcelona.jpg","contentUrl":"https:\/\/rideon.es\/renting-empresas\/wp-content\/uploads\/sites\/19\/2018\/04\/Chaqueta-moto-alquiler-moto-barcelona.jpg","width":1280,"height":853},{"@type":"WebSite","@id":"https:\/\/rideon.es\/renting-empresas\/#website","url":"https:\/\/rideon.es\/renting-empresas\/","name":"Alquiler de motos mensual y Renting para Empresas","description":"Las motos m\u00e1s c\u00f3modas y seguras para disfrutar de tus vacaciones sobre ruedas. Alquiler de motos en Menorca, Mallorca, Barcelona y Valencia con Rideon.es","publisher":{"@id":"https:\/\/rideon.es\/renting-empresas\/#organization"},"potentialAction":[{"@type":"SearchAction","target":{"@type":"EntryPoint","urlTemplate":"https:\/\/rideon.es\/renting-empresas\/?s={search_term_string}"},"query-input":{"@type":"PropertyValueSpecification","valueRequired":true,"valueName":"search_term_string"}}],"inLanguage":"es"},{"@type":"Organization","@id":"https:\/\/rideon.es\/renting-empresas\/#organization","name":"Alquiler de motos mensual y Renting para Empresas","url":"https:\/\/rideon.es\/renting-empresas\/","logo":{"@type":"ImageObject","inLanguage":"es","@id":"https:\/\/rideon.es\/renting-empresas\/#\/schema\/logo\/image\/","url":"https:\/\/rideon.es\/renting-empresas\/wp-content\/uploads\/sites\/19\/2020\/02\/rideon_logo-200x78-1.png","contentUrl":"https:\/\/rideon.es\/renting-empresas\/wp-content\/uploads\/sites\/19\/2020\/02\/rideon_logo-200x78-1.png","width":200,"height":78,"caption":"Alquiler de motos mensual y Renting para Empresas"},"image":{"@id":"https:\/\/rideon.es\/renting-empresas\/#\/schema\/logo\/image\/"}},{"@type":"Person","@id":"https:\/\/rideon.es\/renting-empresas\/#\/schema\/person\/48d6770e55c623d929bd20ce295611a7","name":"Ride On","image":{"@type":"ImageObject","inLanguage":"es","@id":"https:\/\/secure.gravatar.com\/avatar\/785e72183089da6a00243c0f0e2d52db79b9983b602219afb07c868943086138?s=96&d=mm&r=g","url":"https:\/\/secure.gravatar.com\/avatar\/785e72183089da6a00243c0f0e2d52db79b9983b602219afb07c868943086138?s=96&d=mm&r=g","contentUrl":"https:\/\/secure.gravatar.com\/avatar\/785e72183089da6a00243c0f0e2d52db79b9983b602219afb07c868943086138?s=96&d=mm&r=g","caption":"Ride On"},"url":"https:\/\/rideon.es\/renting-empresas\/author\/eduardoyauri\/"}]}},"_links":{"self":[{"href":"https:\/\/rideon.es\/renting-empresas\/wp-json\/wp\/v2\/posts\/2533","targetHints":{"allow":["GET"]}}],"collection":[{"href":"https:\/\/rideon.es\/renting-empresas\/wp-json\/wp\/v2\/posts"}],"about":[{"href":"https:\/\/rideon.es\/renting-empresas\/wp-json\/wp\/v2\/types\/post"}],"author":[{"embeddable":true,"href":"https:\/\/rideon.es\/renting-empresas\/wp-json\/wp\/v2\/users\/2"}],"replies":[{"embeddable":true,"href":"https:\/\/rideon.es\/renting-empresas\/wp-json\/wp\/v2\/comments?post=2533"}],"version-history":[{"count":0,"href":"https:\/\/rideon.es\/renting-empresas\/wp-json\/wp\/v2\/posts\/2533\/revisions"}],"wp:featuredmedia":[{"embeddable":true,"href":"https:\/\/rideon.es\/renting-empresas\/wp-json\/wp\/v2\/media\/5224"}],"wp:attachment":[{"href":"https:\/\/rideon.es\/renting-empresas\/wp-json\/wp\/v2\/media?parent=2533"}],"wp:term":[{"taxonomy":"category","embeddable":true,"href":"https:\/\/rideon.es\/renting-empresas\/wp-json\/wp\/v2\/categories?post=2533"},{"taxonomy":"post_tag","embeddable":true,"href":"https:\/\/rideon.es\/renting-empresas\/wp-json\/wp\/v2\/tags?post=2533"}],"curies":[{"name":"wp","href":"https:\/\/api.w.org\/{rel}","templated":true}]}}