{"id":2514,"date":"2018-02-26T15:39:57","date_gmt":"2018-02-26T15:39:57","guid":{"rendered":"https:\/\/rideon.es\/?p=2514"},"modified":"2018-02-26T15:39:57","modified_gmt":"2018-02-26T15:39:57","slug":"menorca-talayotica-alquiler-moto-menorca","status":"publish","type":"post","link":"https:\/\/rideon.es\/renting-empresas\/menorca-talayotica-alquiler-moto-menorca\/","title":{"rendered":"&#8216;Menorca Talay\u00f3tica&#8217;, posible Patrimonio de la Humanidad 2021"},"content":{"rendered":"<p><span style=\"font-weight: 400\">&#8216;Menorca Talay\u00f3tica&#8217; opta a ser declarada Patrimonio de la Humanidad por la UNESCO<\/span><br \/>\n<span style=\"font-weight: 400\">La candidatura de &#8216;<\/span><b>Menorca Talay\u00f3tica<\/b><span style=\"font-weight: 400\">&#8216; ser\u00e1 propuesta a la <\/span><b>UNESCO<\/b><span style=\"font-weight: 400\"> para que sea declarada <\/span><b>Patrimonio Mundial de la Humanidad<\/b><br \/>\n<img fetchpriority=\"high\" decoding=\"async\" class=\"img-responsive aligncenter\" src=\"https:\/\/rideon.es\/wp-content\/uploads\/2018\/02\/naveta-des-tudons-alquiler-moto-menorca.png\" alt=\"Naveta des Tudons alquiler moto Menorca\" width=\"798\" height=\"495\" \/><\/p>\n<p><span style=\"font-weight: 400\">Naveta des Tudons<\/span><\/p>\n<p><span style=\"font-weight: 400\">Dicha candidatura est\u00e1 formada por 32 monumentos y yacimientos de la cultura megal\u00edtica de la Isla y se presenta a como ejemplo \u00fanico de una civilizaci\u00f3n pasada que est\u00e1 presente en el <\/span><b>paisaje de Menorca<\/b><span style=\"font-weight: 400\"> desde hace 4.000 mil a\u00f1os con un estado de conservaci\u00f3n ins\u00f3lito. <\/span><br \/>\n<img decoding=\"async\" class=\"img-responsive aligncenter\" src=\"https:\/\/rideon.es\/wp-content\/uploads\/2018\/02\/necropolis-cala-morell-alquiler-moto-menorca.png\" alt=\"Necr\u00f3pilis de Cala Morell alquiler moto Menorca\" width=\"799\" height=\"541\" \/><\/p>\n<p><span style=\"font-weight: 400\">Necr\u00f3polis de Cala Morell<\/span><\/p>\n<p><span style=\"font-weight: 400\">Menorca est\u00e1 considerada como un <\/span><b>museo al aire libre<\/b><span style=\"font-weight: 400\">. Cuenta con m\u00e1s de 1.800 enclaves arqueol\u00f3gicos conservados en sus 700 kil\u00f3metros cuadrados de territorio, elementos que forman parte inseparable del paisaje de la Isla. Por otro lado, el <\/span><b>conjunto arqueol\u00f3gico<\/b><span style=\"font-weight: 400\"> de la cultura talay\u00f3tica en <\/span><b>Menorca<\/b><span style=\"font-weight: 400\"> tienen un valor de autenticidad y de excepcionalidad que los expertos califican como \u00fanicos en el mundo. Ride On <\/span><a href=\"https:\/\/rideon.es\/es\/alquiler-moto-menorca\/\"><span style=\"font-weight: 400\">alquiler moto menorca<\/span><\/a><br \/>\n<img decoding=\"async\" class=\"img-responsive aligncenter\" src=\"https:\/\/rideon.es\/wp-content\/uploads\/2018\/02\/Necr\u00f3polis-de-calescoves.png\" alt=\"Necr\u00f3pilis calescoves alquiler moto Menorca\" width=\"800\" height=\"525\" \/><\/p>\n<p><span style=\"font-weight: 400\">Necr\u00f3polis de calescoves<\/span><br \/>\n<span style=\"font-weight: 400\">La posibilidad de que &#8216;Menorca Talay\u00f3tica&#8217; sea declarada <\/span><b>Patrimonio de la Humanidad <\/b><span style=\"font-weight: 400\">contribuir\u00e1 al desarrollo socioecon\u00f3mico de la isla abriendo nuevas posibilidades al turismo cultural. <\/span><br \/>\n<span style=\"font-weight: 400\">Los <\/span><b>32 monumentos<\/b><span style=\"font-weight: 400\"> que conforman el conjunto arqueol\u00f3gico que opta al reconocimiento internacional han sido seleccionados por su buen estado de conservaci\u00f3n, porque en ellos se han llevado a cabo investigaciones y excavaciones, y porque incluyen los principales elementos arquitect\u00f3nicos de la <\/span><b>cultura talay\u00f3tica<\/b><span style=\"font-weight: 400\"> menorquina: las taulas, talaiots, navetas, cuevas funerarias y salas hip\u00f3stilas.<\/span><br \/>\n<img loading=\"lazy\" decoding=\"async\" class=\"img-responsive aligncenter\" src=\"https:\/\/rideon.es\/wp-content\/uploads\/2018\/02\/poblado-talayotico-de-binisafullet.png\" alt=\"Poblado talay\u00f3tico de Binisafullet alquiler moto Menorca\" width=\"801\" height=\"533\" \/><br \/>\n<span style=\"font-weight: 400\">Poblado talay\u00f3tico de Binisafullet<\/span><br \/>\n<span style=\"font-weight: 400\">La declaraci\u00f3n de Patrimonio de la Humanidad se sumar\u00eda a la <\/span><b>Reserva de la Biosfera<\/b><span style=\"font-weight: 400\"> que ya es considerada la Isla por la conservaci\u00f3n de sus espacios naturales.<\/span><br \/>\n<span style=\"font-weight: 400\">Y es que recorrer en <\/span><a href=\"https:\/\/rideon.es\/menorca\/\"><span style=\"font-weight: 400\">moto Menorca<\/span><\/a><span style=\"font-weight: 400\"> es un regalo para los sentidos. Conocer su paisaje, su riqueza natural, su cultura, gastronom\u00eda y su bien conservado patrimonio supone vivir mil experiencias \u00fanicas e inolvidables. Poder recorrer sus <\/span><b>peque\u00f1as carreteras y caminos en moto<\/b><span style=\"font-weight: 400\"> mientras se van descubriendo parajes v\u00edrgenes y calas de ensue\u00f1o es un verdadero lujo, un lujo alcanzable para unas vacaciones perfectas. \u00a0\u00a0<\/span><\/p>\n<div id=\"irc_searchsmart\" style=\"width: 90%\">\n<div class=\"main\" role=\"main\">\n<div id=\"content\" class=\"content full\">\n<div id=\"post-2393\" class=\"post-2393 post type-post status-publish format-standard has-post-thumbnail hentry post-1 odd\">\n<div class=\"container\">\n<div class=\"row\">\n<div class=\"col-md-8\">\n<div class=\"blog-posts single-post\">\n<article class=\"post post-large blog-single-post\">\n<div class=\"post-content\">\n<div id=\"rideon_single_page\">Para reservas online de motos de alquiler Menorca pueden visitar nuestra web <a href=\"https:\/\/rideon.es\/menorca\/\">www.rideon.es<\/a><\/div>\n<\/div>\n<div><\/div>\n<\/article>\n<\/div>\n<\/div>\n<\/div>\n<\/div>\n<\/div>\n<\/div>\n<\/div>\n<\/div>\n","protected":false},"excerpt":{"rendered":"<p>&#8216;Menorca Talay\u00f3tica&#8217; opta a ser declarada Patrimonio de la Humanidad por la UNESCO La candidatura de &#8216;Menorca Talay\u00f3tica&#8216; ser\u00e1 propuesta a la UNESCO para que sea declarada Patrimonio Mundial de la Humanidad Naveta des Tudons Dicha candidatura est\u00e1 formada por 32 monumentos y yacimientos de la cultura megal\u00edtica de la Isla y se presenta a<\/p>\n","protected":false},"author":2,"featured_media":5264,"comment_status":"open","ping_status":"closed","sticky":false,"template":"","format":"standard","meta":{"inline_featured_image":false,"footnotes":""},"categories":[56,14],"tags":[],"class_list":["post-2514","post","type-post","status-publish","format-standard","has-post-thumbnail","hentry","category-lugar-interes","category-menorca"],"yoast_head":"<!-- This site is optimized with the Yoast SEO Premium plugin v18.7 (Yoast SEO v27.5) - https:\/\/yoast.com\/product\/yoast-seo-premium-wordpress\/ -->\n<title>Menorca Talay\u00f3tica&#039;, Patrimonio de la Humanidad- Alquiler moto Menorca<\/title>\n<meta name=\"description\" content=\"El conjunto arqueol\u00f3gico de la cultura talay\u00f3tica mejor conservado est\u00e1 en Menorca y por ello opta a ser Patrimonio de la Humanidad. Dec\u00fabrelo en alquiler moto Menorca V\" \/>\n<meta name=\"robots\" content=\"index, follow, max-snippet:-1, max-image-preview:large, max-video-preview:-1\" \/>\n<link rel=\"canonical\" href=\"https:\/\/rideon.es\/renting-empresas\/menorca-talayotica-alquiler-moto-menorca\/\" \/>\n<meta property=\"og:locale\" content=\"es_ES\" \/>\n<meta property=\"og:type\" content=\"article\" \/>\n<meta property=\"og:title\" content=\"&#039;Menorca Talay\u00f3tica&#039;, posible Patrimonio de la Humanidad 2021\" \/>\n<meta property=\"og:description\" content=\"El conjunto arqueol\u00f3gico de la cultura talay\u00f3tica mejor conservado est\u00e1 en Menorca y por ello opta a ser Patrimonio de la Humanidad. Dec\u00fabrelo en alquiler moto Menorca V\" \/>\n<meta property=\"og:url\" content=\"https:\/\/rideon.es\/renting-empresas\/menorca-talayotica-alquiler-moto-menorca\/\" \/>\n<meta property=\"og:site_name\" content=\"Alquiler de motos mensual y Renting para Empresas\" \/>\n<meta property=\"article:published_time\" content=\"2018-02-26T15:39:57+00:00\" \/>\n<meta property=\"og:image\" content=\"https:\/\/rideon.es\/renting-empresas\/wp-content\/uploads\/sites\/19\/2018\/01\/naveta-des-tudons-alquiler-moto-menorca.png\" \/>\n\t<meta property=\"og:image:width\" content=\"1280\" \/>\n\t<meta property=\"og:image:height\" content=\"794\" \/>\n\t<meta property=\"og:image:type\" content=\"image\/png\" \/>\n<meta name=\"author\" content=\"Ride On\" \/>\n<meta name=\"twitter:card\" content=\"summary_large_image\" \/>\n<meta name=\"twitter:label1\" content=\"Escrito por\" \/>\n\t<meta name=\"twitter:data1\" content=\"Ride On\" \/>\n\t<meta name=\"twitter:label2\" content=\"Tiempo de lectura\" \/>\n\t<meta name=\"twitter:data2\" content=\"2 minutos\" \/>\n<script type=\"application\/ld+json\" class=\"yoast-schema-graph\">{\"@context\":\"https:\\\/\\\/schema.org\",\"@graph\":[{\"@type\":\"Article\",\"@id\":\"https:\\\/\\\/rideon.es\\\/renting-empresas\\\/menorca-talayotica-alquiler-moto-menorca\\\/#article\",\"isPartOf\":{\"@id\":\"https:\\\/\\\/rideon.es\\\/renting-empresas\\\/menorca-talayotica-alquiler-moto-menorca\\\/\"},\"author\":{\"name\":\"Ride On\",\"@id\":\"https:\\\/\\\/rideon.es\\\/renting-empresas\\\/#\\\/schema\\\/person\\\/48d6770e55c623d929bd20ce295611a7\"},\"headline\":\"&#8216;Menorca Talay\u00f3tica&#8217;, posible Patrimonio de la Humanidad 2021\",\"datePublished\":\"2018-02-26T15:39:57+00:00\",\"mainEntityOfPage\":{\"@id\":\"https:\\\/\\\/rideon.es\\\/renting-empresas\\\/menorca-talayotica-alquiler-moto-menorca\\\/\"},\"wordCount\":378,\"commentCount\":0,\"publisher\":{\"@id\":\"https:\\\/\\\/rideon.es\\\/renting-empresas\\\/#organization\"},\"image\":{\"@id\":\"https:\\\/\\\/rideon.es\\\/renting-empresas\\\/menorca-talayotica-alquiler-moto-menorca\\\/#primaryimage\"},\"thumbnailUrl\":\"https:\\\/\\\/rideon.es\\\/renting-empresas\\\/wp-content\\\/uploads\\\/sites\\\/19\\\/2018\\\/01\\\/naveta-des-tudons-alquiler-moto-menorca.png\",\"articleSection\":[\"Lugares de inter\u00e9s\",\"Menorca\"],\"inLanguage\":\"es\",\"potentialAction\":[{\"@type\":\"CommentAction\",\"name\":\"Comment\",\"target\":[\"https:\\\/\\\/rideon.es\\\/renting-empresas\\\/menorca-talayotica-alquiler-moto-menorca\\\/#respond\"]}]},{\"@type\":\"WebPage\",\"@id\":\"https:\\\/\\\/rideon.es\\\/renting-empresas\\\/menorca-talayotica-alquiler-moto-menorca\\\/\",\"url\":\"https:\\\/\\\/rideon.es\\\/renting-empresas\\\/menorca-talayotica-alquiler-moto-menorca\\\/\",\"name\":\"Menorca Talay\u00f3tica', Patrimonio de la Humanidad- Alquiler moto Menorca\",\"isPartOf\":{\"@id\":\"https:\\\/\\\/rideon.es\\\/renting-empresas\\\/#website\"},\"primaryImageOfPage\":{\"@id\":\"https:\\\/\\\/rideon.es\\\/renting-empresas\\\/menorca-talayotica-alquiler-moto-menorca\\\/#primaryimage\"},\"image\":{\"@id\":\"https:\\\/\\\/rideon.es\\\/renting-empresas\\\/menorca-talayotica-alquiler-moto-menorca\\\/#primaryimage\"},\"thumbnailUrl\":\"https:\\\/\\\/rideon.es\\\/renting-empresas\\\/wp-content\\\/uploads\\\/sites\\\/19\\\/2018\\\/01\\\/naveta-des-tudons-alquiler-moto-menorca.png\",\"datePublished\":\"2018-02-26T15:39:57+00:00\",\"description\":\"El conjunto arqueol\u00f3gico de la cultura talay\u00f3tica mejor conservado est\u00e1 en Menorca y por ello opta a ser Patrimonio de la Humanidad. Dec\u00fabrelo en alquiler moto Menorca V\",\"inLanguage\":\"es\",\"potentialAction\":[{\"@type\":\"ReadAction\",\"target\":[\"https:\\\/\\\/rideon.es\\\/renting-empresas\\\/menorca-talayotica-alquiler-moto-menorca\\\/\"]}]},{\"@type\":\"ImageObject\",\"inLanguage\":\"es\",\"@id\":\"https:\\\/\\\/rideon.es\\\/renting-empresas\\\/menorca-talayotica-alquiler-moto-menorca\\\/#primaryimage\",\"url\":\"https:\\\/\\\/rideon.es\\\/renting-empresas\\\/wp-content\\\/uploads\\\/sites\\\/19\\\/2018\\\/01\\\/naveta-des-tudons-alquiler-moto-menorca.png\",\"contentUrl\":\"https:\\\/\\\/rideon.es\\\/renting-empresas\\\/wp-content\\\/uploads\\\/sites\\\/19\\\/2018\\\/01\\\/naveta-des-tudons-alquiler-moto-menorca.png\",\"width\":1280,\"height\":794},{\"@type\":\"WebSite\",\"@id\":\"https:\\\/\\\/rideon.es\\\/renting-empresas\\\/#website\",\"url\":\"https:\\\/\\\/rideon.es\\\/renting-empresas\\\/\",\"name\":\"Alquiler de motos mensual y Renting para Empresas\",\"description\":\"Las motos m\u00e1s c\u00f3modas y seguras para disfrutar de tus vacaciones sobre ruedas. Alquiler de motos en Menorca, Mallorca, Barcelona y Valencia con Rideon.es\",\"publisher\":{\"@id\":\"https:\\\/\\\/rideon.es\\\/renting-empresas\\\/#organization\"},\"potentialAction\":[{\"@type\":\"SearchAction\",\"target\":{\"@type\":\"EntryPoint\",\"urlTemplate\":\"https:\\\/\\\/rideon.es\\\/renting-empresas\\\/?s={search_term_string}\"},\"query-input\":{\"@type\":\"PropertyValueSpecification\",\"valueRequired\":true,\"valueName\":\"search_term_string\"}}],\"inLanguage\":\"es\"},{\"@type\":\"Organization\",\"@id\":\"https:\\\/\\\/rideon.es\\\/renting-empresas\\\/#organization\",\"name\":\"Alquiler de motos mensual y Renting para Empresas\",\"url\":\"https:\\\/\\\/rideon.es\\\/renting-empresas\\\/\",\"logo\":{\"@type\":\"ImageObject\",\"inLanguage\":\"es\",\"@id\":\"https:\\\/\\\/rideon.es\\\/renting-empresas\\\/#\\\/schema\\\/logo\\\/image\\\/\",\"url\":\"https:\\\/\\\/rideon.es\\\/renting-empresas\\\/wp-content\\\/uploads\\\/sites\\\/19\\\/2020\\\/02\\\/rideon_logo-200x78-1.png\",\"contentUrl\":\"https:\\\/\\\/rideon.es\\\/renting-empresas\\\/wp-content\\\/uploads\\\/sites\\\/19\\\/2020\\\/02\\\/rideon_logo-200x78-1.png\",\"width\":200,\"height\":78,\"caption\":\"Alquiler de motos mensual y Renting para Empresas\"},\"image\":{\"@id\":\"https:\\\/\\\/rideon.es\\\/renting-empresas\\\/#\\\/schema\\\/logo\\\/image\\\/\"}},{\"@type\":\"Person\",\"@id\":\"https:\\\/\\\/rideon.es\\\/renting-empresas\\\/#\\\/schema\\\/person\\\/48d6770e55c623d929bd20ce295611a7\",\"name\":\"Ride On\",\"image\":{\"@type\":\"ImageObject\",\"inLanguage\":\"es\",\"@id\":\"https:\\\/\\\/secure.gravatar.com\\\/avatar\\\/785e72183089da6a00243c0f0e2d52db79b9983b602219afb07c868943086138?s=96&d=mm&r=g\",\"url\":\"https:\\\/\\\/secure.gravatar.com\\\/avatar\\\/785e72183089da6a00243c0f0e2d52db79b9983b602219afb07c868943086138?s=96&d=mm&r=g\",\"contentUrl\":\"https:\\\/\\\/secure.gravatar.com\\\/avatar\\\/785e72183089da6a00243c0f0e2d52db79b9983b602219afb07c868943086138?s=96&d=mm&r=g\",\"caption\":\"Ride On\"},\"url\":\"https:\\\/\\\/rideon.es\\\/renting-empresas\\\/author\\\/eduardoyauri\\\/\"}]}<\/script>\n<!-- \/ Yoast SEO Premium plugin. -->","yoast_head_json":{"title":"Menorca Talay\u00f3tica', Patrimonio de la Humanidad- Alquiler moto Menorca","description":"El conjunto arqueol\u00f3gico de la cultura talay\u00f3tica mejor conservado est\u00e1 en Menorca y por ello opta a ser Patrimonio de la Humanidad. Dec\u00fabrelo en alquiler moto Menorca V","robots":{"index":"index","follow":"follow","max-snippet":"max-snippet:-1","max-image-preview":"max-image-preview:large","max-video-preview":"max-video-preview:-1"},"canonical":"https:\/\/rideon.es\/renting-empresas\/menorca-talayotica-alquiler-moto-menorca\/","og_locale":"es_ES","og_type":"article","og_title":"'Menorca Talay\u00f3tica', posible Patrimonio de la Humanidad 2021","og_description":"El conjunto arqueol\u00f3gico de la cultura talay\u00f3tica mejor conservado est\u00e1 en Menorca y por ello opta a ser Patrimonio de la Humanidad. Dec\u00fabrelo en alquiler moto Menorca V","og_url":"https:\/\/rideon.es\/renting-empresas\/menorca-talayotica-alquiler-moto-menorca\/","og_site_name":"Alquiler de motos mensual y Renting para Empresas","article_published_time":"2018-02-26T15:39:57+00:00","og_image":[{"width":1280,"height":794,"url":"https:\/\/rideon.es\/renting-empresas\/wp-content\/uploads\/sites\/19\/2018\/01\/naveta-des-tudons-alquiler-moto-menorca.png","type":"image\/png"}],"author":"Ride On","twitter_card":"summary_large_image","twitter_misc":{"Escrito por":"Ride On","Tiempo de lectura":"2 minutos"},"schema":{"@context":"https:\/\/schema.org","@graph":[{"@type":"Article","@id":"https:\/\/rideon.es\/renting-empresas\/menorca-talayotica-alquiler-moto-menorca\/#article","isPartOf":{"@id":"https:\/\/rideon.es\/renting-empresas\/menorca-talayotica-alquiler-moto-menorca\/"},"author":{"name":"Ride On","@id":"https:\/\/rideon.es\/renting-empresas\/#\/schema\/person\/48d6770e55c623d929bd20ce295611a7"},"headline":"&#8216;Menorca Talay\u00f3tica&#8217;, posible Patrimonio de la Humanidad 2021","datePublished":"2018-02-26T15:39:57+00:00","mainEntityOfPage":{"@id":"https:\/\/rideon.es\/renting-empresas\/menorca-talayotica-alquiler-moto-menorca\/"},"wordCount":378,"commentCount":0,"publisher":{"@id":"https:\/\/rideon.es\/renting-empresas\/#organization"},"image":{"@id":"https:\/\/rideon.es\/renting-empresas\/menorca-talayotica-alquiler-moto-menorca\/#primaryimage"},"thumbnailUrl":"https:\/\/rideon.es\/renting-empresas\/wp-content\/uploads\/sites\/19\/2018\/01\/naveta-des-tudons-alquiler-moto-menorca.png","articleSection":["Lugares de inter\u00e9s","Menorca"],"inLanguage":"es","potentialAction":[{"@type":"CommentAction","name":"Comment","target":["https:\/\/rideon.es\/renting-empresas\/menorca-talayotica-alquiler-moto-menorca\/#respond"]}]},{"@type":"WebPage","@id":"https:\/\/rideon.es\/renting-empresas\/menorca-talayotica-alquiler-moto-menorca\/","url":"https:\/\/rideon.es\/renting-empresas\/menorca-talayotica-alquiler-moto-menorca\/","name":"Menorca Talay\u00f3tica', Patrimonio de la Humanidad- Alquiler moto Menorca","isPartOf":{"@id":"https:\/\/rideon.es\/renting-empresas\/#website"},"primaryImageOfPage":{"@id":"https:\/\/rideon.es\/renting-empresas\/menorca-talayotica-alquiler-moto-menorca\/#primaryimage"},"image":{"@id":"https:\/\/rideon.es\/renting-empresas\/menorca-talayotica-alquiler-moto-menorca\/#primaryimage"},"thumbnailUrl":"https:\/\/rideon.es\/renting-empresas\/wp-content\/uploads\/sites\/19\/2018\/01\/naveta-des-tudons-alquiler-moto-menorca.png","datePublished":"2018-02-26T15:39:57+00:00","description":"El conjunto arqueol\u00f3gico de la cultura talay\u00f3tica mejor conservado est\u00e1 en Menorca y por ello opta a ser Patrimonio de la Humanidad. Dec\u00fabrelo en alquiler moto Menorca V","inLanguage":"es","potentialAction":[{"@type":"ReadAction","target":["https:\/\/rideon.es\/renting-empresas\/menorca-talayotica-alquiler-moto-menorca\/"]}]},{"@type":"ImageObject","inLanguage":"es","@id":"https:\/\/rideon.es\/renting-empresas\/menorca-talayotica-alquiler-moto-menorca\/#primaryimage","url":"https:\/\/rideon.es\/renting-empresas\/wp-content\/uploads\/sites\/19\/2018\/01\/naveta-des-tudons-alquiler-moto-menorca.png","contentUrl":"https:\/\/rideon.es\/renting-empresas\/wp-content\/uploads\/sites\/19\/2018\/01\/naveta-des-tudons-alquiler-moto-menorca.png","width":1280,"height":794},{"@type":"WebSite","@id":"https:\/\/rideon.es\/renting-empresas\/#website","url":"https:\/\/rideon.es\/renting-empresas\/","name":"Alquiler de motos mensual y Renting para Empresas","description":"Las motos m\u00e1s c\u00f3modas y seguras para disfrutar de tus vacaciones sobre ruedas. Alquiler de motos en Menorca, Mallorca, Barcelona y Valencia con Rideon.es","publisher":{"@id":"https:\/\/rideon.es\/renting-empresas\/#organization"},"potentialAction":[{"@type":"SearchAction","target":{"@type":"EntryPoint","urlTemplate":"https:\/\/rideon.es\/renting-empresas\/?s={search_term_string}"},"query-input":{"@type":"PropertyValueSpecification","valueRequired":true,"valueName":"search_term_string"}}],"inLanguage":"es"},{"@type":"Organization","@id":"https:\/\/rideon.es\/renting-empresas\/#organization","name":"Alquiler de motos mensual y Renting para Empresas","url":"https:\/\/rideon.es\/renting-empresas\/","logo":{"@type":"ImageObject","inLanguage":"es","@id":"https:\/\/rideon.es\/renting-empresas\/#\/schema\/logo\/image\/","url":"https:\/\/rideon.es\/renting-empresas\/wp-content\/uploads\/sites\/19\/2020\/02\/rideon_logo-200x78-1.png","contentUrl":"https:\/\/rideon.es\/renting-empresas\/wp-content\/uploads\/sites\/19\/2020\/02\/rideon_logo-200x78-1.png","width":200,"height":78,"caption":"Alquiler de motos mensual y Renting para Empresas"},"image":{"@id":"https:\/\/rideon.es\/renting-empresas\/#\/schema\/logo\/image\/"}},{"@type":"Person","@id":"https:\/\/rideon.es\/renting-empresas\/#\/schema\/person\/48d6770e55c623d929bd20ce295611a7","name":"Ride On","image":{"@type":"ImageObject","inLanguage":"es","@id":"https:\/\/secure.gravatar.com\/avatar\/785e72183089da6a00243c0f0e2d52db79b9983b602219afb07c868943086138?s=96&d=mm&r=g","url":"https:\/\/secure.gravatar.com\/avatar\/785e72183089da6a00243c0f0e2d52db79b9983b602219afb07c868943086138?s=96&d=mm&r=g","contentUrl":"https:\/\/secure.gravatar.com\/avatar\/785e72183089da6a00243c0f0e2d52db79b9983b602219afb07c868943086138?s=96&d=mm&r=g","caption":"Ride On"},"url":"https:\/\/rideon.es\/renting-empresas\/author\/eduardoyauri\/"}]}},"_links":{"self":[{"href":"https:\/\/rideon.es\/renting-empresas\/wp-json\/wp\/v2\/posts\/2514","targetHints":{"allow":["GET"]}}],"collection":[{"href":"https:\/\/rideon.es\/renting-empresas\/wp-json\/wp\/v2\/posts"}],"about":[{"href":"https:\/\/rideon.es\/renting-empresas\/wp-json\/wp\/v2\/types\/post"}],"author":[{"embeddable":true,"href":"https:\/\/rideon.es\/renting-empresas\/wp-json\/wp\/v2\/users\/2"}],"replies":[{"embeddable":true,"href":"https:\/\/rideon.es\/renting-empresas\/wp-json\/wp\/v2\/comments?post=2514"}],"version-history":[{"count":0,"href":"https:\/\/rideon.es\/renting-empresas\/wp-json\/wp\/v2\/posts\/2514\/revisions"}],"wp:featuredmedia":[{"embeddable":true,"href":"https:\/\/rideon.es\/renting-empresas\/wp-json\/wp\/v2\/media\/5264"}],"wp:attachment":[{"href":"https:\/\/rideon.es\/renting-empresas\/wp-json\/wp\/v2\/media?parent=2514"}],"wp:term":[{"taxonomy":"category","embeddable":true,"href":"https:\/\/rideon.es\/renting-empresas\/wp-json\/wp\/v2\/categories?post=2514"},{"taxonomy":"post_tag","embeddable":true,"href":"https:\/\/rideon.es\/renting-empresas\/wp-json\/wp\/v2\/tags?post=2514"}],"curies":[{"name":"wp","href":"https:\/\/api.w.org\/{rel}","templated":true}]}}