{"id":2393,"date":"2018-01-15T09:17:16","date_gmt":"2018-01-15T09:17:16","guid":{"rendered":"https:\/\/rideon.es\/?p=2393"},"modified":"2018-01-15T09:17:16","modified_gmt":"2018-01-15T09:17:16","slug":"disfruta-del-puerto-mahon","status":"publish","type":"post","link":"https:\/\/rideon.es\/renting-empresas\/disfruta-del-puerto-mahon\/","title":{"rendered":"Disfruta del Puerto de Mah\u00f3n"},"content":{"rendered":"<p><span style=\"font-weight: 400\">Las mil y una posibilidades de disfrutar del Puerto de Ma\u00f3 <\/span><\/p>\n<hr \/>\n<p><span style=\"font-weight: 400\">La <\/span><b>ciudad de Ma\u00f3<\/b><span style=\"font-weight: 400\"> (Mah\u00f3n), la capital de Menorca, esconde entre su puerto y sus calles una historia milenaria. Numerosos pueblos han dejado su huella en la Isla y la capital recoge todo este legado hist\u00f3rico a trav\u00e9s de sus monumentos, su arquitectura y su entramado urbano. Sin duda, el puerto es uno de los enclaves m\u00e1s representativos de <\/span><b>Mah\u00f3n<\/b><span style=\"font-weight: 400\">, por sus dimensiones, por su belleza natural, por su ubicaci\u00f3n estrat\u00e9gica en pleno Mediterr\u00e1neo Occidental y por su funci\u00f3n de puerta de entrada a la ciudad y a la Isla de Menorca. <\/span><br \/>\n<img fetchpriority=\"high\" decoding=\"async\" class=\"aligncenter\" src=\"https:\/\/rideon.es\/wp-content\/uploads\/2018\/01\/puerto-mahon-alquiler-moto-menorca.png\" alt=\"Difrutar puerto de Mah\u00f3n\" width=\"800\" height=\"514\" \/><\/p>\n<p><span style=\"font-weight: 400\">Con una longitud de 6 kil\u00f3metros, est\u00e1 considerado como el segundo <\/span><b>puerto natural m\u00e1s grande de Europa<\/b><span style=\"font-weight: 400\"> y tambi\u00e9n como uno de los puertos m\u00e1s seguros. <\/span><br \/>\n<span style=\"font-weight: 400\">A los pies de la ciudad, el puerto es uno de los epicentros de la actividad urbana y en su Paseo Mar\u00edtimo se dan cita un buen n\u00famero de establecimientos comerciales y de ocio, con gran actividad durante los meses de verano. \u00a0<\/span><\/p>\n<p><img decoding=\"async\" class=\"aligncenter\" src=\"https:\/\/rideon.es\/wp-content\/uploads\/2018\/01\/puerto-mahon-alquiler-scooter-menorca-1-1.png\" alt=\"Difrutar puerto de Mah\u00f3n alquiler moto menorca\" width=\"800\" height=\"581\" \/><br \/>\n<span style=\"font-weight: 400\">El <\/span><b>Puerto de Mah\u00f3n<\/b><span style=\"font-weight: 400\"> merece un paseo a nivel de mar. Con una <\/span><b>moto de alquiler en Menorca<\/b><span style=\"font-weight: 400\"> podremos disfrutar de este itinerario por el puerto, empezando por el extremo m\u00e1s levantino, recorriendo todo el muelle de poniente y la zona industrial hasta <\/span><b>La Mola<\/b><span style=\"font-weight: 400\">, desde <\/span><b>Cala Figuera<\/b><span style=\"font-weight: 400\"> hasta la Estaci\u00f3n Naval. \u00a0<\/span><span style=\"font-weight: 400\">Ride On Menorca servicio de alquiler de <\/span><a href=\"https:\/\/rideon.es\/es\/alquiler-moto-menorca\/\"><span style=\"font-weight: 400\">motos<\/span><\/a><span style=\"font-weight: 400\"> Menorca.<\/span><\/p>\n<p><span style=\"font-weight: 400\">Y siempre que se pueda, es recomendable hacer una excursi\u00f3n en alguna de las embarcaciones tur\u00edsticas para poder visitar tambi\u00e9n las emblem\u00e1ticas Islas del puerto, la <\/span><b>Illa del Rei, Pinto y Llatzeret<\/b><span style=\"font-weight: 400\">, para conocer mejor su historia y para tener todas las visiones posibles de esta m\u00e1gica ensenada que cambia de tonalidad seg\u00fan la \u00e9poca del a\u00f1o, la hora del d\u00eda y la intensidad de la luz. <\/span><br \/>\n<img decoding=\"async\" class=\"aligncenter\" src=\"https:\/\/rideon.es\/wp-content\/uploads\/2018\/01\/barcos-puerto-mahon-alquiler-moto-menorca.png\" alt=\"Difrutar excursi\u00f3n barco alquiler moto menorca\" width=\"800\" height=\"555\" \/><\/p>\n<p><span style=\"font-weight: 400\">Asimismo, recorrer los miradores que se levantan sobre los acantilados del puerto y el mismo Paseo Mar\u00edtimo, en el que el mar est\u00e1 al mismo nivel que el pavimento, nos va a permitir tener una verdadera panor\u00e1mica de este espectacular enclave.<\/span><br \/>\n<img loading=\"lazy\" decoding=\"async\" class=\"aligncenter\" src=\"https:\/\/rideon.es\/wp-content\/uploads\/2018\/01\/Mirador-san-francesc-alquiler-moto-menorca.png\" alt=\"Mirador des Castell alquiler moto menorca\" width=\"800\" height=\"628\" \/><\/p>\n<p><span style=\"font-weight: 400\">El <\/span><b>Mirador de Sant Francesc<\/b><span style=\"font-weight: 400\"> est\u00e1 sobre los antiguos huertos y bancales de los franciscanos. Desde all\u00ed se divisa con claridad <\/span><i><span style=\"font-weight: 400\">sa Col\u00e0rsega<\/span><\/i><span style=\"font-weight: 400\">, el puerto industrial, el puerto de invernada e incluso Monte Toro. El de <\/span><b>Ses Monges<\/b><span style=\"font-weight: 400\"> es el m\u00e1s reciente de los miradores sobre el puerto. Colgado de los acantilados, ofrece una magn\u00edfica vista de la zona interior de la d\u00e1rsena del puerto. Descubre las promociones y ofertas para el <\/span><span style=\"font-weight: 400\">alquiler de motos en Menorca<\/span><span style=\"font-weight: 400\">.<\/span><\/p>\n<p><span style=\"font-weight: 400\">El <\/span><b>Mirador del Pont des Castell<\/b><span style=\"font-weight: 400\"> es por el contrario el m\u00e1s antiguo de todos los miradores de la ciudad, pues ya exist\u00eda en el interior del castillo de Ma\u00f3, formado por las calles que rodean la actual <\/span><b>Plaza de la Conquista<\/b><span style=\"font-weight: 400\">. Ride On, mejor empresa de <\/span><a href=\"https:\/\/rideon.es\/es\/alquiler-moto-menorca\/\"><span style=\"font-weight: 400\">alquiler de motos en Menorca<\/span><\/a><span style=\"font-weight: 400\">.<\/span><\/p>\n<p><span style=\"font-weight: 400\">Frente a \u00e9l, el <\/span><b>Mirador del Carme<\/b><span style=\"font-weight: 400\">, que fue construido con la reforma del Claustro del Carmen y del mercado y que ofrece una magn\u00edfica panor\u00e1mica de Ses Voltes.<\/span><br \/>\n<span style=\"font-weight: 400\">Para contemplar desde arriba la Estaci\u00f3n Naval y sus aleda\u00f1os, est\u00e1 el <\/span><b>Mirador de Miranda<\/b><span style=\"font-weight: 400\">, sobre los antiguos huertos de las Carmelitas. <\/span><br \/>\n<img loading=\"lazy\" decoding=\"async\" class=\"aligncenter\" src=\"https:\/\/rideon.es\/wp-content\/uploads\/2018\/01\/fortaleza-la-mola-alquiler-moto-menorca.png\" alt=\"Fortalez la mola alquiler moto menorca\" width=\"802\" height=\"604\" \/><\/p>\n<p><span style=\"font-weight: 400\">Por \u00faltimo, el <\/span><b>Pont des General<\/b><span style=\"font-weight: 400\">, un estrecho callej\u00f3n que une el puerto con la ciudad, ofrece una imagen diferente del puerto, con todos los tejados de los edificios del Moll de Ponent, entre los que destaca la antigua El\u00e9ctrica Mahonesa y las destiler\u00edas de la ginebra menorquina, el <\/span><i><span style=\"font-weight: 400\">Gin Xoriguer<\/span><\/i><span style=\"font-weight: 400\">.<\/span><\/p>\n<p><span style=\"font-weight: 400\">Tambi\u00e9n es de obligada visita la <\/span><b>Fortaleza de la Mola<\/b><span style=\"font-weight: 400\">, en una peque\u00f1a pen\u00ednsula declarada Bien de Inter\u00e9s Cultural que supuso el lugar id\u00f3neo para construir a mediados del siglo XIX una fortificaci\u00f3n necesaria para defender la Isla de los brit\u00e1nicos. La Mola no fue nunca atacada y por eso mantiene un excelente estado de conservaci\u00f3n. En el siglo XX fue utilizada como centro penitenciario y en los a\u00f1os 70 se transform\u00f3 en cuartel militar. <\/span><\/p>\n<p><span style=\"font-weight: 400\">Para reservas online de motos de alquiler Menorca pueden visitar nuestra web <\/span><a href=\"https:\/\/rideon.es\/es\/\"><span style=\"font-weight: 400\">www.rideon.es<\/span><\/a><\/p>\n","protected":false},"excerpt":{"rendered":"<p>Las mil y una posibilidades de disfrutar del Puerto de Ma\u00f3 La ciudad de Ma\u00f3 (Mah\u00f3n), la capital de Menorca, esconde entre su puerto y sus calles una historia milenaria. Numerosos pueblos han dejado su huella en la Isla y la capital recoge todo este legado hist\u00f3rico a trav\u00e9s de sus monumentos, su arquitectura y<\/p>\n","protected":false},"author":2,"featured_media":5260,"comment_status":"open","ping_status":"closed","sticky":false,"template":"","format":"standard","meta":{"inline_featured_image":false,"footnotes":""},"categories":[56,14],"tags":[],"class_list":["post-2393","post","type-post","status-publish","format-standard","has-post-thumbnail","hentry","category-lugar-interes","category-menorca"],"yoast_head":"<!-- This site is optimized with the Yoast SEO Premium plugin v18.7 (Yoast SEO v27.5) - https:\/\/yoast.com\/product\/yoast-seo-premium-wordpress\/ -->\n<title>Disfruta del Puerto de Mah\u00f3 - Alquiler moto Menorca Rideon.es<\/title>\n<meta name=\"description\" content=\"La ciudad de Mah\u00f3 esconde entre su puerto y sus calles una historia milenaria. Descubre el puerto de Mah\u00f3 con Ride On alquiler moto Menorca.\" \/>\n<meta name=\"robots\" content=\"index, follow, max-snippet:-1, max-image-preview:large, max-video-preview:-1\" \/>\n<link rel=\"canonical\" href=\"https:\/\/rideon.es\/renting-empresas\/disfruta-del-puerto-mahon\/\" \/>\n<meta property=\"og:locale\" content=\"es_ES\" \/>\n<meta property=\"og:type\" content=\"article\" \/>\n<meta property=\"og:title\" content=\"Disfruta del Puerto de Mah\u00f3n\" \/>\n<meta property=\"og:description\" content=\"La ciudad de Mah\u00f3 esconde entre su puerto y sus calles una historia milenaria. Descubre el puerto de Mah\u00f3 con Ride On alquiler moto Menorca.\" \/>\n<meta property=\"og:url\" content=\"https:\/\/rideon.es\/renting-empresas\/disfruta-del-puerto-mahon\/\" \/>\n<meta property=\"og:site_name\" content=\"Alquiler de motos mensual y Renting para Empresas\" \/>\n<meta property=\"article:published_time\" content=\"2018-01-15T09:17:16+00:00\" \/>\n<meta property=\"og:image\" content=\"https:\/\/rideon.es\/renting-empresas\/wp-content\/uploads\/sites\/19\/2018\/01\/puerto-mahon-alquiler-moto-menorca-2.png\" \/>\n\t<meta property=\"og:image:width\" content=\"1216\" \/>\n\t<meta property=\"og:image:height\" content=\"781\" \/>\n\t<meta property=\"og:image:type\" content=\"image\/png\" \/>\n<meta name=\"author\" content=\"Ride On\" \/>\n<meta name=\"twitter:card\" content=\"summary_large_image\" \/>\n<meta name=\"twitter:label1\" content=\"Escrito por\" \/>\n\t<meta name=\"twitter:data1\" content=\"Ride On\" \/>\n\t<meta name=\"twitter:label2\" content=\"Tiempo de lectura\" \/>\n\t<meta name=\"twitter:data2\" content=\"4 minutos\" \/>\n<script type=\"application\/ld+json\" class=\"yoast-schema-graph\">{\"@context\":\"https:\\\/\\\/schema.org\",\"@graph\":[{\"@type\":\"Article\",\"@id\":\"https:\\\/\\\/rideon.es\\\/renting-empresas\\\/disfruta-del-puerto-mahon\\\/#article\",\"isPartOf\":{\"@id\":\"https:\\\/\\\/rideon.es\\\/renting-empresas\\\/disfruta-del-puerto-mahon\\\/\"},\"author\":{\"name\":\"Ride On\",\"@id\":\"https:\\\/\\\/rideon.es\\\/renting-empresas\\\/#\\\/schema\\\/person\\\/48d6770e55c623d929bd20ce295611a7\"},\"headline\":\"Disfruta del Puerto de Mah\u00f3n\",\"datePublished\":\"2018-01-15T09:17:16+00:00\",\"mainEntityOfPage\":{\"@id\":\"https:\\\/\\\/rideon.es\\\/renting-empresas\\\/disfruta-del-puerto-mahon\\\/\"},\"wordCount\":715,\"commentCount\":0,\"publisher\":{\"@id\":\"https:\\\/\\\/rideon.es\\\/renting-empresas\\\/#organization\"},\"image\":{\"@id\":\"https:\\\/\\\/rideon.es\\\/renting-empresas\\\/disfruta-del-puerto-mahon\\\/#primaryimage\"},\"thumbnailUrl\":\"https:\\\/\\\/rideon.es\\\/renting-empresas\\\/wp-content\\\/uploads\\\/sites\\\/19\\\/2018\\\/01\\\/puerto-mahon-alquiler-moto-menorca-2.png\",\"articleSection\":[\"Lugares de inter\u00e9s\",\"Menorca\"],\"inLanguage\":\"es\",\"potentialAction\":[{\"@type\":\"CommentAction\",\"name\":\"Comment\",\"target\":[\"https:\\\/\\\/rideon.es\\\/renting-empresas\\\/disfruta-del-puerto-mahon\\\/#respond\"]}]},{\"@type\":\"WebPage\",\"@id\":\"https:\\\/\\\/rideon.es\\\/renting-empresas\\\/disfruta-del-puerto-mahon\\\/\",\"url\":\"https:\\\/\\\/rideon.es\\\/renting-empresas\\\/disfruta-del-puerto-mahon\\\/\",\"name\":\"Disfruta del Puerto de Mah\u00f3 - Alquiler moto Menorca Rideon.es\",\"isPartOf\":{\"@id\":\"https:\\\/\\\/rideon.es\\\/renting-empresas\\\/#website\"},\"primaryImageOfPage\":{\"@id\":\"https:\\\/\\\/rideon.es\\\/renting-empresas\\\/disfruta-del-puerto-mahon\\\/#primaryimage\"},\"image\":{\"@id\":\"https:\\\/\\\/rideon.es\\\/renting-empresas\\\/disfruta-del-puerto-mahon\\\/#primaryimage\"},\"thumbnailUrl\":\"https:\\\/\\\/rideon.es\\\/renting-empresas\\\/wp-content\\\/uploads\\\/sites\\\/19\\\/2018\\\/01\\\/puerto-mahon-alquiler-moto-menorca-2.png\",\"datePublished\":\"2018-01-15T09:17:16+00:00\",\"description\":\"La ciudad de Mah\u00f3 esconde entre su puerto y sus calles una historia milenaria. Descubre el puerto de Mah\u00f3 con Ride On alquiler moto Menorca.\",\"inLanguage\":\"es\",\"potentialAction\":[{\"@type\":\"ReadAction\",\"target\":[\"https:\\\/\\\/rideon.es\\\/renting-empresas\\\/disfruta-del-puerto-mahon\\\/\"]}]},{\"@type\":\"ImageObject\",\"inLanguage\":\"es\",\"@id\":\"https:\\\/\\\/rideon.es\\\/renting-empresas\\\/disfruta-del-puerto-mahon\\\/#primaryimage\",\"url\":\"https:\\\/\\\/rideon.es\\\/renting-empresas\\\/wp-content\\\/uploads\\\/sites\\\/19\\\/2018\\\/01\\\/puerto-mahon-alquiler-moto-menorca-2.png\",\"contentUrl\":\"https:\\\/\\\/rideon.es\\\/renting-empresas\\\/wp-content\\\/uploads\\\/sites\\\/19\\\/2018\\\/01\\\/puerto-mahon-alquiler-moto-menorca-2.png\",\"width\":1216,\"height\":781},{\"@type\":\"WebSite\",\"@id\":\"https:\\\/\\\/rideon.es\\\/renting-empresas\\\/#website\",\"url\":\"https:\\\/\\\/rideon.es\\\/renting-empresas\\\/\",\"name\":\"Alquiler de motos mensual y Renting para Empresas\",\"description\":\"Las motos m\u00e1s c\u00f3modas y seguras para disfrutar de tus vacaciones sobre ruedas. Alquiler de motos en Menorca, Mallorca, Barcelona y Valencia con Rideon.es\",\"publisher\":{\"@id\":\"https:\\\/\\\/rideon.es\\\/renting-empresas\\\/#organization\"},\"potentialAction\":[{\"@type\":\"SearchAction\",\"target\":{\"@type\":\"EntryPoint\",\"urlTemplate\":\"https:\\\/\\\/rideon.es\\\/renting-empresas\\\/?s={search_term_string}\"},\"query-input\":{\"@type\":\"PropertyValueSpecification\",\"valueRequired\":true,\"valueName\":\"search_term_string\"}}],\"inLanguage\":\"es\"},{\"@type\":\"Organization\",\"@id\":\"https:\\\/\\\/rideon.es\\\/renting-empresas\\\/#organization\",\"name\":\"Alquiler de motos mensual y Renting para Empresas\",\"url\":\"https:\\\/\\\/rideon.es\\\/renting-empresas\\\/\",\"logo\":{\"@type\":\"ImageObject\",\"inLanguage\":\"es\",\"@id\":\"https:\\\/\\\/rideon.es\\\/renting-empresas\\\/#\\\/schema\\\/logo\\\/image\\\/\",\"url\":\"https:\\\/\\\/rideon.es\\\/renting-empresas\\\/wp-content\\\/uploads\\\/sites\\\/19\\\/2020\\\/02\\\/rideon_logo-200x78-1.png\",\"contentUrl\":\"https:\\\/\\\/rideon.es\\\/renting-empresas\\\/wp-content\\\/uploads\\\/sites\\\/19\\\/2020\\\/02\\\/rideon_logo-200x78-1.png\",\"width\":200,\"height\":78,\"caption\":\"Alquiler de motos mensual y Renting para Empresas\"},\"image\":{\"@id\":\"https:\\\/\\\/rideon.es\\\/renting-empresas\\\/#\\\/schema\\\/logo\\\/image\\\/\"}},{\"@type\":\"Person\",\"@id\":\"https:\\\/\\\/rideon.es\\\/renting-empresas\\\/#\\\/schema\\\/person\\\/48d6770e55c623d929bd20ce295611a7\",\"name\":\"Ride On\",\"image\":{\"@type\":\"ImageObject\",\"inLanguage\":\"es\",\"@id\":\"https:\\\/\\\/secure.gravatar.com\\\/avatar\\\/785e72183089da6a00243c0f0e2d52db79b9983b602219afb07c868943086138?s=96&d=mm&r=g\",\"url\":\"https:\\\/\\\/secure.gravatar.com\\\/avatar\\\/785e72183089da6a00243c0f0e2d52db79b9983b602219afb07c868943086138?s=96&d=mm&r=g\",\"contentUrl\":\"https:\\\/\\\/secure.gravatar.com\\\/avatar\\\/785e72183089da6a00243c0f0e2d52db79b9983b602219afb07c868943086138?s=96&d=mm&r=g\",\"caption\":\"Ride On\"},\"url\":\"https:\\\/\\\/rideon.es\\\/renting-empresas\\\/author\\\/eduardoyauri\\\/\"}]}<\/script>\n<!-- \/ Yoast SEO Premium plugin. -->","yoast_head_json":{"title":"Disfruta del Puerto de Mah\u00f3 - Alquiler moto Menorca Rideon.es","description":"La ciudad de Mah\u00f3 esconde entre su puerto y sus calles una historia milenaria. Descubre el puerto de Mah\u00f3 con Ride On alquiler moto Menorca.","robots":{"index":"index","follow":"follow","max-snippet":"max-snippet:-1","max-image-preview":"max-image-preview:large","max-video-preview":"max-video-preview:-1"},"canonical":"https:\/\/rideon.es\/renting-empresas\/disfruta-del-puerto-mahon\/","og_locale":"es_ES","og_type":"article","og_title":"Disfruta del Puerto de Mah\u00f3n","og_description":"La ciudad de Mah\u00f3 esconde entre su puerto y sus calles una historia milenaria. Descubre el puerto de Mah\u00f3 con Ride On alquiler moto Menorca.","og_url":"https:\/\/rideon.es\/renting-empresas\/disfruta-del-puerto-mahon\/","og_site_name":"Alquiler de motos mensual y Renting para Empresas","article_published_time":"2018-01-15T09:17:16+00:00","og_image":[{"width":1216,"height":781,"url":"https:\/\/rideon.es\/renting-empresas\/wp-content\/uploads\/sites\/19\/2018\/01\/puerto-mahon-alquiler-moto-menorca-2.png","type":"image\/png"}],"author":"Ride On","twitter_card":"summary_large_image","twitter_misc":{"Escrito por":"Ride On","Tiempo de lectura":"4 minutos"},"schema":{"@context":"https:\/\/schema.org","@graph":[{"@type":"Article","@id":"https:\/\/rideon.es\/renting-empresas\/disfruta-del-puerto-mahon\/#article","isPartOf":{"@id":"https:\/\/rideon.es\/renting-empresas\/disfruta-del-puerto-mahon\/"},"author":{"name":"Ride On","@id":"https:\/\/rideon.es\/renting-empresas\/#\/schema\/person\/48d6770e55c623d929bd20ce295611a7"},"headline":"Disfruta del Puerto de Mah\u00f3n","datePublished":"2018-01-15T09:17:16+00:00","mainEntityOfPage":{"@id":"https:\/\/rideon.es\/renting-empresas\/disfruta-del-puerto-mahon\/"},"wordCount":715,"commentCount":0,"publisher":{"@id":"https:\/\/rideon.es\/renting-empresas\/#organization"},"image":{"@id":"https:\/\/rideon.es\/renting-empresas\/disfruta-del-puerto-mahon\/#primaryimage"},"thumbnailUrl":"https:\/\/rideon.es\/renting-empresas\/wp-content\/uploads\/sites\/19\/2018\/01\/puerto-mahon-alquiler-moto-menorca-2.png","articleSection":["Lugares de inter\u00e9s","Menorca"],"inLanguage":"es","potentialAction":[{"@type":"CommentAction","name":"Comment","target":["https:\/\/rideon.es\/renting-empresas\/disfruta-del-puerto-mahon\/#respond"]}]},{"@type":"WebPage","@id":"https:\/\/rideon.es\/renting-empresas\/disfruta-del-puerto-mahon\/","url":"https:\/\/rideon.es\/renting-empresas\/disfruta-del-puerto-mahon\/","name":"Disfruta del Puerto de Mah\u00f3 - Alquiler moto Menorca Rideon.es","isPartOf":{"@id":"https:\/\/rideon.es\/renting-empresas\/#website"},"primaryImageOfPage":{"@id":"https:\/\/rideon.es\/renting-empresas\/disfruta-del-puerto-mahon\/#primaryimage"},"image":{"@id":"https:\/\/rideon.es\/renting-empresas\/disfruta-del-puerto-mahon\/#primaryimage"},"thumbnailUrl":"https:\/\/rideon.es\/renting-empresas\/wp-content\/uploads\/sites\/19\/2018\/01\/puerto-mahon-alquiler-moto-menorca-2.png","datePublished":"2018-01-15T09:17:16+00:00","description":"La ciudad de Mah\u00f3 esconde entre su puerto y sus calles una historia milenaria. Descubre el puerto de Mah\u00f3 con Ride On alquiler moto Menorca.","inLanguage":"es","potentialAction":[{"@type":"ReadAction","target":["https:\/\/rideon.es\/renting-empresas\/disfruta-del-puerto-mahon\/"]}]},{"@type":"ImageObject","inLanguage":"es","@id":"https:\/\/rideon.es\/renting-empresas\/disfruta-del-puerto-mahon\/#primaryimage","url":"https:\/\/rideon.es\/renting-empresas\/wp-content\/uploads\/sites\/19\/2018\/01\/puerto-mahon-alquiler-moto-menorca-2.png","contentUrl":"https:\/\/rideon.es\/renting-empresas\/wp-content\/uploads\/sites\/19\/2018\/01\/puerto-mahon-alquiler-moto-menorca-2.png","width":1216,"height":781},{"@type":"WebSite","@id":"https:\/\/rideon.es\/renting-empresas\/#website","url":"https:\/\/rideon.es\/renting-empresas\/","name":"Alquiler de motos mensual y Renting para Empresas","description":"Las motos m\u00e1s c\u00f3modas y seguras para disfrutar de tus vacaciones sobre ruedas. Alquiler de motos en Menorca, Mallorca, Barcelona y Valencia con Rideon.es","publisher":{"@id":"https:\/\/rideon.es\/renting-empresas\/#organization"},"potentialAction":[{"@type":"SearchAction","target":{"@type":"EntryPoint","urlTemplate":"https:\/\/rideon.es\/renting-empresas\/?s={search_term_string}"},"query-input":{"@type":"PropertyValueSpecification","valueRequired":true,"valueName":"search_term_string"}}],"inLanguage":"es"},{"@type":"Organization","@id":"https:\/\/rideon.es\/renting-empresas\/#organization","name":"Alquiler de motos mensual y Renting para Empresas","url":"https:\/\/rideon.es\/renting-empresas\/","logo":{"@type":"ImageObject","inLanguage":"es","@id":"https:\/\/rideon.es\/renting-empresas\/#\/schema\/logo\/image\/","url":"https:\/\/rideon.es\/renting-empresas\/wp-content\/uploads\/sites\/19\/2020\/02\/rideon_logo-200x78-1.png","contentUrl":"https:\/\/rideon.es\/renting-empresas\/wp-content\/uploads\/sites\/19\/2020\/02\/rideon_logo-200x78-1.png","width":200,"height":78,"caption":"Alquiler de motos mensual y Renting para Empresas"},"image":{"@id":"https:\/\/rideon.es\/renting-empresas\/#\/schema\/logo\/image\/"}},{"@type":"Person","@id":"https:\/\/rideon.es\/renting-empresas\/#\/schema\/person\/48d6770e55c623d929bd20ce295611a7","name":"Ride On","image":{"@type":"ImageObject","inLanguage":"es","@id":"https:\/\/secure.gravatar.com\/avatar\/785e72183089da6a00243c0f0e2d52db79b9983b602219afb07c868943086138?s=96&d=mm&r=g","url":"https:\/\/secure.gravatar.com\/avatar\/785e72183089da6a00243c0f0e2d52db79b9983b602219afb07c868943086138?s=96&d=mm&r=g","contentUrl":"https:\/\/secure.gravatar.com\/avatar\/785e72183089da6a00243c0f0e2d52db79b9983b602219afb07c868943086138?s=96&d=mm&r=g","caption":"Ride On"},"url":"https:\/\/rideon.es\/renting-empresas\/author\/eduardoyauri\/"}]}},"_links":{"self":[{"href":"https:\/\/rideon.es\/renting-empresas\/wp-json\/wp\/v2\/posts\/2393","targetHints":{"allow":["GET"]}}],"collection":[{"href":"https:\/\/rideon.es\/renting-empresas\/wp-json\/wp\/v2\/posts"}],"about":[{"href":"https:\/\/rideon.es\/renting-empresas\/wp-json\/wp\/v2\/types\/post"}],"author":[{"embeddable":true,"href":"https:\/\/rideon.es\/renting-empresas\/wp-json\/wp\/v2\/users\/2"}],"replies":[{"embeddable":true,"href":"https:\/\/rideon.es\/renting-empresas\/wp-json\/wp\/v2\/comments?post=2393"}],"version-history":[{"count":0,"href":"https:\/\/rideon.es\/renting-empresas\/wp-json\/wp\/v2\/posts\/2393\/revisions"}],"wp:featuredmedia":[{"embeddable":true,"href":"https:\/\/rideon.es\/renting-empresas\/wp-json\/wp\/v2\/media\/5260"}],"wp:attachment":[{"href":"https:\/\/rideon.es\/renting-empresas\/wp-json\/wp\/v2\/media?parent=2393"}],"wp:term":[{"taxonomy":"category","embeddable":true,"href":"https:\/\/rideon.es\/renting-empresas\/wp-json\/wp\/v2\/categories?post=2393"},{"taxonomy":"post_tag","embeddable":true,"href":"https:\/\/rideon.es\/renting-empresas\/wp-json\/wp\/v2\/tags?post=2393"}],"curies":[{"name":"wp","href":"https:\/\/api.w.org\/{rel}","templated":true}]}}